{"id":10340,"date":"2021-04-13T09:59:30","date_gmt":"2021-04-13T13:59:30","guid":{"rendered":"http:\/\/artisticswimming.ca\/golden-weekend-for-canada-artistic-swimmers-in-hungary\/"},"modified":"2021-04-16T10:06:05","modified_gmt":"2021-04-16T14:06:05","slug":"golden-weekend-for-canada-artistic-swimmers-in-hungary","status":"publish","type":"post","link":"https:\/\/artisticswimming.ca\/fr\/golden-weekend-for-canada-artistic-swimmers-in-hungary\/","title":{"rendered":"Une fin de semaine en or pour les nageuses artistiques canadiennes en Hongrie"},"content":{"rendered":"<p>Ce fut un retour en or \u00e0 la piscine de comp\u00e9tition pour <strong>Jacqueline Simoneau<\/strong> et <strong>Claudia Holzner<\/strong> lors des S\u00e9ries mondiales de natation artistique FINA (ASWS) #2 \u00e0 Budapest, en Hongrie, la fin de semaine derni\u00e8re. Bien que les deux Canadiennes n\u2019aient pas particip\u00e9 \u00e0 une comp\u00e9tition en personne depuis plus d\u2019un an et demi, elles ont remport\u00e9 les \u00e9preuves techniques et libres en duo, et Jacqueline a \u00e9gal\u00e9 ce r\u00e9sultat en remportant deux m\u00e9dailles d\u2019or dans les deux \u00e9preuves en solo.<\/p>\n<p>Comme l\u2019a indiqu\u00e9 Claudia sur sa page Instagram, cela \u00ab fait du bien d\u2019\u00eatre de retour dans une piscine de comp\u00e9tition apr\u00e8s ne pas avoir particip\u00e9 \u00e0 des comp\u00e9titions depuis 2019. \u00bb Elle a \u00e9galement remerci\u00e9 les organisateurs (la FINA et Hungary Synchronized Swimming) \u00ab d\u2019avoir organis\u00e9 une bulle aussi g\u00e9niale (et aussi s\u00e9curitaire !!!) pour nous permettre de comp\u00e9titionner en ces temps-ci! \u00bb<\/p>\n<p>En duo, les championnes panam\u00e9ricaines 2019 ont entam\u00e9 la premi\u00e8re journ\u00e9e en remportant la routine technique avec un score de 88,3284 points. En deuxi\u00e8me position, on retrouve les s\u0153urs <strong>Anna-Maria<\/strong> et <strong>Eirini Alexandri<\/strong>, repr\u00e9sentant l\u2019Autriche, avec 87,2604. <strong>Shelly Bobritsky<\/strong> et <strong>Eden Blecher<\/strong> d\u2019Isra\u00ebl se sont plac\u00e9es en troisi\u00e8me position avec 83,1200 points.<\/p>\n<p>Le deuxi\u00e8me jour, le 11 avril, les deux athl\u00e8tes ont nag\u00e9 leur routine libre, qui a \u00e9t\u00e9 con\u00e7ue en vue des prochains Jeux olympiques de Tokyo, au Japon. Les deux athl\u00e8tes ont voyag\u00e9 au Japon tout au long de leur carri\u00e8re et ont appr\u00e9ci\u00e9 de s\u2019impr\u00e9gner du style de vie et des coutumes. En collaboration avec la chor\u00e9graphe <strong>Denise Sauv\u00e9<\/strong>, elles ont choisi une musique qui rend hommage \u00e0 la culture japonaise et ont incorpor\u00e9 dans leur routine plusieurs de leurs aspects pr\u00e9f\u00e9r\u00e9s du Japon.<\/p>\n<p>La performance a \u00e9t\u00e9 bien accueillie, avec un score de 90,3668. Le duo canadien a poursuivi sa domination de l\u2019\u00e9v\u00e9nement en remportant l\u2019or.\u00a0 Le duo autrichien et la paire isra\u00e9lienne ont \u00e0 nouveau d\u00e9croch\u00e9 les m\u00e9dailles d\u2019argent et de bronze.<\/p>\n<p>Lors d\u2019une entrevue avec Sportcom, Jacqueline a d\u00e9clar\u00e9 : \u00ab Je pense que c\u2019\u00e9tait l\u2019une de nos meilleures performances! C\u2019est l\u2019une des routines les plus difficiles que j\u2019ai vues au niveau international et nous avons r\u00e9ussi \u00e0 bien l\u2019ex\u00e9cuter. \u00bb<\/p>\n<p>Peu apr\u00e8s avoir remport\u00e9 la m\u00e9daille d\u2019or lors du duo technique, Jacqueline \u00e9tait de retour dans la piscine pour participer au solo technique. Avec un score de 89,2788, elle a termin\u00e9 premi\u00e8re, remportant sa deuxi\u00e8me m\u00e9daille d\u2019or de la journ\u00e9e, devant l\u2019Autrichienne <strong>Vasiliki Alexandri<\/strong>, qui a obtenu 87,6495 et la Liechtensteinoise <strong>Lara Mechnig<\/strong> qui a pris la troisi\u00e8me place avec un score de 80,9871.<\/p>\n<p>Le lendemain, Jacqueline a compl\u00e9t\u00e9 le balayage des quatre m\u00e9dailles d\u2019or en remportant la routine libre en solo. C\u2019\u00e9tait la deuxi\u00e8me fois qu\u2019elle ex\u00e9cutait cette routine, ayant remport\u00e9 l\u2019or lors de la premi\u00e8re \u00e9tape de la s\u00e9rie mondiale de natation artistique FINA, organis\u00e9 virtuellement et pr\u00e9sent\u00e9 par USA Artistic Swimming. Ce programme, sur une musique chant\u00e9e en fran\u00e7ais par l\u2019artiste kazakh Dimash Qudaibergen, a \u00e9t\u00e9 chor\u00e9graphi\u00e9 par l\u2019entra\u00eeneur adjoint de l\u2019\u00e9quipe nationale <strong>Karine Dor\u00e9<\/strong>. Il met en \u00e9vidence son sens artistique et son interpr\u00e9tation musicale, qui, combin\u00e9s \u00e0 ses capacit\u00e9s techniques et \u00e0 son athl\u00e9tisme, cr\u00e9ent une routine dynamique et bien accueillie.<\/p>\n<p>Dans l\u2019\u00e9preuve du solo libre, Jacqueline a obtenu un score de 91,0668, loin devant l\u2019Autrichienne Vasiliki Alexandri (88,7667) et la Slovaque <strong>Nada Daabousova<\/strong> a termin\u00e9 troisi\u00e8me avec 78,3333 points.<\/p>\n<p>Lors de l\u2019entretien qu\u2019elle a accord\u00e9 \u00e0 Sportcom apr\u00e8s l\u2019\u00e9v\u00e9nement, Jacqueline a indiqu\u00e9 qu\u2019elle avait re\u00e7u d\u2019excellents commentaires sur sa performance. \u00ab La routine a \u00e9t\u00e9 vraiment bien appr\u00e9ci\u00e9e, non seulement par les juges, mais aussi par les autres pays pr\u00e9sents. Plusieurs athl\u00e8tes et entra\u00eeneurs sont venus me voir pour me dire \u00e0 quel point ils avaient appr\u00e9ci\u00e9 et c\u2019\u00e9tait vraiment agr\u00e9able de recevoir tous ces commentaires positifs \u00bb, a-t-elle d\u00e9clar\u00e9.<\/p>\n<p>\u00c0 leur retour au pays, Jacqueline et Claudia, ainsi que l\u2019entra\u00eeneur adjoint de l\u2019\u00e9quipe nationale <strong>Kasia Kulesza<\/strong> qui les a accompagn\u00e9es \u00e0 Budapest, suivront les directives relatives \u00e0 l\u2019h\u00f4tel et \u00e0 la quarantaine personnelle \u00e9nonc\u00e9es dans les protocoles Covid-19 du Canada. Elles reprendront ensuite leur entra\u00eenement avec le reste de l\u2019\u00e9quipe nationale de natation artistique en vue des prochaines comp\u00e9titions au printemps, puis des Jeux olympiques en juillet 2021.<\/p>\n","protected":false},"excerpt":{"rendered":"<p>Ce fut un retour en or \u00e0 la piscine de comp\u00e9tition pour Jacqueline Simoneau et Claudia Holzner lors des S\u00e9ries mondiales de natation artistique FINA (ASWS) #2 \u00e0 Budapest, en Hongrie, la fin de semaine derni\u00e8re. Bien que les deux Canadiennes <a href=\"https:\/\/artisticswimming.ca\/fr\/golden-weekend-for-canada-artistic-swimmers-in-hungary\/\"> [&#8230;]<\/a><\/p>\n","protected":false},"author":2,"featured_media":10332,"comment_status":"open","ping_status":"open","sticky":false,"template":"","format":"standard","meta":{"_acf_changed":false,"footnotes":""},"categories":[79,73,199],"tags":[],"class_list":["post-10340","post","type-post","status-publish","format-standard","has-post-thumbnail","hentry","category-equipe-nationale-senior","category-nouvelles","category-synchronised-swimming-world-series-fr"],"acf":[],"yoast_head":"<!-- This site is optimized with the Yoast SEO plugin v27.2 - https:\/\/yoast.com\/product\/yoast-seo-wordpress\/ -->\n<title>Une fin de semaine en or pour les nageuses artistiques canadiennes en Hongrie - Natation Artistique Canada<\/title>\n<meta name=\"robots\" content=\"index, follow, max-snippet:-1, max-image-preview:large, max-video-preview:-1\" \/>\n<link rel=\"canonical\" href=\"https:\/\/artisticswimming.ca\/fr\/golden-weekend-for-canada-artistic-swimmers-in-hungary\/\" \/>\n<meta property=\"og:locale\" content=\"fr_FR\" \/>\n<meta property=\"og:type\" content=\"article\" \/>\n<meta property=\"og:title\" content=\"Une fin de semaine en or pour les nageuses artistiques canadiennes en Hongrie - Natation Artistique Canada\" \/>\n<meta property=\"og:description\" content=\"Ce fut un retour en or \u00e0 la piscine de comp\u00e9tition pour Jacqueline Simoneau et Claudia Holzner lors des S\u00e9ries mondiales de natation artistique FINA (ASWS) #2 \u00e0 Budapest, en Hongrie, la fin de semaine derni\u00e8re. Bien que les deux Canadiennes [...]\" \/>\n<meta property=\"og:url\" content=\"https:\/\/artisticswimming.ca\/fr\/golden-weekend-for-canada-artistic-swimmers-in-hungary\/\" \/>\n<meta property=\"og:site_name\" content=\"Natation Artistique Canada\" \/>\n<meta property=\"article:published_time\" content=\"2021-04-13T13:59:30+00:00\" \/>\n<meta property=\"article:modified_time\" content=\"2021-04-16T14:06:05+00:00\" \/>\n<meta property=\"og:image\" content=\"https:\/\/artisticswimming.ca\/wp-content\/uploads\/2021\/04\/Golden-weekend-in-Budapest.jpg\" \/>\n\t<meta property=\"og:image:width\" content=\"2000\" \/>\n\t<meta property=\"og:image:height\" content=\"989\" \/>\n\t<meta property=\"og:image:type\" content=\"image\/jpeg\" \/>\n<meta name=\"author\" content=\"synchro\" \/>\n<meta name=\"twitter:card\" content=\"summary_large_image\" \/>\n<meta name=\"twitter:label1\" content=\"\u00c9crit par\" \/>\n\t<meta name=\"twitter:data1\" content=\"synchro\" \/>\n\t<meta name=\"twitter:label2\" content=\"Dur\u00e9e de lecture estim\u00e9e\" \/>\n\t<meta name=\"twitter:data2\" content=\"4 minutes\" \/>\n<script type=\"application\/ld+json\" class=\"yoast-schema-graph\">{\"@context\":\"https:\/\/schema.org\",\"@graph\":[{\"@type\":\"Article\",\"@id\":\"https:\/\/artisticswimming.ca\/fr\/golden-weekend-for-canada-artistic-swimmers-in-hungary\/#article\",\"isPartOf\":{\"@id\":\"https:\/\/artisticswimming.ca\/fr\/golden-weekend-for-canada-artistic-swimmers-in-hungary\/\"},\"author\":{\"name\":\"synchro\",\"@id\":\"https:\/\/artisticswimming.ca\/fr\/#\/schema\/person\/7d2ab10f01ba748d0dac4f1fbc7df175\"},\"headline\":\"Une fin de semaine en or pour les nageuses artistiques canadiennes en Hongrie\",\"datePublished\":\"2021-04-13T13:59:30+00:00\",\"dateModified\":\"2021-04-16T14:06:05+00:00\",\"mainEntityOfPage\":{\"@id\":\"https:\/\/artisticswimming.ca\/fr\/golden-weekend-for-canada-artistic-swimmers-in-hungary\/\"},\"wordCount\":792,\"commentCount\":0,\"image\":{\"@id\":\"https:\/\/artisticswimming.ca\/fr\/golden-weekend-for-canada-artistic-swimmers-in-hungary\/#primaryimage\"},\"thumbnailUrl\":\"https:\/\/artisticswimming.ca\/wp-content\/uploads\/2021\/04\/Golden-weekend-in-Budapest.jpg\",\"articleSection\":[\"\u00c9quipe nationale senior\",\"Nouvelles\",\"S\u00e9ries Mondiales de natation artistique\"],\"inLanguage\":\"fr-FR\",\"potentialAction\":[{\"@type\":\"CommentAction\",\"name\":\"Comment\",\"target\":[\"https:\/\/artisticswimming.ca\/fr\/golden-weekend-for-canada-artistic-swimmers-in-hungary\/#respond\"]}]},{\"@type\":\"WebPage\",\"@id\":\"https:\/\/artisticswimming.ca\/fr\/golden-weekend-for-canada-artistic-swimmers-in-hungary\/\",\"url\":\"https:\/\/artisticswimming.ca\/fr\/golden-weekend-for-canada-artistic-swimmers-in-hungary\/\",\"name\":\"Une fin de semaine en or pour les nageuses artistiques canadiennes en Hongrie - Natation Artistique Canada\",\"isPartOf\":{\"@id\":\"https:\/\/artisticswimming.ca\/fr\/#website\"},\"primaryImageOfPage\":{\"@id\":\"https:\/\/artisticswimming.ca\/fr\/golden-weekend-for-canada-artistic-swimmers-in-hungary\/#primaryimage\"},\"image\":{\"@id\":\"https:\/\/artisticswimming.ca\/fr\/golden-weekend-for-canada-artistic-swimmers-in-hungary\/#primaryimage\"},\"thumbnailUrl\":\"https:\/\/artisticswimming.ca\/wp-content\/uploads\/2021\/04\/Golden-weekend-in-Budapest.jpg\",\"datePublished\":\"2021-04-13T13:59:30+00:00\",\"dateModified\":\"2021-04-16T14:06:05+00:00\",\"author\":{\"@id\":\"https:\/\/artisticswimming.ca\/fr\/#\/schema\/person\/7d2ab10f01ba748d0dac4f1fbc7df175\"},\"breadcrumb\":{\"@id\":\"https:\/\/artisticswimming.ca\/fr\/golden-weekend-for-canada-artistic-swimmers-in-hungary\/#breadcrumb\"},\"inLanguage\":\"fr-FR\",\"potentialAction\":[{\"@type\":\"ReadAction\",\"target\":[\"https:\/\/artisticswimming.ca\/fr\/golden-weekend-for-canada-artistic-swimmers-in-hungary\/\"]}]},{\"@type\":\"ImageObject\",\"inLanguage\":\"fr-FR\",\"@id\":\"https:\/\/artisticswimming.ca\/fr\/golden-weekend-for-canada-artistic-swimmers-in-hungary\/#primaryimage\",\"url\":\"https:\/\/artisticswimming.ca\/wp-content\/uploads\/2021\/04\/Golden-weekend-in-Budapest.jpg\",\"contentUrl\":\"https:\/\/artisticswimming.ca\/wp-content\/uploads\/2021\/04\/Golden-weekend-in-Budapest.jpg\",\"width\":2000,\"height\":989},{\"@type\":\"BreadcrumbList\",\"@id\":\"https:\/\/artisticswimming.ca\/fr\/golden-weekend-for-canada-artistic-swimmers-in-hungary\/#breadcrumb\",\"itemListElement\":[{\"@type\":\"ListItem\",\"position\":1,\"name\":\"Home\",\"item\":\"https:\/\/artisticswimming.ca\/fr\/\"},{\"@type\":\"ListItem\",\"position\":2,\"name\":\"Une fin de semaine en or pour les nageuses artistiques canadiennes en Hongrie\"}]},{\"@type\":\"WebSite\",\"@id\":\"https:\/\/artisticswimming.ca\/fr\/#website\",\"url\":\"https:\/\/artisticswimming.ca\/fr\/\",\"name\":\"Natation Artistique Canada\",\"description\":\"\",\"potentialAction\":[{\"@type\":\"SearchAction\",\"target\":{\"@type\":\"EntryPoint\",\"urlTemplate\":\"https:\/\/artisticswimming.ca\/fr\/?s={search_term_string}\"},\"query-input\":{\"@type\":\"PropertyValueSpecification\",\"valueRequired\":true,\"valueName\":\"search_term_string\"}}],\"inLanguage\":\"fr-FR\"},{\"@type\":\"Person\",\"@id\":\"https:\/\/artisticswimming.ca\/fr\/#\/schema\/person\/7d2ab10f01ba748d0dac4f1fbc7df175\",\"name\":\"synchro\",\"image\":{\"@type\":\"ImageObject\",\"inLanguage\":\"fr-FR\",\"@id\":\"https:\/\/secure.gravatar.com\/avatar\/4f24abe719ecc22eef668a9e15d4025dca4fa935812f917fcc233935f5e1db5e?s=96&d=mm&r=g\",\"url\":\"https:\/\/secure.gravatar.com\/avatar\/4f24abe719ecc22eef668a9e15d4025dca4fa935812f917fcc233935f5e1db5e?s=96&d=mm&r=g\",\"contentUrl\":\"https:\/\/secure.gravatar.com\/avatar\/4f24abe719ecc22eef668a9e15d4025dca4fa935812f917fcc233935f5e1db5e?s=96&d=mm&r=g\",\"caption\":\"synchro\"},\"sameAs\":[\"http:\/\/synchro.wpengine.com\"],\"url\":\"https:\/\/artisticswimming.ca\/fr\/author\/synchro\/\"}]}<\/script>\n<!-- \/ Yoast SEO plugin. -->","yoast_head_json":{"title":"Une fin de semaine en or pour les nageuses artistiques canadiennes en Hongrie - Natation Artistique Canada","robots":{"index":"index","follow":"follow","max-snippet":"max-snippet:-1","max-image-preview":"max-image-preview:large","max-video-preview":"max-video-preview:-1"},"canonical":"https:\/\/artisticswimming.ca\/fr\/golden-weekend-for-canada-artistic-swimmers-in-hungary\/","og_locale":"fr_FR","og_type":"article","og_title":"Une fin de semaine en or pour les nageuses artistiques canadiennes en Hongrie - Natation Artistique Canada","og_description":"Ce fut un retour en or \u00e0 la piscine de comp\u00e9tition pour Jacqueline Simoneau et Claudia Holzner lors des S\u00e9ries mondiales de natation artistique FINA (ASWS) #2 \u00e0 Budapest, en Hongrie, la fin de semaine derni\u00e8re. Bien que les deux Canadiennes [...]","og_url":"https:\/\/artisticswimming.ca\/fr\/golden-weekend-for-canada-artistic-swimmers-in-hungary\/","og_site_name":"Natation Artistique Canada","article_published_time":"2021-04-13T13:59:30+00:00","article_modified_time":"2021-04-16T14:06:05+00:00","og_image":[{"width":2000,"height":989,"url":"https:\/\/artisticswimming.ca\/wp-content\/uploads\/2021\/04\/Golden-weekend-in-Budapest.jpg","type":"image\/jpeg"}],"author":"synchro","twitter_card":"summary_large_image","twitter_misc":{"\u00c9crit par":"synchro","Dur\u00e9e de lecture estim\u00e9e":"4 minutes"},"schema":{"@context":"https:\/\/schema.org","@graph":[{"@type":"Article","@id":"https:\/\/artisticswimming.ca\/fr\/golden-weekend-for-canada-artistic-swimmers-in-hungary\/#article","isPartOf":{"@id":"https:\/\/artisticswimming.ca\/fr\/golden-weekend-for-canada-artistic-swimmers-in-hungary\/"},"author":{"name":"synchro","@id":"https:\/\/artisticswimming.ca\/fr\/#\/schema\/person\/7d2ab10f01ba748d0dac4f1fbc7df175"},"headline":"Une fin de semaine en or pour les nageuses artistiques canadiennes en Hongrie","datePublished":"2021-04-13T13:59:30+00:00","dateModified":"2021-04-16T14:06:05+00:00","mainEntityOfPage":{"@id":"https:\/\/artisticswimming.ca\/fr\/golden-weekend-for-canada-artistic-swimmers-in-hungary\/"},"wordCount":792,"commentCount":0,"image":{"@id":"https:\/\/artisticswimming.ca\/fr\/golden-weekend-for-canada-artistic-swimmers-in-hungary\/#primaryimage"},"thumbnailUrl":"https:\/\/artisticswimming.ca\/wp-content\/uploads\/2021\/04\/Golden-weekend-in-Budapest.jpg","articleSection":["\u00c9quipe nationale senior","Nouvelles","S\u00e9ries Mondiales de natation artistique"],"inLanguage":"fr-FR","potentialAction":[{"@type":"CommentAction","name":"Comment","target":["https:\/\/artisticswimming.ca\/fr\/golden-weekend-for-canada-artistic-swimmers-in-hungary\/#respond"]}]},{"@type":"WebPage","@id":"https:\/\/artisticswimming.ca\/fr\/golden-weekend-for-canada-artistic-swimmers-in-hungary\/","url":"https:\/\/artisticswimming.ca\/fr\/golden-weekend-for-canada-artistic-swimmers-in-hungary\/","name":"Une fin de semaine en or pour les nageuses artistiques canadiennes en Hongrie - Natation Artistique Canada","isPartOf":{"@id":"https:\/\/artisticswimming.ca\/fr\/#website"},"primaryImageOfPage":{"@id":"https:\/\/artisticswimming.ca\/fr\/golden-weekend-for-canada-artistic-swimmers-in-hungary\/#primaryimage"},"image":{"@id":"https:\/\/artisticswimming.ca\/fr\/golden-weekend-for-canada-artistic-swimmers-in-hungary\/#primaryimage"},"thumbnailUrl":"https:\/\/artisticswimming.ca\/wp-content\/uploads\/2021\/04\/Golden-weekend-in-Budapest.jpg","datePublished":"2021-04-13T13:59:30+00:00","dateModified":"2021-04-16T14:06:05+00:00","author":{"@id":"https:\/\/artisticswimming.ca\/fr\/#\/schema\/person\/7d2ab10f01ba748d0dac4f1fbc7df175"},"breadcrumb":{"@id":"https:\/\/artisticswimming.ca\/fr\/golden-weekend-for-canada-artistic-swimmers-in-hungary\/#breadcrumb"},"inLanguage":"fr-FR","potentialAction":[{"@type":"ReadAction","target":["https:\/\/artisticswimming.ca\/fr\/golden-weekend-for-canada-artistic-swimmers-in-hungary\/"]}]},{"@type":"ImageObject","inLanguage":"fr-FR","@id":"https:\/\/artisticswimming.ca\/fr\/golden-weekend-for-canada-artistic-swimmers-in-hungary\/#primaryimage","url":"https:\/\/artisticswimming.ca\/wp-content\/uploads\/2021\/04\/Golden-weekend-in-Budapest.jpg","contentUrl":"https:\/\/artisticswimming.ca\/wp-content\/uploads\/2021\/04\/Golden-weekend-in-Budapest.jpg","width":2000,"height":989},{"@type":"BreadcrumbList","@id":"https:\/\/artisticswimming.ca\/fr\/golden-weekend-for-canada-artistic-swimmers-in-hungary\/#breadcrumb","itemListElement":[{"@type":"ListItem","position":1,"name":"Home","item":"https:\/\/artisticswimming.ca\/fr\/"},{"@type":"ListItem","position":2,"name":"Une fin de semaine en or pour les nageuses artistiques canadiennes en Hongrie"}]},{"@type":"WebSite","@id":"https:\/\/artisticswimming.ca\/fr\/#website","url":"https:\/\/artisticswimming.ca\/fr\/","name":"Natation Artistique Canada","description":"","potentialAction":[{"@type":"SearchAction","target":{"@type":"EntryPoint","urlTemplate":"https:\/\/artisticswimming.ca\/fr\/?s={search_term_string}"},"query-input":{"@type":"PropertyValueSpecification","valueRequired":true,"valueName":"search_term_string"}}],"inLanguage":"fr-FR"},{"@type":"Person","@id":"https:\/\/artisticswimming.ca\/fr\/#\/schema\/person\/7d2ab10f01ba748d0dac4f1fbc7df175","name":"synchro","image":{"@type":"ImageObject","inLanguage":"fr-FR","@id":"https:\/\/secure.gravatar.com\/avatar\/4f24abe719ecc22eef668a9e15d4025dca4fa935812f917fcc233935f5e1db5e?s=96&d=mm&r=g","url":"https:\/\/secure.gravatar.com\/avatar\/4f24abe719ecc22eef668a9e15d4025dca4fa935812f917fcc233935f5e1db5e?s=96&d=mm&r=g","contentUrl":"https:\/\/secure.gravatar.com\/avatar\/4f24abe719ecc22eef668a9e15d4025dca4fa935812f917fcc233935f5e1db5e?s=96&d=mm&r=g","caption":"synchro"},"sameAs":["http:\/\/synchro.wpengine.com"],"url":"https:\/\/artisticswimming.ca\/fr\/author\/synchro\/"}]}},"_links":{"self":[{"href":"https:\/\/artisticswimming.ca\/fr\/wp-json\/wp\/v2\/posts\/10340","targetHints":{"allow":["GET"]}}],"collection":[{"href":"https:\/\/artisticswimming.ca\/fr\/wp-json\/wp\/v2\/posts"}],"about":[{"href":"https:\/\/artisticswimming.ca\/fr\/wp-json\/wp\/v2\/types\/post"}],"author":[{"embeddable":true,"href":"https:\/\/artisticswimming.ca\/fr\/wp-json\/wp\/v2\/users\/2"}],"replies":[{"embeddable":true,"href":"https:\/\/artisticswimming.ca\/fr\/wp-json\/wp\/v2\/comments?post=10340"}],"version-history":[{"count":0,"href":"https:\/\/artisticswimming.ca\/fr\/wp-json\/wp\/v2\/posts\/10340\/revisions"}],"wp:featuredmedia":[{"embeddable":true,"href":"https:\/\/artisticswimming.ca\/fr\/wp-json\/wp\/v2\/media\/10332"}],"wp:attachment":[{"href":"https:\/\/artisticswimming.ca\/fr\/wp-json\/wp\/v2\/media?parent=10340"}],"wp:term":[{"taxonomy":"category","embeddable":true,"href":"https:\/\/artisticswimming.ca\/fr\/wp-json\/wp\/v2\/categories?post=10340"},{"taxonomy":"post_tag","embeddable":true,"href":"https:\/\/artisticswimming.ca\/fr\/wp-json\/wp\/v2\/tags?post=10340"}],"curies":[{"name":"wp","href":"https:\/\/api.w.org\/{rel}","templated":true}]}}