{"id":1149,"date":"2016-08-14T15:29:59","date_gmt":"2016-08-14T15:29:59","guid":{"rendered":"http:\/\/synchro.wpengine.com\/?p=1149&#038;lang=fr"},"modified":"2017-09-18T15:26:28","modified_gmt":"2017-09-18T15:26:28","slug":"simoneau-et-thomas-7e-apres-la-ronde-preliminaire-de-duo-de-nage-synchronisee-aux-olympiques-de-rio","status":"publish","type":"post","link":"https:\/\/artisticswimming.ca\/fr\/simoneau-et-thomas-7e-apres-la-ronde-preliminaire-de-duo-de-nage-synchronisee-aux-olympiques-de-rio\/","title":{"rendered":"Simoneau et Thomas 7e apr\u00e8s la ronde pr\u00e9liminaire de duo de nage synchronis\u00e9e aux Olympiques de Rio"},"content":{"rendered":"<p style=\"text-align: justify;\">Aujourd\u2019hui \u00e0 Rio, au Br\u00e9sil,\u00a0<b>Jacqueline Simoneau\u00a0<a href=\"http:\/\/synchro.wpengine.com\/wp-content\/uploads\/2016\/08\/Rio_free-prelims_2016.jpg\"><img decoding=\"async\" class=\"alignright wp-image-1147\" src=\"http:\/\/synchro.wpengine.com\/wp-content\/uploads\/2016\/08\/Rio_free-prelims_2016.jpg\" alt=\"Rio_free prelims_2016\" width=\"462\" height=\"245\" srcset=\"https:\/\/artisticswimming.ca\/wp-content\/uploads\/2016\/08\/Rio_free-prelims_2016-200x106.jpg 200w, https:\/\/artisticswimming.ca\/wp-content\/uploads\/2016\/08\/Rio_free-prelims_2016-300x159.jpg 300w, https:\/\/artisticswimming.ca\/wp-content\/uploads\/2016\/08\/Rio_free-prelims_2016-400x212.jpg 400w, https:\/\/artisticswimming.ca\/wp-content\/uploads\/2016\/08\/Rio_free-prelims_2016-500x265.jpg 500w, https:\/\/artisticswimming.ca\/wp-content\/uploads\/2016\/08\/Rio_free-prelims_2016-600x318.jpg 600w, https:\/\/artisticswimming.ca\/wp-content\/uploads\/2016\/08\/Rio_free-prelims_2016-768x407.jpg 768w, https:\/\/artisticswimming.ca\/wp-content\/uploads\/2016\/08\/Rio_free-prelims_2016-800x424.jpg 800w, https:\/\/artisticswimming.ca\/wp-content\/uploads\/2016\/08\/Rio_free-prelims_2016-1024x543.jpg 1024w, https:\/\/artisticswimming.ca\/wp-content\/uploads\/2016\/08\/Rio_free-prelims_2016.jpg 1120w\" sizes=\"(max-width: 462px) 100vw, 462px\" \/><\/a><\/b>de Montr\u00e9al, 19 ans, et\u00a0<b>Karine Thomas<\/b>\u00a0de Gatineau, 27 ans, ont d\u00e9but\u00e9 leur participation \u00e0 la comp\u00e9tition de duo de nage synchronis\u00e9e des Jeux Olympiques avec l\u2019\u00e9preuve pr\u00e9liminaire du programme libre.<\/p>\n<p>Dans la premi\u00e8re partie de la comp\u00e9tition qui en comptera trois, le duo a d\u00e9montr\u00e9 toute sa puissance, sa passion et sa cr\u00e9ativit\u00e9 lors de l\u2019ex\u00e9cution de sa routine \u00ab\u00a0Heartbreak \u00bb.\u00a0 Leur pointage total de 90,0667 les place en 7<sup>e<\/sup>\u00a0position avec le programme technique \u00e0 venir lundi et les finales du programme libre qui suivront mardi.\u00a0 La comp\u00e9tition comporte 24 duos, mais seulement 12 pourront passer \u00e0 la troisi\u00e8me et derni\u00e8re phase de l\u2019\u00e9v\u00e8nement.<\/p>\n<p>Simoneau, qui participe \u00e0 ses premiers Jeux Olympiques, et Thomas, qui participe \u00e0 ses seconds, \u00e9taient une des seules paires utilisant une musique chant\u00e9e alors qu\u2019elles nageaient sur le son de \u00ab Tore my Heart \u00bb de l\u2019artiste contemporaine OONA. Les spectateurs ont \u00e9t\u00e9 envout\u00e9s par leur performance \u00e9motive qui incluait \u00e9galement plusieurs \u00e9l\u00e9ments techniques difficiles.<\/p>\n<p>Les 7 premiers duos, incluant les Canadiennes, ont tous obtenu un pointage sup\u00e9rieur \u00e0 90 points. Les pointages pour Simoneau et Thomas sont les suivants\u00a0: 26,8000 pour l\u2019ex\u00e9cution, 35,8667 pour l\u2019impression artistique et 27,4000 pour la difficult\u00e9, r\u00e9sultant en un pointage total de 90,0667. Le duo Russe a les devants avec un pointage de 98,0667, alors que la Chine est en seconde position avec 96,0667 et le Japon en troisi\u00e8me place avec 94,4000.\u00a0 Les autres paires qui se sont plac\u00e9es devant le Canada sont l\u2019Espagne (4<sup>e<\/sup>), l\u2019Ukraine (5<sup>e<\/sup>) et l\u2019Italie (6<sup>e<\/sup>).<\/p>\n<p>La paire canadienne a quitt\u00e9 le pays \u00e0 la mi-juillet en pr\u00e9paration pour les Jeux. Elles ont depuis comp\u00e9titionn\u00e9 \u00e0 Riverside, en Californie et ont eu un camp d\u2019entrainement de trois semaines \u00e0 Boca Raton, en Floride, avant de finalement arriver \u00e0 Rio mardi dernier. Thomas appr\u00e9cie cette opportunit\u00e9 de participer aux Jeux en tant que membre du duo, puisque l\u2019\u00e9nergie est diff\u00e9rente de celle qu\u2019elle a sentie \u00e0 Londres alors qu\u2019elle \u00e9tait membre de l\u2019\u00e9quipe en 2012. Simoneau est ravie d\u2019\u00eatre entour\u00e9e des meilleurs athl\u00e8tes du monde et est tr\u00e8s fi\u00e8re de repr\u00e9senter le Canada \u00e0 Rio.<\/p>\n<p>L\u2019entraineure\u00a0<b>Meng Chen<\/b>\u00a0sentait ses prot\u00e9g\u00e9es pr\u00eates pour cette comp\u00e9tition. \u00ab Nous avons eu un tr\u00e8s bon camp d\u2019entrainement en Floride o\u00f9 les filles ont fait tout ce qu\u2019on leur demandait. L\u2019\u00e9nergie \u00e9tait tr\u00e8s positive. \u00bb<\/p>\n<p>Elles ont d\u00fb faire certains ajustements alors qu\u2019elles nageaient. \u00ab C\u2019\u00e9tait la premi\u00e8re fois qu\u2019on nageait dans cette piscine olympique avec la nouvelle eau qui y a \u00e9t\u00e9 transf\u00e9r\u00e9e et avec le soleil plombant sur nos visages \u00bb, a dit Simoneau. Thomas a ajout\u00e9 que \u00ab c\u2019\u00e9tait bien de faire sortir le trac et de nous montrer \u00e0 notre meilleur pour les Jeux \u00bb.\u00a0 Elle est \u00ab tr\u00e8s heureuse du d\u00e9roulement de la comp\u00e9tition jusqu&rsquo;ici et a h\u00e2te aux prochaines \u00e9preuves pour montrer de quoi elle et Jacqueline sont capables \u00bb.<\/p>\n<p>Simoneau dit que le programme technique de demain est une de leur force et les montre sous leur meilleur angle.\u00a0 \u00ab Notre programme contient beaucoup de parties techniques tr\u00e8s difficiles, en plus des \u00e9l\u00e9ments techniques exig\u00e9s. Nous avons h\u00e2te de montrer cette routine en laquelle nous avons vraiment confiance et dans laquelle nous sommes \u00e0 notre meilleur \u00bb.<\/p>\n<p>Pour l&rsquo;entraineure Chen, il faut tout de suite penser aux prochaines \u00e9tapes de la comp\u00e9tition. \u00ab Nous allons concentrer notre attention vers la comp\u00e9tition de demain.\u00a0 Elles ont encore d\u2019incroyables habilet\u00e9s \u00e0 montrer. Elles sont super hautes dans l\u2019eau et ont de nombreux atouts qui les montreront \u00e0 leur meilleur \u00bb.<\/p>\n<p>Les 24 duos poursuivent la comp\u00e9tition lundi pour l\u2019\u00e9preuve de programme technique o\u00f9 chacun devra produire les \u00e9l\u00e9ments requis dans un ordre pr\u00e9d\u00e9fini. Les points de l\u2019\u00e9preuve pr\u00e9liminaire du programme libre et du programme technique seront ensuite additionn\u00e9s et les 12 duos en t\u00eate passeront aux finales. \u00c0 ce moment, seul le pointage du programme technique comptera encore et il sera additionn\u00e9 au pointage du programme libre de mardi pour d\u00e9terminer le classement final.<\/p>\n","protected":false},"excerpt":{"rendered":"<p>Aujourd\u2019hui \u00e0 Rio, au Br\u00e9sil,\u00a0Jacqueline Simoneau\u00a0de Montr\u00e9al, 19 ans, et\u00a0Karine Thomas\u00a0de Gatineau, 27 ans, ont d\u00e9but\u00e9 leur participation \u00e0 la comp\u00e9tition de duo de nage synchronis\u00e9e des Jeux Olympiques avec l\u2019\u00e9preuve pr\u00e9liminaire du programme libre. Dans la premi\u00e8re partie de la <a href=\"https:\/\/artisticswimming.ca\/fr\/simoneau-et-thomas-7e-apres-la-ronde-preliminaire-de-duo-de-nage-synchronisee-aux-olympiques-de-rio\/\"> [&#8230;]<\/a><\/p>\n","protected":false},"author":3,"featured_media":2043,"comment_status":"open","ping_status":"open","sticky":false,"template":"","format":"standard","meta":{"_acf_changed":false,"footnotes":""},"categories":[87,79,92,63],"tags":[],"class_list":["post-1149","post","type-post","status-publish","format-standard","has-post-thumbnail","hentry","category-competition-fr","category-equipe-nationale-senior","category-olympiques-fr","category-non-classifiee"],"acf":[],"yoast_head":"<!-- This site is optimized with the Yoast SEO plugin v27.2 - https:\/\/yoast.com\/product\/yoast-seo-wordpress\/ -->\n<title>Simoneau et Thomas 7e apr\u00e8s la ronde pr\u00e9liminaire de duo de nage synchronis\u00e9e aux Olympiques de Rio - Natation Artistique Canada<\/title>\n<meta name=\"robots\" content=\"index, follow, max-snippet:-1, max-image-preview:large, max-video-preview:-1\" \/>\n<link rel=\"canonical\" href=\"https:\/\/artisticswimming.ca\/fr\/simoneau-et-thomas-7e-apres-la-ronde-preliminaire-de-duo-de-nage-synchronisee-aux-olympiques-de-rio\/\" \/>\n<meta property=\"og:locale\" content=\"fr_FR\" \/>\n<meta property=\"og:type\" content=\"article\" \/>\n<meta property=\"og:title\" content=\"Simoneau et Thomas 7e apr\u00e8s la ronde pr\u00e9liminaire de duo de nage synchronis\u00e9e aux Olympiques de Rio - Natation Artistique Canada\" \/>\n<meta property=\"og:description\" content=\"Aujourd\u2019hui \u00e0 Rio, au Br\u00e9sil,\u00a0Jacqueline Simoneau\u00a0de Montr\u00e9al, 19 ans, et\u00a0Karine Thomas\u00a0de Gatineau, 27 ans, ont d\u00e9but\u00e9 leur participation \u00e0 la comp\u00e9tition de duo de nage synchronis\u00e9e des Jeux Olympiques avec l\u2019\u00e9preuve pr\u00e9liminaire du programme libre. Dans la premi\u00e8re partie de la [...]\" \/>\n<meta property=\"og:url\" content=\"https:\/\/artisticswimming.ca\/fr\/simoneau-et-thomas-7e-apres-la-ronde-preliminaire-de-duo-de-nage-synchronisee-aux-olympiques-de-rio\/\" \/>\n<meta property=\"og:site_name\" content=\"Natation Artistique Canada\" \/>\n<meta property=\"article:published_time\" content=\"2016-08-14T15:29:59+00:00\" \/>\n<meta property=\"article:modified_time\" content=\"2017-09-18T15:26:28+00:00\" \/>\n<meta property=\"og:image\" content=\"https:\/\/artisticswimming.ca\/wp-content\/uploads\/2016\/08\/synchro-press-release-1-v2.jpg\" \/>\n\t<meta property=\"og:image:width\" content=\"1120\" \/>\n\t<meta property=\"og:image:height\" content=\"553\" \/>\n\t<meta property=\"og:image:type\" content=\"image\/jpeg\" \/>\n<meta name=\"author\" content=\"Myriam Cote\" \/>\n<meta name=\"twitter:card\" content=\"summary_large_image\" \/>\n<meta name=\"twitter:label1\" content=\"\u00c9crit par\" \/>\n\t<meta name=\"twitter:data1\" content=\"Myriam Cote\" \/>\n\t<meta name=\"twitter:label2\" content=\"Dur\u00e9e de lecture estim\u00e9e\" \/>\n\t<meta name=\"twitter:data2\" content=\"4 minutes\" \/>\n<script type=\"application\/ld+json\" class=\"yoast-schema-graph\">{\"@context\":\"https:\/\/schema.org\",\"@graph\":[{\"@type\":\"Article\",\"@id\":\"https:\/\/artisticswimming.ca\/fr\/simoneau-et-thomas-7e-apres-la-ronde-preliminaire-de-duo-de-nage-synchronisee-aux-olympiques-de-rio\/#article\",\"isPartOf\":{\"@id\":\"https:\/\/artisticswimming.ca\/fr\/simoneau-et-thomas-7e-apres-la-ronde-preliminaire-de-duo-de-nage-synchronisee-aux-olympiques-de-rio\/\"},\"author\":{\"name\":\"Myriam Cote\",\"@id\":\"https:\/\/artisticswimming.ca\/fr\/#\/schema\/person\/76d6c2c9954d56641f9210cc7427bc76\"},\"headline\":\"Simoneau et Thomas 7e apr\u00e8s la ronde pr\u00e9liminaire de duo de nage synchronis\u00e9e aux Olympiques de Rio\",\"datePublished\":\"2016-08-14T15:29:59+00:00\",\"dateModified\":\"2017-09-18T15:26:28+00:00\",\"mainEntityOfPage\":{\"@id\":\"https:\/\/artisticswimming.ca\/fr\/simoneau-et-thomas-7e-apres-la-ronde-preliminaire-de-duo-de-nage-synchronisee-aux-olympiques-de-rio\/\"},\"wordCount\":728,\"commentCount\":0,\"image\":{\"@id\":\"https:\/\/artisticswimming.ca\/fr\/simoneau-et-thomas-7e-apres-la-ronde-preliminaire-de-duo-de-nage-synchronisee-aux-olympiques-de-rio\/#primaryimage\"},\"thumbnailUrl\":\"https:\/\/artisticswimming.ca\/wp-content\/uploads\/2016\/08\/synchro-press-release-1-v2.jpg\",\"articleSection\":[\"Comp\u00e9tition\",\"\u00c9quipe nationale senior\",\"Olympiques\",\"Non classifi\u00e9(e)\"],\"inLanguage\":\"fr-FR\",\"potentialAction\":[{\"@type\":\"CommentAction\",\"name\":\"Comment\",\"target\":[\"https:\/\/artisticswimming.ca\/fr\/simoneau-et-thomas-7e-apres-la-ronde-preliminaire-de-duo-de-nage-synchronisee-aux-olympiques-de-rio\/#respond\"]}]},{\"@type\":\"WebPage\",\"@id\":\"https:\/\/artisticswimming.ca\/fr\/simoneau-et-thomas-7e-apres-la-ronde-preliminaire-de-duo-de-nage-synchronisee-aux-olympiques-de-rio\/\",\"url\":\"https:\/\/artisticswimming.ca\/fr\/simoneau-et-thomas-7e-apres-la-ronde-preliminaire-de-duo-de-nage-synchronisee-aux-olympiques-de-rio\/\",\"name\":\"Simoneau et Thomas 7e apr\u00e8s la ronde pr\u00e9liminaire de duo de nage synchronis\u00e9e aux Olympiques de Rio - Natation Artistique Canada\",\"isPartOf\":{\"@id\":\"https:\/\/artisticswimming.ca\/fr\/#website\"},\"primaryImageOfPage\":{\"@id\":\"https:\/\/artisticswimming.ca\/fr\/simoneau-et-thomas-7e-apres-la-ronde-preliminaire-de-duo-de-nage-synchronisee-aux-olympiques-de-rio\/#primaryimage\"},\"image\":{\"@id\":\"https:\/\/artisticswimming.ca\/fr\/simoneau-et-thomas-7e-apres-la-ronde-preliminaire-de-duo-de-nage-synchronisee-aux-olympiques-de-rio\/#primaryimage\"},\"thumbnailUrl\":\"https:\/\/artisticswimming.ca\/wp-content\/uploads\/2016\/08\/synchro-press-release-1-v2.jpg\",\"datePublished\":\"2016-08-14T15:29:59+00:00\",\"dateModified\":\"2017-09-18T15:26:28+00:00\",\"author\":{\"@id\":\"https:\/\/artisticswimming.ca\/fr\/#\/schema\/person\/76d6c2c9954d56641f9210cc7427bc76\"},\"breadcrumb\":{\"@id\":\"https:\/\/artisticswimming.ca\/fr\/simoneau-et-thomas-7e-apres-la-ronde-preliminaire-de-duo-de-nage-synchronisee-aux-olympiques-de-rio\/#breadcrumb\"},\"inLanguage\":\"fr-FR\",\"potentialAction\":[{\"@type\":\"ReadAction\",\"target\":[\"https:\/\/artisticswimming.ca\/fr\/simoneau-et-thomas-7e-apres-la-ronde-preliminaire-de-duo-de-nage-synchronisee-aux-olympiques-de-rio\/\"]}]},{\"@type\":\"ImageObject\",\"inLanguage\":\"fr-FR\",\"@id\":\"https:\/\/artisticswimming.ca\/fr\/simoneau-et-thomas-7e-apres-la-ronde-preliminaire-de-duo-de-nage-synchronisee-aux-olympiques-de-rio\/#primaryimage\",\"url\":\"https:\/\/artisticswimming.ca\/wp-content\/uploads\/2016\/08\/synchro-press-release-1-v2.jpg\",\"contentUrl\":\"https:\/\/artisticswimming.ca\/wp-content\/uploads\/2016\/08\/synchro-press-release-1-v2.jpg\",\"width\":1120,\"height\":553},{\"@type\":\"BreadcrumbList\",\"@id\":\"https:\/\/artisticswimming.ca\/fr\/simoneau-et-thomas-7e-apres-la-ronde-preliminaire-de-duo-de-nage-synchronisee-aux-olympiques-de-rio\/#breadcrumb\",\"itemListElement\":[{\"@type\":\"ListItem\",\"position\":1,\"name\":\"Home\",\"item\":\"https:\/\/artisticswimming.ca\/fr\/\"},{\"@type\":\"ListItem\",\"position\":2,\"name\":\"Simoneau et Thomas 7e apr\u00e8s la ronde pr\u00e9liminaire de duo de nage synchronis\u00e9e aux Olympiques de Rio\"}]},{\"@type\":\"WebSite\",\"@id\":\"https:\/\/artisticswimming.ca\/fr\/#website\",\"url\":\"https:\/\/artisticswimming.ca\/fr\/\",\"name\":\"Natation Artistique Canada\",\"description\":\"\",\"potentialAction\":[{\"@type\":\"SearchAction\",\"target\":{\"@type\":\"EntryPoint\",\"urlTemplate\":\"https:\/\/artisticswimming.ca\/fr\/?s={search_term_string}\"},\"query-input\":{\"@type\":\"PropertyValueSpecification\",\"valueRequired\":true,\"valueName\":\"search_term_string\"}}],\"inLanguage\":\"fr-FR\"},{\"@type\":\"Person\",\"@id\":\"https:\/\/artisticswimming.ca\/fr\/#\/schema\/person\/76d6c2c9954d56641f9210cc7427bc76\",\"name\":\"Myriam Cote\",\"image\":{\"@type\":\"ImageObject\",\"inLanguage\":\"fr-FR\",\"@id\":\"https:\/\/secure.gravatar.com\/avatar\/9636d581f11fe1ce5c868617703e52ebeddf65bc5ba83eda388709ba9ad9da61?s=96&d=mm&r=g\",\"url\":\"https:\/\/secure.gravatar.com\/avatar\/9636d581f11fe1ce5c868617703e52ebeddf65bc5ba83eda388709ba9ad9da61?s=96&d=mm&r=g\",\"contentUrl\":\"https:\/\/secure.gravatar.com\/avatar\/9636d581f11fe1ce5c868617703e52ebeddf65bc5ba83eda388709ba9ad9da61?s=96&d=mm&r=g\",\"caption\":\"Myriam Cote\"},\"url\":\"https:\/\/artisticswimming.ca\/fr\/author\/myriam\/\"}]}<\/script>\n<!-- \/ Yoast SEO plugin. -->","yoast_head_json":{"title":"Simoneau et Thomas 7e apr\u00e8s la ronde pr\u00e9liminaire de duo de nage synchronis\u00e9e aux Olympiques de Rio - Natation Artistique Canada","robots":{"index":"index","follow":"follow","max-snippet":"max-snippet:-1","max-image-preview":"max-image-preview:large","max-video-preview":"max-video-preview:-1"},"canonical":"https:\/\/artisticswimming.ca\/fr\/simoneau-et-thomas-7e-apres-la-ronde-preliminaire-de-duo-de-nage-synchronisee-aux-olympiques-de-rio\/","og_locale":"fr_FR","og_type":"article","og_title":"Simoneau et Thomas 7e apr\u00e8s la ronde pr\u00e9liminaire de duo de nage synchronis\u00e9e aux Olympiques de Rio - Natation Artistique Canada","og_description":"Aujourd\u2019hui \u00e0 Rio, au Br\u00e9sil,\u00a0Jacqueline Simoneau\u00a0de Montr\u00e9al, 19 ans, et\u00a0Karine Thomas\u00a0de Gatineau, 27 ans, ont d\u00e9but\u00e9 leur participation \u00e0 la comp\u00e9tition de duo de nage synchronis\u00e9e des Jeux Olympiques avec l\u2019\u00e9preuve pr\u00e9liminaire du programme libre. Dans la premi\u00e8re partie de la [...]","og_url":"https:\/\/artisticswimming.ca\/fr\/simoneau-et-thomas-7e-apres-la-ronde-preliminaire-de-duo-de-nage-synchronisee-aux-olympiques-de-rio\/","og_site_name":"Natation Artistique Canada","article_published_time":"2016-08-14T15:29:59+00:00","article_modified_time":"2017-09-18T15:26:28+00:00","og_image":[{"width":1120,"height":553,"url":"https:\/\/artisticswimming.ca\/wp-content\/uploads\/2016\/08\/synchro-press-release-1-v2.jpg","type":"image\/jpeg"}],"author":"Myriam Cote","twitter_card":"summary_large_image","twitter_misc":{"\u00c9crit par":"Myriam Cote","Dur\u00e9e de lecture estim\u00e9e":"4 minutes"},"schema":{"@context":"https:\/\/schema.org","@graph":[{"@type":"Article","@id":"https:\/\/artisticswimming.ca\/fr\/simoneau-et-thomas-7e-apres-la-ronde-preliminaire-de-duo-de-nage-synchronisee-aux-olympiques-de-rio\/#article","isPartOf":{"@id":"https:\/\/artisticswimming.ca\/fr\/simoneau-et-thomas-7e-apres-la-ronde-preliminaire-de-duo-de-nage-synchronisee-aux-olympiques-de-rio\/"},"author":{"name":"Myriam Cote","@id":"https:\/\/artisticswimming.ca\/fr\/#\/schema\/person\/76d6c2c9954d56641f9210cc7427bc76"},"headline":"Simoneau et Thomas 7e apr\u00e8s la ronde pr\u00e9liminaire de duo de nage synchronis\u00e9e aux Olympiques de Rio","datePublished":"2016-08-14T15:29:59+00:00","dateModified":"2017-09-18T15:26:28+00:00","mainEntityOfPage":{"@id":"https:\/\/artisticswimming.ca\/fr\/simoneau-et-thomas-7e-apres-la-ronde-preliminaire-de-duo-de-nage-synchronisee-aux-olympiques-de-rio\/"},"wordCount":728,"commentCount":0,"image":{"@id":"https:\/\/artisticswimming.ca\/fr\/simoneau-et-thomas-7e-apres-la-ronde-preliminaire-de-duo-de-nage-synchronisee-aux-olympiques-de-rio\/#primaryimage"},"thumbnailUrl":"https:\/\/artisticswimming.ca\/wp-content\/uploads\/2016\/08\/synchro-press-release-1-v2.jpg","articleSection":["Comp\u00e9tition","\u00c9quipe nationale senior","Olympiques","Non classifi\u00e9(e)"],"inLanguage":"fr-FR","potentialAction":[{"@type":"CommentAction","name":"Comment","target":["https:\/\/artisticswimming.ca\/fr\/simoneau-et-thomas-7e-apres-la-ronde-preliminaire-de-duo-de-nage-synchronisee-aux-olympiques-de-rio\/#respond"]}]},{"@type":"WebPage","@id":"https:\/\/artisticswimming.ca\/fr\/simoneau-et-thomas-7e-apres-la-ronde-preliminaire-de-duo-de-nage-synchronisee-aux-olympiques-de-rio\/","url":"https:\/\/artisticswimming.ca\/fr\/simoneau-et-thomas-7e-apres-la-ronde-preliminaire-de-duo-de-nage-synchronisee-aux-olympiques-de-rio\/","name":"Simoneau et Thomas 7e apr\u00e8s la ronde pr\u00e9liminaire de duo de nage synchronis\u00e9e aux Olympiques de Rio - Natation Artistique Canada","isPartOf":{"@id":"https:\/\/artisticswimming.ca\/fr\/#website"},"primaryImageOfPage":{"@id":"https:\/\/artisticswimming.ca\/fr\/simoneau-et-thomas-7e-apres-la-ronde-preliminaire-de-duo-de-nage-synchronisee-aux-olympiques-de-rio\/#primaryimage"},"image":{"@id":"https:\/\/artisticswimming.ca\/fr\/simoneau-et-thomas-7e-apres-la-ronde-preliminaire-de-duo-de-nage-synchronisee-aux-olympiques-de-rio\/#primaryimage"},"thumbnailUrl":"https:\/\/artisticswimming.ca\/wp-content\/uploads\/2016\/08\/synchro-press-release-1-v2.jpg","datePublished":"2016-08-14T15:29:59+00:00","dateModified":"2017-09-18T15:26:28+00:00","author":{"@id":"https:\/\/artisticswimming.ca\/fr\/#\/schema\/person\/76d6c2c9954d56641f9210cc7427bc76"},"breadcrumb":{"@id":"https:\/\/artisticswimming.ca\/fr\/simoneau-et-thomas-7e-apres-la-ronde-preliminaire-de-duo-de-nage-synchronisee-aux-olympiques-de-rio\/#breadcrumb"},"inLanguage":"fr-FR","potentialAction":[{"@type":"ReadAction","target":["https:\/\/artisticswimming.ca\/fr\/simoneau-et-thomas-7e-apres-la-ronde-preliminaire-de-duo-de-nage-synchronisee-aux-olympiques-de-rio\/"]}]},{"@type":"ImageObject","inLanguage":"fr-FR","@id":"https:\/\/artisticswimming.ca\/fr\/simoneau-et-thomas-7e-apres-la-ronde-preliminaire-de-duo-de-nage-synchronisee-aux-olympiques-de-rio\/#primaryimage","url":"https:\/\/artisticswimming.ca\/wp-content\/uploads\/2016\/08\/synchro-press-release-1-v2.jpg","contentUrl":"https:\/\/artisticswimming.ca\/wp-content\/uploads\/2016\/08\/synchro-press-release-1-v2.jpg","width":1120,"height":553},{"@type":"BreadcrumbList","@id":"https:\/\/artisticswimming.ca\/fr\/simoneau-et-thomas-7e-apres-la-ronde-preliminaire-de-duo-de-nage-synchronisee-aux-olympiques-de-rio\/#breadcrumb","itemListElement":[{"@type":"ListItem","position":1,"name":"Home","item":"https:\/\/artisticswimming.ca\/fr\/"},{"@type":"ListItem","position":2,"name":"Simoneau et Thomas 7e apr\u00e8s la ronde pr\u00e9liminaire de duo de nage synchronis\u00e9e aux Olympiques de Rio"}]},{"@type":"WebSite","@id":"https:\/\/artisticswimming.ca\/fr\/#website","url":"https:\/\/artisticswimming.ca\/fr\/","name":"Natation Artistique Canada","description":"","potentialAction":[{"@type":"SearchAction","target":{"@type":"EntryPoint","urlTemplate":"https:\/\/artisticswimming.ca\/fr\/?s={search_term_string}"},"query-input":{"@type":"PropertyValueSpecification","valueRequired":true,"valueName":"search_term_string"}}],"inLanguage":"fr-FR"},{"@type":"Person","@id":"https:\/\/artisticswimming.ca\/fr\/#\/schema\/person\/76d6c2c9954d56641f9210cc7427bc76","name":"Myriam Cote","image":{"@type":"ImageObject","inLanguage":"fr-FR","@id":"https:\/\/secure.gravatar.com\/avatar\/9636d581f11fe1ce5c868617703e52ebeddf65bc5ba83eda388709ba9ad9da61?s=96&d=mm&r=g","url":"https:\/\/secure.gravatar.com\/avatar\/9636d581f11fe1ce5c868617703e52ebeddf65bc5ba83eda388709ba9ad9da61?s=96&d=mm&r=g","contentUrl":"https:\/\/secure.gravatar.com\/avatar\/9636d581f11fe1ce5c868617703e52ebeddf65bc5ba83eda388709ba9ad9da61?s=96&d=mm&r=g","caption":"Myriam Cote"},"url":"https:\/\/artisticswimming.ca\/fr\/author\/myriam\/"}]}},"_links":{"self":[{"href":"https:\/\/artisticswimming.ca\/fr\/wp-json\/wp\/v2\/posts\/1149","targetHints":{"allow":["GET"]}}],"collection":[{"href":"https:\/\/artisticswimming.ca\/fr\/wp-json\/wp\/v2\/posts"}],"about":[{"href":"https:\/\/artisticswimming.ca\/fr\/wp-json\/wp\/v2\/types\/post"}],"author":[{"embeddable":true,"href":"https:\/\/artisticswimming.ca\/fr\/wp-json\/wp\/v2\/users\/3"}],"replies":[{"embeddable":true,"href":"https:\/\/artisticswimming.ca\/fr\/wp-json\/wp\/v2\/comments?post=1149"}],"version-history":[{"count":0,"href":"https:\/\/artisticswimming.ca\/fr\/wp-json\/wp\/v2\/posts\/1149\/revisions"}],"wp:featuredmedia":[{"embeddable":true,"href":"https:\/\/artisticswimming.ca\/fr\/wp-json\/wp\/v2\/media\/2043"}],"wp:attachment":[{"href":"https:\/\/artisticswimming.ca\/fr\/wp-json\/wp\/v2\/media?parent=1149"}],"wp:term":[{"taxonomy":"category","embeddable":true,"href":"https:\/\/artisticswimming.ca\/fr\/wp-json\/wp\/v2\/categories?post=1149"},{"taxonomy":"post_tag","embeddable":true,"href":"https:\/\/artisticswimming.ca\/fr\/wp-json\/wp\/v2\/tags?post=1149"}],"curies":[{"name":"wp","href":"https:\/\/api.w.org\/{rel}","templated":true}]}}