{"id":13255,"date":"2022-03-17T10:55:00","date_gmt":"2022-03-17T14:55:00","guid":{"rendered":"https:\/\/artisticswimming.ca\/canadas-national-team-plan-in-motion-for-2024\/"},"modified":"2022-03-17T12:01:51","modified_gmt":"2022-03-17T16:01:51","slug":"canadas-national-team-plan-in-motion-for-2024","status":"publish","type":"post","link":"https:\/\/artisticswimming.ca\/fr\/canadas-national-team-plan-in-motion-for-2024\/","title":{"rendered":"Plan de l\u2019\u00e9quipe nationale du Canada en route vers 2024"},"content":{"rendered":"<p>Il existe une p\u00e9riode de transition naturelle lorsque les athl\u00e8tes d\u2019un sport de haut niveau terminent leur participation \u00e0 des Jeux olympiques. Pour les athl\u00e8tes qui ont repr\u00e9sent\u00e9 le Canada en natation artistique aux Jeux de Tokyo, il s\u2019agissait de l\u2019aboutissement de plus de cinq ans de planification, au lieu du cycle quadriennal habituel. Les Jeux de 2020 ayant \u00e9t\u00e9 report\u00e9s d\u2019un an en raison de la pand\u00e9mie mondiale de Covid-19, ils ont \u00e9galement pr\u00e9sent\u00e9 un cycle de planification inhabituel, ramenant de quatre \u00e0 trois ans le temps de pr\u00e9paration des prochains Jeux olympiques, qui se tiendront \u00e0 Paris, en France, \u00e0 l\u2019\u00e9t\u00e9 2024.<\/p>\n<p><img decoding=\"async\" class=\"alignleft wp-image-13246\" style=\"border: 1px solid #000;\" src=\"https:\/\/artisticswimming.ca\/wp-content\/uploads\/2022\/03\/2022-Senior-Team-Headed-for-2024-Gabor-300x206.jpg\" alt=\"\" width=\"400\" height=\"274\" srcset=\"https:\/\/artisticswimming.ca\/wp-content\/uploads\/2022\/03\/2022-Senior-Team-Headed-for-2024-Gabor-200x137.jpg 200w, https:\/\/artisticswimming.ca\/wp-content\/uploads\/2022\/03\/2022-Senior-Team-Headed-for-2024-Gabor-300x206.jpg 300w, https:\/\/artisticswimming.ca\/wp-content\/uploads\/2022\/03\/2022-Senior-Team-Headed-for-2024-Gabor-400x274.jpg 400w, https:\/\/artisticswimming.ca\/wp-content\/uploads\/2022\/03\/2022-Senior-Team-Headed-for-2024-Gabor-500x343.jpg 500w, https:\/\/artisticswimming.ca\/wp-content\/uploads\/2022\/03\/2022-Senior-Team-Headed-for-2024-Gabor-600x411.jpg 600w, https:\/\/artisticswimming.ca\/wp-content\/uploads\/2022\/03\/2022-Senior-Team-Headed-for-2024-Gabor-768x526.jpg 768w, https:\/\/artisticswimming.ca\/wp-content\/uploads\/2022\/03\/2022-Senior-Team-Headed-for-2024-Gabor-800x548.jpg 800w, https:\/\/artisticswimming.ca\/wp-content\/uploads\/2022\/03\/2022-Senior-Team-Headed-for-2024-Gabor.jpg 1000w\" sizes=\"(max-width: 400px) 100vw, 400px\" \/><\/p>\n<p>L\u2019entraineur-chef du Canada, <strong>G\u00e0bor Szauder<\/strong>, a \u00e9labor\u00e9 un plan pour pr\u00e9parer le prochain groupe d\u2019athl\u00e8tes \u00e0 comp\u00e9titionner \u00e0 Paris. Ce plan doit \u00eatre suffisamment flexible pour s\u2019adapter aux changements apport\u00e9s au calendrier des S\u00e9ries mondiales de natation artistique de la FINA, ainsi qu\u2019\u00e0 celui des Championnats du monde de la FINA. Tous deux ont \u00e9t\u00e9 affect\u00e9s par des \u00e9v\u00e9nements mondiaux, avec non seulement des changements dans les pays h\u00f4tes, mais aussi dans la p\u00e9riode de l\u2019ann\u00e9e o\u00f9 ils auront lieu.<\/p>\n<ol>\n<li>Szauder a accueilli ces changements avec confiance, car il consid\u00e8re le d\u00e9veloppement de l&rsquo;\u00e9quipe comme un processus. \u00ab\u00a0Le sport de la natation artistique est en plein changement. Auparavant, nous ne voyions les \u00e9quipes que lorsqu&rsquo;elles s&rsquo;\u00e9taient vraiment beaucoup entrain\u00e9es, avant de d\u00e9voiler leurs routines comme parfaites. Notre approche consiste \u00e0 appr\u00e9cier une am\u00e9lioration continue d&rsquo;une comp\u00e9tition \u00e0 l&rsquo;autre.\u00a0\u00bb<\/li>\n<\/ol>\n<p>Par exemple, l\u2019\u00e9quipe canadienne a particip\u00e9 \u00e0 l\u2019\u00e9preuve des S\u00e9ries mondiales virtuelles de natation artistique de la FINA qui sera webdiffus\u00e9e les 19 et 20 mars. Avec seulement quatre semaines d\u2019entrainement avant que la routine ne doive \u00eatre enregistr\u00e9e et soumise au jugement, il sait que son \u00e9quipe est d\u00e9j\u00e0 bien au-del\u00e0 de ce que les t\u00e9l\u00e9spectateurs verront lors de la diffusion.<\/p>\n<blockquote><p>\u00ab\u00a0Je suis tr\u00e8s fier de la fa\u00e7on dont nos athl\u00e8tes se sont comport\u00e9es lors de l\u2019enregistrement des \u00e9preuves virtuelles. Je sais que je serai satisfait des scores que nous recevrons, car dans un autre mois, nos scores seront plus \u00e9lev\u00e9s, et apr\u00e8s quatre mois, ils le seront encore plus\u00a0\u00bb, a-t-il d\u00e9clar\u00e9. \u00ab\u00a0Les athl\u00e8tes comprennent que la natation artistique est progressive. Nous ne pouvons pas regrouper de nouvelles athl\u00e8tes ensemble dans la piscine, et imm\u00e9diatement s\u2019attendre \u00e0 ce qu\u2019elles puissent r\u00e9aliser des performances au m\u00eame niveau que l\u2019\u00e9quipe olympique.\u00a0 Mais apr\u00e8s deux ans d\u2019entrainement ensemble, elles le seront!\u00a0\u00bb<\/p><\/blockquote>\n<p>M. G\u00e0bor s&rsquo;est r\u00e9cemment entretenu avec Barb MacDonald, consultante en communication de NAC, qui lui a demand\u00e9 de d\u00e9crire l&rsquo;entrainement des athl\u00e8tes seniors jusqu&rsquo;\u00e0 pr\u00e9sent, de d\u00e9crire les prochaines \u00e9tapes de la pr\u00e9paration du Canada pour cette saison et de parler de la pr\u00e9paration pour Paris 2024.<\/p>\n<h4><b><i>Que s\u2019est-il pass\u00e9 depuis la comp\u00e9tition \u00e0 Tokyo l\u2019\u00e9t\u00e9 dernier<\/i><\/b><strong><em>?<\/em><\/strong><\/h4>\n<p>On doit toujours donner le plus grand repos possible apr\u00e8s les Jeux olympiques. C\u2019est le sommet de la carri\u00e8re de chaque athl\u00e8te. Toutes celles qui ont particip\u00e9 au travail pour arriver aux Jeux olympiques avaient besoin de se reposer. M\u00eame si les athl\u00e8tes ont d\u00e9clar\u00e9 qu\u2019elles voulaient continuer, il faut qu\u2019elles se reposent et qu\u2019elles r\u00e9cup\u00e8rent tant sur le plan \u00e9motionnel que physique. Sinon, ce serait trop.\u00a0 De plus, les athl\u00e8tes ont besoin de temps pour d\u00e9cider des prochaines \u00e9tapes de leurs \u00e9tudes et de leur vie.<\/p>\n<h4><b><i>Comment avez-vous proc\u00e9d\u00e9 pour s\u00e9lectionner le prochain groupe d\u2019athl\u00e8tes de l\u2019\u00e9quipe nationale<\/i><\/b><strong><em>?<\/em><\/strong><\/h4>\n<p>L\u2019automne dernier, la situation du Canada \u00e9tait assez diff\u00e9rente de celle d\u2019ailleurs dans le monde, avec toutes les diverses restrictions li\u00e9es \u00e0 la COVID-19 dans le pays. Nous avons donc organis\u00e9 quatre camps de d\u00e9veloppement et d\u2019audition diff\u00e9rents \u00e0 travers le pays (Colombie-Britannique, Saskatchewan, Ontario et Qu\u00e9bec), puis nous avons invit\u00e9 les athl\u00e8tes \u00e0 Montr\u00e9al pour une autre semaine de camp avant de finaliser la s\u00e9lection.<\/p>\n<h4><b><i>Comment les restrictions impos\u00e9es li\u00e9es \u00e0 la Covid-19 ont-elles affect\u00e9 la capacit\u00e9 des athl\u00e8tes \u00e0 s\u2019entrainer avant les camps de s\u00e9lection<\/i><\/b><strong><em>? <\/em><\/strong><\/h4>\n<p>Le Canada avait certaines des restrictions COVID-19 les plus s\u00e9v\u00e8res au monde. Il y a plusieurs choses que l\u2019on peut faire avec l\u2019entrainement \u00e0 sec. Nous pouvons entretenir notre cardio, notre force et notre souplesse, mais ce n\u2019est pas la m\u00eame chose que d\u2019\u00eatre dans la piscine. Et puis, quand nous pouvons retourner dans la piscine, il est impossible de faire des choses comme des pouss\u00e9es acrobatiques quand on ne peut pas s\u2019 approcher \u00e0 moins de deux m\u00e8tres les uns des autres. Nous sommes en retard en raison de ces restrictions, mais nous avons un plan d\u2019entrainement tr\u00e8s coh\u00e9rent pour arriver l\u00e0 o\u00f9 nous voulons \u00eatre.<\/p>\n<h4><b><i>Sur quoi allez-vous vous concentrer en premier<\/i><\/b><strong><em>?<\/em><\/strong><\/h4>\n<p>Lors de la pr\u00e9paration pour Tokyo, nous avions d\u00e9j\u00e0 choisi une direction technique diff\u00e9rente de celle des autres pays. Nous avons d\u00e9cid\u00e9 de d\u00e9velopper notre athl\u00e9tisme et d\u2019essayer de d\u00e9passer nos adversaires par nos comp\u00e9tences physiques. Je pense que cela a \u00e9t\u00e9 tr\u00e8s visible aux Jeux olympiques que nous \u00e9tions l\u2019\u00e9quipe la plus pr\u00e9par\u00e9e physiquement. Et avec l&rsquo;Ukraine, nous avions les pouss\u00e9es acrobatiques les plus difficiles et les plus \u00e9lev\u00e9es. Il faut une force et une coordination incroyables pour les r\u00e9aliser. Donc, la premi\u00e8re chose que nous allons faire maintenant est de renforcer notre endurance physique pour arriver au m\u00eame endroit avec la nouvelle \u00e9quipe.<\/p>\n<p>Il y a plusieurs autres priorit\u00e9s pour notre \u00e9quipe, dans l&rsquo;eau et hors de l&rsquo;eau.\u00a0 Nous devrions nous rencontrer \u00e0 nouveau, ou vous devriez parler avec mes coll\u00e8gues pour en savoir plus sur ces plans \u00e9galement.\u00a0 Il y a beaucoup de travail important en cours au sein de NAC concernant l&rsquo;int\u00e9gration des athl\u00e8tes, l&rsquo;environnement d&rsquo;entrainement et la culture d&rsquo;\u00e9quipe.<\/p>\n<h4><b><i>Pourquoi est-il si important de renforcer les capacit\u00e9s physiques<\/i><\/b><strong><em>?<\/em><\/strong><\/h4>\n<p>Je pense que c\u2019est l\u2019avenir de ce sport et que c\u2019est ce qui ouvre l\u2019environnement de la comp\u00e9tition. On a besoin d\u2019une puissance explosive pour cr\u00e9er des pouss\u00e9es dynamiques. On acquiert cette capacit\u00e9 en s\u2019entrainant \u00e0 sec. C\u2019est comme s\u2019entrainer \u00e0 l\u2019halt\u00e9rophilie, o\u00f9 l\u2019arrach\u00e9 est un mouvement avec une puissance explosive. Du point de vue biom\u00e9canique, c\u2019est presque le m\u00eame mouvement, c\u2019est pourquoi nous travaillons presque 40 % de notre temps en salle.<\/p>\n<h4><b><i>Avez-vous chang\u00e9 vos routines pour cette ann\u00e9e<\/i><\/b><strong><em>?<\/em><\/strong><\/h4>\n<p>Nous avons gard\u00e9 les deux routines de l\u2019\u00e9quipe olympique pour comp\u00e9titionner cette ann\u00e9e. \u00a0Nous avons commenc\u00e9 \u00e0 travailler en janvier, il aurait donc \u00e9t\u00e9 inutile d\u2019essayer de construire rapidement deux nouvelles routines pour un Championnat du monde, surtout lorsque nous n\u2019\u00e9tions pas certains de ce qui se passait. Et en tant que routines olympiques, elles sont tr\u00e8s difficiles. De plus, avec le nouveau syst\u00e8me de jugement, il n\u2019\u00e9tait pas logique de cr\u00e9er de nouvelles routines avant de savoir quels changements de r\u00e8gles seront mis en place et quand.<\/p>\n<h4><b><i>Que verront les gens lors de votre premi\u00e8re comp\u00e9tition<\/i><\/b><strong><em>?<\/em><\/strong><\/h4>\n<p>Avec seulement quatre semaines pour se pr\u00e9parer, nous avons gard\u00e9 les choses simples. C\u2019est ce que j\u2019ai choisi, et cela a fonctionn\u00e9. Il n\u2019aurait pas \u00e9t\u00e9 responsable d\u2019essayer des pouss\u00e9es acrobatiques plus compliqu\u00e9es par exemple. Nous ajouterons des difficult\u00e9s au fur et \u00e0 mesure que nous aurons plus de temps pour nous entrainer ensemble. \u00c9videmment, nous allons nous am\u00e9liorer, et nous attendons des officiels qu\u2019ils remarquent que nous progressons continuellement d\u2019une comp\u00e9tition \u00e0 l\u2019autre et que ce que nous montrons avec un mois d\u2019entrainement n\u2019est pas l\u00e0 o\u00f9 nous en serons apr\u00e8s cinq mois. Pour moi, c\u2019est \u00e7a le sport. C\u2019est un processus et il faut \u00eatre courageux pour montrer chaque partie du processus.<\/p>\n<h4><b><i>Qu\u2019en est-il de la routine acrobatique<\/i><\/b><strong><em>?<\/em><\/strong><\/h4>\n<p>Nous avons une nouvelle routine pour les \u00e9preuves de la FINA, chor\u00e9graphi\u00e9e par Denise Sauv\u00e9. Nous avons pris le meilleur de notre routine acrobatique des olympiques et cr\u00e9\u00e9 une routine comp\u00e9titive. Nous travaillons avec un entraineur acrobatique expert, <strong>Luc Belhumeur<\/strong>, qui vient du ski acrobatique. L\u2019un de nos objectifs \u00e0 long terme est de d\u00e9velopper davantage de voltigeuses dot\u00e9es de comp\u00e9tences acrobatiques. C\u2019est un autre domaine dans lequel l\u2019Ukraine et le Canada rel\u00e8vent le niveau de difficult\u00e9 de ce sport.<\/p>\n<h4><b><i>Comment l\u2019\u00e9quipe olympique de 2020 est-elle rest\u00e9e en contact avec le centre d\u2019entra\u00eenement<\/i><\/b><strong><em>?<\/em><\/strong><\/h4>\n<p>Je pense que c\u2019est la premi\u00e8re fois qu\u2019autant d\u2019olympiennes restent impliqu\u00e9es apr\u00e8s les Jeux. Sur les neuf athl\u00e8tes olympiques, sept participent encore d\u2019une mani\u00e8re ou d\u2019une autre. Trois d\u2019entre elles participent encore \u00e0 des comp\u00e9titions avec l\u2019\u00e9quipe, tandis que d\u2019autres apportent leur aide en tant qu\u2019entraineures, mentors ou viennent nager. Cela a \u00e9t\u00e9 tr\u00e8s b\u00e9n\u00e9fique pour les autres athl\u00e8tes qui participent au programme de haute performance.<\/p>\n<h4><b><i>Quel est votre r\u00f4le en tant qu\u2019entraineur-chef<\/i><\/b><strong><em>?<\/em><\/strong><\/h4>\n<p>Mon travail consiste \u00e0 cr\u00e9er le plan &#8211; et pour l\u2019instant, j\u2019ai travaill\u00e9 \u00e0 rebours \u00e0 partir des Jeux panam\u00e9ricains de 2023 au Chili (qui sont traditionnellement l\u2019\u00e9v\u00e9nement de qualification). C\u2019est notre premier objectif d\u2019\u00e9tape. Je dois diriger l\u2019\u00e9quipe du personnel pour qu\u2019elle remplisse ses fonctions, afin de maintenir le calme dans tout l\u2019environnement et de donner une progression tr\u00e8s logique au projet, en le construisant brique par brique, et de tenir tout le monde au courant du temps et du travail n\u00e9cessaires. Je m\u2019assure \u00e9galement que nous respectons les r\u00e8gles \u00e9crites du sport, et que nous ne tombons pas dans la tentation de plaire \u00e0 une certaine esth\u00e9tique qui est impossible \u00e0 atteindre. C\u2019est l\u2019approche que nous adoptons en vue de Paris, et je pense \u00e9galement que le nouveau syst\u00e8me d\u2019\u00e9valuation de jugement (qui devrait \u00eatre mis en place d\u2019ici 2024) y contribuera.<\/p>\n<p><strong>Notes<\/strong><\/p>\n<p>L\u2019\u00e9quipe canadienne se rendra \u00e0 Paris en avril pour la prochaine \u00e9preuve de la S\u00e9rie mondiale de natation artistique de la FINA, puis \u00e0 la Super finale de la s\u00e9rie mondiale de natation artistique de la FINA pr\u00e9vue en Gr\u00e8ce du 20 au 22 mai, suivie des \u00e9preuves de natation artistique aux Championnats du monde de la FINA \u00e0 Budapest du 18 au 25 juin.<\/p>\n<p>Malgr\u00e9 l&rsquo;incertitude persistante, l&rsquo;organisation s&rsquo;engage \u00e0 fournir un environnement d&rsquo;entrainement stable, positif et cibl\u00e9, capable de surmonter les d\u00e9fis qui se pr\u00e9sentent \u00e0 l&rsquo;\u00e9quipe. Ce plan \u00e0 long terme a \u00e9t\u00e9 mis en place et ce sera excitant de le voir se d\u00e9voiler, comme le dit l\u2019entraineur Szauder, brique par brique.<\/p>\n<p>&nbsp;<\/p>\n<p>&nbsp;<\/p>\n<p>&nbsp;<\/p>\n<p>&nbsp;<\/p>\n","protected":false},"excerpt":{"rendered":"<p>Il existe une p\u00e9riode de transition naturelle lorsque les athl\u00e8tes d\u2019un sport de haut niveau terminent leur participation \u00e0 des Jeux olympiques. Pour les athl\u00e8tes qui ont repr\u00e9sent\u00e9 le Canada en natation artistique aux Jeux de Tokyo, il s\u2019agissait de l\u2019aboutissement <a href=\"https:\/\/artisticswimming.ca\/fr\/canadas-national-team-plan-in-motion-for-2024\/\"> [&#8230;]<\/a><\/p>\n","protected":false},"author":2,"featured_media":13245,"comment_status":"open","ping_status":"open","sticky":false,"template":"","format":"image","meta":{"_acf_changed":false,"footnotes":""},"categories":[79,73],"tags":[],"class_list":["post-13255","post","type-post","status-publish","format-image","has-post-thumbnail","hentry","category-equipe-nationale-senior","category-nouvelles","post_format-post-format-image"],"acf":[],"yoast_head":"<!-- This site is optimized with the Yoast SEO plugin v27.2 - https:\/\/yoast.com\/product\/yoast-seo-wordpress\/ -->\n<title>Plan de l\u2019\u00e9quipe nationale du Canada en route vers 2024 - Natation Artistique Canada<\/title>\n<meta name=\"robots\" content=\"index, follow, max-snippet:-1, max-image-preview:large, max-video-preview:-1\" \/>\n<link rel=\"canonical\" href=\"https:\/\/artisticswimming.ca\/fr\/canadas-national-team-plan-in-motion-for-2024\/\" \/>\n<meta property=\"og:locale\" content=\"fr_FR\" \/>\n<meta property=\"og:type\" content=\"article\" \/>\n<meta property=\"og:title\" content=\"Plan de l\u2019\u00e9quipe nationale du Canada en route vers 2024 - Natation Artistique Canada\" \/>\n<meta property=\"og:description\" content=\"Il existe une p\u00e9riode de transition naturelle lorsque les athl\u00e8tes d\u2019un sport de haut niveau terminent leur participation \u00e0 des Jeux olympiques. Pour les athl\u00e8tes qui ont repr\u00e9sent\u00e9 le Canada en natation artistique aux Jeux de Tokyo, il s\u2019agissait de l\u2019aboutissement [...]\" \/>\n<meta property=\"og:url\" content=\"https:\/\/artisticswimming.ca\/fr\/canadas-national-team-plan-in-motion-for-2024\/\" \/>\n<meta property=\"og:site_name\" content=\"Natation Artistique Canada\" \/>\n<meta property=\"article:published_time\" content=\"2022-03-17T14:55:00+00:00\" \/>\n<meta property=\"article:modified_time\" content=\"2022-03-17T16:01:51+00:00\" \/>\n<meta property=\"og:image\" content=\"http:\/\/artisticswimming.ca\/wp-content\/uploads\/2022\/03\/2022-Senior-Team-Headed-for-2024.png\" \/>\n\t<meta property=\"og:image:width\" content=\"1500\" \/>\n\t<meta property=\"og:image:height\" content=\"741\" \/>\n\t<meta property=\"og:image:type\" content=\"image\/png\" \/>\n<meta name=\"author\" content=\"synchro\" \/>\n<meta name=\"twitter:card\" content=\"summary_large_image\" \/>\n<meta name=\"twitter:label1\" content=\"\u00c9crit par\" \/>\n\t<meta name=\"twitter:data1\" content=\"synchro\" \/>\n\t<meta name=\"twitter:label2\" content=\"Dur\u00e9e de lecture estim\u00e9e\" \/>\n\t<meta name=\"twitter:data2\" content=\"8 minutes\" \/>\n<script type=\"application\/ld+json\" class=\"yoast-schema-graph\">{\"@context\":\"https:\/\/schema.org\",\"@graph\":[{\"@type\":\"Article\",\"@id\":\"https:\/\/artisticswimming.ca\/fr\/canadas-national-team-plan-in-motion-for-2024\/#article\",\"isPartOf\":{\"@id\":\"https:\/\/artisticswimming.ca\/fr\/canadas-national-team-plan-in-motion-for-2024\/\"},\"author\":{\"name\":\"synchro\",\"@id\":\"https:\/\/artisticswimming.ca\/fr\/#\/schema\/person\/7d2ab10f01ba748d0dac4f1fbc7df175\"},\"headline\":\"Plan de l\u2019\u00e9quipe nationale du Canada en route vers 2024\",\"datePublished\":\"2022-03-17T14:55:00+00:00\",\"dateModified\":\"2022-03-17T16:01:51+00:00\",\"mainEntityOfPage\":{\"@id\":\"https:\/\/artisticswimming.ca\/fr\/canadas-national-team-plan-in-motion-for-2024\/\"},\"wordCount\":1880,\"commentCount\":0,\"image\":{\"@id\":\"https:\/\/artisticswimming.ca\/fr\/canadas-national-team-plan-in-motion-for-2024\/#primaryimage\"},\"thumbnailUrl\":\"https:\/\/artisticswimming.ca\/wp-content\/uploads\/2022\/03\/2022-Senior-Team-Headed-for-2024.png\",\"articleSection\":[\"\u00c9quipe nationale senior\",\"Nouvelles\"],\"inLanguage\":\"fr-FR\",\"potentialAction\":[{\"@type\":\"CommentAction\",\"name\":\"Comment\",\"target\":[\"https:\/\/artisticswimming.ca\/fr\/canadas-national-team-plan-in-motion-for-2024\/#respond\"]}]},{\"@type\":\"WebPage\",\"@id\":\"https:\/\/artisticswimming.ca\/fr\/canadas-national-team-plan-in-motion-for-2024\/\",\"url\":\"https:\/\/artisticswimming.ca\/fr\/canadas-national-team-plan-in-motion-for-2024\/\",\"name\":\"Plan de l\u2019\u00e9quipe nationale du Canada en route vers 2024 - Natation Artistique Canada\",\"isPartOf\":{\"@id\":\"https:\/\/artisticswimming.ca\/fr\/#website\"},\"primaryImageOfPage\":{\"@id\":\"https:\/\/artisticswimming.ca\/fr\/canadas-national-team-plan-in-motion-for-2024\/#primaryimage\"},\"image\":{\"@id\":\"https:\/\/artisticswimming.ca\/fr\/canadas-national-team-plan-in-motion-for-2024\/#primaryimage\"},\"thumbnailUrl\":\"https:\/\/artisticswimming.ca\/wp-content\/uploads\/2022\/03\/2022-Senior-Team-Headed-for-2024.png\",\"datePublished\":\"2022-03-17T14:55:00+00:00\",\"dateModified\":\"2022-03-17T16:01:51+00:00\",\"author\":{\"@id\":\"https:\/\/artisticswimming.ca\/fr\/#\/schema\/person\/7d2ab10f01ba748d0dac4f1fbc7df175\"},\"breadcrumb\":{\"@id\":\"https:\/\/artisticswimming.ca\/fr\/canadas-national-team-plan-in-motion-for-2024\/#breadcrumb\"},\"inLanguage\":\"fr-FR\",\"potentialAction\":[{\"@type\":\"ReadAction\",\"target\":[\"https:\/\/artisticswimming.ca\/fr\/canadas-national-team-plan-in-motion-for-2024\/\"]}]},{\"@type\":\"ImageObject\",\"inLanguage\":\"fr-FR\",\"@id\":\"https:\/\/artisticswimming.ca\/fr\/canadas-national-team-plan-in-motion-for-2024\/#primaryimage\",\"url\":\"https:\/\/artisticswimming.ca\/wp-content\/uploads\/2022\/03\/2022-Senior-Team-Headed-for-2024.png\",\"contentUrl\":\"https:\/\/artisticswimming.ca\/wp-content\/uploads\/2022\/03\/2022-Senior-Team-Headed-for-2024.png\",\"width\":1500,\"height\":741},{\"@type\":\"BreadcrumbList\",\"@id\":\"https:\/\/artisticswimming.ca\/fr\/canadas-national-team-plan-in-motion-for-2024\/#breadcrumb\",\"itemListElement\":[{\"@type\":\"ListItem\",\"position\":1,\"name\":\"Home\",\"item\":\"https:\/\/artisticswimming.ca\/fr\/\"},{\"@type\":\"ListItem\",\"position\":2,\"name\":\"Plan de l\u2019\u00e9quipe nationale du Canada en route vers 2024\"}]},{\"@type\":\"WebSite\",\"@id\":\"https:\/\/artisticswimming.ca\/fr\/#website\",\"url\":\"https:\/\/artisticswimming.ca\/fr\/\",\"name\":\"Natation Artistique Canada\",\"description\":\"\",\"potentialAction\":[{\"@type\":\"SearchAction\",\"target\":{\"@type\":\"EntryPoint\",\"urlTemplate\":\"https:\/\/artisticswimming.ca\/fr\/?s={search_term_string}\"},\"query-input\":{\"@type\":\"PropertyValueSpecification\",\"valueRequired\":true,\"valueName\":\"search_term_string\"}}],\"inLanguage\":\"fr-FR\"},{\"@type\":\"Person\",\"@id\":\"https:\/\/artisticswimming.ca\/fr\/#\/schema\/person\/7d2ab10f01ba748d0dac4f1fbc7df175\",\"name\":\"synchro\",\"image\":{\"@type\":\"ImageObject\",\"inLanguage\":\"fr-FR\",\"@id\":\"https:\/\/secure.gravatar.com\/avatar\/4f24abe719ecc22eef668a9e15d4025dca4fa935812f917fcc233935f5e1db5e?s=96&d=mm&r=g\",\"url\":\"https:\/\/secure.gravatar.com\/avatar\/4f24abe719ecc22eef668a9e15d4025dca4fa935812f917fcc233935f5e1db5e?s=96&d=mm&r=g\",\"contentUrl\":\"https:\/\/secure.gravatar.com\/avatar\/4f24abe719ecc22eef668a9e15d4025dca4fa935812f917fcc233935f5e1db5e?s=96&d=mm&r=g\",\"caption\":\"synchro\"},\"sameAs\":[\"http:\/\/synchro.wpengine.com\"],\"url\":\"https:\/\/artisticswimming.ca\/fr\/author\/synchro\/\"}]}<\/script>\n<!-- \/ Yoast SEO plugin. -->","yoast_head_json":{"title":"Plan de l\u2019\u00e9quipe nationale du Canada en route vers 2024 - Natation Artistique Canada","robots":{"index":"index","follow":"follow","max-snippet":"max-snippet:-1","max-image-preview":"max-image-preview:large","max-video-preview":"max-video-preview:-1"},"canonical":"https:\/\/artisticswimming.ca\/fr\/canadas-national-team-plan-in-motion-for-2024\/","og_locale":"fr_FR","og_type":"article","og_title":"Plan de l\u2019\u00e9quipe nationale du Canada en route vers 2024 - Natation Artistique Canada","og_description":"Il existe une p\u00e9riode de transition naturelle lorsque les athl\u00e8tes d\u2019un sport de haut niveau terminent leur participation \u00e0 des Jeux olympiques. Pour les athl\u00e8tes qui ont repr\u00e9sent\u00e9 le Canada en natation artistique aux Jeux de Tokyo, il s\u2019agissait de l\u2019aboutissement [...]","og_url":"https:\/\/artisticswimming.ca\/fr\/canadas-national-team-plan-in-motion-for-2024\/","og_site_name":"Natation Artistique Canada","article_published_time":"2022-03-17T14:55:00+00:00","article_modified_time":"2022-03-17T16:01:51+00:00","og_image":[{"width":1500,"height":741,"url":"http:\/\/artisticswimming.ca\/wp-content\/uploads\/2022\/03\/2022-Senior-Team-Headed-for-2024.png","type":"image\/png"}],"author":"synchro","twitter_card":"summary_large_image","twitter_misc":{"\u00c9crit par":"synchro","Dur\u00e9e de lecture estim\u00e9e":"8 minutes"},"schema":{"@context":"https:\/\/schema.org","@graph":[{"@type":"Article","@id":"https:\/\/artisticswimming.ca\/fr\/canadas-national-team-plan-in-motion-for-2024\/#article","isPartOf":{"@id":"https:\/\/artisticswimming.ca\/fr\/canadas-national-team-plan-in-motion-for-2024\/"},"author":{"name":"synchro","@id":"https:\/\/artisticswimming.ca\/fr\/#\/schema\/person\/7d2ab10f01ba748d0dac4f1fbc7df175"},"headline":"Plan de l\u2019\u00e9quipe nationale du Canada en route vers 2024","datePublished":"2022-03-17T14:55:00+00:00","dateModified":"2022-03-17T16:01:51+00:00","mainEntityOfPage":{"@id":"https:\/\/artisticswimming.ca\/fr\/canadas-national-team-plan-in-motion-for-2024\/"},"wordCount":1880,"commentCount":0,"image":{"@id":"https:\/\/artisticswimming.ca\/fr\/canadas-national-team-plan-in-motion-for-2024\/#primaryimage"},"thumbnailUrl":"https:\/\/artisticswimming.ca\/wp-content\/uploads\/2022\/03\/2022-Senior-Team-Headed-for-2024.png","articleSection":["\u00c9quipe nationale senior","Nouvelles"],"inLanguage":"fr-FR","potentialAction":[{"@type":"CommentAction","name":"Comment","target":["https:\/\/artisticswimming.ca\/fr\/canadas-national-team-plan-in-motion-for-2024\/#respond"]}]},{"@type":"WebPage","@id":"https:\/\/artisticswimming.ca\/fr\/canadas-national-team-plan-in-motion-for-2024\/","url":"https:\/\/artisticswimming.ca\/fr\/canadas-national-team-plan-in-motion-for-2024\/","name":"Plan de l\u2019\u00e9quipe nationale du Canada en route vers 2024 - Natation Artistique Canada","isPartOf":{"@id":"https:\/\/artisticswimming.ca\/fr\/#website"},"primaryImageOfPage":{"@id":"https:\/\/artisticswimming.ca\/fr\/canadas-national-team-plan-in-motion-for-2024\/#primaryimage"},"image":{"@id":"https:\/\/artisticswimming.ca\/fr\/canadas-national-team-plan-in-motion-for-2024\/#primaryimage"},"thumbnailUrl":"https:\/\/artisticswimming.ca\/wp-content\/uploads\/2022\/03\/2022-Senior-Team-Headed-for-2024.png","datePublished":"2022-03-17T14:55:00+00:00","dateModified":"2022-03-17T16:01:51+00:00","author":{"@id":"https:\/\/artisticswimming.ca\/fr\/#\/schema\/person\/7d2ab10f01ba748d0dac4f1fbc7df175"},"breadcrumb":{"@id":"https:\/\/artisticswimming.ca\/fr\/canadas-national-team-plan-in-motion-for-2024\/#breadcrumb"},"inLanguage":"fr-FR","potentialAction":[{"@type":"ReadAction","target":["https:\/\/artisticswimming.ca\/fr\/canadas-national-team-plan-in-motion-for-2024\/"]}]},{"@type":"ImageObject","inLanguage":"fr-FR","@id":"https:\/\/artisticswimming.ca\/fr\/canadas-national-team-plan-in-motion-for-2024\/#primaryimage","url":"https:\/\/artisticswimming.ca\/wp-content\/uploads\/2022\/03\/2022-Senior-Team-Headed-for-2024.png","contentUrl":"https:\/\/artisticswimming.ca\/wp-content\/uploads\/2022\/03\/2022-Senior-Team-Headed-for-2024.png","width":1500,"height":741},{"@type":"BreadcrumbList","@id":"https:\/\/artisticswimming.ca\/fr\/canadas-national-team-plan-in-motion-for-2024\/#breadcrumb","itemListElement":[{"@type":"ListItem","position":1,"name":"Home","item":"https:\/\/artisticswimming.ca\/fr\/"},{"@type":"ListItem","position":2,"name":"Plan de l\u2019\u00e9quipe nationale du Canada en route vers 2024"}]},{"@type":"WebSite","@id":"https:\/\/artisticswimming.ca\/fr\/#website","url":"https:\/\/artisticswimming.ca\/fr\/","name":"Natation Artistique Canada","description":"","potentialAction":[{"@type":"SearchAction","target":{"@type":"EntryPoint","urlTemplate":"https:\/\/artisticswimming.ca\/fr\/?s={search_term_string}"},"query-input":{"@type":"PropertyValueSpecification","valueRequired":true,"valueName":"search_term_string"}}],"inLanguage":"fr-FR"},{"@type":"Person","@id":"https:\/\/artisticswimming.ca\/fr\/#\/schema\/person\/7d2ab10f01ba748d0dac4f1fbc7df175","name":"synchro","image":{"@type":"ImageObject","inLanguage":"fr-FR","@id":"https:\/\/secure.gravatar.com\/avatar\/4f24abe719ecc22eef668a9e15d4025dca4fa935812f917fcc233935f5e1db5e?s=96&d=mm&r=g","url":"https:\/\/secure.gravatar.com\/avatar\/4f24abe719ecc22eef668a9e15d4025dca4fa935812f917fcc233935f5e1db5e?s=96&d=mm&r=g","contentUrl":"https:\/\/secure.gravatar.com\/avatar\/4f24abe719ecc22eef668a9e15d4025dca4fa935812f917fcc233935f5e1db5e?s=96&d=mm&r=g","caption":"synchro"},"sameAs":["http:\/\/synchro.wpengine.com"],"url":"https:\/\/artisticswimming.ca\/fr\/author\/synchro\/"}]}},"_links":{"self":[{"href":"https:\/\/artisticswimming.ca\/fr\/wp-json\/wp\/v2\/posts\/13255","targetHints":{"allow":["GET"]}}],"collection":[{"href":"https:\/\/artisticswimming.ca\/fr\/wp-json\/wp\/v2\/posts"}],"about":[{"href":"https:\/\/artisticswimming.ca\/fr\/wp-json\/wp\/v2\/types\/post"}],"author":[{"embeddable":true,"href":"https:\/\/artisticswimming.ca\/fr\/wp-json\/wp\/v2\/users\/2"}],"replies":[{"embeddable":true,"href":"https:\/\/artisticswimming.ca\/fr\/wp-json\/wp\/v2\/comments?post=13255"}],"version-history":[{"count":0,"href":"https:\/\/artisticswimming.ca\/fr\/wp-json\/wp\/v2\/posts\/13255\/revisions"}],"wp:featuredmedia":[{"embeddable":true,"href":"https:\/\/artisticswimming.ca\/fr\/wp-json\/wp\/v2\/media\/13245"}],"wp:attachment":[{"href":"https:\/\/artisticswimming.ca\/fr\/wp-json\/wp\/v2\/media?parent=13255"}],"wp:term":[{"taxonomy":"category","embeddable":true,"href":"https:\/\/artisticswimming.ca\/fr\/wp-json\/wp\/v2\/categories?post=13255"},{"taxonomy":"post_tag","embeddable":true,"href":"https:\/\/artisticswimming.ca\/fr\/wp-json\/wp\/v2\/tags?post=13255"}],"curies":[{"name":"wp","href":"https:\/\/api.w.org\/{rel}","templated":true}]}}