{"id":14539,"date":"2022-10-27T10:58:55","date_gmt":"2022-10-27T14:58:55","guid":{"rendered":"https:\/\/artisticswimming.ca\/?p=14539"},"modified":"2022-10-27T10:58:55","modified_gmt":"2022-10-27T14:58:55","slug":"nac-devoile-lequipe-nationale-senior-et-le-bassin-dathletes-de-lequipe-nationale-2022-2023","status":"publish","type":"post","link":"https:\/\/artisticswimming.ca\/fr\/nac-devoile-lequipe-nationale-senior-et-le-bassin-dathletes-de-lequipe-nationale-2022-2023\/","title":{"rendered":"NAC d\u00e9voile l&rsquo;\u00e9quipe nationale senior et le bassin d\u2019athl\u00e8tes de l&rsquo;\u00e9quipe nationale 2022-2023"},"content":{"rendered":"<p>Natation Artistique Canada (NAC) est fi\u00e8re d&rsquo;annoncer les athl\u00e8tes qui formeront l&rsquo;\u00e9quipe nationale senior et le bassin d\u2019athl\u00e8tes de l&rsquo;\u00e9quipe nationale 2022-2023.<\/p>\n<p>Un total de 17 talentueuses athl\u00e8tes ont \u00e9t\u00e9 invit\u00e9es \u00e0 joindre le groupe qui s&rsquo;entrainera \u00e0 l&rsquo;Institut national du sport (INS) de Montr\u00e9al afin de poursuivre sa pr\u00e9paration en vue de la prochaine saison de comp\u00e9tition.<\/p>\n<p>Le processus de s\u00e9lection de l&rsquo;\u00e9quipe s\u2019est termin\u00e9 la semaine derni\u00e8re \u00e0 Montr\u00e9al avec sa derni\u00e8re \u00e9tape &#8211; un camp de s\u00e9lection d&rsquo;une semaine auquel ont particip\u00e9 24 athl\u00e8tes provenant de partout au pays.<\/p>\n<p>Les athl\u00e8tes s\u00e9lectionn\u00e9es repr\u00e9senteront le Canada \u00e0 des d\u00e9monstrations ainsi qu\u2019\u00e0 des comp\u00e9titions nationales et internationales pour la saison 2022-2023. Elles sont par ailleurs toutes en lice pour une place dans l&rsquo;\u00e9quipe qui repr\u00e9sentera le Canada aux prochains Jeux panam\u00e9ricains, qui auront lieu \u00e0 Santiago, au Chili, en novembre 2023.<\/p>\n<blockquote><p>\u00ab Merci aux athl\u00e8tes, aux entraineur.e.s et aux clubs qui ont particip\u00e9 au processus de s\u00e9lection \u00ab\u00a0, a mentionn\u00e9 <strong>Kerri Morgan<\/strong>, Directrice des sports \u00e0 NAC. \u00ab Votre d\u00e9vouement envers notre sport et votre engagement envers l&rsquo;excellence est une source d&rsquo;inspiration ! \u00bb<\/p><\/blockquote>\n<p><strong>Les 12 membres de l&rsquo;\u00c9quipe nationale senior sont :\u00a0<\/strong><\/p>\n<table class=\"table-3\" style=\"width: 100%;\" width=\"100%\">\n<thead>\n<tr>\n<th style=\"width: 20%;\" align=\"left\">Nom<\/th>\n<th style=\"width: 20%;\" align=\"left\">Ville de provenance<\/th>\n<th style=\"width: 60%;\" align=\"left\">Clubs<\/th>\n<\/tr>\n<\/thead>\n<tbody>\n<tr>\n<td class=\"left-column\">Boissonneault, Rosalie<\/td>\n<td>Drummondville, QC<\/td>\n<td>Nixines de Drummondville \/ Qu\u00e9bec Excellence Synchro \/ Montr\u00e9al Synchro<\/td>\n<\/tr>\n<tr>\n<td class=\"left-column\">Carroll, Sydney<\/td>\n<td>Saskatoon, SK<\/td>\n<td>Saskatoon Aqualenes<\/td>\n<\/tr>\n<tr>\n<td class=\"left-column\">Finn, Scarlett<\/td>\n<td>Toronto, ON<\/td>\n<td>Granite Synchro \/ Regional Training Centre Ontario \/ Calgary Aquabelles \/ Dollard Artistic Swimming<\/td>\n<\/tr>\n<tr>\n<td class=\"left-column\">Imbeau, Laurianne<\/td>\n<td>Qu\u00e9bec, QC<\/td>\n<td>Synchro \u00c9lite \/ Synchro les Dauphines \/ Qu\u00e9bec Excellence Synchro<\/td>\n<\/tr>\n<tr>\n<td class=\"left-column\">Lamothe, Audrey<\/td>\n<td>Montr\u00e9al, QC<\/td>\n<td>Montr\u00e9al Synchro<\/td>\n<\/tr>\n<tr>\n<td class=\"left-column\">Plante, Raphaelle<\/td>\n<td>Qu\u00e9bec, QC<\/td>\n<td>Nevada Desert Mermaids \/ Qu\u00e9bec Excellence Synchro<\/td>\n<\/tr>\n<tr>\n<td class=\"left-column\">Priddell, Kenzie<\/td>\n<td>Regina, SK<\/td>\n<td>Regina Synchro \/ Dollard Artistic Swimming \/ Montreal Synchro<\/td>\n<\/tr>\n<tr>\n<td class=\"left-column\">Quieti, Kiara<\/td>\n<td>St-Leonard, QC<\/td>\n<td>Montr\u00e9al Synchro<\/td>\n<\/tr>\n<tr>\n<td class=\"left-column\">R\u00e9hel, Alicia<\/td>\n<td>Mirabel, QC<\/td>\n<td>Neptune Synchro \/ Montr\u00e9al Synchro<\/td>\n<\/tr>\n<tr>\n<td class=\"left-column\">Scheffel, Claire<\/td>\n<td>Brantford, ON<\/td>\n<td>Brant Artistic Swimming \/ Waterloo Region Artistic Swimming<\/td>\n<\/tr>\n<tr>\n<td class=\"left-column\">Sweet, Kiana<\/td>\n<td>Calgary, AB<\/td>\n<td>Killarney Synchro \/ Calgary Aquabelles \/ Montr\u00e9al Synchro<\/td>\n<\/tr>\n<tr>\n<td class=\"left-column\">Turcotte, Maude<\/td>\n<td>Laval, QC<\/td>\n<td>Synchro Laval \/ Performance Synchro<\/td>\n<\/tr>\n<\/tbody>\n<\/table>\n<p><strong>Les 5 membres du bassin d&rsquo;athl\u00e8tes de l&rsquo;\u00c9quipe nationale senior sont :<\/strong><\/p>\n<table class=\"table-3\" style=\"width: 100%;\">\n<thead>\n<tr>\n<th style=\"width: 20%;\" align=\"left\">Nom<\/th>\n<th style=\"width: 20%;\" align=\"left\">Ville de provenance<\/th>\n<th style=\"width: 60%;\" align=\"left\">Clubs<\/th>\n<\/tr>\n<\/thead>\n<tbody>\n<tr>\n<td class=\"left-column\">Corbeil, L\u00e9onie<\/td>\n<td>Mirabel, QC<\/td>\n<td>Neptune Synchro \/ Montr\u00e9al Synchro<\/td>\n<\/tr>\n<tr>\n<td class=\"left-column\">Fortin, Mya<\/td>\n<td>Gatineau, QC<\/td>\n<td>Gatineau Synchro \/ Dollard Synchro \/ Montr\u00e9al Synchro<\/td>\n<\/tr>\n<tr>\n<td class=\"left-column\">Newman, Jonnie<\/td>\n<td>Calgary, AB<\/td>\n<td>\n<div><span lang=\"EN-US\">Calgary Elite Synchro \/ Calgary Killarney Artistic Swimming<\/span><\/div>\n<\/td>\n<\/tr>\n<tr>\n<td class=\"left-column\">Tremblay, Florence<\/td>\n<td>Rimouski, QC<\/td>\n<td>Vivelo de Rimouski \/ Qu\u00e9bec Excellence Synchro<\/td>\n<\/tr>\n<tr>\n<td class=\"left-column\">Verbinska, Olena<\/td>\n<td>Aurora, ON<\/td>\n<td>\n<div><span lang=\"EN-US\">Olympium Artistic Swimming \/ York Artistic Swimming \/ Chaco\/Remix Artistic Swimming<\/span><\/div>\n<\/td>\n<\/tr>\n<\/tbody>\n<\/table>\n","protected":false},"excerpt":{"rendered":"<p>Natation Artistique Canada (NAC) est fi\u00e8re d&rsquo;annoncer les athl\u00e8tes qui formeront l&rsquo;\u00e9quipe nationale senior et le bassin d\u2019athl\u00e8tes de l&rsquo;\u00e9quipe nationale 2022-2023. Un total de 17 talentueuses athl\u00e8tes ont \u00e9t\u00e9 invit\u00e9es \u00e0 joindre le groupe qui s&rsquo;entrainera \u00e0 l&rsquo;Institut national du <a href=\"https:\/\/artisticswimming.ca\/fr\/nac-devoile-lequipe-nationale-senior-et-le-bassin-dathletes-de-lequipe-nationale-2022-2023\/\"> [&#8230;]<\/a><\/p>\n","protected":false},"author":2,"featured_media":12647,"comment_status":"open","ping_status":"open","sticky":false,"template":"","format":"standard","meta":{"_acf_changed":false,"footnotes":""},"categories":[394,79,73,80,1],"tags":[],"class_list":["post-14539","post","type-post","status-publish","format-standard","has-post-thumbnail","hentry","category-covid-19","category-equipe-nationale-senior","category-nouvelles","category-page-daccueil","category-uncategorized"],"acf":[],"yoast_head":"<!-- This site is optimized with the Yoast SEO plugin v27.2 - https:\/\/yoast.com\/product\/yoast-seo-wordpress\/ -->\n<title>NAC d\u00e9voile l&#039;\u00e9quipe nationale senior et le bassin d\u2019athl\u00e8tes de l&#039;\u00e9quipe nationale 2022-2023 - Natation Artistique Canada<\/title>\n<meta name=\"robots\" content=\"index, follow, max-snippet:-1, max-image-preview:large, max-video-preview:-1\" \/>\n<link rel=\"canonical\" href=\"https:\/\/artisticswimming.ca\/fr\/nac-devoile-lequipe-nationale-senior-et-le-bassin-dathletes-de-lequipe-nationale-2022-2023\/\" \/>\n<meta property=\"og:locale\" content=\"fr_FR\" \/>\n<meta property=\"og:type\" content=\"article\" \/>\n<meta property=\"og:title\" content=\"NAC d\u00e9voile l&#039;\u00e9quipe nationale senior et le bassin d\u2019athl\u00e8tes de l&#039;\u00e9quipe nationale 2022-2023 - Natation Artistique Canada\" \/>\n<meta property=\"og:description\" content=\"Natation Artistique Canada (NAC) est fi\u00e8re d&rsquo;annoncer les athl\u00e8tes qui formeront l&rsquo;\u00e9quipe nationale senior et le bassin d\u2019athl\u00e8tes de l&rsquo;\u00e9quipe nationale 2022-2023. Un total de 17 talentueuses athl\u00e8tes ont \u00e9t\u00e9 invit\u00e9es \u00e0 joindre le groupe qui s&rsquo;entrainera \u00e0 l&rsquo;Institut national du [...]\" \/>\n<meta property=\"og:url\" content=\"https:\/\/artisticswimming.ca\/fr\/nac-devoile-lequipe-nationale-senior-et-le-bassin-dathletes-de-lequipe-nationale-2022-2023\/\" \/>\n<meta property=\"og:site_name\" content=\"Natation Artistique Canada\" \/>\n<meta property=\"article:published_time\" content=\"2022-10-27T14:58:55+00:00\" \/>\n<meta property=\"og:image\" content=\"http:\/\/artisticswimming.ca\/wp-content\/uploads\/2022\/01\/CAS-Generic-slider-artwork-Bright-Blue-with-icon.jpg\" \/>\n\t<meta property=\"og:image:width\" content=\"2400\" \/>\n\t<meta property=\"og:image:height\" content=\"1000\" \/>\n\t<meta property=\"og:image:type\" content=\"image\/jpeg\" \/>\n<meta name=\"author\" content=\"synchro\" \/>\n<meta name=\"twitter:card\" content=\"summary_large_image\" \/>\n<meta name=\"twitter:label1\" content=\"\u00c9crit par\" \/>\n\t<meta name=\"twitter:data1\" content=\"synchro\" \/>\n\t<meta name=\"twitter:label2\" content=\"Dur\u00e9e de lecture estim\u00e9e\" \/>\n\t<meta name=\"twitter:data2\" content=\"2 minutes\" \/>\n<script type=\"application\/ld+json\" class=\"yoast-schema-graph\">{\"@context\":\"https:\/\/schema.org\",\"@graph\":[{\"@type\":\"Article\",\"@id\":\"https:\/\/artisticswimming.ca\/fr\/nac-devoile-lequipe-nationale-senior-et-le-bassin-dathletes-de-lequipe-nationale-2022-2023\/#article\",\"isPartOf\":{\"@id\":\"https:\/\/artisticswimming.ca\/fr\/nac-devoile-lequipe-nationale-senior-et-le-bassin-dathletes-de-lequipe-nationale-2022-2023\/\"},\"author\":{\"name\":\"synchro\",\"@id\":\"https:\/\/artisticswimming.ca\/fr\/#\/schema\/person\/7d2ab10f01ba748d0dac4f1fbc7df175\"},\"headline\":\"NAC d\u00e9voile l&rsquo;\u00e9quipe nationale senior et le bassin d\u2019athl\u00e8tes de l&rsquo;\u00e9quipe nationale 2022-2023\",\"datePublished\":\"2022-10-27T14:58:55+00:00\",\"mainEntityOfPage\":{\"@id\":\"https:\/\/artisticswimming.ca\/fr\/nac-devoile-lequipe-nationale-senior-et-le-bassin-dathletes-de-lequipe-nationale-2022-2023\/\"},\"wordCount\":436,\"commentCount\":0,\"image\":{\"@id\":\"https:\/\/artisticswimming.ca\/fr\/nac-devoile-lequipe-nationale-senior-et-le-bassin-dathletes-de-lequipe-nationale-2022-2023\/#primaryimage\"},\"thumbnailUrl\":\"https:\/\/artisticswimming.ca\/wp-content\/uploads\/2022\/01\/CAS-Generic-slider-artwork-Bright-Blue-with-icon.jpg\",\"articleSection\":[\"COVID-19\",\"\u00c9quipe nationale senior\",\"Nouvelles\",\"Page d&#039;accueil\",\"Uncategorized\"],\"inLanguage\":\"fr-FR\",\"potentialAction\":[{\"@type\":\"CommentAction\",\"name\":\"Comment\",\"target\":[\"https:\/\/artisticswimming.ca\/fr\/nac-devoile-lequipe-nationale-senior-et-le-bassin-dathletes-de-lequipe-nationale-2022-2023\/#respond\"]}]},{\"@type\":\"WebPage\",\"@id\":\"https:\/\/artisticswimming.ca\/fr\/nac-devoile-lequipe-nationale-senior-et-le-bassin-dathletes-de-lequipe-nationale-2022-2023\/\",\"url\":\"https:\/\/artisticswimming.ca\/fr\/nac-devoile-lequipe-nationale-senior-et-le-bassin-dathletes-de-lequipe-nationale-2022-2023\/\",\"name\":\"NAC d\u00e9voile l'\u00e9quipe nationale senior et le bassin d\u2019athl\u00e8tes de l'\u00e9quipe nationale 2022-2023 - Natation Artistique Canada\",\"isPartOf\":{\"@id\":\"https:\/\/artisticswimming.ca\/fr\/#website\"},\"primaryImageOfPage\":{\"@id\":\"https:\/\/artisticswimming.ca\/fr\/nac-devoile-lequipe-nationale-senior-et-le-bassin-dathletes-de-lequipe-nationale-2022-2023\/#primaryimage\"},\"image\":{\"@id\":\"https:\/\/artisticswimming.ca\/fr\/nac-devoile-lequipe-nationale-senior-et-le-bassin-dathletes-de-lequipe-nationale-2022-2023\/#primaryimage\"},\"thumbnailUrl\":\"https:\/\/artisticswimming.ca\/wp-content\/uploads\/2022\/01\/CAS-Generic-slider-artwork-Bright-Blue-with-icon.jpg\",\"datePublished\":\"2022-10-27T14:58:55+00:00\",\"author\":{\"@id\":\"https:\/\/artisticswimming.ca\/fr\/#\/schema\/person\/7d2ab10f01ba748d0dac4f1fbc7df175\"},\"breadcrumb\":{\"@id\":\"https:\/\/artisticswimming.ca\/fr\/nac-devoile-lequipe-nationale-senior-et-le-bassin-dathletes-de-lequipe-nationale-2022-2023\/#breadcrumb\"},\"inLanguage\":\"fr-FR\",\"potentialAction\":[{\"@type\":\"ReadAction\",\"target\":[\"https:\/\/artisticswimming.ca\/fr\/nac-devoile-lequipe-nationale-senior-et-le-bassin-dathletes-de-lequipe-nationale-2022-2023\/\"]}]},{\"@type\":\"ImageObject\",\"inLanguage\":\"fr-FR\",\"@id\":\"https:\/\/artisticswimming.ca\/fr\/nac-devoile-lequipe-nationale-senior-et-le-bassin-dathletes-de-lequipe-nationale-2022-2023\/#primaryimage\",\"url\":\"https:\/\/artisticswimming.ca\/wp-content\/uploads\/2022\/01\/CAS-Generic-slider-artwork-Bright-Blue-with-icon.jpg\",\"contentUrl\":\"https:\/\/artisticswimming.ca\/wp-content\/uploads\/2022\/01\/CAS-Generic-slider-artwork-Bright-Blue-with-icon.jpg\",\"width\":2400,\"height\":1000},{\"@type\":\"BreadcrumbList\",\"@id\":\"https:\/\/artisticswimming.ca\/fr\/nac-devoile-lequipe-nationale-senior-et-le-bassin-dathletes-de-lequipe-nationale-2022-2023\/#breadcrumb\",\"itemListElement\":[{\"@type\":\"ListItem\",\"position\":1,\"name\":\"Home\",\"item\":\"https:\/\/artisticswimming.ca\/fr\/\"},{\"@type\":\"ListItem\",\"position\":2,\"name\":\"NAC d\u00e9voile l&#8217;\u00e9quipe nationale senior et le bassin d\u2019athl\u00e8tes de l&#8217;\u00e9quipe nationale 2022-2023\"}]},{\"@type\":\"WebSite\",\"@id\":\"https:\/\/artisticswimming.ca\/fr\/#website\",\"url\":\"https:\/\/artisticswimming.ca\/fr\/\",\"name\":\"Natation Artistique Canada\",\"description\":\"\",\"potentialAction\":[{\"@type\":\"SearchAction\",\"target\":{\"@type\":\"EntryPoint\",\"urlTemplate\":\"https:\/\/artisticswimming.ca\/fr\/?s={search_term_string}\"},\"query-input\":{\"@type\":\"PropertyValueSpecification\",\"valueRequired\":true,\"valueName\":\"search_term_string\"}}],\"inLanguage\":\"fr-FR\"},{\"@type\":\"Person\",\"@id\":\"https:\/\/artisticswimming.ca\/fr\/#\/schema\/person\/7d2ab10f01ba748d0dac4f1fbc7df175\",\"name\":\"synchro\",\"image\":{\"@type\":\"ImageObject\",\"inLanguage\":\"fr-FR\",\"@id\":\"https:\/\/secure.gravatar.com\/avatar\/4f24abe719ecc22eef668a9e15d4025dca4fa935812f917fcc233935f5e1db5e?s=96&d=mm&r=g\",\"url\":\"https:\/\/secure.gravatar.com\/avatar\/4f24abe719ecc22eef668a9e15d4025dca4fa935812f917fcc233935f5e1db5e?s=96&d=mm&r=g\",\"contentUrl\":\"https:\/\/secure.gravatar.com\/avatar\/4f24abe719ecc22eef668a9e15d4025dca4fa935812f917fcc233935f5e1db5e?s=96&d=mm&r=g\",\"caption\":\"synchro\"},\"sameAs\":[\"http:\/\/synchro.wpengine.com\"],\"url\":\"https:\/\/artisticswimming.ca\/fr\/author\/synchro\/\"}]}<\/script>\n<!-- \/ Yoast SEO plugin. -->","yoast_head_json":{"title":"NAC d\u00e9voile l'\u00e9quipe nationale senior et le bassin d\u2019athl\u00e8tes de l'\u00e9quipe nationale 2022-2023 - Natation Artistique Canada","robots":{"index":"index","follow":"follow","max-snippet":"max-snippet:-1","max-image-preview":"max-image-preview:large","max-video-preview":"max-video-preview:-1"},"canonical":"https:\/\/artisticswimming.ca\/fr\/nac-devoile-lequipe-nationale-senior-et-le-bassin-dathletes-de-lequipe-nationale-2022-2023\/","og_locale":"fr_FR","og_type":"article","og_title":"NAC d\u00e9voile l'\u00e9quipe nationale senior et le bassin d\u2019athl\u00e8tes de l'\u00e9quipe nationale 2022-2023 - Natation Artistique Canada","og_description":"Natation Artistique Canada (NAC) est fi\u00e8re d&rsquo;annoncer les athl\u00e8tes qui formeront l&rsquo;\u00e9quipe nationale senior et le bassin d\u2019athl\u00e8tes de l&rsquo;\u00e9quipe nationale 2022-2023. Un total de 17 talentueuses athl\u00e8tes ont \u00e9t\u00e9 invit\u00e9es \u00e0 joindre le groupe qui s&rsquo;entrainera \u00e0 l&rsquo;Institut national du [...]","og_url":"https:\/\/artisticswimming.ca\/fr\/nac-devoile-lequipe-nationale-senior-et-le-bassin-dathletes-de-lequipe-nationale-2022-2023\/","og_site_name":"Natation Artistique Canada","article_published_time":"2022-10-27T14:58:55+00:00","og_image":[{"width":2400,"height":1000,"url":"http:\/\/artisticswimming.ca\/wp-content\/uploads\/2022\/01\/CAS-Generic-slider-artwork-Bright-Blue-with-icon.jpg","type":"image\/jpeg"}],"author":"synchro","twitter_card":"summary_large_image","twitter_misc":{"\u00c9crit par":"synchro","Dur\u00e9e de lecture estim\u00e9e":"2 minutes"},"schema":{"@context":"https:\/\/schema.org","@graph":[{"@type":"Article","@id":"https:\/\/artisticswimming.ca\/fr\/nac-devoile-lequipe-nationale-senior-et-le-bassin-dathletes-de-lequipe-nationale-2022-2023\/#article","isPartOf":{"@id":"https:\/\/artisticswimming.ca\/fr\/nac-devoile-lequipe-nationale-senior-et-le-bassin-dathletes-de-lequipe-nationale-2022-2023\/"},"author":{"name":"synchro","@id":"https:\/\/artisticswimming.ca\/fr\/#\/schema\/person\/7d2ab10f01ba748d0dac4f1fbc7df175"},"headline":"NAC d\u00e9voile l&rsquo;\u00e9quipe nationale senior et le bassin d\u2019athl\u00e8tes de l&rsquo;\u00e9quipe nationale 2022-2023","datePublished":"2022-10-27T14:58:55+00:00","mainEntityOfPage":{"@id":"https:\/\/artisticswimming.ca\/fr\/nac-devoile-lequipe-nationale-senior-et-le-bassin-dathletes-de-lequipe-nationale-2022-2023\/"},"wordCount":436,"commentCount":0,"image":{"@id":"https:\/\/artisticswimming.ca\/fr\/nac-devoile-lequipe-nationale-senior-et-le-bassin-dathletes-de-lequipe-nationale-2022-2023\/#primaryimage"},"thumbnailUrl":"https:\/\/artisticswimming.ca\/wp-content\/uploads\/2022\/01\/CAS-Generic-slider-artwork-Bright-Blue-with-icon.jpg","articleSection":["COVID-19","\u00c9quipe nationale senior","Nouvelles","Page d&#039;accueil","Uncategorized"],"inLanguage":"fr-FR","potentialAction":[{"@type":"CommentAction","name":"Comment","target":["https:\/\/artisticswimming.ca\/fr\/nac-devoile-lequipe-nationale-senior-et-le-bassin-dathletes-de-lequipe-nationale-2022-2023\/#respond"]}]},{"@type":"WebPage","@id":"https:\/\/artisticswimming.ca\/fr\/nac-devoile-lequipe-nationale-senior-et-le-bassin-dathletes-de-lequipe-nationale-2022-2023\/","url":"https:\/\/artisticswimming.ca\/fr\/nac-devoile-lequipe-nationale-senior-et-le-bassin-dathletes-de-lequipe-nationale-2022-2023\/","name":"NAC d\u00e9voile l'\u00e9quipe nationale senior et le bassin d\u2019athl\u00e8tes de l'\u00e9quipe nationale 2022-2023 - Natation Artistique Canada","isPartOf":{"@id":"https:\/\/artisticswimming.ca\/fr\/#website"},"primaryImageOfPage":{"@id":"https:\/\/artisticswimming.ca\/fr\/nac-devoile-lequipe-nationale-senior-et-le-bassin-dathletes-de-lequipe-nationale-2022-2023\/#primaryimage"},"image":{"@id":"https:\/\/artisticswimming.ca\/fr\/nac-devoile-lequipe-nationale-senior-et-le-bassin-dathletes-de-lequipe-nationale-2022-2023\/#primaryimage"},"thumbnailUrl":"https:\/\/artisticswimming.ca\/wp-content\/uploads\/2022\/01\/CAS-Generic-slider-artwork-Bright-Blue-with-icon.jpg","datePublished":"2022-10-27T14:58:55+00:00","author":{"@id":"https:\/\/artisticswimming.ca\/fr\/#\/schema\/person\/7d2ab10f01ba748d0dac4f1fbc7df175"},"breadcrumb":{"@id":"https:\/\/artisticswimming.ca\/fr\/nac-devoile-lequipe-nationale-senior-et-le-bassin-dathletes-de-lequipe-nationale-2022-2023\/#breadcrumb"},"inLanguage":"fr-FR","potentialAction":[{"@type":"ReadAction","target":["https:\/\/artisticswimming.ca\/fr\/nac-devoile-lequipe-nationale-senior-et-le-bassin-dathletes-de-lequipe-nationale-2022-2023\/"]}]},{"@type":"ImageObject","inLanguage":"fr-FR","@id":"https:\/\/artisticswimming.ca\/fr\/nac-devoile-lequipe-nationale-senior-et-le-bassin-dathletes-de-lequipe-nationale-2022-2023\/#primaryimage","url":"https:\/\/artisticswimming.ca\/wp-content\/uploads\/2022\/01\/CAS-Generic-slider-artwork-Bright-Blue-with-icon.jpg","contentUrl":"https:\/\/artisticswimming.ca\/wp-content\/uploads\/2022\/01\/CAS-Generic-slider-artwork-Bright-Blue-with-icon.jpg","width":2400,"height":1000},{"@type":"BreadcrumbList","@id":"https:\/\/artisticswimming.ca\/fr\/nac-devoile-lequipe-nationale-senior-et-le-bassin-dathletes-de-lequipe-nationale-2022-2023\/#breadcrumb","itemListElement":[{"@type":"ListItem","position":1,"name":"Home","item":"https:\/\/artisticswimming.ca\/fr\/"},{"@type":"ListItem","position":2,"name":"NAC d\u00e9voile l&#8217;\u00e9quipe nationale senior et le bassin d\u2019athl\u00e8tes de l&#8217;\u00e9quipe nationale 2022-2023"}]},{"@type":"WebSite","@id":"https:\/\/artisticswimming.ca\/fr\/#website","url":"https:\/\/artisticswimming.ca\/fr\/","name":"Natation Artistique Canada","description":"","potentialAction":[{"@type":"SearchAction","target":{"@type":"EntryPoint","urlTemplate":"https:\/\/artisticswimming.ca\/fr\/?s={search_term_string}"},"query-input":{"@type":"PropertyValueSpecification","valueRequired":true,"valueName":"search_term_string"}}],"inLanguage":"fr-FR"},{"@type":"Person","@id":"https:\/\/artisticswimming.ca\/fr\/#\/schema\/person\/7d2ab10f01ba748d0dac4f1fbc7df175","name":"synchro","image":{"@type":"ImageObject","inLanguage":"fr-FR","@id":"https:\/\/secure.gravatar.com\/avatar\/4f24abe719ecc22eef668a9e15d4025dca4fa935812f917fcc233935f5e1db5e?s=96&d=mm&r=g","url":"https:\/\/secure.gravatar.com\/avatar\/4f24abe719ecc22eef668a9e15d4025dca4fa935812f917fcc233935f5e1db5e?s=96&d=mm&r=g","contentUrl":"https:\/\/secure.gravatar.com\/avatar\/4f24abe719ecc22eef668a9e15d4025dca4fa935812f917fcc233935f5e1db5e?s=96&d=mm&r=g","caption":"synchro"},"sameAs":["http:\/\/synchro.wpengine.com"],"url":"https:\/\/artisticswimming.ca\/fr\/author\/synchro\/"}]}},"_links":{"self":[{"href":"https:\/\/artisticswimming.ca\/fr\/wp-json\/wp\/v2\/posts\/14539","targetHints":{"allow":["GET"]}}],"collection":[{"href":"https:\/\/artisticswimming.ca\/fr\/wp-json\/wp\/v2\/posts"}],"about":[{"href":"https:\/\/artisticswimming.ca\/fr\/wp-json\/wp\/v2\/types\/post"}],"author":[{"embeddable":true,"href":"https:\/\/artisticswimming.ca\/fr\/wp-json\/wp\/v2\/users\/2"}],"replies":[{"embeddable":true,"href":"https:\/\/artisticswimming.ca\/fr\/wp-json\/wp\/v2\/comments?post=14539"}],"version-history":[{"count":0,"href":"https:\/\/artisticswimming.ca\/fr\/wp-json\/wp\/v2\/posts\/14539\/revisions"}],"wp:featuredmedia":[{"embeddable":true,"href":"https:\/\/artisticswimming.ca\/fr\/wp-json\/wp\/v2\/media\/12647"}],"wp:attachment":[{"href":"https:\/\/artisticswimming.ca\/fr\/wp-json\/wp\/v2\/media?parent=14539"}],"wp:term":[{"taxonomy":"category","embeddable":true,"href":"https:\/\/artisticswimming.ca\/fr\/wp-json\/wp\/v2\/categories?post=14539"},{"taxonomy":"post_tag","embeddable":true,"href":"https:\/\/artisticswimming.ca\/fr\/wp-json\/wp\/v2\/tags?post=14539"}],"curies":[{"name":"wp","href":"https:\/\/api.w.org\/{rel}","templated":true}]}}