{"id":1642,"date":"2016-03-21T18:40:16","date_gmt":"2016-03-21T18:40:16","guid":{"rendered":"http:\/\/synchro.wpengine.com\/?p=1642&#038;lang=fr"},"modified":"2017-09-18T15:26:41","modified_gmt":"2017-09-18T15:26:41","slug":"les-championnats-de-qualification-2016-se-terminent-en-force-au-peps-de-luniversite-laval-2","status":"publish","type":"post","link":"https:\/\/artisticswimming.ca\/fr\/les-championnats-de-qualification-2016-se-terminent-en-force-au-peps-de-luniversite-laval-2\/","title":{"rendered":"Les Championnats de qualification 2016 se terminent en force au PEPS de l\u2019Universit\u00e9 Laval"},"content":{"rendered":"<p><a href=\"http:\/\/synchro.wpengine.com\/wp-content\/uploads\/2016\/08\/pic-splash.jpg\"><img decoding=\"async\" class=\"aligncenter size-full wp-image-1635\" src=\"http:\/\/synchro.wpengine.com\/wp-content\/uploads\/2016\/08\/pic-splash.jpg\" alt=\"pic-splash\" width=\"1200\" height=\"589\" srcset=\"https:\/\/artisticswimming.ca\/wp-content\/uploads\/2016\/08\/pic-splash-200x98.jpg 200w, https:\/\/artisticswimming.ca\/wp-content\/uploads\/2016\/08\/pic-splash-300x147.jpg 300w, https:\/\/artisticswimming.ca\/wp-content\/uploads\/2016\/08\/pic-splash-400x196.jpg 400w, https:\/\/artisticswimming.ca\/wp-content\/uploads\/2016\/08\/pic-splash-500x245.jpg 500w, https:\/\/artisticswimming.ca\/wp-content\/uploads\/2016\/08\/pic-splash-600x295.jpg 600w, https:\/\/artisticswimming.ca\/wp-content\/uploads\/2016\/08\/pic-splash-768x377.jpg 768w, https:\/\/artisticswimming.ca\/wp-content\/uploads\/2016\/08\/pic-splash-800x393.jpg 800w, https:\/\/artisticswimming.ca\/wp-content\/uploads\/2016\/08\/pic-splash-1024x503.jpg 1024w, https:\/\/artisticswimming.ca\/wp-content\/uploads\/2016\/08\/pic-splash.jpg 1200w\" sizes=\"(max-width: 1200px) 100vw, 1200px\" \/><\/a>Les Championnats canadiens de qualification de nage synchronis\u00e9e se sont termin\u00e9s hier au PEPS de l\u2019Universit\u00e9 Laval avec la pr\u00e9sentation de 5 finales, incluant les finales d\u2019\u00e9quipe, toujours tr\u00e8s attendues des amateurs.<\/p>\n<p>Dans les finales des 13-15 ans, les\u00a0<strong>Aquabelles de Calgary<\/strong>\u00a0ont livr\u00e9 une prestation pleine d\u2019\u00e9nergie qui leur a valu un pointage de 76,5333 et un total combin\u00e9 de 72,4500 \u2013 bon pour la m\u00e9daille d\u2019or.\u00a0 L\u2019argent est all\u00e9 \u00e0\u00a0<strong>Montr\u00e9al Synchro<\/strong>\u00a0qui s\u2019est gliss\u00e9 de justesse devant le club h\u00f4te\u00a0<strong>Qu\u00e9bec Excellence Synchro<\/strong>\u00a0avec un score de 70,7704 contre 70,7101.<\/p>\n<p>Les finales par \u00e9quipe senior impliquaient 3 \u00e9quipes de force similaire qui se sont livr\u00e9s une chaude lutte. Ultimement,\u00a0<strong>Qu\u00e9bec Excellence Synchro<\/strong>\u00a0a devanc\u00e9\u00a0<strong>Dollard Synchro\u00a0<\/strong>et les\u00a0<strong>Aquabelles<\/strong>\u00a0par une infime marge de 0,3 points au total (72,800 \u2013 72,533 \u2013 72,500).\u00a0 Le\u00a0<strong>Centre d\u2019entrainement r\u00e9gional de l\u2019Ontario (CER-Ontario),<\/strong>\u00a0un participant au statut sp\u00e9cial pour cette comp\u00e9tition, s\u2019est m\u00e9rit\u00e9 les meilleures notes lors de cette \u00e9preuve et a \u00e9galement re\u00e7u l\u2019or.<\/p>\n<p>La derni\u00e8re \u00e9preuve de la comp\u00e9tition, les finales d\u2019\u00e9quipe junior, fut un beau cadeau de cl\u00f4ture pour les nombreux spectateurs au Centre Aquatique Desjardins qui eurent droit \u00e0 des prestations dynamiques et des pouss\u00e9es acrobatiques spectaculaires.\u00a0 Le\u00a0<strong>CER-Ontario<\/strong>\u00a0y re\u00e7u une nouvelle fois le meilleur pointage pour sa routine (79,700), se m\u00e9ritant la m\u00e9daille d\u2019or avec un pointage combin\u00e9 de 75,6116.\u00a0 Les\u00a0<strong>Aquabelles<\/strong>, qui \u00e9taient un mince 0,3 points derri\u00e8re \u00e0 75,3167, sont \u00e9galement mont\u00e9es sur la plus haute marche du podium alors que\u00a0<strong>Qu\u00e9bec Excellence Synchro<\/strong>\u00a0se m\u00e9ritait l\u2019argent avec 73,8483 et\u00a0<strong>Montreal Synchro<\/strong>\u00a0le bronze \u00e0 73,6958.<\/p>\n<h3 data-fontsize=\"18\" data-lineheight=\"24\">Duo Junior<\/h3>\n<p><a href=\"https:\/\/artisticswimming.ca\/nt-athletes\/andree-anne-cote\/?lang=fr\">Andr\u00e9e-Anne C\u00f4t\u00e9<\/a>\u00a0et\u00a0<a href=\"https:\/\/artisticswimming.ca\/nt-athletes\/camille-fiola-dion\/?lang=fr\">Camille Fiola-Dion<\/a>, de Qu\u00e9bec Excellence Synchro, ont remport\u00e9 l\u2019or dans l\u2019\u00e9preuve de duo junior gr\u00e2ce \u00e0 une solide prestation de leur programme libre qui leur a valu une note de 79,1333 et un pointage combin\u00e9 de 76,6396.\u00a0\u00a0<a href=\"https:\/\/artisticswimming.ca\/nt-athletes\/stefanie-dickinson\/?lang=fr\">Stefanie Dickinson<\/a>\u00a0et\u00a0<strong>Luiza Vasylyeva<\/strong>, de Vancouver Pacific Wave, ont r\u00e9colt\u00e9 l\u2019argent avec 73,3643 alors que\u00a0<strong>Maude Jobin<\/strong>\u00a0et\u00a0<strong>Charlotte Maheu-Savard<\/strong>, de Montr\u00e9al Synchro, se m\u00e9ritaient l\u2019argent \u00e0 72,9061.<\/p>\n<h3 data-fontsize=\"18\" data-lineheight=\"24\">Solo 13-15<\/h3>\n<p>Les solos 13-15 mettaient en vedette un nombre record de 42 participantes.\u00a0<strong>Flynne Gossling<\/strong>\u00a0de Victoria Synchro, qui \u00e9tait en avance suite \u00e0 l\u2019\u00e9preuve de figures tenue mercredi, a remport\u00e9 l\u2019or gr\u00e2ce \u00e0 un pointage combin\u00e9 de 71,2720.\u00a0<strong>Teah Hoffman<\/strong>, des Aquabelles, s\u2019est m\u00e9rit\u00e9e l\u2019argent avec 71,090 alors que\u00a0<a href=\"https:\/\/artisticswimming.ca\/nt-athletes\/salome-boissonneault\/?lang=fr\">Salom\u00e9 Boissonneault<\/a>, de Qu\u00e9bec Excellence Synchro, a obtenu la meilleure note de routine, parvenant \u00e0 se hisser en troisi\u00e8me position pour m\u00e9riter la m\u00e9daille de bronze avec un pointage de 70,505.<\/p>\n<h3 data-fontsize=\"18\" data-lineheight=\"24\">Essais de l\u2019\u00e9quipe nationale<\/h3>\n<p>La comp\u00e9tition n\u2019\u00e9tait pas encore termin\u00e9e pour 25 nageuses d\u2019\u00e2ge junior qui participaient dimanche \u00e0 la phase finale des essais de s\u00e9lection de l\u2019\u00e9quipe nationale junior.\u00a0 Une \u00e9quipe d\u2019entrainement pouvant compter jusqu\u2019\u00e0 un maximum de 12 athl\u00e8tes y sera s\u00e9lectionn\u00e9e et invit\u00e9e \u00e0 participer au camp d\u2019entrainement en pr\u00e9paration des Championnats du monde junior de la Fina qui auront lieu \u00e0 Kazan, en Russie, en juillet prochain.<\/p>\n<p>Les r\u00e9sultats de ces essais de s\u00e9lection seront d\u00e9voil\u00e9s dans les prochains jours.<\/p>\n","protected":false},"excerpt":{"rendered":"<p>Les Championnats canadiens de qualification de nage synchronis\u00e9e se sont termin\u00e9s hier au PEPS de l\u2019Universit\u00e9 Laval avec la pr\u00e9sentation de 5 finales, incluant les finales d\u2019\u00e9quipe, toujours tr\u00e8s attendues des amateurs. Dans les finales des 13-15 ans, les\u00a0Aquabelles de Calgary\u00a0ont <a href=\"https:\/\/artisticswimming.ca\/fr\/les-championnats-de-qualification-2016-se-terminent-en-force-au-peps-de-luniversite-laval-2\/\"> [&#8230;]<\/a><\/p>\n","protected":false},"author":3,"featured_media":0,"comment_status":"open","ping_status":"open","sticky":false,"template":"","format":"standard","meta":{"_acf_changed":false,"footnotes":""},"categories":[87,1],"tags":[],"class_list":["post-1642","post","type-post","status-publish","format-standard","hentry","category-competition-fr","category-uncategorized"],"acf":[],"yoast_head":"<!-- This site is optimized with the Yoast SEO plugin v27.2 - https:\/\/yoast.com\/product\/yoast-seo-wordpress\/ -->\n<title>Les Championnats de qualification 2016 se terminent en force au PEPS de l\u2019Universit\u00e9 Laval - Natation Artistique Canada<\/title>\n<meta name=\"robots\" content=\"index, follow, max-snippet:-1, max-image-preview:large, max-video-preview:-1\" \/>\n<link rel=\"canonical\" href=\"https:\/\/artisticswimming.ca\/fr\/les-championnats-de-qualification-2016-se-terminent-en-force-au-peps-de-luniversite-laval-2\/\" \/>\n<meta property=\"og:locale\" content=\"fr_FR\" \/>\n<meta property=\"og:type\" content=\"article\" \/>\n<meta property=\"og:title\" content=\"Les Championnats de qualification 2016 se terminent en force au PEPS de l\u2019Universit\u00e9 Laval - Natation Artistique Canada\" \/>\n<meta property=\"og:description\" content=\"Les Championnats canadiens de qualification de nage synchronis\u00e9e se sont termin\u00e9s hier au PEPS de l\u2019Universit\u00e9 Laval avec la pr\u00e9sentation de 5 finales, incluant les finales d\u2019\u00e9quipe, toujours tr\u00e8s attendues des amateurs. Dans les finales des 13-15 ans, les\u00a0Aquabelles de Calgary\u00a0ont [...]\" \/>\n<meta property=\"og:url\" content=\"https:\/\/artisticswimming.ca\/fr\/les-championnats-de-qualification-2016-se-terminent-en-force-au-peps-de-luniversite-laval-2\/\" \/>\n<meta property=\"og:site_name\" content=\"Natation Artistique Canada\" \/>\n<meta property=\"article:published_time\" content=\"2016-03-21T18:40:16+00:00\" \/>\n<meta property=\"article:modified_time\" content=\"2017-09-18T15:26:41+00:00\" \/>\n<meta property=\"og:image\" content=\"http:\/\/synchro.wpengine.com\/wp-content\/uploads\/2016\/08\/pic-splash.jpg\" \/>\n<meta name=\"author\" content=\"Myriam Cote\" \/>\n<meta name=\"twitter:card\" content=\"summary_large_image\" \/>\n<meta name=\"twitter:label1\" content=\"\u00c9crit par\" \/>\n\t<meta name=\"twitter:data1\" content=\"Myriam Cote\" \/>\n\t<meta name=\"twitter:label2\" content=\"Dur\u00e9e de lecture estim\u00e9e\" \/>\n\t<meta name=\"twitter:data2\" content=\"3 minutes\" \/>\n<script type=\"application\/ld+json\" class=\"yoast-schema-graph\">{\"@context\":\"https:\/\/schema.org\",\"@graph\":[{\"@type\":\"Article\",\"@id\":\"https:\/\/artisticswimming.ca\/fr\/les-championnats-de-qualification-2016-se-terminent-en-force-au-peps-de-luniversite-laval-2\/#article\",\"isPartOf\":{\"@id\":\"https:\/\/artisticswimming.ca\/fr\/les-championnats-de-qualification-2016-se-terminent-en-force-au-peps-de-luniversite-laval-2\/\"},\"author\":{\"name\":\"Myriam Cote\",\"@id\":\"https:\/\/artisticswimming.ca\/fr\/#\/schema\/person\/76d6c2c9954d56641f9210cc7427bc76\"},\"headline\":\"Les Championnats de qualification 2016 se terminent en force au PEPS de l\u2019Universit\u00e9 Laval\",\"datePublished\":\"2016-03-21T18:40:16+00:00\",\"dateModified\":\"2017-09-18T15:26:41+00:00\",\"mainEntityOfPage\":{\"@id\":\"https:\/\/artisticswimming.ca\/fr\/les-championnats-de-qualification-2016-se-terminent-en-force-au-peps-de-luniversite-laval-2\/\"},\"wordCount\":553,\"commentCount\":0,\"image\":{\"@id\":\"https:\/\/artisticswimming.ca\/fr\/les-championnats-de-qualification-2016-se-terminent-en-force-au-peps-de-luniversite-laval-2\/#primaryimage\"},\"thumbnailUrl\":\"http:\/\/synchro.wpengine.com\/wp-content\/uploads\/2016\/08\/pic-splash.jpg\",\"articleSection\":[\"Comp\u00e9tition\",\"Uncategorized\"],\"inLanguage\":\"fr-FR\",\"potentialAction\":[{\"@type\":\"CommentAction\",\"name\":\"Comment\",\"target\":[\"https:\/\/artisticswimming.ca\/fr\/les-championnats-de-qualification-2016-se-terminent-en-force-au-peps-de-luniversite-laval-2\/#respond\"]}]},{\"@type\":\"WebPage\",\"@id\":\"https:\/\/artisticswimming.ca\/fr\/les-championnats-de-qualification-2016-se-terminent-en-force-au-peps-de-luniversite-laval-2\/\",\"url\":\"https:\/\/artisticswimming.ca\/fr\/les-championnats-de-qualification-2016-se-terminent-en-force-au-peps-de-luniversite-laval-2\/\",\"name\":\"Les Championnats de qualification 2016 se terminent en force au PEPS de l\u2019Universit\u00e9 Laval - Natation Artistique Canada\",\"isPartOf\":{\"@id\":\"https:\/\/artisticswimming.ca\/fr\/#website\"},\"primaryImageOfPage\":{\"@id\":\"https:\/\/artisticswimming.ca\/fr\/les-championnats-de-qualification-2016-se-terminent-en-force-au-peps-de-luniversite-laval-2\/#primaryimage\"},\"image\":{\"@id\":\"https:\/\/artisticswimming.ca\/fr\/les-championnats-de-qualification-2016-se-terminent-en-force-au-peps-de-luniversite-laval-2\/#primaryimage\"},\"thumbnailUrl\":\"http:\/\/synchro.wpengine.com\/wp-content\/uploads\/2016\/08\/pic-splash.jpg\",\"datePublished\":\"2016-03-21T18:40:16+00:00\",\"dateModified\":\"2017-09-18T15:26:41+00:00\",\"author\":{\"@id\":\"https:\/\/artisticswimming.ca\/fr\/#\/schema\/person\/76d6c2c9954d56641f9210cc7427bc76\"},\"breadcrumb\":{\"@id\":\"https:\/\/artisticswimming.ca\/fr\/les-championnats-de-qualification-2016-se-terminent-en-force-au-peps-de-luniversite-laval-2\/#breadcrumb\"},\"inLanguage\":\"fr-FR\",\"potentialAction\":[{\"@type\":\"ReadAction\",\"target\":[\"https:\/\/artisticswimming.ca\/fr\/les-championnats-de-qualification-2016-se-terminent-en-force-au-peps-de-luniversite-laval-2\/\"]}]},{\"@type\":\"ImageObject\",\"inLanguage\":\"fr-FR\",\"@id\":\"https:\/\/artisticswimming.ca\/fr\/les-championnats-de-qualification-2016-se-terminent-en-force-au-peps-de-luniversite-laval-2\/#primaryimage\",\"url\":\"http:\/\/synchro.wpengine.com\/wp-content\/uploads\/2016\/08\/pic-splash.jpg\",\"contentUrl\":\"http:\/\/synchro.wpengine.com\/wp-content\/uploads\/2016\/08\/pic-splash.jpg\"},{\"@type\":\"BreadcrumbList\",\"@id\":\"https:\/\/artisticswimming.ca\/fr\/les-championnats-de-qualification-2016-se-terminent-en-force-au-peps-de-luniversite-laval-2\/#breadcrumb\",\"itemListElement\":[{\"@type\":\"ListItem\",\"position\":1,\"name\":\"Home\",\"item\":\"https:\/\/artisticswimming.ca\/fr\/\"},{\"@type\":\"ListItem\",\"position\":2,\"name\":\"Les Championnats de qualification 2016 se terminent en force au PEPS de l\u2019Universit\u00e9 Laval\"}]},{\"@type\":\"WebSite\",\"@id\":\"https:\/\/artisticswimming.ca\/fr\/#website\",\"url\":\"https:\/\/artisticswimming.ca\/fr\/\",\"name\":\"Natation Artistique Canada\",\"description\":\"\",\"potentialAction\":[{\"@type\":\"SearchAction\",\"target\":{\"@type\":\"EntryPoint\",\"urlTemplate\":\"https:\/\/artisticswimming.ca\/fr\/?s={search_term_string}\"},\"query-input\":{\"@type\":\"PropertyValueSpecification\",\"valueRequired\":true,\"valueName\":\"search_term_string\"}}],\"inLanguage\":\"fr-FR\"},{\"@type\":\"Person\",\"@id\":\"https:\/\/artisticswimming.ca\/fr\/#\/schema\/person\/76d6c2c9954d56641f9210cc7427bc76\",\"name\":\"Myriam Cote\",\"image\":{\"@type\":\"ImageObject\",\"inLanguage\":\"fr-FR\",\"@id\":\"https:\/\/secure.gravatar.com\/avatar\/9636d581f11fe1ce5c868617703e52ebeddf65bc5ba83eda388709ba9ad9da61?s=96&d=mm&r=g\",\"url\":\"https:\/\/secure.gravatar.com\/avatar\/9636d581f11fe1ce5c868617703e52ebeddf65bc5ba83eda388709ba9ad9da61?s=96&d=mm&r=g\",\"contentUrl\":\"https:\/\/secure.gravatar.com\/avatar\/9636d581f11fe1ce5c868617703e52ebeddf65bc5ba83eda388709ba9ad9da61?s=96&d=mm&r=g\",\"caption\":\"Myriam Cote\"},\"url\":\"https:\/\/artisticswimming.ca\/fr\/author\/myriam\/\"}]}<\/script>\n<!-- \/ Yoast SEO plugin. -->","yoast_head_json":{"title":"Les Championnats de qualification 2016 se terminent en force au PEPS de l\u2019Universit\u00e9 Laval - Natation Artistique Canada","robots":{"index":"index","follow":"follow","max-snippet":"max-snippet:-1","max-image-preview":"max-image-preview:large","max-video-preview":"max-video-preview:-1"},"canonical":"https:\/\/artisticswimming.ca\/fr\/les-championnats-de-qualification-2016-se-terminent-en-force-au-peps-de-luniversite-laval-2\/","og_locale":"fr_FR","og_type":"article","og_title":"Les Championnats de qualification 2016 se terminent en force au PEPS de l\u2019Universit\u00e9 Laval - Natation Artistique Canada","og_description":"Les Championnats canadiens de qualification de nage synchronis\u00e9e se sont termin\u00e9s hier au PEPS de l\u2019Universit\u00e9 Laval avec la pr\u00e9sentation de 5 finales, incluant les finales d\u2019\u00e9quipe, toujours tr\u00e8s attendues des amateurs. Dans les finales des 13-15 ans, les\u00a0Aquabelles de Calgary\u00a0ont [...]","og_url":"https:\/\/artisticswimming.ca\/fr\/les-championnats-de-qualification-2016-se-terminent-en-force-au-peps-de-luniversite-laval-2\/","og_site_name":"Natation Artistique Canada","article_published_time":"2016-03-21T18:40:16+00:00","article_modified_time":"2017-09-18T15:26:41+00:00","og_image":[{"url":"http:\/\/synchro.wpengine.com\/wp-content\/uploads\/2016\/08\/pic-splash.jpg","type":"","width":"","height":""}],"author":"Myriam Cote","twitter_card":"summary_large_image","twitter_misc":{"\u00c9crit par":"Myriam Cote","Dur\u00e9e de lecture estim\u00e9e":"3 minutes"},"schema":{"@context":"https:\/\/schema.org","@graph":[{"@type":"Article","@id":"https:\/\/artisticswimming.ca\/fr\/les-championnats-de-qualification-2016-se-terminent-en-force-au-peps-de-luniversite-laval-2\/#article","isPartOf":{"@id":"https:\/\/artisticswimming.ca\/fr\/les-championnats-de-qualification-2016-se-terminent-en-force-au-peps-de-luniversite-laval-2\/"},"author":{"name":"Myriam Cote","@id":"https:\/\/artisticswimming.ca\/fr\/#\/schema\/person\/76d6c2c9954d56641f9210cc7427bc76"},"headline":"Les Championnats de qualification 2016 se terminent en force au PEPS de l\u2019Universit\u00e9 Laval","datePublished":"2016-03-21T18:40:16+00:00","dateModified":"2017-09-18T15:26:41+00:00","mainEntityOfPage":{"@id":"https:\/\/artisticswimming.ca\/fr\/les-championnats-de-qualification-2016-se-terminent-en-force-au-peps-de-luniversite-laval-2\/"},"wordCount":553,"commentCount":0,"image":{"@id":"https:\/\/artisticswimming.ca\/fr\/les-championnats-de-qualification-2016-se-terminent-en-force-au-peps-de-luniversite-laval-2\/#primaryimage"},"thumbnailUrl":"http:\/\/synchro.wpengine.com\/wp-content\/uploads\/2016\/08\/pic-splash.jpg","articleSection":["Comp\u00e9tition","Uncategorized"],"inLanguage":"fr-FR","potentialAction":[{"@type":"CommentAction","name":"Comment","target":["https:\/\/artisticswimming.ca\/fr\/les-championnats-de-qualification-2016-se-terminent-en-force-au-peps-de-luniversite-laval-2\/#respond"]}]},{"@type":"WebPage","@id":"https:\/\/artisticswimming.ca\/fr\/les-championnats-de-qualification-2016-se-terminent-en-force-au-peps-de-luniversite-laval-2\/","url":"https:\/\/artisticswimming.ca\/fr\/les-championnats-de-qualification-2016-se-terminent-en-force-au-peps-de-luniversite-laval-2\/","name":"Les Championnats de qualification 2016 se terminent en force au PEPS de l\u2019Universit\u00e9 Laval - Natation Artistique Canada","isPartOf":{"@id":"https:\/\/artisticswimming.ca\/fr\/#website"},"primaryImageOfPage":{"@id":"https:\/\/artisticswimming.ca\/fr\/les-championnats-de-qualification-2016-se-terminent-en-force-au-peps-de-luniversite-laval-2\/#primaryimage"},"image":{"@id":"https:\/\/artisticswimming.ca\/fr\/les-championnats-de-qualification-2016-se-terminent-en-force-au-peps-de-luniversite-laval-2\/#primaryimage"},"thumbnailUrl":"http:\/\/synchro.wpengine.com\/wp-content\/uploads\/2016\/08\/pic-splash.jpg","datePublished":"2016-03-21T18:40:16+00:00","dateModified":"2017-09-18T15:26:41+00:00","author":{"@id":"https:\/\/artisticswimming.ca\/fr\/#\/schema\/person\/76d6c2c9954d56641f9210cc7427bc76"},"breadcrumb":{"@id":"https:\/\/artisticswimming.ca\/fr\/les-championnats-de-qualification-2016-se-terminent-en-force-au-peps-de-luniversite-laval-2\/#breadcrumb"},"inLanguage":"fr-FR","potentialAction":[{"@type":"ReadAction","target":["https:\/\/artisticswimming.ca\/fr\/les-championnats-de-qualification-2016-se-terminent-en-force-au-peps-de-luniversite-laval-2\/"]}]},{"@type":"ImageObject","inLanguage":"fr-FR","@id":"https:\/\/artisticswimming.ca\/fr\/les-championnats-de-qualification-2016-se-terminent-en-force-au-peps-de-luniversite-laval-2\/#primaryimage","url":"http:\/\/synchro.wpengine.com\/wp-content\/uploads\/2016\/08\/pic-splash.jpg","contentUrl":"http:\/\/synchro.wpengine.com\/wp-content\/uploads\/2016\/08\/pic-splash.jpg"},{"@type":"BreadcrumbList","@id":"https:\/\/artisticswimming.ca\/fr\/les-championnats-de-qualification-2016-se-terminent-en-force-au-peps-de-luniversite-laval-2\/#breadcrumb","itemListElement":[{"@type":"ListItem","position":1,"name":"Home","item":"https:\/\/artisticswimming.ca\/fr\/"},{"@type":"ListItem","position":2,"name":"Les Championnats de qualification 2016 se terminent en force au PEPS de l\u2019Universit\u00e9 Laval"}]},{"@type":"WebSite","@id":"https:\/\/artisticswimming.ca\/fr\/#website","url":"https:\/\/artisticswimming.ca\/fr\/","name":"Natation Artistique Canada","description":"","potentialAction":[{"@type":"SearchAction","target":{"@type":"EntryPoint","urlTemplate":"https:\/\/artisticswimming.ca\/fr\/?s={search_term_string}"},"query-input":{"@type":"PropertyValueSpecification","valueRequired":true,"valueName":"search_term_string"}}],"inLanguage":"fr-FR"},{"@type":"Person","@id":"https:\/\/artisticswimming.ca\/fr\/#\/schema\/person\/76d6c2c9954d56641f9210cc7427bc76","name":"Myriam Cote","image":{"@type":"ImageObject","inLanguage":"fr-FR","@id":"https:\/\/secure.gravatar.com\/avatar\/9636d581f11fe1ce5c868617703e52ebeddf65bc5ba83eda388709ba9ad9da61?s=96&d=mm&r=g","url":"https:\/\/secure.gravatar.com\/avatar\/9636d581f11fe1ce5c868617703e52ebeddf65bc5ba83eda388709ba9ad9da61?s=96&d=mm&r=g","contentUrl":"https:\/\/secure.gravatar.com\/avatar\/9636d581f11fe1ce5c868617703e52ebeddf65bc5ba83eda388709ba9ad9da61?s=96&d=mm&r=g","caption":"Myriam Cote"},"url":"https:\/\/artisticswimming.ca\/fr\/author\/myriam\/"}]}},"_links":{"self":[{"href":"https:\/\/artisticswimming.ca\/fr\/wp-json\/wp\/v2\/posts\/1642","targetHints":{"allow":["GET"]}}],"collection":[{"href":"https:\/\/artisticswimming.ca\/fr\/wp-json\/wp\/v2\/posts"}],"about":[{"href":"https:\/\/artisticswimming.ca\/fr\/wp-json\/wp\/v2\/types\/post"}],"author":[{"embeddable":true,"href":"https:\/\/artisticswimming.ca\/fr\/wp-json\/wp\/v2\/users\/3"}],"replies":[{"embeddable":true,"href":"https:\/\/artisticswimming.ca\/fr\/wp-json\/wp\/v2\/comments?post=1642"}],"version-history":[{"count":0,"href":"https:\/\/artisticswimming.ca\/fr\/wp-json\/wp\/v2\/posts\/1642\/revisions"}],"wp:attachment":[{"href":"https:\/\/artisticswimming.ca\/fr\/wp-json\/wp\/v2\/media?parent=1642"}],"wp:term":[{"taxonomy":"category","embeddable":true,"href":"https:\/\/artisticswimming.ca\/fr\/wp-json\/wp\/v2\/categories?post=1642"},{"taxonomy":"post_tag","embeddable":true,"href":"https:\/\/artisticswimming.ca\/fr\/wp-json\/wp\/v2\/tags?post=1642"}],"curies":[{"name":"wp","href":"https:\/\/api.w.org\/{rel}","templated":true}]}}