{"id":1701,"date":"2016-03-18T12:27:34","date_gmt":"2016-03-18T12:27:34","guid":{"rendered":"http:\/\/synchro.wpengine.com\/?p=1701&#038;lang=fr"},"modified":"2017-09-18T15:26:43","modified_gmt":"2017-09-18T15:26:43","slug":"halle-pratt-premiere-en-figures-junior-aux-championnats-de-qualification-2016","status":"publish","type":"post","link":"https:\/\/artisticswimming.ca\/fr\/halle-pratt-premiere-en-figures-junior-aux-championnats-de-qualification-2016\/","title":{"rendered":"Halle Pratt premi\u00e8re en figures junior aux Championnats de qualification 2016"},"content":{"rendered":"<p><a href=\"http:\/\/synchro.wpengine.com\/wp-content\/uploads\/2016\/08\/pratt-h-wide-qualif16.jpg\"><img decoding=\"async\" class=\"aligncenter size-full wp-image-1699\" src=\"http:\/\/synchro.wpengine.com\/wp-content\/uploads\/2016\/08\/pratt-h-wide-qualif16.jpg\" alt=\"pratt-press release qualif16\" width=\"800\" height=\"625\" srcset=\"https:\/\/artisticswimming.ca\/wp-content\/uploads\/2016\/08\/pratt-h-wide-qualif16-200x156.jpg 200w, https:\/\/artisticswimming.ca\/wp-content\/uploads\/2016\/08\/pratt-h-wide-qualif16-300x234.jpg 300w, https:\/\/artisticswimming.ca\/wp-content\/uploads\/2016\/08\/pratt-h-wide-qualif16-400x313.jpg 400w, https:\/\/artisticswimming.ca\/wp-content\/uploads\/2016\/08\/pratt-h-wide-qualif16-500x391.jpg 500w, https:\/\/artisticswimming.ca\/wp-content\/uploads\/2016\/08\/pratt-h-wide-qualif16-600x469.jpg 600w, https:\/\/artisticswimming.ca\/wp-content\/uploads\/2016\/08\/pratt-h-wide-qualif16-768x600.jpg 768w, https:\/\/artisticswimming.ca\/wp-content\/uploads\/2016\/08\/pratt-h-wide-qualif16.jpg 800w\" sizes=\"(max-width: 800px) 100vw, 800px\" \/><\/a><\/p>\n<p>La nageuse synchronis\u00e9e\u00a0<a href=\"https:\/\/artisticswimming.ca\/fr\/athletes\/halle-pratt\/?lang=fr\">Halle Pratt<\/a>, de Calgary, a remport\u00e9 l\u2019\u00e9preuve des figures junior aujourd\u2019hui aux Championnats canadiens de qualification de Synchro Canada pr\u00e9sent\u00e9s au Centre Aquatique Desjardins du PEPS de l\u2019Universit\u00e9 Laval.<\/p>\n<p>L\u2019athl\u00e8te des Aquabelles de Calgary, championne canadienne dans cette \u00e9preuve technique en 2015, a obtenu un pointage de 76,541, devan\u00e7ant ainsi\u00a0<a href=\"https:\/\/artisticswimming.ca\/fr\/athletes\/emily-armstrong\/?lang=fr\">Emily Armstrong<\/a>\u00a0du Centre d\u2019Entrainement R\u00e9gional de l\u2019Ontario (CER-Ontario) et\u00a0<a href=\"https:\/\/artisticswimming.ca\/fr\/athletes\/andree-anne-cote\/?lang=fr\">Andr\u00e9e-Anne C\u00f4t\u00e9<\/a>\u00a0du club h\u00f4te Qu\u00e9bec Excellence Synchro, qui ont obtenu respectivement 75,887 et 75,625.\u00a0 Plus de 170 athl\u00e8tes \u00e2g\u00e9es entre 16 et 18 ans participaient \u00e0 l\u2019\u00e9preuve.<\/p>\n<p><strong>Solo Libre Senior<\/strong><br \/>\n<strong>Ioana Gheta<\/strong>, de Synchro Laval, a livr\u00e9 une brillante prestation de son programme libre pour remporter l\u2019\u00e9preuve de solo libre senior avec un pointage de 77,5333.\u00a0<strong>Brooke Brimo<\/strong>, de Montr\u00e9al Synchro, a remport\u00e9 sa deuxi\u00e8me m\u00e9daille de la comp\u00e9tition \u2013 l\u2019argent cette fois apr\u00e8s l\u2019or d\u2019hier \u2013 avec 74,6667 alors que\u00a0<strong>Gabrielle Cadotte<\/strong>, \u00e9galement de Montr\u00e9al Synchro, compl\u00e9tait le podium gr\u00e2ce \u00e0 son pointage de 73,1333.<\/p>\n<p><strong>Pr\u00e9liminaires en \u00e9quipe 13-15<\/strong><br \/>\nLa journ\u00e9e s\u2019est termin\u00e9e avec la pr\u00e9sentation de la phase pr\u00e9liminaire en \u00e9quipes 13-15 dans laquelle les\u00a0<strong>Aquabelles de Calgary<\/strong>\u00a0ont pris la premi\u00e8re position provisoire en vertu de leur score de 75,7667.\u00a0 Suivent\u00a0<strong>Montr\u00e9al Synchro<\/strong>\u00a0en deuxi\u00e8me position avec 73,5667 et\u00a0<strong>Granite Synchro<\/strong>, de Toronto, \u00e0 71,5667.\u00a0 Les finales seront pr\u00e9sent\u00e9es en apr\u00e8s-midi samedi.<\/p>\n","protected":false},"excerpt":{"rendered":"<p>La nageuse synchronis\u00e9e\u00a0Halle Pratt, de Calgary, a remport\u00e9 l\u2019\u00e9preuve des figures junior aujourd\u2019hui aux Championnats canadiens de qualification de Synchro Canada pr\u00e9sent\u00e9s au Centre Aquatique Desjardins du PEPS de l\u2019Universit\u00e9 Laval. L\u2019athl\u00e8te des Aquabelles de Calgary, championne canadienne dans cette \u00e9preuve <a href=\"https:\/\/artisticswimming.ca\/fr\/halle-pratt-premiere-en-figures-junior-aux-championnats-de-qualification-2016\/\"> [&#8230;]<\/a><\/p>\n","protected":false},"author":3,"featured_media":0,"comment_status":"open","ping_status":"open","sticky":false,"template":"","format":"standard","meta":{"_acf_changed":false,"footnotes":""},"categories":[87,1],"tags":[],"class_list":["post-1701","post","type-post","status-publish","format-standard","hentry","category-competition-fr","category-uncategorized"],"acf":[],"yoast_head":"<!-- This site is optimized with the Yoast SEO plugin v27.2 - https:\/\/yoast.com\/product\/yoast-seo-wordpress\/ -->\n<title>Halle Pratt premi\u00e8re en figures junior aux Championnats de qualification 2016 - Natation Artistique Canada<\/title>\n<meta name=\"robots\" content=\"index, follow, max-snippet:-1, max-image-preview:large, max-video-preview:-1\" \/>\n<link rel=\"canonical\" href=\"https:\/\/artisticswimming.ca\/fr\/halle-pratt-premiere-en-figures-junior-aux-championnats-de-qualification-2016\/\" \/>\n<meta property=\"og:locale\" content=\"fr_FR\" \/>\n<meta property=\"og:type\" content=\"article\" \/>\n<meta property=\"og:title\" content=\"Halle Pratt premi\u00e8re en figures junior aux Championnats de qualification 2016 - Natation Artistique Canada\" \/>\n<meta property=\"og:description\" content=\"La nageuse synchronis\u00e9e\u00a0Halle Pratt, de Calgary, a remport\u00e9 l\u2019\u00e9preuve des figures junior aujourd\u2019hui aux Championnats canadiens de qualification de Synchro Canada pr\u00e9sent\u00e9s au Centre Aquatique Desjardins du PEPS de l\u2019Universit\u00e9 Laval. L\u2019athl\u00e8te des Aquabelles de Calgary, championne canadienne dans cette \u00e9preuve [...]\" \/>\n<meta property=\"og:url\" content=\"https:\/\/artisticswimming.ca\/fr\/halle-pratt-premiere-en-figures-junior-aux-championnats-de-qualification-2016\/\" \/>\n<meta property=\"og:site_name\" content=\"Natation Artistique Canada\" \/>\n<meta property=\"article:published_time\" content=\"2016-03-18T12:27:34+00:00\" \/>\n<meta property=\"article:modified_time\" content=\"2017-09-18T15:26:43+00:00\" \/>\n<meta property=\"og:image\" content=\"http:\/\/synchro.wpengine.com\/wp-content\/uploads\/2016\/08\/pratt-h-wide-qualif16.jpg\" \/>\n<meta name=\"author\" content=\"Myriam Cote\" \/>\n<meta name=\"twitter:card\" content=\"summary_large_image\" \/>\n<meta name=\"twitter:label1\" content=\"\u00c9crit par\" \/>\n\t<meta name=\"twitter:data1\" content=\"Myriam Cote\" \/>\n\t<meta name=\"twitter:label2\" content=\"Dur\u00e9e de lecture estim\u00e9e\" \/>\n\t<meta name=\"twitter:data2\" content=\"1 minute\" \/>\n<script type=\"application\/ld+json\" class=\"yoast-schema-graph\">{\"@context\":\"https:\/\/schema.org\",\"@graph\":[{\"@type\":\"Article\",\"@id\":\"https:\/\/artisticswimming.ca\/fr\/halle-pratt-premiere-en-figures-junior-aux-championnats-de-qualification-2016\/#article\",\"isPartOf\":{\"@id\":\"https:\/\/artisticswimming.ca\/fr\/halle-pratt-premiere-en-figures-junior-aux-championnats-de-qualification-2016\/\"},\"author\":{\"name\":\"Myriam Cote\",\"@id\":\"https:\/\/artisticswimming.ca\/fr\/#\/schema\/person\/76d6c2c9954d56641f9210cc7427bc76\"},\"headline\":\"Halle Pratt premi\u00e8re en figures junior aux Championnats de qualification 2016\",\"datePublished\":\"2016-03-18T12:27:34+00:00\",\"dateModified\":\"2017-09-18T15:26:43+00:00\",\"mainEntityOfPage\":{\"@id\":\"https:\/\/artisticswimming.ca\/fr\/halle-pratt-premiere-en-figures-junior-aux-championnats-de-qualification-2016\/\"},\"wordCount\":255,\"commentCount\":0,\"image\":{\"@id\":\"https:\/\/artisticswimming.ca\/fr\/halle-pratt-premiere-en-figures-junior-aux-championnats-de-qualification-2016\/#primaryimage\"},\"thumbnailUrl\":\"http:\/\/synchro.wpengine.com\/wp-content\/uploads\/2016\/08\/pratt-h-wide-qualif16.jpg\",\"articleSection\":[\"Comp\u00e9tition\",\"Uncategorized\"],\"inLanguage\":\"fr-FR\",\"potentialAction\":[{\"@type\":\"CommentAction\",\"name\":\"Comment\",\"target\":[\"https:\/\/artisticswimming.ca\/fr\/halle-pratt-premiere-en-figures-junior-aux-championnats-de-qualification-2016\/#respond\"]}]},{\"@type\":\"WebPage\",\"@id\":\"https:\/\/artisticswimming.ca\/fr\/halle-pratt-premiere-en-figures-junior-aux-championnats-de-qualification-2016\/\",\"url\":\"https:\/\/artisticswimming.ca\/fr\/halle-pratt-premiere-en-figures-junior-aux-championnats-de-qualification-2016\/\",\"name\":\"Halle Pratt premi\u00e8re en figures junior aux Championnats de qualification 2016 - Natation Artistique Canada\",\"isPartOf\":{\"@id\":\"https:\/\/artisticswimming.ca\/fr\/#website\"},\"primaryImageOfPage\":{\"@id\":\"https:\/\/artisticswimming.ca\/fr\/halle-pratt-premiere-en-figures-junior-aux-championnats-de-qualification-2016\/#primaryimage\"},\"image\":{\"@id\":\"https:\/\/artisticswimming.ca\/fr\/halle-pratt-premiere-en-figures-junior-aux-championnats-de-qualification-2016\/#primaryimage\"},\"thumbnailUrl\":\"http:\/\/synchro.wpengine.com\/wp-content\/uploads\/2016\/08\/pratt-h-wide-qualif16.jpg\",\"datePublished\":\"2016-03-18T12:27:34+00:00\",\"dateModified\":\"2017-09-18T15:26:43+00:00\",\"author\":{\"@id\":\"https:\/\/artisticswimming.ca\/fr\/#\/schema\/person\/76d6c2c9954d56641f9210cc7427bc76\"},\"breadcrumb\":{\"@id\":\"https:\/\/artisticswimming.ca\/fr\/halle-pratt-premiere-en-figures-junior-aux-championnats-de-qualification-2016\/#breadcrumb\"},\"inLanguage\":\"fr-FR\",\"potentialAction\":[{\"@type\":\"ReadAction\",\"target\":[\"https:\/\/artisticswimming.ca\/fr\/halle-pratt-premiere-en-figures-junior-aux-championnats-de-qualification-2016\/\"]}]},{\"@type\":\"ImageObject\",\"inLanguage\":\"fr-FR\",\"@id\":\"https:\/\/artisticswimming.ca\/fr\/halle-pratt-premiere-en-figures-junior-aux-championnats-de-qualification-2016\/#primaryimage\",\"url\":\"http:\/\/synchro.wpengine.com\/wp-content\/uploads\/2016\/08\/pratt-h-wide-qualif16.jpg\",\"contentUrl\":\"http:\/\/synchro.wpengine.com\/wp-content\/uploads\/2016\/08\/pratt-h-wide-qualif16.jpg\"},{\"@type\":\"BreadcrumbList\",\"@id\":\"https:\/\/artisticswimming.ca\/fr\/halle-pratt-premiere-en-figures-junior-aux-championnats-de-qualification-2016\/#breadcrumb\",\"itemListElement\":[{\"@type\":\"ListItem\",\"position\":1,\"name\":\"Home\",\"item\":\"https:\/\/artisticswimming.ca\/fr\/\"},{\"@type\":\"ListItem\",\"position\":2,\"name\":\"Halle Pratt premi\u00e8re en figures junior aux Championnats de qualification 2016\"}]},{\"@type\":\"WebSite\",\"@id\":\"https:\/\/artisticswimming.ca\/fr\/#website\",\"url\":\"https:\/\/artisticswimming.ca\/fr\/\",\"name\":\"Natation Artistique Canada\",\"description\":\"\",\"potentialAction\":[{\"@type\":\"SearchAction\",\"target\":{\"@type\":\"EntryPoint\",\"urlTemplate\":\"https:\/\/artisticswimming.ca\/fr\/?s={search_term_string}\"},\"query-input\":{\"@type\":\"PropertyValueSpecification\",\"valueRequired\":true,\"valueName\":\"search_term_string\"}}],\"inLanguage\":\"fr-FR\"},{\"@type\":\"Person\",\"@id\":\"https:\/\/artisticswimming.ca\/fr\/#\/schema\/person\/76d6c2c9954d56641f9210cc7427bc76\",\"name\":\"Myriam Cote\",\"image\":{\"@type\":\"ImageObject\",\"inLanguage\":\"fr-FR\",\"@id\":\"https:\/\/secure.gravatar.com\/avatar\/9636d581f11fe1ce5c868617703e52ebeddf65bc5ba83eda388709ba9ad9da61?s=96&d=mm&r=g\",\"url\":\"https:\/\/secure.gravatar.com\/avatar\/9636d581f11fe1ce5c868617703e52ebeddf65bc5ba83eda388709ba9ad9da61?s=96&d=mm&r=g\",\"contentUrl\":\"https:\/\/secure.gravatar.com\/avatar\/9636d581f11fe1ce5c868617703e52ebeddf65bc5ba83eda388709ba9ad9da61?s=96&d=mm&r=g\",\"caption\":\"Myriam Cote\"},\"url\":\"https:\/\/artisticswimming.ca\/fr\/author\/myriam\/\"}]}<\/script>\n<!-- \/ Yoast SEO plugin. -->","yoast_head_json":{"title":"Halle Pratt premi\u00e8re en figures junior aux Championnats de qualification 2016 - Natation Artistique Canada","robots":{"index":"index","follow":"follow","max-snippet":"max-snippet:-1","max-image-preview":"max-image-preview:large","max-video-preview":"max-video-preview:-1"},"canonical":"https:\/\/artisticswimming.ca\/fr\/halle-pratt-premiere-en-figures-junior-aux-championnats-de-qualification-2016\/","og_locale":"fr_FR","og_type":"article","og_title":"Halle Pratt premi\u00e8re en figures junior aux Championnats de qualification 2016 - Natation Artistique Canada","og_description":"La nageuse synchronis\u00e9e\u00a0Halle Pratt, de Calgary, a remport\u00e9 l\u2019\u00e9preuve des figures junior aujourd\u2019hui aux Championnats canadiens de qualification de Synchro Canada pr\u00e9sent\u00e9s au Centre Aquatique Desjardins du PEPS de l\u2019Universit\u00e9 Laval. L\u2019athl\u00e8te des Aquabelles de Calgary, championne canadienne dans cette \u00e9preuve [...]","og_url":"https:\/\/artisticswimming.ca\/fr\/halle-pratt-premiere-en-figures-junior-aux-championnats-de-qualification-2016\/","og_site_name":"Natation Artistique Canada","article_published_time":"2016-03-18T12:27:34+00:00","article_modified_time":"2017-09-18T15:26:43+00:00","og_image":[{"url":"http:\/\/synchro.wpengine.com\/wp-content\/uploads\/2016\/08\/pratt-h-wide-qualif16.jpg","type":"","width":"","height":""}],"author":"Myriam Cote","twitter_card":"summary_large_image","twitter_misc":{"\u00c9crit par":"Myriam Cote","Dur\u00e9e de lecture estim\u00e9e":"1 minute"},"schema":{"@context":"https:\/\/schema.org","@graph":[{"@type":"Article","@id":"https:\/\/artisticswimming.ca\/fr\/halle-pratt-premiere-en-figures-junior-aux-championnats-de-qualification-2016\/#article","isPartOf":{"@id":"https:\/\/artisticswimming.ca\/fr\/halle-pratt-premiere-en-figures-junior-aux-championnats-de-qualification-2016\/"},"author":{"name":"Myriam Cote","@id":"https:\/\/artisticswimming.ca\/fr\/#\/schema\/person\/76d6c2c9954d56641f9210cc7427bc76"},"headline":"Halle Pratt premi\u00e8re en figures junior aux Championnats de qualification 2016","datePublished":"2016-03-18T12:27:34+00:00","dateModified":"2017-09-18T15:26:43+00:00","mainEntityOfPage":{"@id":"https:\/\/artisticswimming.ca\/fr\/halle-pratt-premiere-en-figures-junior-aux-championnats-de-qualification-2016\/"},"wordCount":255,"commentCount":0,"image":{"@id":"https:\/\/artisticswimming.ca\/fr\/halle-pratt-premiere-en-figures-junior-aux-championnats-de-qualification-2016\/#primaryimage"},"thumbnailUrl":"http:\/\/synchro.wpengine.com\/wp-content\/uploads\/2016\/08\/pratt-h-wide-qualif16.jpg","articleSection":["Comp\u00e9tition","Uncategorized"],"inLanguage":"fr-FR","potentialAction":[{"@type":"CommentAction","name":"Comment","target":["https:\/\/artisticswimming.ca\/fr\/halle-pratt-premiere-en-figures-junior-aux-championnats-de-qualification-2016\/#respond"]}]},{"@type":"WebPage","@id":"https:\/\/artisticswimming.ca\/fr\/halle-pratt-premiere-en-figures-junior-aux-championnats-de-qualification-2016\/","url":"https:\/\/artisticswimming.ca\/fr\/halle-pratt-premiere-en-figures-junior-aux-championnats-de-qualification-2016\/","name":"Halle Pratt premi\u00e8re en figures junior aux Championnats de qualification 2016 - Natation Artistique Canada","isPartOf":{"@id":"https:\/\/artisticswimming.ca\/fr\/#website"},"primaryImageOfPage":{"@id":"https:\/\/artisticswimming.ca\/fr\/halle-pratt-premiere-en-figures-junior-aux-championnats-de-qualification-2016\/#primaryimage"},"image":{"@id":"https:\/\/artisticswimming.ca\/fr\/halle-pratt-premiere-en-figures-junior-aux-championnats-de-qualification-2016\/#primaryimage"},"thumbnailUrl":"http:\/\/synchro.wpengine.com\/wp-content\/uploads\/2016\/08\/pratt-h-wide-qualif16.jpg","datePublished":"2016-03-18T12:27:34+00:00","dateModified":"2017-09-18T15:26:43+00:00","author":{"@id":"https:\/\/artisticswimming.ca\/fr\/#\/schema\/person\/76d6c2c9954d56641f9210cc7427bc76"},"breadcrumb":{"@id":"https:\/\/artisticswimming.ca\/fr\/halle-pratt-premiere-en-figures-junior-aux-championnats-de-qualification-2016\/#breadcrumb"},"inLanguage":"fr-FR","potentialAction":[{"@type":"ReadAction","target":["https:\/\/artisticswimming.ca\/fr\/halle-pratt-premiere-en-figures-junior-aux-championnats-de-qualification-2016\/"]}]},{"@type":"ImageObject","inLanguage":"fr-FR","@id":"https:\/\/artisticswimming.ca\/fr\/halle-pratt-premiere-en-figures-junior-aux-championnats-de-qualification-2016\/#primaryimage","url":"http:\/\/synchro.wpengine.com\/wp-content\/uploads\/2016\/08\/pratt-h-wide-qualif16.jpg","contentUrl":"http:\/\/synchro.wpengine.com\/wp-content\/uploads\/2016\/08\/pratt-h-wide-qualif16.jpg"},{"@type":"BreadcrumbList","@id":"https:\/\/artisticswimming.ca\/fr\/halle-pratt-premiere-en-figures-junior-aux-championnats-de-qualification-2016\/#breadcrumb","itemListElement":[{"@type":"ListItem","position":1,"name":"Home","item":"https:\/\/artisticswimming.ca\/fr\/"},{"@type":"ListItem","position":2,"name":"Halle Pratt premi\u00e8re en figures junior aux Championnats de qualification 2016"}]},{"@type":"WebSite","@id":"https:\/\/artisticswimming.ca\/fr\/#website","url":"https:\/\/artisticswimming.ca\/fr\/","name":"Natation Artistique Canada","description":"","potentialAction":[{"@type":"SearchAction","target":{"@type":"EntryPoint","urlTemplate":"https:\/\/artisticswimming.ca\/fr\/?s={search_term_string}"},"query-input":{"@type":"PropertyValueSpecification","valueRequired":true,"valueName":"search_term_string"}}],"inLanguage":"fr-FR"},{"@type":"Person","@id":"https:\/\/artisticswimming.ca\/fr\/#\/schema\/person\/76d6c2c9954d56641f9210cc7427bc76","name":"Myriam Cote","image":{"@type":"ImageObject","inLanguage":"fr-FR","@id":"https:\/\/secure.gravatar.com\/avatar\/9636d581f11fe1ce5c868617703e52ebeddf65bc5ba83eda388709ba9ad9da61?s=96&d=mm&r=g","url":"https:\/\/secure.gravatar.com\/avatar\/9636d581f11fe1ce5c868617703e52ebeddf65bc5ba83eda388709ba9ad9da61?s=96&d=mm&r=g","contentUrl":"https:\/\/secure.gravatar.com\/avatar\/9636d581f11fe1ce5c868617703e52ebeddf65bc5ba83eda388709ba9ad9da61?s=96&d=mm&r=g","caption":"Myriam Cote"},"url":"https:\/\/artisticswimming.ca\/fr\/author\/myriam\/"}]}},"_links":{"self":[{"href":"https:\/\/artisticswimming.ca\/fr\/wp-json\/wp\/v2\/posts\/1701","targetHints":{"allow":["GET"]}}],"collection":[{"href":"https:\/\/artisticswimming.ca\/fr\/wp-json\/wp\/v2\/posts"}],"about":[{"href":"https:\/\/artisticswimming.ca\/fr\/wp-json\/wp\/v2\/types\/post"}],"author":[{"embeddable":true,"href":"https:\/\/artisticswimming.ca\/fr\/wp-json\/wp\/v2\/users\/3"}],"replies":[{"embeddable":true,"href":"https:\/\/artisticswimming.ca\/fr\/wp-json\/wp\/v2\/comments?post=1701"}],"version-history":[{"count":0,"href":"https:\/\/artisticswimming.ca\/fr\/wp-json\/wp\/v2\/posts\/1701\/revisions"}],"wp:attachment":[{"href":"https:\/\/artisticswimming.ca\/fr\/wp-json\/wp\/v2\/media?parent=1701"}],"wp:term":[{"taxonomy":"category","embeddable":true,"href":"https:\/\/artisticswimming.ca\/fr\/wp-json\/wp\/v2\/categories?post=1701"},{"taxonomy":"post_tag","embeddable":true,"href":"https:\/\/artisticswimming.ca\/fr\/wp-json\/wp\/v2\/tags?post=1701"}],"curies":[{"name":"wp","href":"https:\/\/api.w.org\/{rel}","templated":true}]}}