{"id":17940,"date":"2024-09-25T16:30:44","date_gmt":"2024-09-25T20:30:44","guid":{"rendered":"https:\/\/artisticswimming.ca\/canada-artistic-swimming-announces-departure-of-senior-national-team-head-coach-2\/"},"modified":"2024-09-25T16:36:19","modified_gmt":"2024-09-25T20:36:19","slug":"canada-artistic-swimming-announces-departure-of-senior-national-team-head-coach-2","status":"publish","type":"post","link":"https:\/\/artisticswimming.ca\/fr\/canada-artistic-swimming-announces-departure-of-senior-national-team-head-coach-2\/","title":{"rendered":"Natation Artistique Canada annonce le d\u00e9part de l\u2019entraineure-chef de l\u2019\u00e9quipe nationale senior"},"content":{"rendered":"<div class=\"fusion-fullwidth fullwidth-box fusion-builder-row-1 fusion-flex-container has-pattern-background has-mask-background nonhundred-percent-fullwidth non-hundred-percent-height-scrolling\" style=\"--awb-border-radius-top-left:0px;--awb-border-radius-top-right:0px;--awb-border-radius-bottom-right:0px;--awb-border-radius-bottom-left:0px;--awb-flex-wrap:wrap;\" ><div class=\"fusion-builder-row fusion-row fusion-flex-align-items-flex-start fusion-flex-content-wrap\" style=\"max-width:1248px;margin-left: calc(-4% \/ 2 );margin-right: calc(-4% \/ 2 );\"><div class=\"fusion-layout-column fusion_builder_column fusion-builder-column-0 fusion_builder_column_1_1 1_1 fusion-flex-column\" style=\"--awb-bg-size:cover;--awb-width-large:100%;--awb-margin-top-large:0px;--awb-spacing-right-large:1.92%;--awb-margin-bottom-large:20px;--awb-spacing-left-large:1.92%;--awb-width-medium:100%;--awb-order-medium:0;--awb-spacing-right-medium:1.92%;--awb-spacing-left-medium:1.92%;--awb-width-small:100%;--awb-order-small:0;--awb-spacing-right-small:1.92%;--awb-spacing-left-small:1.92%;\"><div class=\"fusion-column-wrapper fusion-column-has-shadow fusion-flex-justify-content-flex-start fusion-content-layout-column\"><div class=\"fusion-text fusion-text-1\"><p>Natation Artistique Canada (NAC) annonce avoir rompu les liens avec l&rsquo;entraineure-chef de l&rsquo;\u00e9quipe nationale senior, <strong>Anna Voloshyna<\/strong>, qui avait rejoint l&rsquo;\u00e9quipe de haute performance en f\u00e9vrier 2024 et men\u00e9 l&rsquo;\u00e9quipe \u00e0 une 6e place aux Jeux olympiques de Paris 2024.<\/p>\n<p>Alors que nous entamons un nouveau cycle olympique, une \u00e9quipe comp\u00e9tente d&rsquo;entraineures de haute performance dirigera l&rsquo;\u00e9quipe senior dans sa pr\u00e9paration pour la saison des Championnats du monde 2025. La s\u00e9lection de l\u2019\u00e9quipe du Centre d\u2019Excellence est en cours, et l&rsquo;entra\u00eenement reprendra cet automne. La saison \u00e0 venir comprend un calendrier complet de comp\u00e9titions de Coupe du monde menant aux Championnats du monde de Singapour en juillet 2025.<\/p>\n<p>Nous souhaitons \u00e0 Anna tout le succ\u00e8s dans ses projets futurs et la remercions pour sa contribution \u00e0 l&rsquo;\u00e9quipe.<\/p>\n<\/div><\/div><\/div><\/div><\/div>\n","protected":false},"excerpt":{"rendered":"","protected":false},"author":2,"featured_media":12645,"comment_status":"open","ping_status":"open","sticky":false,"template":"","format":"standard","meta":{"_acf_changed":false,"footnotes":""},"categories":[79,73],"tags":[],"class_list":["post-17940","post","type-post","status-publish","format-standard","has-post-thumbnail","hentry","category-equipe-nationale-senior","category-nouvelles"],"acf":[],"yoast_head":"<!-- This site is optimized with the Yoast SEO plugin v27.2 - https:\/\/yoast.com\/product\/yoast-seo-wordpress\/ -->\n<title>Natation Artistique Canada annonce le d\u00e9part de l\u2019entraineure-chef de l\u2019\u00e9quipe nationale senior - Natation Artistique Canada<\/title>\n<meta name=\"robots\" content=\"index, follow, max-snippet:-1, max-image-preview:large, max-video-preview:-1\" \/>\n<link rel=\"canonical\" href=\"https:\/\/artisticswimming.ca\/fr\/canada-artistic-swimming-announces-departure-of-senior-national-team-head-coach-2\/\" \/>\n<meta property=\"og:locale\" content=\"fr_FR\" \/>\n<meta property=\"og:type\" content=\"article\" \/>\n<meta property=\"og:title\" content=\"Natation Artistique Canada annonce le d\u00e9part de l\u2019entraineure-chef de l\u2019\u00e9quipe nationale senior - Natation Artistique Canada\" \/>\n<meta property=\"og:url\" content=\"https:\/\/artisticswimming.ca\/fr\/canada-artistic-swimming-announces-departure-of-senior-national-team-head-coach-2\/\" \/>\n<meta property=\"og:site_name\" content=\"Natation Artistique Canada\" \/>\n<meta property=\"article:published_time\" content=\"2024-09-25T20:30:44+00:00\" \/>\n<meta property=\"article:modified_time\" content=\"2024-09-25T20:36:19+00:00\" \/>\n<meta property=\"og:image\" content=\"http:\/\/artisticswimming.ca\/wp-content\/uploads\/2022\/01\/CAS-Generic-slider-artwork-Aqua-with-icon.jpg\" \/>\n\t<meta property=\"og:image:width\" content=\"2400\" \/>\n\t<meta property=\"og:image:height\" content=\"1000\" \/>\n\t<meta property=\"og:image:type\" content=\"image\/jpeg\" \/>\n<meta name=\"author\" content=\"synchro\" \/>\n<meta name=\"twitter:card\" content=\"summary_large_image\" \/>\n<meta name=\"twitter:label1\" content=\"\u00c9crit par\" \/>\n\t<meta name=\"twitter:data1\" content=\"synchro\" \/>\n\t<meta name=\"twitter:label2\" content=\"Dur\u00e9e de lecture estim\u00e9e\" \/>\n\t<meta name=\"twitter:data2\" content=\"1 minute\" \/>\n<script type=\"application\/ld+json\" class=\"yoast-schema-graph\">{\"@context\":\"https:\/\/schema.org\",\"@graph\":[{\"@type\":\"Article\",\"@id\":\"https:\/\/artisticswimming.ca\/fr\/canada-artistic-swimming-announces-departure-of-senior-national-team-head-coach-2\/#article\",\"isPartOf\":{\"@id\":\"https:\/\/artisticswimming.ca\/fr\/canada-artistic-swimming-announces-departure-of-senior-national-team-head-coach-2\/\"},\"author\":{\"name\":\"synchro\",\"@id\":\"https:\/\/artisticswimming.ca\/fr\/#\/schema\/person\/7d2ab10f01ba748d0dac4f1fbc7df175\"},\"headline\":\"Natation Artistique Canada annonce le d\u00e9part de l\u2019entraineure-chef de l\u2019\u00e9quipe nationale senior\",\"datePublished\":\"2024-09-25T20:30:44+00:00\",\"dateModified\":\"2024-09-25T20:36:19+00:00\",\"mainEntityOfPage\":{\"@id\":\"https:\/\/artisticswimming.ca\/fr\/canada-artistic-swimming-announces-departure-of-senior-national-team-head-coach-2\/\"},\"wordCount\":1191,\"commentCount\":0,\"image\":{\"@id\":\"https:\/\/artisticswimming.ca\/fr\/canada-artistic-swimming-announces-departure-of-senior-national-team-head-coach-2\/#primaryimage\"},\"thumbnailUrl\":\"https:\/\/artisticswimming.ca\/wp-content\/uploads\/2022\/01\/CAS-Generic-slider-artwork-Aqua-with-icon.jpg\",\"articleSection\":[\"\u00c9quipe nationale senior\",\"Nouvelles\"],\"inLanguage\":\"fr-FR\",\"potentialAction\":[{\"@type\":\"CommentAction\",\"name\":\"Comment\",\"target\":[\"https:\/\/artisticswimming.ca\/fr\/canada-artistic-swimming-announces-departure-of-senior-national-team-head-coach-2\/#respond\"]}]},{\"@type\":\"WebPage\",\"@id\":\"https:\/\/artisticswimming.ca\/fr\/canada-artistic-swimming-announces-departure-of-senior-national-team-head-coach-2\/\",\"url\":\"https:\/\/artisticswimming.ca\/fr\/canada-artistic-swimming-announces-departure-of-senior-national-team-head-coach-2\/\",\"name\":\"Natation Artistique Canada annonce le d\u00e9part de l\u2019entraineure-chef de l\u2019\u00e9quipe nationale senior - Natation Artistique Canada\",\"isPartOf\":{\"@id\":\"https:\/\/artisticswimming.ca\/fr\/#website\"},\"primaryImageOfPage\":{\"@id\":\"https:\/\/artisticswimming.ca\/fr\/canada-artistic-swimming-announces-departure-of-senior-national-team-head-coach-2\/#primaryimage\"},\"image\":{\"@id\":\"https:\/\/artisticswimming.ca\/fr\/canada-artistic-swimming-announces-departure-of-senior-national-team-head-coach-2\/#primaryimage\"},\"thumbnailUrl\":\"https:\/\/artisticswimming.ca\/wp-content\/uploads\/2022\/01\/CAS-Generic-slider-artwork-Aqua-with-icon.jpg\",\"datePublished\":\"2024-09-25T20:30:44+00:00\",\"dateModified\":\"2024-09-25T20:36:19+00:00\",\"author\":{\"@id\":\"https:\/\/artisticswimming.ca\/fr\/#\/schema\/person\/7d2ab10f01ba748d0dac4f1fbc7df175\"},\"breadcrumb\":{\"@id\":\"https:\/\/artisticswimming.ca\/fr\/canada-artistic-swimming-announces-departure-of-senior-national-team-head-coach-2\/#breadcrumb\"},\"inLanguage\":\"fr-FR\",\"potentialAction\":[{\"@type\":\"ReadAction\",\"target\":[\"https:\/\/artisticswimming.ca\/fr\/canada-artistic-swimming-announces-departure-of-senior-national-team-head-coach-2\/\"]}]},{\"@type\":\"ImageObject\",\"inLanguage\":\"fr-FR\",\"@id\":\"https:\/\/artisticswimming.ca\/fr\/canada-artistic-swimming-announces-departure-of-senior-national-team-head-coach-2\/#primaryimage\",\"url\":\"https:\/\/artisticswimming.ca\/wp-content\/uploads\/2022\/01\/CAS-Generic-slider-artwork-Aqua-with-icon.jpg\",\"contentUrl\":\"https:\/\/artisticswimming.ca\/wp-content\/uploads\/2022\/01\/CAS-Generic-slider-artwork-Aqua-with-icon.jpg\",\"width\":2400,\"height\":1000},{\"@type\":\"BreadcrumbList\",\"@id\":\"https:\/\/artisticswimming.ca\/fr\/canada-artistic-swimming-announces-departure-of-senior-national-team-head-coach-2\/#breadcrumb\",\"itemListElement\":[{\"@type\":\"ListItem\",\"position\":1,\"name\":\"Home\",\"item\":\"https:\/\/artisticswimming.ca\/fr\/\"},{\"@type\":\"ListItem\",\"position\":2,\"name\":\"Natation Artistique Canada annonce le d\u00e9part de l\u2019entraineure-chef de l\u2019\u00e9quipe nationale senior\"}]},{\"@type\":\"WebSite\",\"@id\":\"https:\/\/artisticswimming.ca\/fr\/#website\",\"url\":\"https:\/\/artisticswimming.ca\/fr\/\",\"name\":\"Natation Artistique Canada\",\"description\":\"\",\"potentialAction\":[{\"@type\":\"SearchAction\",\"target\":{\"@type\":\"EntryPoint\",\"urlTemplate\":\"https:\/\/artisticswimming.ca\/fr\/?s={search_term_string}\"},\"query-input\":{\"@type\":\"PropertyValueSpecification\",\"valueRequired\":true,\"valueName\":\"search_term_string\"}}],\"inLanguage\":\"fr-FR\"},{\"@type\":\"Person\",\"@id\":\"https:\/\/artisticswimming.ca\/fr\/#\/schema\/person\/7d2ab10f01ba748d0dac4f1fbc7df175\",\"name\":\"synchro\",\"image\":{\"@type\":\"ImageObject\",\"inLanguage\":\"fr-FR\",\"@id\":\"https:\/\/secure.gravatar.com\/avatar\/4f24abe719ecc22eef668a9e15d4025dca4fa935812f917fcc233935f5e1db5e?s=96&d=mm&r=g\",\"url\":\"https:\/\/secure.gravatar.com\/avatar\/4f24abe719ecc22eef668a9e15d4025dca4fa935812f917fcc233935f5e1db5e?s=96&d=mm&r=g\",\"contentUrl\":\"https:\/\/secure.gravatar.com\/avatar\/4f24abe719ecc22eef668a9e15d4025dca4fa935812f917fcc233935f5e1db5e?s=96&d=mm&r=g\",\"caption\":\"synchro\"},\"sameAs\":[\"http:\/\/synchro.wpengine.com\"],\"url\":\"https:\/\/artisticswimming.ca\/fr\/author\/synchro\/\"}]}<\/script>\n<!-- \/ Yoast SEO plugin. -->","yoast_head_json":{"title":"Natation Artistique Canada annonce le d\u00e9part de l\u2019entraineure-chef de l\u2019\u00e9quipe nationale senior - Natation Artistique Canada","robots":{"index":"index","follow":"follow","max-snippet":"max-snippet:-1","max-image-preview":"max-image-preview:large","max-video-preview":"max-video-preview:-1"},"canonical":"https:\/\/artisticswimming.ca\/fr\/canada-artistic-swimming-announces-departure-of-senior-national-team-head-coach-2\/","og_locale":"fr_FR","og_type":"article","og_title":"Natation Artistique Canada annonce le d\u00e9part de l\u2019entraineure-chef de l\u2019\u00e9quipe nationale senior - Natation Artistique Canada","og_url":"https:\/\/artisticswimming.ca\/fr\/canada-artistic-swimming-announces-departure-of-senior-national-team-head-coach-2\/","og_site_name":"Natation Artistique Canada","article_published_time":"2024-09-25T20:30:44+00:00","article_modified_time":"2024-09-25T20:36:19+00:00","og_image":[{"width":2400,"height":1000,"url":"http:\/\/artisticswimming.ca\/wp-content\/uploads\/2022\/01\/CAS-Generic-slider-artwork-Aqua-with-icon.jpg","type":"image\/jpeg"}],"author":"synchro","twitter_card":"summary_large_image","twitter_misc":{"\u00c9crit par":"synchro","Dur\u00e9e de lecture estim\u00e9e":"1 minute"},"schema":{"@context":"https:\/\/schema.org","@graph":[{"@type":"Article","@id":"https:\/\/artisticswimming.ca\/fr\/canada-artistic-swimming-announces-departure-of-senior-national-team-head-coach-2\/#article","isPartOf":{"@id":"https:\/\/artisticswimming.ca\/fr\/canada-artistic-swimming-announces-departure-of-senior-national-team-head-coach-2\/"},"author":{"name":"synchro","@id":"https:\/\/artisticswimming.ca\/fr\/#\/schema\/person\/7d2ab10f01ba748d0dac4f1fbc7df175"},"headline":"Natation Artistique Canada annonce le d\u00e9part de l\u2019entraineure-chef de l\u2019\u00e9quipe nationale senior","datePublished":"2024-09-25T20:30:44+00:00","dateModified":"2024-09-25T20:36:19+00:00","mainEntityOfPage":{"@id":"https:\/\/artisticswimming.ca\/fr\/canada-artistic-swimming-announces-departure-of-senior-national-team-head-coach-2\/"},"wordCount":1191,"commentCount":0,"image":{"@id":"https:\/\/artisticswimming.ca\/fr\/canada-artistic-swimming-announces-departure-of-senior-national-team-head-coach-2\/#primaryimage"},"thumbnailUrl":"https:\/\/artisticswimming.ca\/wp-content\/uploads\/2022\/01\/CAS-Generic-slider-artwork-Aqua-with-icon.jpg","articleSection":["\u00c9quipe nationale senior","Nouvelles"],"inLanguage":"fr-FR","potentialAction":[{"@type":"CommentAction","name":"Comment","target":["https:\/\/artisticswimming.ca\/fr\/canada-artistic-swimming-announces-departure-of-senior-national-team-head-coach-2\/#respond"]}]},{"@type":"WebPage","@id":"https:\/\/artisticswimming.ca\/fr\/canada-artistic-swimming-announces-departure-of-senior-national-team-head-coach-2\/","url":"https:\/\/artisticswimming.ca\/fr\/canada-artistic-swimming-announces-departure-of-senior-national-team-head-coach-2\/","name":"Natation Artistique Canada annonce le d\u00e9part de l\u2019entraineure-chef de l\u2019\u00e9quipe nationale senior - Natation Artistique Canada","isPartOf":{"@id":"https:\/\/artisticswimming.ca\/fr\/#website"},"primaryImageOfPage":{"@id":"https:\/\/artisticswimming.ca\/fr\/canada-artistic-swimming-announces-departure-of-senior-national-team-head-coach-2\/#primaryimage"},"image":{"@id":"https:\/\/artisticswimming.ca\/fr\/canada-artistic-swimming-announces-departure-of-senior-national-team-head-coach-2\/#primaryimage"},"thumbnailUrl":"https:\/\/artisticswimming.ca\/wp-content\/uploads\/2022\/01\/CAS-Generic-slider-artwork-Aqua-with-icon.jpg","datePublished":"2024-09-25T20:30:44+00:00","dateModified":"2024-09-25T20:36:19+00:00","author":{"@id":"https:\/\/artisticswimming.ca\/fr\/#\/schema\/person\/7d2ab10f01ba748d0dac4f1fbc7df175"},"breadcrumb":{"@id":"https:\/\/artisticswimming.ca\/fr\/canada-artistic-swimming-announces-departure-of-senior-national-team-head-coach-2\/#breadcrumb"},"inLanguage":"fr-FR","potentialAction":[{"@type":"ReadAction","target":["https:\/\/artisticswimming.ca\/fr\/canada-artistic-swimming-announces-departure-of-senior-national-team-head-coach-2\/"]}]},{"@type":"ImageObject","inLanguage":"fr-FR","@id":"https:\/\/artisticswimming.ca\/fr\/canada-artistic-swimming-announces-departure-of-senior-national-team-head-coach-2\/#primaryimage","url":"https:\/\/artisticswimming.ca\/wp-content\/uploads\/2022\/01\/CAS-Generic-slider-artwork-Aqua-with-icon.jpg","contentUrl":"https:\/\/artisticswimming.ca\/wp-content\/uploads\/2022\/01\/CAS-Generic-slider-artwork-Aqua-with-icon.jpg","width":2400,"height":1000},{"@type":"BreadcrumbList","@id":"https:\/\/artisticswimming.ca\/fr\/canada-artistic-swimming-announces-departure-of-senior-national-team-head-coach-2\/#breadcrumb","itemListElement":[{"@type":"ListItem","position":1,"name":"Home","item":"https:\/\/artisticswimming.ca\/fr\/"},{"@type":"ListItem","position":2,"name":"Natation Artistique Canada annonce le d\u00e9part de l\u2019entraineure-chef de l\u2019\u00e9quipe nationale senior"}]},{"@type":"WebSite","@id":"https:\/\/artisticswimming.ca\/fr\/#website","url":"https:\/\/artisticswimming.ca\/fr\/","name":"Natation Artistique Canada","description":"","potentialAction":[{"@type":"SearchAction","target":{"@type":"EntryPoint","urlTemplate":"https:\/\/artisticswimming.ca\/fr\/?s={search_term_string}"},"query-input":{"@type":"PropertyValueSpecification","valueRequired":true,"valueName":"search_term_string"}}],"inLanguage":"fr-FR"},{"@type":"Person","@id":"https:\/\/artisticswimming.ca\/fr\/#\/schema\/person\/7d2ab10f01ba748d0dac4f1fbc7df175","name":"synchro","image":{"@type":"ImageObject","inLanguage":"fr-FR","@id":"https:\/\/secure.gravatar.com\/avatar\/4f24abe719ecc22eef668a9e15d4025dca4fa935812f917fcc233935f5e1db5e?s=96&d=mm&r=g","url":"https:\/\/secure.gravatar.com\/avatar\/4f24abe719ecc22eef668a9e15d4025dca4fa935812f917fcc233935f5e1db5e?s=96&d=mm&r=g","contentUrl":"https:\/\/secure.gravatar.com\/avatar\/4f24abe719ecc22eef668a9e15d4025dca4fa935812f917fcc233935f5e1db5e?s=96&d=mm&r=g","caption":"synchro"},"sameAs":["http:\/\/synchro.wpengine.com"],"url":"https:\/\/artisticswimming.ca\/fr\/author\/synchro\/"}]}},"_links":{"self":[{"href":"https:\/\/artisticswimming.ca\/fr\/wp-json\/wp\/v2\/posts\/17940","targetHints":{"allow":["GET"]}}],"collection":[{"href":"https:\/\/artisticswimming.ca\/fr\/wp-json\/wp\/v2\/posts"}],"about":[{"href":"https:\/\/artisticswimming.ca\/fr\/wp-json\/wp\/v2\/types\/post"}],"author":[{"embeddable":true,"href":"https:\/\/artisticswimming.ca\/fr\/wp-json\/wp\/v2\/users\/2"}],"replies":[{"embeddable":true,"href":"https:\/\/artisticswimming.ca\/fr\/wp-json\/wp\/v2\/comments?post=17940"}],"version-history":[{"count":0,"href":"https:\/\/artisticswimming.ca\/fr\/wp-json\/wp\/v2\/posts\/17940\/revisions"}],"wp:featuredmedia":[{"embeddable":true,"href":"https:\/\/artisticswimming.ca\/fr\/wp-json\/wp\/v2\/media\/12645"}],"wp:attachment":[{"href":"https:\/\/artisticswimming.ca\/fr\/wp-json\/wp\/v2\/media?parent=17940"}],"wp:term":[{"taxonomy":"category","embeddable":true,"href":"https:\/\/artisticswimming.ca\/fr\/wp-json\/wp\/v2\/categories?post=17940"},{"taxonomy":"post_tag","embeddable":true,"href":"https:\/\/artisticswimming.ca\/fr\/wp-json\/wp\/v2\/tags?post=17940"}],"curies":[{"name":"wp","href":"https:\/\/api.w.org\/{rel}","templated":true}]}}