{"id":2508,"date":"2016-11-18T02:06:25","date_gmt":"2016-11-18T02:06:25","guid":{"rendered":"http:\/\/artisticswim.wpengine.com\/?p=2508&#038;lang=fr"},"modified":"2017-05-26T12:24:40","modified_gmt":"2017-05-26T12:24:40","slug":"annabelle-frappier-de-saint-hyacinthe-prend-sa-retraite","status":"publish","type":"post","link":"https:\/\/artisticswimming.ca\/fr\/annabelle-frappier-de-saint-hyacinthe-prend-sa-retraite\/","title":{"rendered":"Annabelle Frappier, de Saint-Hyacinthe, prend sa retraite"},"content":{"rendered":"<p>Ce qui a d\u00e9but\u00e9 par le simple plaisir de jouer dans l&rsquo;eau a conduit <strong>Annabelle Frappier<\/strong> \u00e0 une carri\u00e8re sportive internationale lorsqu&rsquo;elle a commenc\u00e9 la nage synchronis\u00e9e \u00e0 l&rsquo;\u00e2ge de 7 ans. Attir\u00e9e au d\u00e9part par le c\u00f4t\u00e9 artistique du sport, elle pass\u00e9 six ans en tant que membre de l&rsquo;\u00e9quipe nationale senior de Synchro Canada.<\/p>\n<p>\u00ab Mes 6 ann\u00e9es au sein de l\u2019\u00e9quipe nationale furent marquantes \u00bb, a d\u00e9clar\u00e9 Frappier en annoncant sa retraite. \u00ab Elles m\u2019ont permis de voyager, de partager des exp\u00e9riences enrichissantes avec mes co\u00e9quipi\u00e8res, de surmonter bien des obstacles mais surtout de vivre de grands moments. \u00bb<\/p>\n<p>Annabelle a fait ses d\u00e9buts internationaux en 2009 lors des Championnats panam\u00e9ricains juniors o\u00f9 elle a remport\u00e9 l&rsquo;or dans les \u00e9preuves en duo et en \u00e9quipe. L&rsquo;ann\u00e9e suivante, elle a remport\u00e9 une m\u00e9daille de bronze dans l&rsquo;\u00e9preuve par \u00e9quipe aux Championnats du Monde juniors de la FINA et a \u00e9galement fait ses d\u00e9buts internationaux senior au Troph\u00e9e mondial de la FINA, une comp\u00e9tition qui c\u00e9l\u00e8bre la beaut\u00e9 et le c\u00f4t\u00e9 artistique de la nage synchronis\u00e9e.<\/p>\n<p>En 2013, Annabelle a particip\u00e9 \u00e0 l&rsquo;\u00e9preuve d&rsquo;\u00e9quipe technique aux championnats du monde de la FINA. Elle a \u00e9galement fait partie de l&rsquo;\u00e9quipe de la Coupe du monde FINA en 2014 et de l&rsquo;\u00e9quipe qui a remport\u00e9 l&rsquo;or aux Jeux panam\u00e9ricains de Toronto en 2015. Sa derni\u00e8re comp\u00e9tition aura \u00e9t\u00e9 le tournoi de qualification olympique de 2016 \u00e0 Rio de Janeiro, au Br\u00e9sil, o\u00f9 l&rsquo;\u00e9quipe a termin\u00e9 quatri\u00e8me.<\/p>\n<p>Au cours de sa carri\u00e8re, elle a repr\u00e9sent\u00e9 les Vestales de Saint-Hyacinthe ainsi que Montr\u00e9al Synchro. Elle s&rsquo;entrainait au Centre d&rsquo;excellence de Montr\u00e9al depuis 2010. Elle a repr\u00e9sent\u00e9 le Canada dans diff\u00e9rents pays du monde, mais son plus beau souvenir en carri\u00e8re a eu lieu dans sa terre natale, lorsqu&rsquo;elle a remport\u00e9 l&rsquo;or dans l&rsquo;\u00e9preuve par \u00e9quipe aux Jeux panam\u00e9ricains de Toronto en 2015 : \u00ab Remporter l&rsquo;or \u00e0 la maison, devant une foule si partisane, fut tout simplement inoubliable.\u00a0\u00bb<\/p>\n<p>L&rsquo;entraineure-chef de l&rsquo;\u00e9quipe nationale senior, <strong>Meng Chen<\/strong>, va s&rsquo;ennuyer du sourire et de la passion d&rsquo;Annabelle pour son sport. \u00ab Annabelle aime la nage synchronis\u00e9e et elle nous manquera beaucoup au Centre d&rsquo;excellence. Elle a \u00e9t\u00e9 une repr\u00e9sentante formidable de notre sport et de notre pays et au nom de tous les membres de Synchro Canada et de notre \u00e9quipe de soutien ici au Centre d&rsquo;excellence, je veux la remercier pour tout ce qu&rsquo;elle a contribu\u00e9 \u00e0 notre sport. \u00bb<\/p>\n<p>\u00abJe tiens \u00e0 remercier Meng Chen qui m&rsquo;a aid\u00e9 \u00e0 me r\u00e9aliser dans mon sport \u00bb, a d\u00e9clar\u00e9 Frappier, qui \u00e9tudie actuellement \u00e0 l&rsquo;Universit\u00e9 de Montr\u00e9al. \u00ab Je tiens aussi \u00e0 exprimer toute ma reconnaissance pour ma famille qui m\u2019a appuy\u00e9 depuis le tout d\u00e9but de ma carri\u00e8re sportive et ce, durant ces 17 ann\u00e9es. \u00bb<\/p>\n","protected":false},"excerpt":{"rendered":"<p>Ce qui a d\u00e9but\u00e9 par le simple plaisir de jouer dans l&rsquo;eau a conduit Annabelle Frappier \u00e0 une carri\u00e8re sportive internationale lorsqu&rsquo;elle a commenc\u00e9 la nage synchronis\u00e9e \u00e0 l&rsquo;\u00e2ge de 7 ans. Attir\u00e9e au d\u00e9part par le c\u00f4t\u00e9 artistique du sport, <a href=\"https:\/\/artisticswimming.ca\/fr\/annabelle-frappier-de-saint-hyacinthe-prend-sa-retraite\/\"> [&#8230;]<\/a><\/p>\n","protected":false},"author":2,"featured_media":2507,"comment_status":"open","ping_status":"open","sticky":false,"template":"","format":"standard","meta":{"_acf_changed":false,"footnotes":""},"categories":[79,73],"tags":[],"class_list":["post-2508","post","type-post","status-publish","format-standard","has-post-thumbnail","hentry","category-equipe-nationale-senior","category-nouvelles"],"acf":[],"yoast_head":"<!-- This site is optimized with the Yoast SEO plugin v27.2 - https:\/\/yoast.com\/product\/yoast-seo-wordpress\/ -->\n<title>Annabelle Frappier, de Saint-Hyacinthe, prend sa retraite - Natation Artistique Canada<\/title>\n<meta name=\"robots\" content=\"index, follow, max-snippet:-1, max-image-preview:large, max-video-preview:-1\" \/>\n<link rel=\"canonical\" href=\"https:\/\/artisticswimming.ca\/fr\/annabelle-frappier-de-saint-hyacinthe-prend-sa-retraite\/\" \/>\n<meta property=\"og:locale\" content=\"fr_FR\" \/>\n<meta property=\"og:type\" content=\"article\" \/>\n<meta property=\"og:title\" content=\"Annabelle Frappier, de Saint-Hyacinthe, prend sa retraite - Natation Artistique Canada\" \/>\n<meta property=\"og:description\" content=\"Ce qui a d\u00e9but\u00e9 par le simple plaisir de jouer dans l&rsquo;eau a conduit Annabelle Frappier \u00e0 une carri\u00e8re sportive internationale lorsqu&rsquo;elle a commenc\u00e9 la nage synchronis\u00e9e \u00e0 l&rsquo;\u00e2ge de 7 ans. Attir\u00e9e au d\u00e9part par le c\u00f4t\u00e9 artistique du sport, [...]\" \/>\n<meta property=\"og:url\" content=\"https:\/\/artisticswimming.ca\/fr\/annabelle-frappier-de-saint-hyacinthe-prend-sa-retraite\/\" \/>\n<meta property=\"og:site_name\" content=\"Natation Artistique Canada\" \/>\n<meta property=\"article:published_time\" content=\"2016-11-18T02:06:25+00:00\" \/>\n<meta property=\"article:modified_time\" content=\"2017-05-26T12:24:40+00:00\" \/>\n<meta property=\"og:image\" content=\"https:\/\/artisticswimming.ca\/wp-content\/uploads\/2016\/11\/annabelle-frappier-retires.jpg\" \/>\n\t<meta property=\"og:image:width\" content=\"1200\" \/>\n\t<meta property=\"og:image:height\" content=\"500\" \/>\n\t<meta property=\"og:image:type\" content=\"image\/jpeg\" \/>\n<meta name=\"author\" content=\"synchro\" \/>\n<meta name=\"twitter:card\" content=\"summary_large_image\" \/>\n<meta name=\"twitter:label1\" content=\"\u00c9crit par\" \/>\n\t<meta name=\"twitter:data1\" content=\"synchro\" \/>\n\t<meta name=\"twitter:label2\" content=\"Dur\u00e9e de lecture estim\u00e9e\" \/>\n\t<meta name=\"twitter:data2\" content=\"2 minutes\" \/>\n<script type=\"application\/ld+json\" class=\"yoast-schema-graph\">{\"@context\":\"https:\/\/schema.org\",\"@graph\":[{\"@type\":\"Article\",\"@id\":\"https:\/\/artisticswimming.ca\/fr\/annabelle-frappier-de-saint-hyacinthe-prend-sa-retraite\/#article\",\"isPartOf\":{\"@id\":\"https:\/\/artisticswimming.ca\/fr\/annabelle-frappier-de-saint-hyacinthe-prend-sa-retraite\/\"},\"author\":{\"name\":\"synchro\",\"@id\":\"https:\/\/artisticswimming.ca\/fr\/#\/schema\/person\/7d2ab10f01ba748d0dac4f1fbc7df175\"},\"headline\":\"Annabelle Frappier, de Saint-Hyacinthe, prend sa retraite\",\"datePublished\":\"2016-11-18T02:06:25+00:00\",\"dateModified\":\"2017-05-26T12:24:40+00:00\",\"mainEntityOfPage\":{\"@id\":\"https:\/\/artisticswimming.ca\/fr\/annabelle-frappier-de-saint-hyacinthe-prend-sa-retraite\/\"},\"wordCount\":493,\"commentCount\":0,\"image\":{\"@id\":\"https:\/\/artisticswimming.ca\/fr\/annabelle-frappier-de-saint-hyacinthe-prend-sa-retraite\/#primaryimage\"},\"thumbnailUrl\":\"https:\/\/artisticswimming.ca\/wp-content\/uploads\/2016\/11\/annabelle-frappier-retires.jpg\",\"articleSection\":[\"\u00c9quipe nationale senior\",\"Nouvelles\"],\"inLanguage\":\"fr-FR\",\"potentialAction\":[{\"@type\":\"CommentAction\",\"name\":\"Comment\",\"target\":[\"https:\/\/artisticswimming.ca\/fr\/annabelle-frappier-de-saint-hyacinthe-prend-sa-retraite\/#respond\"]}]},{\"@type\":\"WebPage\",\"@id\":\"https:\/\/artisticswimming.ca\/fr\/annabelle-frappier-de-saint-hyacinthe-prend-sa-retraite\/\",\"url\":\"https:\/\/artisticswimming.ca\/fr\/annabelle-frappier-de-saint-hyacinthe-prend-sa-retraite\/\",\"name\":\"Annabelle Frappier, de Saint-Hyacinthe, prend sa retraite - Natation Artistique Canada\",\"isPartOf\":{\"@id\":\"https:\/\/artisticswimming.ca\/fr\/#website\"},\"primaryImageOfPage\":{\"@id\":\"https:\/\/artisticswimming.ca\/fr\/annabelle-frappier-de-saint-hyacinthe-prend-sa-retraite\/#primaryimage\"},\"image\":{\"@id\":\"https:\/\/artisticswimming.ca\/fr\/annabelle-frappier-de-saint-hyacinthe-prend-sa-retraite\/#primaryimage\"},\"thumbnailUrl\":\"https:\/\/artisticswimming.ca\/wp-content\/uploads\/2016\/11\/annabelle-frappier-retires.jpg\",\"datePublished\":\"2016-11-18T02:06:25+00:00\",\"dateModified\":\"2017-05-26T12:24:40+00:00\",\"author\":{\"@id\":\"https:\/\/artisticswimming.ca\/fr\/#\/schema\/person\/7d2ab10f01ba748d0dac4f1fbc7df175\"},\"breadcrumb\":{\"@id\":\"https:\/\/artisticswimming.ca\/fr\/annabelle-frappier-de-saint-hyacinthe-prend-sa-retraite\/#breadcrumb\"},\"inLanguage\":\"fr-FR\",\"potentialAction\":[{\"@type\":\"ReadAction\",\"target\":[\"https:\/\/artisticswimming.ca\/fr\/annabelle-frappier-de-saint-hyacinthe-prend-sa-retraite\/\"]}]},{\"@type\":\"ImageObject\",\"inLanguage\":\"fr-FR\",\"@id\":\"https:\/\/artisticswimming.ca\/fr\/annabelle-frappier-de-saint-hyacinthe-prend-sa-retraite\/#primaryimage\",\"url\":\"https:\/\/artisticswimming.ca\/wp-content\/uploads\/2016\/11\/annabelle-frappier-retires.jpg\",\"contentUrl\":\"https:\/\/artisticswimming.ca\/wp-content\/uploads\/2016\/11\/annabelle-frappier-retires.jpg\",\"width\":1200,\"height\":500},{\"@type\":\"BreadcrumbList\",\"@id\":\"https:\/\/artisticswimming.ca\/fr\/annabelle-frappier-de-saint-hyacinthe-prend-sa-retraite\/#breadcrumb\",\"itemListElement\":[{\"@type\":\"ListItem\",\"position\":1,\"name\":\"Home\",\"item\":\"https:\/\/artisticswimming.ca\/fr\/\"},{\"@type\":\"ListItem\",\"position\":2,\"name\":\"Annabelle Frappier, de Saint-Hyacinthe, prend sa retraite\"}]},{\"@type\":\"WebSite\",\"@id\":\"https:\/\/artisticswimming.ca\/fr\/#website\",\"url\":\"https:\/\/artisticswimming.ca\/fr\/\",\"name\":\"Natation Artistique Canada\",\"description\":\"\",\"potentialAction\":[{\"@type\":\"SearchAction\",\"target\":{\"@type\":\"EntryPoint\",\"urlTemplate\":\"https:\/\/artisticswimming.ca\/fr\/?s={search_term_string}\"},\"query-input\":{\"@type\":\"PropertyValueSpecification\",\"valueRequired\":true,\"valueName\":\"search_term_string\"}}],\"inLanguage\":\"fr-FR\"},{\"@type\":\"Person\",\"@id\":\"https:\/\/artisticswimming.ca\/fr\/#\/schema\/person\/7d2ab10f01ba748d0dac4f1fbc7df175\",\"name\":\"synchro\",\"image\":{\"@type\":\"ImageObject\",\"inLanguage\":\"fr-FR\",\"@id\":\"https:\/\/secure.gravatar.com\/avatar\/4f24abe719ecc22eef668a9e15d4025dca4fa935812f917fcc233935f5e1db5e?s=96&d=mm&r=g\",\"url\":\"https:\/\/secure.gravatar.com\/avatar\/4f24abe719ecc22eef668a9e15d4025dca4fa935812f917fcc233935f5e1db5e?s=96&d=mm&r=g\",\"contentUrl\":\"https:\/\/secure.gravatar.com\/avatar\/4f24abe719ecc22eef668a9e15d4025dca4fa935812f917fcc233935f5e1db5e?s=96&d=mm&r=g\",\"caption\":\"synchro\"},\"sameAs\":[\"http:\/\/synchro.wpengine.com\"],\"url\":\"https:\/\/artisticswimming.ca\/fr\/author\/synchro\/\"}]}<\/script>\n<!-- \/ Yoast SEO plugin. -->","yoast_head_json":{"title":"Annabelle Frappier, de Saint-Hyacinthe, prend sa retraite - Natation Artistique Canada","robots":{"index":"index","follow":"follow","max-snippet":"max-snippet:-1","max-image-preview":"max-image-preview:large","max-video-preview":"max-video-preview:-1"},"canonical":"https:\/\/artisticswimming.ca\/fr\/annabelle-frappier-de-saint-hyacinthe-prend-sa-retraite\/","og_locale":"fr_FR","og_type":"article","og_title":"Annabelle Frappier, de Saint-Hyacinthe, prend sa retraite - Natation Artistique Canada","og_description":"Ce qui a d\u00e9but\u00e9 par le simple plaisir de jouer dans l&rsquo;eau a conduit Annabelle Frappier \u00e0 une carri\u00e8re sportive internationale lorsqu&rsquo;elle a commenc\u00e9 la nage synchronis\u00e9e \u00e0 l&rsquo;\u00e2ge de 7 ans. Attir\u00e9e au d\u00e9part par le c\u00f4t\u00e9 artistique du sport, [...]","og_url":"https:\/\/artisticswimming.ca\/fr\/annabelle-frappier-de-saint-hyacinthe-prend-sa-retraite\/","og_site_name":"Natation Artistique Canada","article_published_time":"2016-11-18T02:06:25+00:00","article_modified_time":"2017-05-26T12:24:40+00:00","og_image":[{"width":1200,"height":500,"url":"https:\/\/artisticswimming.ca\/wp-content\/uploads\/2016\/11\/annabelle-frappier-retires.jpg","type":"image\/jpeg"}],"author":"synchro","twitter_card":"summary_large_image","twitter_misc":{"\u00c9crit par":"synchro","Dur\u00e9e de lecture estim\u00e9e":"2 minutes"},"schema":{"@context":"https:\/\/schema.org","@graph":[{"@type":"Article","@id":"https:\/\/artisticswimming.ca\/fr\/annabelle-frappier-de-saint-hyacinthe-prend-sa-retraite\/#article","isPartOf":{"@id":"https:\/\/artisticswimming.ca\/fr\/annabelle-frappier-de-saint-hyacinthe-prend-sa-retraite\/"},"author":{"name":"synchro","@id":"https:\/\/artisticswimming.ca\/fr\/#\/schema\/person\/7d2ab10f01ba748d0dac4f1fbc7df175"},"headline":"Annabelle Frappier, de Saint-Hyacinthe, prend sa retraite","datePublished":"2016-11-18T02:06:25+00:00","dateModified":"2017-05-26T12:24:40+00:00","mainEntityOfPage":{"@id":"https:\/\/artisticswimming.ca\/fr\/annabelle-frappier-de-saint-hyacinthe-prend-sa-retraite\/"},"wordCount":493,"commentCount":0,"image":{"@id":"https:\/\/artisticswimming.ca\/fr\/annabelle-frappier-de-saint-hyacinthe-prend-sa-retraite\/#primaryimage"},"thumbnailUrl":"https:\/\/artisticswimming.ca\/wp-content\/uploads\/2016\/11\/annabelle-frappier-retires.jpg","articleSection":["\u00c9quipe nationale senior","Nouvelles"],"inLanguage":"fr-FR","potentialAction":[{"@type":"CommentAction","name":"Comment","target":["https:\/\/artisticswimming.ca\/fr\/annabelle-frappier-de-saint-hyacinthe-prend-sa-retraite\/#respond"]}]},{"@type":"WebPage","@id":"https:\/\/artisticswimming.ca\/fr\/annabelle-frappier-de-saint-hyacinthe-prend-sa-retraite\/","url":"https:\/\/artisticswimming.ca\/fr\/annabelle-frappier-de-saint-hyacinthe-prend-sa-retraite\/","name":"Annabelle Frappier, de Saint-Hyacinthe, prend sa retraite - Natation Artistique Canada","isPartOf":{"@id":"https:\/\/artisticswimming.ca\/fr\/#website"},"primaryImageOfPage":{"@id":"https:\/\/artisticswimming.ca\/fr\/annabelle-frappier-de-saint-hyacinthe-prend-sa-retraite\/#primaryimage"},"image":{"@id":"https:\/\/artisticswimming.ca\/fr\/annabelle-frappier-de-saint-hyacinthe-prend-sa-retraite\/#primaryimage"},"thumbnailUrl":"https:\/\/artisticswimming.ca\/wp-content\/uploads\/2016\/11\/annabelle-frappier-retires.jpg","datePublished":"2016-11-18T02:06:25+00:00","dateModified":"2017-05-26T12:24:40+00:00","author":{"@id":"https:\/\/artisticswimming.ca\/fr\/#\/schema\/person\/7d2ab10f01ba748d0dac4f1fbc7df175"},"breadcrumb":{"@id":"https:\/\/artisticswimming.ca\/fr\/annabelle-frappier-de-saint-hyacinthe-prend-sa-retraite\/#breadcrumb"},"inLanguage":"fr-FR","potentialAction":[{"@type":"ReadAction","target":["https:\/\/artisticswimming.ca\/fr\/annabelle-frappier-de-saint-hyacinthe-prend-sa-retraite\/"]}]},{"@type":"ImageObject","inLanguage":"fr-FR","@id":"https:\/\/artisticswimming.ca\/fr\/annabelle-frappier-de-saint-hyacinthe-prend-sa-retraite\/#primaryimage","url":"https:\/\/artisticswimming.ca\/wp-content\/uploads\/2016\/11\/annabelle-frappier-retires.jpg","contentUrl":"https:\/\/artisticswimming.ca\/wp-content\/uploads\/2016\/11\/annabelle-frappier-retires.jpg","width":1200,"height":500},{"@type":"BreadcrumbList","@id":"https:\/\/artisticswimming.ca\/fr\/annabelle-frappier-de-saint-hyacinthe-prend-sa-retraite\/#breadcrumb","itemListElement":[{"@type":"ListItem","position":1,"name":"Home","item":"https:\/\/artisticswimming.ca\/fr\/"},{"@type":"ListItem","position":2,"name":"Annabelle Frappier, de Saint-Hyacinthe, prend sa retraite"}]},{"@type":"WebSite","@id":"https:\/\/artisticswimming.ca\/fr\/#website","url":"https:\/\/artisticswimming.ca\/fr\/","name":"Natation Artistique Canada","description":"","potentialAction":[{"@type":"SearchAction","target":{"@type":"EntryPoint","urlTemplate":"https:\/\/artisticswimming.ca\/fr\/?s={search_term_string}"},"query-input":{"@type":"PropertyValueSpecification","valueRequired":true,"valueName":"search_term_string"}}],"inLanguage":"fr-FR"},{"@type":"Person","@id":"https:\/\/artisticswimming.ca\/fr\/#\/schema\/person\/7d2ab10f01ba748d0dac4f1fbc7df175","name":"synchro","image":{"@type":"ImageObject","inLanguage":"fr-FR","@id":"https:\/\/secure.gravatar.com\/avatar\/4f24abe719ecc22eef668a9e15d4025dca4fa935812f917fcc233935f5e1db5e?s=96&d=mm&r=g","url":"https:\/\/secure.gravatar.com\/avatar\/4f24abe719ecc22eef668a9e15d4025dca4fa935812f917fcc233935f5e1db5e?s=96&d=mm&r=g","contentUrl":"https:\/\/secure.gravatar.com\/avatar\/4f24abe719ecc22eef668a9e15d4025dca4fa935812f917fcc233935f5e1db5e?s=96&d=mm&r=g","caption":"synchro"},"sameAs":["http:\/\/synchro.wpengine.com"],"url":"https:\/\/artisticswimming.ca\/fr\/author\/synchro\/"}]}},"_links":{"self":[{"href":"https:\/\/artisticswimming.ca\/fr\/wp-json\/wp\/v2\/posts\/2508","targetHints":{"allow":["GET"]}}],"collection":[{"href":"https:\/\/artisticswimming.ca\/fr\/wp-json\/wp\/v2\/posts"}],"about":[{"href":"https:\/\/artisticswimming.ca\/fr\/wp-json\/wp\/v2\/types\/post"}],"author":[{"embeddable":true,"href":"https:\/\/artisticswimming.ca\/fr\/wp-json\/wp\/v2\/users\/2"}],"replies":[{"embeddable":true,"href":"https:\/\/artisticswimming.ca\/fr\/wp-json\/wp\/v2\/comments?post=2508"}],"version-history":[{"count":0,"href":"https:\/\/artisticswimming.ca\/fr\/wp-json\/wp\/v2\/posts\/2508\/revisions"}],"wp:featuredmedia":[{"embeddable":true,"href":"https:\/\/artisticswimming.ca\/fr\/wp-json\/wp\/v2\/media\/2507"}],"wp:attachment":[{"href":"https:\/\/artisticswimming.ca\/fr\/wp-json\/wp\/v2\/media?parent=2508"}],"wp:term":[{"taxonomy":"category","embeddable":true,"href":"https:\/\/artisticswimming.ca\/fr\/wp-json\/wp\/v2\/categories?post=2508"},{"taxonomy":"post_tag","embeddable":true,"href":"https:\/\/artisticswimming.ca\/fr\/wp-json\/wp\/v2\/tags?post=2508"}],"curies":[{"name":"wp","href":"https:\/\/api.w.org\/{rel}","templated":true}]}}