{"id":306,"date":"2016-07-18T07:38:33","date_gmt":"2016-07-18T07:38:33","guid":{"rendered":"http:\/\/synchro.wpengine.com\/?p=306&#038;lang=fr"},"modified":"2016-09-30T15:56:44","modified_gmt":"2016-09-30T15:56:44","slug":"simoneau-thomas-pretes-pour-le-dernier-droit-avant-rio","status":"publish","type":"post","link":"https:\/\/artisticswimming.ca\/fr\/simoneau-thomas-pretes-pour-le-dernier-droit-avant-rio\/","title":{"rendered":"Simoneau &#038; Thomas pr\u00eates pour le dernier droit avant Rio"},"content":{"rendered":"<h3><b>La paire remporte le bronze en duo \u00e0 l&rsquo;Omnium Synchro America 2016<\/b><\/h3>\n<p><span style=\"font-weight: 400;\">Les membres du duo olympique de nage synchronis\u00e9e du Canada, <\/span><b>Karine Thomas<\/b><span style=\"font-weight: 400;\"> et <\/span><b>Jacqueline Simoneau<\/b><span style=\"font-weight: 400;\">, \u00e9taient \u00e0 Riverside, en Californie, samedi, pour prendre part \u00e0 la finale de l&rsquo;\u00e9preuve de duo de l&rsquo;Omnium Synchro America.<\/span><\/p>\n<p><span style=\"font-weight: 400;\">La comp\u00e9tition, qui se tenait exactement 4 semaines avant le d\u00e9but de l&rsquo;\u00e9preuve de duo des Jeux olympiques, mettait en vedette cinq paires qui prendront part aux Jeux en ao\u00fbt, ce qui en faisait une excellente occasion de se frotter \u00e0 de la forte concurrence \u00e0 l&rsquo;aube de la derni\u00e8re phase de pr\u00e9paration avant Rio.<\/span><\/p>\n<p><span style=\"font-weight: 400;\">\u00ab Il \u00e9tait tr\u00e8s important pour nous de participer \u00e0 une derni\u00e8re comp\u00e9tition avant les Jeux olympiques \u00bb, a d\u00e9clar\u00e9 Thomas, de Gatineau. \u00a0\u00ab Nous avons eu des s\u00e9ances d&rsquo;entra\u00eenement intensives \u00e0 la piscine, et nous avons fait quelques d\u00e9monstrations publiques de nos routines au cours des derni\u00e8res semaines, mais rien ne se compare \u00e0 une vraie comp\u00e9tition, surtout que \u00e7a avait lieu \u00e0 l&rsquo;ext\u00e9rieur ici, comme \u00e0 Rio. C&rsquo;\u00e9tait important \u00e0 la fois en terme de pr\u00e9paration physique et aussi pour notre confiance. \u00bb<\/span><\/p>\n<p><span style=\"font-weight: 400;\">Simoneau, de Ville St-Laurent, \u00e9tait d&rsquo;accord avec sa co\u00e9quipi\u00e8re : \u00ab Quelle belle occasion pour nous de nager contre d&rsquo;autres duos qui seront \u00e9galement Jeux Olympiques! \u00a0Il y a \u00e9norm\u00e9ment de respect entre les athl\u00e8tes, mais en m\u00eame temps nous avons \u00e9t\u00e9 en mesure de nous regarder mutuellement et de noter ce que nous pouvons mieux faire. \u00a0Nous sommes tr\u00e8s satisfaites de notre progr\u00e8s et de notre pr\u00e9paration, et en plus nous avons maintenant une liste de petites am\u00e9liorations sur lesquelles nous serons en mesure de travailler avec nos entraineurs et notre \u00e9quipe de sp\u00e9cialistes au cours du prochain mois.\u00bb<\/span><\/p>\n<p><span style=\"font-weight: 400;\">\u00ab Cette comp\u00e9tition a beaucoup aid\u00e9 notre confiance \u00bb, a ajout\u00e9 Thomas. \u00a0\u00ab Nous avons nag\u00e9 trois fois (duo tech, duo libre &#8211; ronde pr\u00e9liminaire, duo libre &#8211; finale) et \u00e0 chaque fois nous nous sommes am\u00e9lior\u00e9es, nous \u00e9tions plus puissantes et mieux synchronis\u00e9es, et nous nous approchions encore plus de la performance parfaite que nous visons pour Rio.\u00bb<\/span><\/p>\n<p><span style=\"font-weight: 400;\">\u00ab Le but de notre sport est de s&rsquo;approcher autant que possible de la perfection &#8230; au bon moment \u00bb, a r\u00e9sum\u00e9 Simoneau.<br \/>\n\u00ab Dans notre cas, cette comp\u00e9tition a confirm\u00e9 que nous \u00e9tions sur la bonne voie pour \u00eatre au sommet de notre forme \u00e0 Rio. \u00bb<\/span><\/p>\n<p><span style=\"font-weight: 400;\">Les Canadiennes ont remport\u00e9 la m\u00e9daille de bronze, terminant tout juste derri\u00e8re l&rsquo;Espagne et la Chine.<\/span><\/p>\n<p><span style=\"font-weight: 400;\">La paire quittera maintenant pour un camp de 3 semaines \u00e0 Boca Raton, en Floride, avant de partir pour Rio o\u00f9 elle prendra part \u00e0 l&rsquo;\u00e9preuve de duo \u00e0 partir du 13 ao\u00fbt.<\/span><\/p>\n<p><span style=\"font-weight: 400;\">Les officiels repr\u00e9sentant le Canada \u00e0 cette comp\u00e9tition \u00e9taient <\/span><b>Diane van der Pol<\/b><span style=\"font-weight: 400;\">, <\/span><b>Louise Kennedy<\/b><span style=\"font-weight: 400;\"> et <\/span><b>Laura Ealing<\/b><span style=\"font-weight: 400;\">, ainsi que les juges de pratique <\/span><b>Lesley Ahara<\/b><span style=\"font-weight: 400;\"> et <\/span><b>Lisa Balcombe<\/b><span style=\"font-weight: 400;\">.<\/span><\/p>\n<p><span style=\"font-weight: 400;\">Des d\u00e9l\u00e9gations de l&rsquo;Ontario (CER Ontario) et du Qu\u00e9bec (\u00e9quipe provinciale du Qu\u00e9bec) ont\u00a0aussi pris part \u00e0 la comp\u00e9tition, remportant un total de 8 m\u00e9dailles. \u00a0Voici leurs r\u00e9sultats du samedi, 16 juillet :<\/span><\/p>\n<p><b>Solo libre senior :<\/b><\/p>\n<p><span style=\"font-weight: 400;\">Or &#8211; <\/span><b>Ioana Gheta<\/b><span style=\"font-weight: 400;\">, \u00c9quipe provinciale du Qu\u00e9bec<\/span><\/p>\n<p><span style=\"font-weight: 400;\">Bronze &#8211; <\/span><b>Brooke Brimo<\/b><span style=\"font-weight: 400;\">, \u00c9quipe provinciale du Qu\u00e9bec<\/span><\/p>\n<p><b>\u00c9quipe junior :<\/b><\/p>\n<p><span style=\"font-weight: 400;\">Or &#8211; <\/span><b>\u00c9quipe provinciale du Qu\u00e9bec<\/b><\/p>\n<p><span style=\"font-weight: 400;\">Argent &#8211; <\/span><b>Centre d&rsquo;entrainement r\u00e9gional de l&rsquo;Ontario<\/b><\/p>\n<p><b>Combo (15 juillet &#8211; correction) <\/b><span style=\"font-weight: 400;\">:<\/span><\/p>\n<p><span style=\"font-weight: 400;\">Bronze &#8211; <\/span><b>\u00c9quipe provinciale du Qu\u00e9bec<\/b><\/p>\n<p><span style=\"font-weight: 400;\">4 &#8211; <\/span><b>Centre d&rsquo;entrainement r\u00e9gional de l&rsquo;Ontario<\/b><br \/>\n<span style=\"font-weight: 400;\">Les r\u00e9sultats sont disponibles sur le <\/span><b><a href=\"http:\/\/www.teamusa.org\/USA-Synchronized-Swimming\/Events\/2016\/July\/14\/2016-Synchro-America-Open\" target=\"_blank\">site de la comp\u00e9tition<\/a>.<\/b><\/p>\n","protected":false},"excerpt":{"rendered":"<p>La paire remporte le bronze en duo \u00e0 l&rsquo;Omnium Synchro America 2016 Les membres du duo olympique de nage synchronis\u00e9e du Canada, Karine Thomas et Jacqueline Simoneau, \u00e9taient \u00e0 Riverside, en Californie, samedi, pour prendre part \u00e0 la finale de l&rsquo;\u00e9preuve <a href=\"https:\/\/artisticswimming.ca\/fr\/simoneau-thomas-pretes-pour-le-dernier-droit-avant-rio\/\"> [&#8230;]<\/a><\/p>\n","protected":false},"author":3,"featured_media":683,"comment_status":"open","ping_status":"open","sticky":false,"template":"","format":"standard","meta":{"_acf_changed":false,"footnotes":""},"categories":[87,79,92],"tags":[],"class_list":["post-306","post","type-post","status-publish","format-standard","has-post-thumbnail","hentry","category-competition-fr","category-equipe-nationale-senior","category-olympiques-fr"],"acf":[],"yoast_head":"<!-- This site is optimized with the Yoast SEO plugin v27.2 - https:\/\/yoast.com\/product\/yoast-seo-wordpress\/ -->\n<title>Simoneau &amp; Thomas pr\u00eates pour le dernier droit avant Rio - Natation Artistique Canada<\/title>\n<meta name=\"robots\" content=\"index, follow, max-snippet:-1, max-image-preview:large, max-video-preview:-1\" \/>\n<link rel=\"canonical\" href=\"https:\/\/artisticswimming.ca\/fr\/simoneau-thomas-pretes-pour-le-dernier-droit-avant-rio\/\" \/>\n<meta property=\"og:locale\" content=\"fr_FR\" \/>\n<meta property=\"og:type\" content=\"article\" \/>\n<meta property=\"og:title\" content=\"Simoneau &amp; Thomas pr\u00eates pour le dernier droit avant Rio - Natation Artistique Canada\" \/>\n<meta property=\"og:description\" content=\"La paire remporte le bronze en duo \u00e0 l&rsquo;Omnium Synchro America 2016 Les membres du duo olympique de nage synchronis\u00e9e du Canada, Karine Thomas et Jacqueline Simoneau, \u00e9taient \u00e0 Riverside, en Californie, samedi, pour prendre part \u00e0 la finale de l&rsquo;\u00e9preuve [...]\" \/>\n<meta property=\"og:url\" content=\"https:\/\/artisticswimming.ca\/fr\/simoneau-thomas-pretes-pour-le-dernier-droit-avant-rio\/\" \/>\n<meta property=\"og:site_name\" content=\"Natation Artistique Canada\" \/>\n<meta property=\"article:published_time\" content=\"2016-07-18T07:38:33+00:00\" \/>\n<meta property=\"article:modified_time\" content=\"2016-09-30T15:56:44+00:00\" \/>\n<meta property=\"og:image\" content=\"https:\/\/artisticswimming.ca\/wp-content\/uploads\/2016\/07\/Synchro-America-Open-3-2.jpg\" \/>\n\t<meta property=\"og:image:width\" content=\"1800\" \/>\n\t<meta property=\"og:image:height\" content=\"750\" \/>\n\t<meta property=\"og:image:type\" content=\"image\/jpeg\" \/>\n<meta name=\"author\" content=\"Myriam Cote\" \/>\n<meta name=\"twitter:card\" content=\"summary_large_image\" \/>\n<meta name=\"twitter:label1\" content=\"\u00c9crit par\" \/>\n\t<meta name=\"twitter:data1\" content=\"Myriam Cote\" \/>\n\t<meta name=\"twitter:label2\" content=\"Dur\u00e9e de lecture estim\u00e9e\" \/>\n\t<meta name=\"twitter:data2\" content=\"3 minutes\" \/>\n<script type=\"application\/ld+json\" class=\"yoast-schema-graph\">{\"@context\":\"https:\/\/schema.org\",\"@graph\":[{\"@type\":\"Article\",\"@id\":\"https:\/\/artisticswimming.ca\/fr\/simoneau-thomas-pretes-pour-le-dernier-droit-avant-rio\/#article\",\"isPartOf\":{\"@id\":\"https:\/\/artisticswimming.ca\/fr\/simoneau-thomas-pretes-pour-le-dernier-droit-avant-rio\/\"},\"author\":{\"name\":\"Myriam Cote\",\"@id\":\"https:\/\/artisticswimming.ca\/fr\/#\/schema\/person\/76d6c2c9954d56641f9210cc7427bc76\"},\"headline\":\"Simoneau &#038; Thomas pr\u00eates pour le dernier droit avant Rio\",\"datePublished\":\"2016-07-18T07:38:33+00:00\",\"dateModified\":\"2016-09-30T15:56:44+00:00\",\"mainEntityOfPage\":{\"@id\":\"https:\/\/artisticswimming.ca\/fr\/simoneau-thomas-pretes-pour-le-dernier-droit-avant-rio\/\"},\"wordCount\":595,\"commentCount\":0,\"image\":{\"@id\":\"https:\/\/artisticswimming.ca\/fr\/simoneau-thomas-pretes-pour-le-dernier-droit-avant-rio\/#primaryimage\"},\"thumbnailUrl\":\"https:\/\/artisticswimming.ca\/wp-content\/uploads\/2016\/07\/Synchro-America-Open-3-2.jpg\",\"articleSection\":[\"Comp\u00e9tition\",\"\u00c9quipe nationale senior\",\"Olympiques\"],\"inLanguage\":\"fr-FR\",\"potentialAction\":[{\"@type\":\"CommentAction\",\"name\":\"Comment\",\"target\":[\"https:\/\/artisticswimming.ca\/fr\/simoneau-thomas-pretes-pour-le-dernier-droit-avant-rio\/#respond\"]}]},{\"@type\":\"WebPage\",\"@id\":\"https:\/\/artisticswimming.ca\/fr\/simoneau-thomas-pretes-pour-le-dernier-droit-avant-rio\/\",\"url\":\"https:\/\/artisticswimming.ca\/fr\/simoneau-thomas-pretes-pour-le-dernier-droit-avant-rio\/\",\"name\":\"Simoneau & Thomas pr\u00eates pour le dernier droit avant Rio - Natation Artistique Canada\",\"isPartOf\":{\"@id\":\"https:\/\/artisticswimming.ca\/fr\/#website\"},\"primaryImageOfPage\":{\"@id\":\"https:\/\/artisticswimming.ca\/fr\/simoneau-thomas-pretes-pour-le-dernier-droit-avant-rio\/#primaryimage\"},\"image\":{\"@id\":\"https:\/\/artisticswimming.ca\/fr\/simoneau-thomas-pretes-pour-le-dernier-droit-avant-rio\/#primaryimage\"},\"thumbnailUrl\":\"https:\/\/artisticswimming.ca\/wp-content\/uploads\/2016\/07\/Synchro-America-Open-3-2.jpg\",\"datePublished\":\"2016-07-18T07:38:33+00:00\",\"dateModified\":\"2016-09-30T15:56:44+00:00\",\"author\":{\"@id\":\"https:\/\/artisticswimming.ca\/fr\/#\/schema\/person\/76d6c2c9954d56641f9210cc7427bc76\"},\"breadcrumb\":{\"@id\":\"https:\/\/artisticswimming.ca\/fr\/simoneau-thomas-pretes-pour-le-dernier-droit-avant-rio\/#breadcrumb\"},\"inLanguage\":\"fr-FR\",\"potentialAction\":[{\"@type\":\"ReadAction\",\"target\":[\"https:\/\/artisticswimming.ca\/fr\/simoneau-thomas-pretes-pour-le-dernier-droit-avant-rio\/\"]}]},{\"@type\":\"ImageObject\",\"inLanguage\":\"fr-FR\",\"@id\":\"https:\/\/artisticswimming.ca\/fr\/simoneau-thomas-pretes-pour-le-dernier-droit-avant-rio\/#primaryimage\",\"url\":\"https:\/\/artisticswimming.ca\/wp-content\/uploads\/2016\/07\/Synchro-America-Open-3-2.jpg\",\"contentUrl\":\"https:\/\/artisticswimming.ca\/wp-content\/uploads\/2016\/07\/Synchro-America-Open-3-2.jpg\",\"width\":1800,\"height\":750},{\"@type\":\"BreadcrumbList\",\"@id\":\"https:\/\/artisticswimming.ca\/fr\/simoneau-thomas-pretes-pour-le-dernier-droit-avant-rio\/#breadcrumb\",\"itemListElement\":[{\"@type\":\"ListItem\",\"position\":1,\"name\":\"Home\",\"item\":\"https:\/\/artisticswimming.ca\/fr\/\"},{\"@type\":\"ListItem\",\"position\":2,\"name\":\"Simoneau &#038; Thomas pr\u00eates pour le dernier droit avant Rio\"}]},{\"@type\":\"WebSite\",\"@id\":\"https:\/\/artisticswimming.ca\/fr\/#website\",\"url\":\"https:\/\/artisticswimming.ca\/fr\/\",\"name\":\"Natation Artistique Canada\",\"description\":\"\",\"potentialAction\":[{\"@type\":\"SearchAction\",\"target\":{\"@type\":\"EntryPoint\",\"urlTemplate\":\"https:\/\/artisticswimming.ca\/fr\/?s={search_term_string}\"},\"query-input\":{\"@type\":\"PropertyValueSpecification\",\"valueRequired\":true,\"valueName\":\"search_term_string\"}}],\"inLanguage\":\"fr-FR\"},{\"@type\":\"Person\",\"@id\":\"https:\/\/artisticswimming.ca\/fr\/#\/schema\/person\/76d6c2c9954d56641f9210cc7427bc76\",\"name\":\"Myriam Cote\",\"image\":{\"@type\":\"ImageObject\",\"inLanguage\":\"fr-FR\",\"@id\":\"https:\/\/secure.gravatar.com\/avatar\/9636d581f11fe1ce5c868617703e52ebeddf65bc5ba83eda388709ba9ad9da61?s=96&d=mm&r=g\",\"url\":\"https:\/\/secure.gravatar.com\/avatar\/9636d581f11fe1ce5c868617703e52ebeddf65bc5ba83eda388709ba9ad9da61?s=96&d=mm&r=g\",\"contentUrl\":\"https:\/\/secure.gravatar.com\/avatar\/9636d581f11fe1ce5c868617703e52ebeddf65bc5ba83eda388709ba9ad9da61?s=96&d=mm&r=g\",\"caption\":\"Myriam Cote\"},\"url\":\"https:\/\/artisticswimming.ca\/fr\/author\/myriam\/\"}]}<\/script>\n<!-- \/ Yoast SEO plugin. -->","yoast_head_json":{"title":"Simoneau & Thomas pr\u00eates pour le dernier droit avant Rio - Natation Artistique Canada","robots":{"index":"index","follow":"follow","max-snippet":"max-snippet:-1","max-image-preview":"max-image-preview:large","max-video-preview":"max-video-preview:-1"},"canonical":"https:\/\/artisticswimming.ca\/fr\/simoneau-thomas-pretes-pour-le-dernier-droit-avant-rio\/","og_locale":"fr_FR","og_type":"article","og_title":"Simoneau & Thomas pr\u00eates pour le dernier droit avant Rio - Natation Artistique Canada","og_description":"La paire remporte le bronze en duo \u00e0 l&rsquo;Omnium Synchro America 2016 Les membres du duo olympique de nage synchronis\u00e9e du Canada, Karine Thomas et Jacqueline Simoneau, \u00e9taient \u00e0 Riverside, en Californie, samedi, pour prendre part \u00e0 la finale de l&rsquo;\u00e9preuve [...]","og_url":"https:\/\/artisticswimming.ca\/fr\/simoneau-thomas-pretes-pour-le-dernier-droit-avant-rio\/","og_site_name":"Natation Artistique Canada","article_published_time":"2016-07-18T07:38:33+00:00","article_modified_time":"2016-09-30T15:56:44+00:00","og_image":[{"width":1800,"height":750,"url":"https:\/\/artisticswimming.ca\/wp-content\/uploads\/2016\/07\/Synchro-America-Open-3-2.jpg","type":"image\/jpeg"}],"author":"Myriam Cote","twitter_card":"summary_large_image","twitter_misc":{"\u00c9crit par":"Myriam Cote","Dur\u00e9e de lecture estim\u00e9e":"3 minutes"},"schema":{"@context":"https:\/\/schema.org","@graph":[{"@type":"Article","@id":"https:\/\/artisticswimming.ca\/fr\/simoneau-thomas-pretes-pour-le-dernier-droit-avant-rio\/#article","isPartOf":{"@id":"https:\/\/artisticswimming.ca\/fr\/simoneau-thomas-pretes-pour-le-dernier-droit-avant-rio\/"},"author":{"name":"Myriam Cote","@id":"https:\/\/artisticswimming.ca\/fr\/#\/schema\/person\/76d6c2c9954d56641f9210cc7427bc76"},"headline":"Simoneau &#038; Thomas pr\u00eates pour le dernier droit avant Rio","datePublished":"2016-07-18T07:38:33+00:00","dateModified":"2016-09-30T15:56:44+00:00","mainEntityOfPage":{"@id":"https:\/\/artisticswimming.ca\/fr\/simoneau-thomas-pretes-pour-le-dernier-droit-avant-rio\/"},"wordCount":595,"commentCount":0,"image":{"@id":"https:\/\/artisticswimming.ca\/fr\/simoneau-thomas-pretes-pour-le-dernier-droit-avant-rio\/#primaryimage"},"thumbnailUrl":"https:\/\/artisticswimming.ca\/wp-content\/uploads\/2016\/07\/Synchro-America-Open-3-2.jpg","articleSection":["Comp\u00e9tition","\u00c9quipe nationale senior","Olympiques"],"inLanguage":"fr-FR","potentialAction":[{"@type":"CommentAction","name":"Comment","target":["https:\/\/artisticswimming.ca\/fr\/simoneau-thomas-pretes-pour-le-dernier-droit-avant-rio\/#respond"]}]},{"@type":"WebPage","@id":"https:\/\/artisticswimming.ca\/fr\/simoneau-thomas-pretes-pour-le-dernier-droit-avant-rio\/","url":"https:\/\/artisticswimming.ca\/fr\/simoneau-thomas-pretes-pour-le-dernier-droit-avant-rio\/","name":"Simoneau & Thomas pr\u00eates pour le dernier droit avant Rio - Natation Artistique Canada","isPartOf":{"@id":"https:\/\/artisticswimming.ca\/fr\/#website"},"primaryImageOfPage":{"@id":"https:\/\/artisticswimming.ca\/fr\/simoneau-thomas-pretes-pour-le-dernier-droit-avant-rio\/#primaryimage"},"image":{"@id":"https:\/\/artisticswimming.ca\/fr\/simoneau-thomas-pretes-pour-le-dernier-droit-avant-rio\/#primaryimage"},"thumbnailUrl":"https:\/\/artisticswimming.ca\/wp-content\/uploads\/2016\/07\/Synchro-America-Open-3-2.jpg","datePublished":"2016-07-18T07:38:33+00:00","dateModified":"2016-09-30T15:56:44+00:00","author":{"@id":"https:\/\/artisticswimming.ca\/fr\/#\/schema\/person\/76d6c2c9954d56641f9210cc7427bc76"},"breadcrumb":{"@id":"https:\/\/artisticswimming.ca\/fr\/simoneau-thomas-pretes-pour-le-dernier-droit-avant-rio\/#breadcrumb"},"inLanguage":"fr-FR","potentialAction":[{"@type":"ReadAction","target":["https:\/\/artisticswimming.ca\/fr\/simoneau-thomas-pretes-pour-le-dernier-droit-avant-rio\/"]}]},{"@type":"ImageObject","inLanguage":"fr-FR","@id":"https:\/\/artisticswimming.ca\/fr\/simoneau-thomas-pretes-pour-le-dernier-droit-avant-rio\/#primaryimage","url":"https:\/\/artisticswimming.ca\/wp-content\/uploads\/2016\/07\/Synchro-America-Open-3-2.jpg","contentUrl":"https:\/\/artisticswimming.ca\/wp-content\/uploads\/2016\/07\/Synchro-America-Open-3-2.jpg","width":1800,"height":750},{"@type":"BreadcrumbList","@id":"https:\/\/artisticswimming.ca\/fr\/simoneau-thomas-pretes-pour-le-dernier-droit-avant-rio\/#breadcrumb","itemListElement":[{"@type":"ListItem","position":1,"name":"Home","item":"https:\/\/artisticswimming.ca\/fr\/"},{"@type":"ListItem","position":2,"name":"Simoneau &#038; Thomas pr\u00eates pour le dernier droit avant Rio"}]},{"@type":"WebSite","@id":"https:\/\/artisticswimming.ca\/fr\/#website","url":"https:\/\/artisticswimming.ca\/fr\/","name":"Natation Artistique Canada","description":"","potentialAction":[{"@type":"SearchAction","target":{"@type":"EntryPoint","urlTemplate":"https:\/\/artisticswimming.ca\/fr\/?s={search_term_string}"},"query-input":{"@type":"PropertyValueSpecification","valueRequired":true,"valueName":"search_term_string"}}],"inLanguage":"fr-FR"},{"@type":"Person","@id":"https:\/\/artisticswimming.ca\/fr\/#\/schema\/person\/76d6c2c9954d56641f9210cc7427bc76","name":"Myriam Cote","image":{"@type":"ImageObject","inLanguage":"fr-FR","@id":"https:\/\/secure.gravatar.com\/avatar\/9636d581f11fe1ce5c868617703e52ebeddf65bc5ba83eda388709ba9ad9da61?s=96&d=mm&r=g","url":"https:\/\/secure.gravatar.com\/avatar\/9636d581f11fe1ce5c868617703e52ebeddf65bc5ba83eda388709ba9ad9da61?s=96&d=mm&r=g","contentUrl":"https:\/\/secure.gravatar.com\/avatar\/9636d581f11fe1ce5c868617703e52ebeddf65bc5ba83eda388709ba9ad9da61?s=96&d=mm&r=g","caption":"Myriam Cote"},"url":"https:\/\/artisticswimming.ca\/fr\/author\/myriam\/"}]}},"_links":{"self":[{"href":"https:\/\/artisticswimming.ca\/fr\/wp-json\/wp\/v2\/posts\/306","targetHints":{"allow":["GET"]}}],"collection":[{"href":"https:\/\/artisticswimming.ca\/fr\/wp-json\/wp\/v2\/posts"}],"about":[{"href":"https:\/\/artisticswimming.ca\/fr\/wp-json\/wp\/v2\/types\/post"}],"author":[{"embeddable":true,"href":"https:\/\/artisticswimming.ca\/fr\/wp-json\/wp\/v2\/users\/3"}],"replies":[{"embeddable":true,"href":"https:\/\/artisticswimming.ca\/fr\/wp-json\/wp\/v2\/comments?post=306"}],"version-history":[{"count":0,"href":"https:\/\/artisticswimming.ca\/fr\/wp-json\/wp\/v2\/posts\/306\/revisions"}],"wp:featuredmedia":[{"embeddable":true,"href":"https:\/\/artisticswimming.ca\/fr\/wp-json\/wp\/v2\/media\/683"}],"wp:attachment":[{"href":"https:\/\/artisticswimming.ca\/fr\/wp-json\/wp\/v2\/media?parent=306"}],"wp:term":[{"taxonomy":"category","embeddable":true,"href":"https:\/\/artisticswimming.ca\/fr\/wp-json\/wp\/v2\/categories?post=306"},{"taxonomy":"post_tag","embeddable":true,"href":"https:\/\/artisticswimming.ca\/fr\/wp-json\/wp\/v2\/tags?post=306"}],"curies":[{"name":"wp","href":"https:\/\/api.w.org\/{rel}","templated":true}]}}