{"id":3337,"date":"2017-06-09T19:24:58","date_gmt":"2017-06-09T19:24:58","guid":{"rendered":"http:\/\/artisticswim.wpengine.com\/?p=3337&#038;lang=fr"},"modified":"2017-09-18T15:26:12","modified_gmt":"2017-09-18T15:26:12","slug":"synchro-canada-devoile-son-equipe-nationale-des-13-15-ans-2017","status":"publish","type":"post","link":"https:\/\/artisticswimming.ca\/fr\/synchro-canada-devoile-son-equipe-nationale-des-13-15-ans-2017\/","title":{"rendered":"Synchro Canada d\u00e9voile son \u00e9quipe nationale des 13-15 ans 2017"},"content":{"rendered":"<p>Le 4 juin dernier, aux Championnats canadiens Espoir 2017 tenus \u00e0 London, ON, Synchro Canada a tenu la derni\u00e8re phase des essais de s\u00e9lection pour son \u00e9quipe nationale des 13-15 ans 2017. 12 athl\u00e8tes y ont \u00e9t\u00e9 s\u00e9lectionn\u00e9es pour repr\u00e9senter le Canada \u00e0 la Coupe M\u00e9diterran\u00e9e de nage synchronis\u00e9e 2017 \u00e0 Mealhada, au Portugal, du 3 au 6 ao\u00fbt prochain.<\/p>\n<p>Plus t\u00f4t dans la comp\u00e9tition, les 35 meilleures athl\u00e8tes suite \u00e0 l\u2019\u00e9preuve nationale de figures avaient \u00e9t\u00e9 invit\u00e9es \u00e0 la phase 2, une autre \u00e9preuve de figures. \u00a0Les 24 meilleures de cette phase s\u2019\u00e9taient de nouveau \u00e9lanc\u00e9es dans une phase ultime d\u2019\u00e9valuation de nage en routine et en patron qui s\u2019est tenue dimanche. \u00a0La consultante en haute performance de Synchro Canada, <strong>Sheilagh Croxon<\/strong>, \u00e9tait \u00e0 la t\u00eate de l\u2019\u00e9quipe d\u2019entraineurs, de juges et de personnel technique qui \u00e9tait sur place pour la s\u00e9lection.<\/p>\n<p>Synchro Canada est fi\u00e8re de d\u00e9voiler les 12 membres de son \u00e9quipe nationale des 13-15 ans 2017 :\u200b<\/p>\n<table style=\"font-size: 12px;\" width=\"100%\" cellpadding=\"5\">\n<tbody>\n<tr style=\"background-color: #eeeeee; color: #000000; font-weight: bold;\">\n<td width=\"35%\">NAME<\/td>\n<td width=\"25%\">CITY<\/td>\n<td width=\"40%\">CLUB<\/td>\n<\/tr>\n<tr>\n<td><strong>BOISSONNEAULT, Rosalie<\/strong><\/td>\n<td>Drummondville, QC<\/td>\n<td>Montr\u00e9al Synchro<\/td>\n<\/tr>\n<tr style=\"border-top: solid thin;\">\n<td><strong>CZARKOWSKI, Jaime<\/strong><\/td>\n<td>Calgary, AB<\/td>\n<td>Calgary Aquabelles<\/td>\n<\/tr>\n<tr style=\"border-top: solid thin;\">\n<td><strong>ENNS, Marissa<\/strong><\/td>\n<td>Toronto, ON<\/td>\n<td>Olympium Synchro<\/td>\n<\/tr>\n<tr style=\"border-top: solid thin;\">\n<td><strong>FINN, Scarlett<\/strong><\/td>\n<td>Toronto, ON<\/td>\n<td>Granite Synchro<\/td>\n<\/tr>\n<tr style=\"border-top: solid thin;\">\n<td><strong>GAUTHIER, Mikaelle<\/strong><\/td>\n<td>Gatineau, QC<\/td>\n<td>Dollard Synchro<\/td>\n<\/tr>\n<tr style=\"border-top: solid thin;\">\n<td><strong>* GOSSLING, Flynne<\/strong><\/td>\n<td>Toronto, ON<\/td>\n<td>Granite Synchro<\/td>\n<\/tr>\n<tr style=\"border-top: solid thin;\">\n<td><strong>GREENFIELD, Natalie<\/strong><\/td>\n<td>Calgary, AB<\/td>\n<td>Calgary Aquabelles<\/td>\n<\/tr>\n<tr style=\"border-top: solid thin;\">\n<td><strong>* HOFFMANN, Teah<\/strong><\/td>\n<td>Calgary, AB<\/td>\n<td>Calgary Aquabelles<\/td>\n<\/tr>\n<tr style=\"border-top: solid thin;\">\n<td><strong>KUTNYK, Taissia<\/strong><\/td>\n<td>Montr\u00e9al, QC<\/td>\n<td>Montr\u00e9al Synchro<\/td>\n<\/tr>\n<tr style=\"border-top: solid thin;\">\n<td><strong>VEILLEUX, Audrey<\/strong><\/td>\n<td>St-J\u00e9r\u00f4me, QC<\/td>\n<td>Dollard Synchro<\/td>\n<\/tr>\n<tr style=\"border-top: solid thin;\">\n<td><strong>* WARREN, Jade<\/strong><\/td>\n<td>Ottawa, ON<\/td>\n<td>GO Capital Synchro<\/td>\n<\/tr>\n<tr style=\"border-top: solid thin; border-bottom: solid thin;\">\n<td><strong>WHITTEN, Madeline<\/strong><\/td>\n<td>Toronto, ON<\/td>\n<td>Variety Village Synchro<\/td>\n<\/tr>\n<\/tbody>\n<\/table>\n<p><em>* Membre de l&rsquo;\u00e9dition 2016 de l&rsquo;\u00e9quipe nationale 13-15 ans<\/em><\/p>\n<p>L\u2019\u00e9quipe nationale passera le mois d\u2019ao\u00fbt en camp au Centre sportif Pan Am de Toronto (TPASC), en m\u00eame temps que le bassin national d&rsquo;athl\u00e8tes juniors qui y tiendra son camp de chor\u00e9graphie. \u00a0Elle aura \u00e0 sa t\u00eate l\u2019entraineur-chef <strong>Jennifer Tregale<\/strong> (Calgary, AB \u2013 Calgary Aquarelles) et son assistante <strong>Elena Podolsky<\/strong> (Kitchener, ON \u2013 Waterloo Regional Synchro). <strong>Nathalie Lagrange<\/strong> (Terrebonne, QC \u2013 Montr\u00e9al Synchro), l&rsquo;entraineure-adjointe du bassin national d&rsquo;athl\u00e8tes juniors, travaillera \u00e9galement avec l&rsquo;\u00e9quipe et l&rsquo;accompagnera \u00e0 la comp\u00e9tition.<\/p>\n<p>Tregale a h\u00e2te de commencer \u00e0 travailler avec l&rsquo;\u00e9quipe nationale cet \u00e9t\u00e9. \u00ab Les athl\u00e8tes s\u00e9lectionn\u00e9es au sein de cette \u00e9quipe sont tr\u00e8s talentueuses et forment un groupe travaillant. Nous participerons \u00e0 une comp\u00e9tition internationale de haut niveau cet \u00e9t\u00e9 et les athl\u00e8tes et entraineurs travailleront tr\u00e8s fort pour s&rsquo;y pr\u00e9parer. J&rsquo;ai \u00e9galement h\u00e2te de travailler de nouveau avec mes coll\u00e8gues Elena et Nathalie. \u00bb<\/p>\n<p>La chef du sport de Synchro Canada, <strong>Julie Healy<\/strong>, qui est responsable du programme de d\u00e9veloppement des athl\u00e8tes d\u2019\u00e2ge 13-15 ans \u00e0 l\u2019\u00e9chelle nationale, \u00e9tait particuli\u00e8rement heureuse de la vari\u00e9t\u00e9 d\u2019athl\u00e8tes qui forment l\u2019\u00e9quipe cette ann\u00e9e. \u00a0\u00ab Les membres de l\u2019\u00e9quipe proviennent de 7 clubs diff\u00e9rents alors que 9 des 12 membres en seront \u00e0 une premi\u00e8re exp\u00e9rience au sein d\u2019une \u00e9quipe nationale, ce qui veut dire qu\u2019il y a v\u00e9ritablement une nouvelle g\u00e9n\u00e9ration d\u2019athl\u00e8tes de talent qui est en train de se d\u00e9velopper au niveau national. F\u00e9licitations aux athl\u00e8tes s\u00e9lectionn\u00e9es \u2013 nous sommes emball\u00e9es par le talent des athl\u00e8tes de l\u2019\u00e9dition 2017. Nous sommes \u00e9galement tr\u00e8s reconnaissants du d\u00e9vouement et de la collaboration de nos entraineurs et de nos clubs \u00e0 travers le pays \u2013 c\u2019est gr\u00e2ce \u00e0 eux si ces jeunes athl\u00e8tes sont maintenant pr\u00eates \u00e0 devenir des nageuses de niveau international. \u00bb<\/p>\n","protected":false},"excerpt":{"rendered":"<p>Le 4 juin dernier, aux Championnats canadiens Espoir 2017 tenus \u00e0 London, ON, Synchro Canada a tenu la derni\u00e8re phase des essais de s\u00e9lection pour son \u00e9quipe nationale des 13-15 ans 2017. 12 athl\u00e8tes y ont \u00e9t\u00e9 s\u00e9lectionn\u00e9es pour repr\u00e9senter le <a href=\"https:\/\/artisticswimming.ca\/fr\/synchro-canada-devoile-son-equipe-nationale-des-13-15-ans-2017\/\"> [&#8230;]<\/a><\/p>\n","protected":false},"author":2,"featured_media":2535,"comment_status":"open","ping_status":"open","sticky":false,"template":"","format":"standard","meta":{"_acf_changed":false,"footnotes":""},"categories":[155,1],"tags":[],"class_list":["post-3337","post","type-post","status-publish","format-standard","has-post-thumbnail","hentry","category-equipe-nationale-13-15","category-uncategorized"],"acf":[],"yoast_head":"<!-- This site is optimized with the Yoast SEO plugin v27.2 - https:\/\/yoast.com\/product\/yoast-seo-wordpress\/ -->\n<title>Synchro Canada d\u00e9voile son \u00e9quipe nationale des 13-15 ans 2017 - Natation Artistique Canada<\/title>\n<meta name=\"robots\" content=\"index, follow, max-snippet:-1, max-image-preview:large, max-video-preview:-1\" \/>\n<link rel=\"canonical\" href=\"https:\/\/artisticswimming.ca\/fr\/synchro-canada-devoile-son-equipe-nationale-des-13-15-ans-2017\/\" \/>\n<meta property=\"og:locale\" content=\"fr_FR\" \/>\n<meta property=\"og:type\" content=\"article\" \/>\n<meta property=\"og:title\" content=\"Synchro Canada d\u00e9voile son \u00e9quipe nationale des 13-15 ans 2017 - Natation Artistique Canada\" \/>\n<meta property=\"og:description\" content=\"Le 4 juin dernier, aux Championnats canadiens Espoir 2017 tenus \u00e0 London, ON, Synchro Canada a tenu la derni\u00e8re phase des essais de s\u00e9lection pour son \u00e9quipe nationale des 13-15 ans 2017. 12 athl\u00e8tes y ont \u00e9t\u00e9 s\u00e9lectionn\u00e9es pour repr\u00e9senter le [...]\" \/>\n<meta property=\"og:url\" content=\"https:\/\/artisticswimming.ca\/fr\/synchro-canada-devoile-son-equipe-nationale-des-13-15-ans-2017\/\" \/>\n<meta property=\"og:site_name\" content=\"Natation Artistique Canada\" \/>\n<meta property=\"article:published_time\" content=\"2017-06-09T19:24:58+00:00\" \/>\n<meta property=\"article:modified_time\" content=\"2017-09-18T15:26:12+00:00\" \/>\n<meta property=\"og:image\" content=\"https:\/\/artisticswimming.ca\/wp-content\/uploads\/2016\/11\/generic-synchro-canada-background.jpg\" \/>\n\t<meta property=\"og:image:width\" content=\"1200\" \/>\n\t<meta property=\"og:image:height\" content=\"500\" \/>\n\t<meta property=\"og:image:type\" content=\"image\/jpeg\" \/>\n<meta name=\"author\" content=\"synchro\" \/>\n<meta name=\"twitter:card\" content=\"summary_large_image\" \/>\n<meta name=\"twitter:label1\" content=\"\u00c9crit par\" \/>\n\t<meta name=\"twitter:data1\" content=\"synchro\" \/>\n\t<meta name=\"twitter:label2\" content=\"Dur\u00e9e de lecture estim\u00e9e\" \/>\n\t<meta name=\"twitter:data2\" content=\"3 minutes\" \/>\n<script type=\"application\/ld+json\" class=\"yoast-schema-graph\">{\"@context\":\"https:\/\/schema.org\",\"@graph\":[{\"@type\":\"Article\",\"@id\":\"https:\/\/artisticswimming.ca\/fr\/synchro-canada-devoile-son-equipe-nationale-des-13-15-ans-2017\/#article\",\"isPartOf\":{\"@id\":\"https:\/\/artisticswimming.ca\/fr\/synchro-canada-devoile-son-equipe-nationale-des-13-15-ans-2017\/\"},\"author\":{\"name\":\"synchro\",\"@id\":\"https:\/\/artisticswimming.ca\/fr\/#\/schema\/person\/7d2ab10f01ba748d0dac4f1fbc7df175\"},\"headline\":\"Synchro Canada d\u00e9voile son \u00e9quipe nationale des 13-15 ans 2017\",\"datePublished\":\"2017-06-09T19:24:58+00:00\",\"dateModified\":\"2017-09-18T15:26:12+00:00\",\"mainEntityOfPage\":{\"@id\":\"https:\/\/artisticswimming.ca\/fr\/synchro-canada-devoile-son-equipe-nationale-des-13-15-ans-2017\/\"},\"wordCount\":594,\"commentCount\":0,\"image\":{\"@id\":\"https:\/\/artisticswimming.ca\/fr\/synchro-canada-devoile-son-equipe-nationale-des-13-15-ans-2017\/#primaryimage\"},\"thumbnailUrl\":\"https:\/\/artisticswimming.ca\/wp-content\/uploads\/2016\/11\/generic-synchro-canada-background.jpg\",\"articleSection\":[\"\u00c9quipe Nationale 13-15\",\"Uncategorized\"],\"inLanguage\":\"fr-FR\",\"potentialAction\":[{\"@type\":\"CommentAction\",\"name\":\"Comment\",\"target\":[\"https:\/\/artisticswimming.ca\/fr\/synchro-canada-devoile-son-equipe-nationale-des-13-15-ans-2017\/#respond\"]}]},{\"@type\":\"WebPage\",\"@id\":\"https:\/\/artisticswimming.ca\/fr\/synchro-canada-devoile-son-equipe-nationale-des-13-15-ans-2017\/\",\"url\":\"https:\/\/artisticswimming.ca\/fr\/synchro-canada-devoile-son-equipe-nationale-des-13-15-ans-2017\/\",\"name\":\"Synchro Canada d\u00e9voile son \u00e9quipe nationale des 13-15 ans 2017 - Natation Artistique Canada\",\"isPartOf\":{\"@id\":\"https:\/\/artisticswimming.ca\/fr\/#website\"},\"primaryImageOfPage\":{\"@id\":\"https:\/\/artisticswimming.ca\/fr\/synchro-canada-devoile-son-equipe-nationale-des-13-15-ans-2017\/#primaryimage\"},\"image\":{\"@id\":\"https:\/\/artisticswimming.ca\/fr\/synchro-canada-devoile-son-equipe-nationale-des-13-15-ans-2017\/#primaryimage\"},\"thumbnailUrl\":\"https:\/\/artisticswimming.ca\/wp-content\/uploads\/2016\/11\/generic-synchro-canada-background.jpg\",\"datePublished\":\"2017-06-09T19:24:58+00:00\",\"dateModified\":\"2017-09-18T15:26:12+00:00\",\"author\":{\"@id\":\"https:\/\/artisticswimming.ca\/fr\/#\/schema\/person\/7d2ab10f01ba748d0dac4f1fbc7df175\"},\"breadcrumb\":{\"@id\":\"https:\/\/artisticswimming.ca\/fr\/synchro-canada-devoile-son-equipe-nationale-des-13-15-ans-2017\/#breadcrumb\"},\"inLanguage\":\"fr-FR\",\"potentialAction\":[{\"@type\":\"ReadAction\",\"target\":[\"https:\/\/artisticswimming.ca\/fr\/synchro-canada-devoile-son-equipe-nationale-des-13-15-ans-2017\/\"]}]},{\"@type\":\"ImageObject\",\"inLanguage\":\"fr-FR\",\"@id\":\"https:\/\/artisticswimming.ca\/fr\/synchro-canada-devoile-son-equipe-nationale-des-13-15-ans-2017\/#primaryimage\",\"url\":\"https:\/\/artisticswimming.ca\/wp-content\/uploads\/2016\/11\/generic-synchro-canada-background.jpg\",\"contentUrl\":\"https:\/\/artisticswimming.ca\/wp-content\/uploads\/2016\/11\/generic-synchro-canada-background.jpg\",\"width\":1200,\"height\":500},{\"@type\":\"BreadcrumbList\",\"@id\":\"https:\/\/artisticswimming.ca\/fr\/synchro-canada-devoile-son-equipe-nationale-des-13-15-ans-2017\/#breadcrumb\",\"itemListElement\":[{\"@type\":\"ListItem\",\"position\":1,\"name\":\"Home\",\"item\":\"https:\/\/artisticswimming.ca\/fr\/\"},{\"@type\":\"ListItem\",\"position\":2,\"name\":\"Synchro Canada d\u00e9voile son \u00e9quipe nationale des 13-15 ans 2017\"}]},{\"@type\":\"WebSite\",\"@id\":\"https:\/\/artisticswimming.ca\/fr\/#website\",\"url\":\"https:\/\/artisticswimming.ca\/fr\/\",\"name\":\"Natation Artistique Canada\",\"description\":\"\",\"potentialAction\":[{\"@type\":\"SearchAction\",\"target\":{\"@type\":\"EntryPoint\",\"urlTemplate\":\"https:\/\/artisticswimming.ca\/fr\/?s={search_term_string}\"},\"query-input\":{\"@type\":\"PropertyValueSpecification\",\"valueRequired\":true,\"valueName\":\"search_term_string\"}}],\"inLanguage\":\"fr-FR\"},{\"@type\":\"Person\",\"@id\":\"https:\/\/artisticswimming.ca\/fr\/#\/schema\/person\/7d2ab10f01ba748d0dac4f1fbc7df175\",\"name\":\"synchro\",\"image\":{\"@type\":\"ImageObject\",\"inLanguage\":\"fr-FR\",\"@id\":\"https:\/\/secure.gravatar.com\/avatar\/4f24abe719ecc22eef668a9e15d4025dca4fa935812f917fcc233935f5e1db5e?s=96&d=mm&r=g\",\"url\":\"https:\/\/secure.gravatar.com\/avatar\/4f24abe719ecc22eef668a9e15d4025dca4fa935812f917fcc233935f5e1db5e?s=96&d=mm&r=g\",\"contentUrl\":\"https:\/\/secure.gravatar.com\/avatar\/4f24abe719ecc22eef668a9e15d4025dca4fa935812f917fcc233935f5e1db5e?s=96&d=mm&r=g\",\"caption\":\"synchro\"},\"sameAs\":[\"http:\/\/synchro.wpengine.com\"],\"url\":\"https:\/\/artisticswimming.ca\/fr\/author\/synchro\/\"}]}<\/script>\n<!-- \/ Yoast SEO plugin. -->","yoast_head_json":{"title":"Synchro Canada d\u00e9voile son \u00e9quipe nationale des 13-15 ans 2017 - Natation Artistique Canada","robots":{"index":"index","follow":"follow","max-snippet":"max-snippet:-1","max-image-preview":"max-image-preview:large","max-video-preview":"max-video-preview:-1"},"canonical":"https:\/\/artisticswimming.ca\/fr\/synchro-canada-devoile-son-equipe-nationale-des-13-15-ans-2017\/","og_locale":"fr_FR","og_type":"article","og_title":"Synchro Canada d\u00e9voile son \u00e9quipe nationale des 13-15 ans 2017 - Natation Artistique Canada","og_description":"Le 4 juin dernier, aux Championnats canadiens Espoir 2017 tenus \u00e0 London, ON, Synchro Canada a tenu la derni\u00e8re phase des essais de s\u00e9lection pour son \u00e9quipe nationale des 13-15 ans 2017. 12 athl\u00e8tes y ont \u00e9t\u00e9 s\u00e9lectionn\u00e9es pour repr\u00e9senter le [...]","og_url":"https:\/\/artisticswimming.ca\/fr\/synchro-canada-devoile-son-equipe-nationale-des-13-15-ans-2017\/","og_site_name":"Natation Artistique Canada","article_published_time":"2017-06-09T19:24:58+00:00","article_modified_time":"2017-09-18T15:26:12+00:00","og_image":[{"width":1200,"height":500,"url":"https:\/\/artisticswimming.ca\/wp-content\/uploads\/2016\/11\/generic-synchro-canada-background.jpg","type":"image\/jpeg"}],"author":"synchro","twitter_card":"summary_large_image","twitter_misc":{"\u00c9crit par":"synchro","Dur\u00e9e de lecture estim\u00e9e":"3 minutes"},"schema":{"@context":"https:\/\/schema.org","@graph":[{"@type":"Article","@id":"https:\/\/artisticswimming.ca\/fr\/synchro-canada-devoile-son-equipe-nationale-des-13-15-ans-2017\/#article","isPartOf":{"@id":"https:\/\/artisticswimming.ca\/fr\/synchro-canada-devoile-son-equipe-nationale-des-13-15-ans-2017\/"},"author":{"name":"synchro","@id":"https:\/\/artisticswimming.ca\/fr\/#\/schema\/person\/7d2ab10f01ba748d0dac4f1fbc7df175"},"headline":"Synchro Canada d\u00e9voile son \u00e9quipe nationale des 13-15 ans 2017","datePublished":"2017-06-09T19:24:58+00:00","dateModified":"2017-09-18T15:26:12+00:00","mainEntityOfPage":{"@id":"https:\/\/artisticswimming.ca\/fr\/synchro-canada-devoile-son-equipe-nationale-des-13-15-ans-2017\/"},"wordCount":594,"commentCount":0,"image":{"@id":"https:\/\/artisticswimming.ca\/fr\/synchro-canada-devoile-son-equipe-nationale-des-13-15-ans-2017\/#primaryimage"},"thumbnailUrl":"https:\/\/artisticswimming.ca\/wp-content\/uploads\/2016\/11\/generic-synchro-canada-background.jpg","articleSection":["\u00c9quipe Nationale 13-15","Uncategorized"],"inLanguage":"fr-FR","potentialAction":[{"@type":"CommentAction","name":"Comment","target":["https:\/\/artisticswimming.ca\/fr\/synchro-canada-devoile-son-equipe-nationale-des-13-15-ans-2017\/#respond"]}]},{"@type":"WebPage","@id":"https:\/\/artisticswimming.ca\/fr\/synchro-canada-devoile-son-equipe-nationale-des-13-15-ans-2017\/","url":"https:\/\/artisticswimming.ca\/fr\/synchro-canada-devoile-son-equipe-nationale-des-13-15-ans-2017\/","name":"Synchro Canada d\u00e9voile son \u00e9quipe nationale des 13-15 ans 2017 - Natation Artistique Canada","isPartOf":{"@id":"https:\/\/artisticswimming.ca\/fr\/#website"},"primaryImageOfPage":{"@id":"https:\/\/artisticswimming.ca\/fr\/synchro-canada-devoile-son-equipe-nationale-des-13-15-ans-2017\/#primaryimage"},"image":{"@id":"https:\/\/artisticswimming.ca\/fr\/synchro-canada-devoile-son-equipe-nationale-des-13-15-ans-2017\/#primaryimage"},"thumbnailUrl":"https:\/\/artisticswimming.ca\/wp-content\/uploads\/2016\/11\/generic-synchro-canada-background.jpg","datePublished":"2017-06-09T19:24:58+00:00","dateModified":"2017-09-18T15:26:12+00:00","author":{"@id":"https:\/\/artisticswimming.ca\/fr\/#\/schema\/person\/7d2ab10f01ba748d0dac4f1fbc7df175"},"breadcrumb":{"@id":"https:\/\/artisticswimming.ca\/fr\/synchro-canada-devoile-son-equipe-nationale-des-13-15-ans-2017\/#breadcrumb"},"inLanguage":"fr-FR","potentialAction":[{"@type":"ReadAction","target":["https:\/\/artisticswimming.ca\/fr\/synchro-canada-devoile-son-equipe-nationale-des-13-15-ans-2017\/"]}]},{"@type":"ImageObject","inLanguage":"fr-FR","@id":"https:\/\/artisticswimming.ca\/fr\/synchro-canada-devoile-son-equipe-nationale-des-13-15-ans-2017\/#primaryimage","url":"https:\/\/artisticswimming.ca\/wp-content\/uploads\/2016\/11\/generic-synchro-canada-background.jpg","contentUrl":"https:\/\/artisticswimming.ca\/wp-content\/uploads\/2016\/11\/generic-synchro-canada-background.jpg","width":1200,"height":500},{"@type":"BreadcrumbList","@id":"https:\/\/artisticswimming.ca\/fr\/synchro-canada-devoile-son-equipe-nationale-des-13-15-ans-2017\/#breadcrumb","itemListElement":[{"@type":"ListItem","position":1,"name":"Home","item":"https:\/\/artisticswimming.ca\/fr\/"},{"@type":"ListItem","position":2,"name":"Synchro Canada d\u00e9voile son \u00e9quipe nationale des 13-15 ans 2017"}]},{"@type":"WebSite","@id":"https:\/\/artisticswimming.ca\/fr\/#website","url":"https:\/\/artisticswimming.ca\/fr\/","name":"Natation Artistique Canada","description":"","potentialAction":[{"@type":"SearchAction","target":{"@type":"EntryPoint","urlTemplate":"https:\/\/artisticswimming.ca\/fr\/?s={search_term_string}"},"query-input":{"@type":"PropertyValueSpecification","valueRequired":true,"valueName":"search_term_string"}}],"inLanguage":"fr-FR"},{"@type":"Person","@id":"https:\/\/artisticswimming.ca\/fr\/#\/schema\/person\/7d2ab10f01ba748d0dac4f1fbc7df175","name":"synchro","image":{"@type":"ImageObject","inLanguage":"fr-FR","@id":"https:\/\/secure.gravatar.com\/avatar\/4f24abe719ecc22eef668a9e15d4025dca4fa935812f917fcc233935f5e1db5e?s=96&d=mm&r=g","url":"https:\/\/secure.gravatar.com\/avatar\/4f24abe719ecc22eef668a9e15d4025dca4fa935812f917fcc233935f5e1db5e?s=96&d=mm&r=g","contentUrl":"https:\/\/secure.gravatar.com\/avatar\/4f24abe719ecc22eef668a9e15d4025dca4fa935812f917fcc233935f5e1db5e?s=96&d=mm&r=g","caption":"synchro"},"sameAs":["http:\/\/synchro.wpengine.com"],"url":"https:\/\/artisticswimming.ca\/fr\/author\/synchro\/"}]}},"_links":{"self":[{"href":"https:\/\/artisticswimming.ca\/fr\/wp-json\/wp\/v2\/posts\/3337","targetHints":{"allow":["GET"]}}],"collection":[{"href":"https:\/\/artisticswimming.ca\/fr\/wp-json\/wp\/v2\/posts"}],"about":[{"href":"https:\/\/artisticswimming.ca\/fr\/wp-json\/wp\/v2\/types\/post"}],"author":[{"embeddable":true,"href":"https:\/\/artisticswimming.ca\/fr\/wp-json\/wp\/v2\/users\/2"}],"replies":[{"embeddable":true,"href":"https:\/\/artisticswimming.ca\/fr\/wp-json\/wp\/v2\/comments?post=3337"}],"version-history":[{"count":0,"href":"https:\/\/artisticswimming.ca\/fr\/wp-json\/wp\/v2\/posts\/3337\/revisions"}],"wp:featuredmedia":[{"embeddable":true,"href":"https:\/\/artisticswimming.ca\/fr\/wp-json\/wp\/v2\/media\/2535"}],"wp:attachment":[{"href":"https:\/\/artisticswimming.ca\/fr\/wp-json\/wp\/v2\/media?parent=3337"}],"wp:term":[{"taxonomy":"category","embeddable":true,"href":"https:\/\/artisticswimming.ca\/fr\/wp-json\/wp\/v2\/categories?post=3337"},{"taxonomy":"post_tag","embeddable":true,"href":"https:\/\/artisticswimming.ca\/fr\/wp-json\/wp\/v2\/tags?post=3337"}],"curies":[{"name":"wp","href":"https:\/\/api.w.org\/{rel}","templated":true}]}}