{"id":3697,"date":"2017-07-15T22:10:32","date_gmt":"2017-07-15T22:10:32","guid":{"rendered":"http:\/\/artisticswim.wpengine.com\/canadas-simoneau-takes-5th-place-in-solo-tech-at-2017-fina-world-championships\/?lang=fr"},"modified":"2017-09-18T15:26:08","modified_gmt":"2017-09-18T15:26:08","slug":"canadas-simoneau-takes-5th-place-in-solo-tech-at-2017-fina-world-championships","status":"publish","type":"post","link":"https:\/\/artisticswimming.ca\/fr\/canadas-simoneau-takes-5th-place-in-solo-tech-at-2017-fina-world-championships\/","title":{"rendered":"Une cinqui\u00e8me position en solo tech pour Jacqueline Simoneau aux Championnats du monde FINA"},"content":{"rendered":"<h4 style=\"text-align: center;\"><em>L&rsquo;athl\u00e8te de Montr\u00e9al termine 5e\u00a0en solo tech apr\u00e8s les finales et le duo mixte du Canada est 6e suite aux rondes pr\u00e9liminaires d&rsquo;aujourd&rsquo;hui.<\/em><\/h4>\n<p style=\"text-align: left;\"><strong>Ottawa, ON &#8211;<\/strong>\u00a0Aux 17<sup>e<\/sup> Championnats du monde \u00e0 Budapest, en Hongrie, la Canadienne <a href=\"https:\/\/artisticswimming.ca\/nt-athletes\/jacqueline-simoneau\/?lang=fr\" target=\"_blank\" rel=\"noopener noreferrer\">Jacqueline Simoneau<\/a> a termin\u00e9 en cinqui\u00e8me place lors des finales de l\u2019\u00e9preuve de solo tech. La Russe <strong>Svetlana Kolesnichenko<\/strong> a remport\u00e9 l\u2019or avec un pointage de 95,2036 alors que\u00a0l\u2019Espagnole <strong>Ona Carbonell <\/strong>a r\u00e9colt\u00e9 l\u2019argent avec 95,6534 et l&rsquo;Ukrainienne\u00a0<strong>Anna Voloshyna<\/strong> le bronze avec 91,9992. Simoneau, qui \u00e9tait la derni\u00e8re comp\u00e9titrice \u00e0 nager des 12 solistes s\u2019\u00e9tant qualifi\u00e9es pour les finales, se dit satisfaite de sa comp\u00e9tition d\u2019aujourd\u2019hui, mais d\u00e9j\u00e0 en train de penser \u00e0 sa lutte pour une place sur le podium aux finales de solo libre qui auront lieu mercredi.<\/p>\n<p>\u00ab Je sais que j\u2019ai plus en moi \u00e0 offrir et j\u2019ai tr\u00e8s h\u00e2te de nager le solo libre \u00bb, dit Simoneau apr\u00e8s la comp\u00e9tition d\u2019aujourd\u2019hui. \u00ab J\u2019ai eu davantage de temps pour travailler sur cette routine alors je me sens plus confortable avec les \u00e9l\u00e9ments et le programme en g\u00e9n\u00e9ral. Cela m\u2019a permis de d\u00e9velopper l\u2019aspect plus \u00e9motionnel et artistique de ma nage\u00a0et j\u2019aime pouvoir atteindre et me connecter avec les juges et les spectateurs. J\u2019ai tr\u00e8s h\u00e2te de nager aux rondes pr\u00e9liminaires o\u00f9 je sais que ma rapidit\u00e9, ma puissance et ma hauteur montreront au monde ce dont je suis capable \u00bb.<\/p>\n<p style=\"text-align: left;\"><a href=\"http:\/\/artisticswim.wpengine.com\/wp-content\/uploads\/2017\/07\/FINA-Worlds-Day3-3.jpg\"><img decoding=\"async\" class=\"aligncenter size-full wp-image-3687\" src=\"http:\/\/artisticswim.wpengine.com\/wp-content\/uploads\/2017\/07\/FINA-Worlds-Day3-3.jpg\" alt=\"\" width=\"1330\" height=\"757\" srcset=\"https:\/\/artisticswimming.ca\/wp-content\/uploads\/2017\/07\/FINA-Worlds-Day3-3-200x114.jpg 200w, https:\/\/artisticswimming.ca\/wp-content\/uploads\/2017\/07\/FINA-Worlds-Day3-3-300x171.jpg 300w, https:\/\/artisticswimming.ca\/wp-content\/uploads\/2017\/07\/FINA-Worlds-Day3-3-400x228.jpg 400w, https:\/\/artisticswimming.ca\/wp-content\/uploads\/2017\/07\/FINA-Worlds-Day3-3-500x285.jpg 500w, https:\/\/artisticswimming.ca\/wp-content\/uploads\/2017\/07\/FINA-Worlds-Day3-3-600x342.jpg 600w, https:\/\/artisticswimming.ca\/wp-content\/uploads\/2017\/07\/FINA-Worlds-Day3-3-768x437.jpg 768w, https:\/\/artisticswimming.ca\/wp-content\/uploads\/2017\/07\/FINA-Worlds-Day3-3-800x455.jpg 800w, https:\/\/artisticswimming.ca\/wp-content\/uploads\/2017\/07\/FINA-Worlds-Day3-3-1024x583.jpg 1024w, https:\/\/artisticswimming.ca\/wp-content\/uploads\/2017\/07\/FINA-Worlds-Day3-3-1200x683.jpg 1200w, https:\/\/artisticswimming.ca\/wp-content\/uploads\/2017\/07\/FINA-Worlds-Day3-3.jpg 1330w\" sizes=\"(max-width: 1330px) 100vw, 1330px\" \/><\/a><\/p>\n<p style=\"text-align: left;\"><a href=\"http:\/\/artisticswim.wpengine.com\/wp-content\/uploads\/2017\/07\/FINA-Worlds-Day3-2.jpg\"><img decoding=\"async\" class=\"aligncenter size-full wp-image-3689\" src=\"http:\/\/artisticswim.wpengine.com\/wp-content\/uploads\/2017\/07\/FINA-Worlds-Day3-2.jpg\" alt=\"\" width=\"1330\" height=\"724\" srcset=\"https:\/\/artisticswimming.ca\/wp-content\/uploads\/2017\/07\/FINA-Worlds-Day3-2-200x109.jpg 200w, https:\/\/artisticswimming.ca\/wp-content\/uploads\/2017\/07\/FINA-Worlds-Day3-2-300x163.jpg 300w, https:\/\/artisticswimming.ca\/wp-content\/uploads\/2017\/07\/FINA-Worlds-Day3-2-400x218.jpg 400w, https:\/\/artisticswimming.ca\/wp-content\/uploads\/2017\/07\/FINA-Worlds-Day3-2-500x272.jpg 500w, https:\/\/artisticswimming.ca\/wp-content\/uploads\/2017\/07\/FINA-Worlds-Day3-2-600x327.jpg 600w, https:\/\/artisticswimming.ca\/wp-content\/uploads\/2017\/07\/FINA-Worlds-Day3-2-768x418.jpg 768w, https:\/\/artisticswimming.ca\/wp-content\/uploads\/2017\/07\/FINA-Worlds-Day3-2-800x435.jpg 800w, https:\/\/artisticswimming.ca\/wp-content\/uploads\/2017\/07\/FINA-Worlds-Day3-2-1024x557.jpg 1024w, https:\/\/artisticswimming.ca\/wp-content\/uploads\/2017\/07\/FINA-Worlds-Day3-2-1200x653.jpg 1200w, https:\/\/artisticswimming.ca\/wp-content\/uploads\/2017\/07\/FINA-Worlds-Day3-2.jpg 1330w\" sizes=\"(max-width: 1330px) 100vw, 1330px\" \/><\/a><\/p>\n<p style=\"text-align: right;\"><em>Photos <a href=\"http:\/\/www.lizcorman.com\/\" target=\"_blank\" rel=\"noopener noreferrer\" data-cke-saved-href=\"http:\/\/www.lizcorman.com\/\">Liz Corman<\/a><\/em><\/p>\n<p>Plus tard dans la journ\u00e9e, <strong>Isabelle Blanchet-Rampling<\/strong>, 31 ans, et <strong>Robert Pr\u00e9vost<\/strong>, 37 ans, tous deux de Montr\u00e9al, QC, ont d\u00e9but\u00e9 leur\u00a0comp\u00e9tition en\u00a0duo mixte avec les rondes pr\u00e9liminaires du duo tech. La paire a termin\u00e9 6<sup>e<\/sup> des 10 inscrites et s\u2019est qualifi\u00e9e pour les finales de duo tech qui auront lieu lundi. Le duo a obtenu un pointage de 81,3330, avec la Russie en premi\u00e8re place, l\u2019Italie en deuxi\u00e8me et les Etats-Unis en troisi\u00e8me. \u00c0 l\u2019occasion de leurs premiers championnats du monde ensemble, Blanchet-Rampling dit appr\u00e9cier la foule enthousiaste qui les encourageait. \u00ab L\u2019\u00e9nergie est une des raisons pour lesquelles j\u2019aime nager \u00e0 ce point. Quand j\u2019entends la foule sous l\u2019eau, c\u2019est une de ces sensations qui ne se reproduit pas autrement. \u00bb<\/p>\n<h3 class=\"null\"><strong><em>Ce qui se passe \u00e0 Budapest demain, le 16 juillet 2017<\/em><\/strong><\/h3>\n<p>En obtenant la 7<sup>e<\/sup> position lors des rondes pr\u00e9liminaires de vendredi, Jacqueline Simoneau et Claudia Holzner se sont qualifi\u00e9es pour les finales de duo technique qui ont lieu demain, le 16 juillet. La comp\u00e9tition d\u00e9butera \u00e0 <strong>11:00, heure locale (5:00 HAE) <\/strong>et la paire sera la <strong>1<sup>\u00e8re<\/sup><\/strong> \u00e0 nager parmi les 12 finalistes. L\u2019\u00e9preuve sera diffus\u00e9e en direct par CBC \u00e0 partir de <strong>4:50 (HAE<\/strong>) au <a href=\"http:\/\/mailchi.mp\/synchro\/cbc.ca\/sports\">cbc.ca\/sports<\/a>.<\/p>\n<p>Demain est \u00e9galement le jour o\u00f9 \u00c9quipe Canada d\u00e9voile\u00a0sa toute nouvelle routine technique. Celle-ci a \u00e9t\u00e9 cr\u00e9\u00e9e autour de la musique de l\u2019album <em>Brave Enough<\/em> de Lindsey Stirling. Elle met de l\u2019avant leurs marques de commerce\u00a0: hauteur, puissance et couverture de piscine, ainsi qu\u2019un <em>highlight<\/em> spectaculaire en ouverture. Les nageuses sont les suivantes\u00a0: <a href=\"https:\/\/artisticswimming.ca\/nt-athletes\/janelle-ball\/?lang=fr\" target=\"_blank\" rel=\"noopener noreferrer\">Janelle Ball<\/a>, 24 ans (Dollard-des-Ormeaux, QC); <a href=\"https:\/\/artisticswimming.ca\/nt-athletes\/gabriella-brisson\/?lang=fr\" target=\"_blank\" rel=\"noopener noreferrer\">Gabriella Brisson<\/a>, 23 ans (Calgary, AB); <a href=\"https:\/\/artisticswimming.ca\/nt-athletes\/andree-anne-cote\/?lang=fr\" target=\"_blank\" rel=\"noopener noreferrer\">Andr\u00e9e-Anne C\u00f4t\u00e9<\/a>, 19 ans (St-Georges, QC); <a href=\"https:\/\/artisticswimming.ca\/nt-athletes\/claudia-holzner\/?lang=fr\" target=\"_blank\" rel=\"noopener noreferrer\">Claudia Holzner,<\/a> 23 ans (Calgary, AB); <a href=\"https:\/\/artisticswimming.ca\/nt-athletes\/marie-lou-morin\/?lang=fr\" target=\"_blank\" rel=\"noopener noreferrer\">Marie-Lou Morin<\/a>, 26 ans (Westmount, QC); <a href=\"https:\/\/artisticswimming.ca\/nt-athletes\/samantha-nealon\/?lang=fr\" target=\"_blank\" rel=\"noopener noreferrer\">Samantha Nealon<\/a>, 23 ans (Morriston, ON); <a href=\"https:\/\/artisticswimming.ca\/nt-athletes\/elizabeth-savard\/?lang=fr\" target=\"_blank\" rel=\"noopener noreferrer\">Elizabeth Savard,<\/a> 21 ans (Laval, QC); <a href=\"https:\/\/artisticswimming.ca\/nt-athletes\/jacqueline-simoneau\/?lang=fr\" target=\"_blank\" rel=\"noopener noreferrer\">Jacqueline Simoneau<\/a>, 20 ans (Montr\u00e9al, QC); <a href=\"https:\/\/artisticswimming.ca\/nt-athletes\/laurence-vezina\/?lang=fr\" target=\"_blank\" rel=\"noopener noreferrer\">Laurence V\u00e9zina<\/a>, 20 ans (L\u2019Ancienne-Lorette, QC); and <a href=\"https:\/\/artisticswimming.ca\/nt-athletes\/kali-wong\/?lang=fr\" target=\"_blank\" rel=\"noopener noreferrer\">Kali Wong<\/a>, 20 ans (Calgary, AB). <a href=\"https:\/\/artisticswimming.ca\/nt-athletes\/gabrielle-boisvert\/?lang=fr\" target=\"_blank\" rel=\"noopener noreferrer\">Gabrielle Boisvert<\/a>, 23 ans (Cap Rouge, QC) et <a href=\"https:\/\/artisticswimming.ca\/nt-athletes\/gwendolyn-mcguire\/?lang=fr\" target=\"_blank\" rel=\"noopener noreferrer\">Gwendolyn McGuire<\/a>, 19 (Sherwood Park, AB) sont les substituts. L\u2019\u00e9preuve commence \u00e0 <strong>19:00, heure locale (13:00 HAE)<\/strong> et le Canada sera la <strong>14<sup>e<\/sup> \u00e9quipe<\/strong> \u00e0 nager sur les 24 participantes.<\/p>\n<p>Pour tous les horaires, ordres de passage, r\u00e9sultats et liens vers la diffusion en direct des nageuses canadiennes, veuillez visiter <a href=\"https:\/\/artisticswimming.ca\/fr\/event\/championnats-du-monde-fina-2017\/?lang=fr\">la page de l\u2019\u00e9v\u00e9nement sur synchro.ca<\/a>.<\/p>\n<p>Pour plus d\u2019informations sur les Championnats du monde, visitez le <a href=\"http:\/\/fina.org\/event\/17th-fina-world-championships\">site web de la FINA<\/a>.<\/p>\n","protected":false},"excerpt":{"rendered":"<p>L&rsquo;athl\u00e8te de Montr\u00e9al termine 5e\u00a0en solo tech apr\u00e8s les finales et le duo mixte du Canada est 6e suite aux rondes pr\u00e9liminaires d&rsquo;aujourd&rsquo;hui. Ottawa, ON &#8211;\u00a0Aux 17e Championnats du monde \u00e0 Budapest, en Hongrie, la Canadienne Jacqueline Simoneau a termin\u00e9 en <a href=\"https:\/\/artisticswimming.ca\/fr\/canadas-simoneau-takes-5th-place-in-solo-tech-at-2017-fina-world-championships\/\"> [&#8230;]<\/a><\/p>\n","protected":false},"author":3,"featured_media":3692,"comment_status":"open","ping_status":"open","sticky":false,"template":"","format":"standard","meta":{"_acf_changed":false,"footnotes":""},"categories":[79,73,1],"tags":[],"class_list":["post-3697","post","type-post","status-publish","format-standard","has-post-thumbnail","hentry","category-equipe-nationale-senior","category-nouvelles","category-uncategorized"],"acf":[],"yoast_head":"<!-- This site is optimized with the Yoast SEO plugin v27.2 - https:\/\/yoast.com\/product\/yoast-seo-wordpress\/ -->\n<title>Une cinqui\u00e8me position en solo tech pour Jacqueline Simoneau aux Championnats du monde FINA - Natation Artistique Canada<\/title>\n<meta name=\"robots\" content=\"index, follow, max-snippet:-1, max-image-preview:large, max-video-preview:-1\" \/>\n<link rel=\"canonical\" href=\"https:\/\/artisticswimming.ca\/fr\/canadas-simoneau-takes-5th-place-in-solo-tech-at-2017-fina-world-championships\/\" \/>\n<meta property=\"og:locale\" content=\"fr_FR\" \/>\n<meta property=\"og:type\" content=\"article\" \/>\n<meta property=\"og:title\" content=\"Une cinqui\u00e8me position en solo tech pour Jacqueline Simoneau aux Championnats du monde FINA - Natation Artistique Canada\" \/>\n<meta property=\"og:description\" content=\"L&rsquo;athl\u00e8te de Montr\u00e9al termine 5e\u00a0en solo tech apr\u00e8s les finales et le duo mixte du Canada est 6e suite aux rondes pr\u00e9liminaires d&rsquo;aujourd&rsquo;hui. Ottawa, ON &#8211;\u00a0Aux 17e Championnats du monde \u00e0 Budapest, en Hongrie, la Canadienne Jacqueline Simoneau a termin\u00e9 en [...]\" \/>\n<meta property=\"og:url\" content=\"https:\/\/artisticswimming.ca\/fr\/canadas-simoneau-takes-5th-place-in-solo-tech-at-2017-fina-world-championships\/\" \/>\n<meta property=\"og:site_name\" content=\"Natation Artistique Canada\" \/>\n<meta property=\"article:published_time\" content=\"2017-07-15T22:10:32+00:00\" \/>\n<meta property=\"article:modified_time\" content=\"2017-09-18T15:26:08+00:00\" \/>\n<meta property=\"og:image\" content=\"https:\/\/artisticswimming.ca\/wp-content\/uploads\/2017\/07\/FINA-Worlds-Day3.jpg\" \/>\n\t<meta property=\"og:image:width\" content=\"2400\" \/>\n\t<meta property=\"og:image:height\" content=\"1003\" \/>\n\t<meta property=\"og:image:type\" content=\"image\/jpeg\" \/>\n<meta name=\"author\" content=\"Myriam Cote\" \/>\n<meta name=\"twitter:card\" content=\"summary_large_image\" \/>\n<meta name=\"twitter:label1\" content=\"\u00c9crit par\" \/>\n\t<meta name=\"twitter:data1\" content=\"Myriam Cote\" \/>\n\t<meta name=\"twitter:label2\" content=\"Dur\u00e9e de lecture estim\u00e9e\" \/>\n\t<meta name=\"twitter:data2\" content=\"3 minutes\" \/>\n<script type=\"application\/ld+json\" class=\"yoast-schema-graph\">{\"@context\":\"https:\/\/schema.org\",\"@graph\":[{\"@type\":\"Article\",\"@id\":\"https:\/\/artisticswimming.ca\/fr\/canadas-simoneau-takes-5th-place-in-solo-tech-at-2017-fina-world-championships\/#article\",\"isPartOf\":{\"@id\":\"https:\/\/artisticswimming.ca\/fr\/canadas-simoneau-takes-5th-place-in-solo-tech-at-2017-fina-world-championships\/\"},\"author\":{\"name\":\"Myriam Cote\",\"@id\":\"https:\/\/artisticswimming.ca\/fr\/#\/schema\/person\/76d6c2c9954d56641f9210cc7427bc76\"},\"headline\":\"Une cinqui\u00e8me position en solo tech pour Jacqueline Simoneau aux Championnats du monde FINA\",\"datePublished\":\"2017-07-15T22:10:32+00:00\",\"dateModified\":\"2017-09-18T15:26:08+00:00\",\"mainEntityOfPage\":{\"@id\":\"https:\/\/artisticswimming.ca\/fr\/canadas-simoneau-takes-5th-place-in-solo-tech-at-2017-fina-world-championships\/\"},\"wordCount\":683,\"commentCount\":0,\"image\":{\"@id\":\"https:\/\/artisticswimming.ca\/fr\/canadas-simoneau-takes-5th-place-in-solo-tech-at-2017-fina-world-championships\/#primaryimage\"},\"thumbnailUrl\":\"https:\/\/artisticswimming.ca\/wp-content\/uploads\/2017\/07\/FINA-Worlds-Day3.jpg\",\"articleSection\":[\"\u00c9quipe nationale senior\",\"Nouvelles\",\"Uncategorized\"],\"inLanguage\":\"fr-FR\",\"potentialAction\":[{\"@type\":\"CommentAction\",\"name\":\"Comment\",\"target\":[\"https:\/\/artisticswimming.ca\/fr\/canadas-simoneau-takes-5th-place-in-solo-tech-at-2017-fina-world-championships\/#respond\"]}]},{\"@type\":\"WebPage\",\"@id\":\"https:\/\/artisticswimming.ca\/fr\/canadas-simoneau-takes-5th-place-in-solo-tech-at-2017-fina-world-championships\/\",\"url\":\"https:\/\/artisticswimming.ca\/fr\/canadas-simoneau-takes-5th-place-in-solo-tech-at-2017-fina-world-championships\/\",\"name\":\"Une cinqui\u00e8me position en solo tech pour Jacqueline Simoneau aux Championnats du monde FINA - Natation Artistique Canada\",\"isPartOf\":{\"@id\":\"https:\/\/artisticswimming.ca\/fr\/#website\"},\"primaryImageOfPage\":{\"@id\":\"https:\/\/artisticswimming.ca\/fr\/canadas-simoneau-takes-5th-place-in-solo-tech-at-2017-fina-world-championships\/#primaryimage\"},\"image\":{\"@id\":\"https:\/\/artisticswimming.ca\/fr\/canadas-simoneau-takes-5th-place-in-solo-tech-at-2017-fina-world-championships\/#primaryimage\"},\"thumbnailUrl\":\"https:\/\/artisticswimming.ca\/wp-content\/uploads\/2017\/07\/FINA-Worlds-Day3.jpg\",\"datePublished\":\"2017-07-15T22:10:32+00:00\",\"dateModified\":\"2017-09-18T15:26:08+00:00\",\"author\":{\"@id\":\"https:\/\/artisticswimming.ca\/fr\/#\/schema\/person\/76d6c2c9954d56641f9210cc7427bc76\"},\"breadcrumb\":{\"@id\":\"https:\/\/artisticswimming.ca\/fr\/canadas-simoneau-takes-5th-place-in-solo-tech-at-2017-fina-world-championships\/#breadcrumb\"},\"inLanguage\":\"fr-FR\",\"potentialAction\":[{\"@type\":\"ReadAction\",\"target\":[\"https:\/\/artisticswimming.ca\/fr\/canadas-simoneau-takes-5th-place-in-solo-tech-at-2017-fina-world-championships\/\"]}]},{\"@type\":\"ImageObject\",\"inLanguage\":\"fr-FR\",\"@id\":\"https:\/\/artisticswimming.ca\/fr\/canadas-simoneau-takes-5th-place-in-solo-tech-at-2017-fina-world-championships\/#primaryimage\",\"url\":\"https:\/\/artisticswimming.ca\/wp-content\/uploads\/2017\/07\/FINA-Worlds-Day3.jpg\",\"contentUrl\":\"https:\/\/artisticswimming.ca\/wp-content\/uploads\/2017\/07\/FINA-Worlds-Day3.jpg\",\"width\":2400,\"height\":1003},{\"@type\":\"BreadcrumbList\",\"@id\":\"https:\/\/artisticswimming.ca\/fr\/canadas-simoneau-takes-5th-place-in-solo-tech-at-2017-fina-world-championships\/#breadcrumb\",\"itemListElement\":[{\"@type\":\"ListItem\",\"position\":1,\"name\":\"Home\",\"item\":\"https:\/\/artisticswimming.ca\/fr\/\"},{\"@type\":\"ListItem\",\"position\":2,\"name\":\"Une cinqui\u00e8me position en solo tech pour Jacqueline Simoneau aux Championnats du monde FINA\"}]},{\"@type\":\"WebSite\",\"@id\":\"https:\/\/artisticswimming.ca\/fr\/#website\",\"url\":\"https:\/\/artisticswimming.ca\/fr\/\",\"name\":\"Natation Artistique Canada\",\"description\":\"\",\"potentialAction\":[{\"@type\":\"SearchAction\",\"target\":{\"@type\":\"EntryPoint\",\"urlTemplate\":\"https:\/\/artisticswimming.ca\/fr\/?s={search_term_string}\"},\"query-input\":{\"@type\":\"PropertyValueSpecification\",\"valueRequired\":true,\"valueName\":\"search_term_string\"}}],\"inLanguage\":\"fr-FR\"},{\"@type\":\"Person\",\"@id\":\"https:\/\/artisticswimming.ca\/fr\/#\/schema\/person\/76d6c2c9954d56641f9210cc7427bc76\",\"name\":\"Myriam Cote\",\"image\":{\"@type\":\"ImageObject\",\"inLanguage\":\"fr-FR\",\"@id\":\"https:\/\/secure.gravatar.com\/avatar\/9636d581f11fe1ce5c868617703e52ebeddf65bc5ba83eda388709ba9ad9da61?s=96&d=mm&r=g\",\"url\":\"https:\/\/secure.gravatar.com\/avatar\/9636d581f11fe1ce5c868617703e52ebeddf65bc5ba83eda388709ba9ad9da61?s=96&d=mm&r=g\",\"contentUrl\":\"https:\/\/secure.gravatar.com\/avatar\/9636d581f11fe1ce5c868617703e52ebeddf65bc5ba83eda388709ba9ad9da61?s=96&d=mm&r=g\",\"caption\":\"Myriam Cote\"},\"url\":\"https:\/\/artisticswimming.ca\/fr\/author\/myriam\/\"}]}<\/script>\n<!-- \/ Yoast SEO plugin. -->","yoast_head_json":{"title":"Une cinqui\u00e8me position en solo tech pour Jacqueline Simoneau aux Championnats du monde FINA - Natation Artistique Canada","robots":{"index":"index","follow":"follow","max-snippet":"max-snippet:-1","max-image-preview":"max-image-preview:large","max-video-preview":"max-video-preview:-1"},"canonical":"https:\/\/artisticswimming.ca\/fr\/canadas-simoneau-takes-5th-place-in-solo-tech-at-2017-fina-world-championships\/","og_locale":"fr_FR","og_type":"article","og_title":"Une cinqui\u00e8me position en solo tech pour Jacqueline Simoneau aux Championnats du monde FINA - Natation Artistique Canada","og_description":"L&rsquo;athl\u00e8te de Montr\u00e9al termine 5e\u00a0en solo tech apr\u00e8s les finales et le duo mixte du Canada est 6e suite aux rondes pr\u00e9liminaires d&rsquo;aujourd&rsquo;hui. Ottawa, ON &#8211;\u00a0Aux 17e Championnats du monde \u00e0 Budapest, en Hongrie, la Canadienne Jacqueline Simoneau a termin\u00e9 en [...]","og_url":"https:\/\/artisticswimming.ca\/fr\/canadas-simoneau-takes-5th-place-in-solo-tech-at-2017-fina-world-championships\/","og_site_name":"Natation Artistique Canada","article_published_time":"2017-07-15T22:10:32+00:00","article_modified_time":"2017-09-18T15:26:08+00:00","og_image":[{"width":2400,"height":1003,"url":"https:\/\/artisticswimming.ca\/wp-content\/uploads\/2017\/07\/FINA-Worlds-Day3.jpg","type":"image\/jpeg"}],"author":"Myriam Cote","twitter_card":"summary_large_image","twitter_misc":{"\u00c9crit par":"Myriam Cote","Dur\u00e9e de lecture estim\u00e9e":"3 minutes"},"schema":{"@context":"https:\/\/schema.org","@graph":[{"@type":"Article","@id":"https:\/\/artisticswimming.ca\/fr\/canadas-simoneau-takes-5th-place-in-solo-tech-at-2017-fina-world-championships\/#article","isPartOf":{"@id":"https:\/\/artisticswimming.ca\/fr\/canadas-simoneau-takes-5th-place-in-solo-tech-at-2017-fina-world-championships\/"},"author":{"name":"Myriam Cote","@id":"https:\/\/artisticswimming.ca\/fr\/#\/schema\/person\/76d6c2c9954d56641f9210cc7427bc76"},"headline":"Une cinqui\u00e8me position en solo tech pour Jacqueline Simoneau aux Championnats du monde FINA","datePublished":"2017-07-15T22:10:32+00:00","dateModified":"2017-09-18T15:26:08+00:00","mainEntityOfPage":{"@id":"https:\/\/artisticswimming.ca\/fr\/canadas-simoneau-takes-5th-place-in-solo-tech-at-2017-fina-world-championships\/"},"wordCount":683,"commentCount":0,"image":{"@id":"https:\/\/artisticswimming.ca\/fr\/canadas-simoneau-takes-5th-place-in-solo-tech-at-2017-fina-world-championships\/#primaryimage"},"thumbnailUrl":"https:\/\/artisticswimming.ca\/wp-content\/uploads\/2017\/07\/FINA-Worlds-Day3.jpg","articleSection":["\u00c9quipe nationale senior","Nouvelles","Uncategorized"],"inLanguage":"fr-FR","potentialAction":[{"@type":"CommentAction","name":"Comment","target":["https:\/\/artisticswimming.ca\/fr\/canadas-simoneau-takes-5th-place-in-solo-tech-at-2017-fina-world-championships\/#respond"]}]},{"@type":"WebPage","@id":"https:\/\/artisticswimming.ca\/fr\/canadas-simoneau-takes-5th-place-in-solo-tech-at-2017-fina-world-championships\/","url":"https:\/\/artisticswimming.ca\/fr\/canadas-simoneau-takes-5th-place-in-solo-tech-at-2017-fina-world-championships\/","name":"Une cinqui\u00e8me position en solo tech pour Jacqueline Simoneau aux Championnats du monde FINA - Natation Artistique Canada","isPartOf":{"@id":"https:\/\/artisticswimming.ca\/fr\/#website"},"primaryImageOfPage":{"@id":"https:\/\/artisticswimming.ca\/fr\/canadas-simoneau-takes-5th-place-in-solo-tech-at-2017-fina-world-championships\/#primaryimage"},"image":{"@id":"https:\/\/artisticswimming.ca\/fr\/canadas-simoneau-takes-5th-place-in-solo-tech-at-2017-fina-world-championships\/#primaryimage"},"thumbnailUrl":"https:\/\/artisticswimming.ca\/wp-content\/uploads\/2017\/07\/FINA-Worlds-Day3.jpg","datePublished":"2017-07-15T22:10:32+00:00","dateModified":"2017-09-18T15:26:08+00:00","author":{"@id":"https:\/\/artisticswimming.ca\/fr\/#\/schema\/person\/76d6c2c9954d56641f9210cc7427bc76"},"breadcrumb":{"@id":"https:\/\/artisticswimming.ca\/fr\/canadas-simoneau-takes-5th-place-in-solo-tech-at-2017-fina-world-championships\/#breadcrumb"},"inLanguage":"fr-FR","potentialAction":[{"@type":"ReadAction","target":["https:\/\/artisticswimming.ca\/fr\/canadas-simoneau-takes-5th-place-in-solo-tech-at-2017-fina-world-championships\/"]}]},{"@type":"ImageObject","inLanguage":"fr-FR","@id":"https:\/\/artisticswimming.ca\/fr\/canadas-simoneau-takes-5th-place-in-solo-tech-at-2017-fina-world-championships\/#primaryimage","url":"https:\/\/artisticswimming.ca\/wp-content\/uploads\/2017\/07\/FINA-Worlds-Day3.jpg","contentUrl":"https:\/\/artisticswimming.ca\/wp-content\/uploads\/2017\/07\/FINA-Worlds-Day3.jpg","width":2400,"height":1003},{"@type":"BreadcrumbList","@id":"https:\/\/artisticswimming.ca\/fr\/canadas-simoneau-takes-5th-place-in-solo-tech-at-2017-fina-world-championships\/#breadcrumb","itemListElement":[{"@type":"ListItem","position":1,"name":"Home","item":"https:\/\/artisticswimming.ca\/fr\/"},{"@type":"ListItem","position":2,"name":"Une cinqui\u00e8me position en solo tech pour Jacqueline Simoneau aux Championnats du monde FINA"}]},{"@type":"WebSite","@id":"https:\/\/artisticswimming.ca\/fr\/#website","url":"https:\/\/artisticswimming.ca\/fr\/","name":"Natation Artistique Canada","description":"","potentialAction":[{"@type":"SearchAction","target":{"@type":"EntryPoint","urlTemplate":"https:\/\/artisticswimming.ca\/fr\/?s={search_term_string}"},"query-input":{"@type":"PropertyValueSpecification","valueRequired":true,"valueName":"search_term_string"}}],"inLanguage":"fr-FR"},{"@type":"Person","@id":"https:\/\/artisticswimming.ca\/fr\/#\/schema\/person\/76d6c2c9954d56641f9210cc7427bc76","name":"Myriam Cote","image":{"@type":"ImageObject","inLanguage":"fr-FR","@id":"https:\/\/secure.gravatar.com\/avatar\/9636d581f11fe1ce5c868617703e52ebeddf65bc5ba83eda388709ba9ad9da61?s=96&d=mm&r=g","url":"https:\/\/secure.gravatar.com\/avatar\/9636d581f11fe1ce5c868617703e52ebeddf65bc5ba83eda388709ba9ad9da61?s=96&d=mm&r=g","contentUrl":"https:\/\/secure.gravatar.com\/avatar\/9636d581f11fe1ce5c868617703e52ebeddf65bc5ba83eda388709ba9ad9da61?s=96&d=mm&r=g","caption":"Myriam Cote"},"url":"https:\/\/artisticswimming.ca\/fr\/author\/myriam\/"}]}},"_links":{"self":[{"href":"https:\/\/artisticswimming.ca\/fr\/wp-json\/wp\/v2\/posts\/3697","targetHints":{"allow":["GET"]}}],"collection":[{"href":"https:\/\/artisticswimming.ca\/fr\/wp-json\/wp\/v2\/posts"}],"about":[{"href":"https:\/\/artisticswimming.ca\/fr\/wp-json\/wp\/v2\/types\/post"}],"author":[{"embeddable":true,"href":"https:\/\/artisticswimming.ca\/fr\/wp-json\/wp\/v2\/users\/3"}],"replies":[{"embeddable":true,"href":"https:\/\/artisticswimming.ca\/fr\/wp-json\/wp\/v2\/comments?post=3697"}],"version-history":[{"count":0,"href":"https:\/\/artisticswimming.ca\/fr\/wp-json\/wp\/v2\/posts\/3697\/revisions"}],"wp:featuredmedia":[{"embeddable":true,"href":"https:\/\/artisticswimming.ca\/fr\/wp-json\/wp\/v2\/media\/3692"}],"wp:attachment":[{"href":"https:\/\/artisticswimming.ca\/fr\/wp-json\/wp\/v2\/media?parent=3697"}],"wp:term":[{"taxonomy":"category","embeddable":true,"href":"https:\/\/artisticswimming.ca\/fr\/wp-json\/wp\/v2\/categories?post=3697"},{"taxonomy":"post_tag","embeddable":true,"href":"https:\/\/artisticswimming.ca\/fr\/wp-json\/wp\/v2\/tags?post=3697"}],"curies":[{"name":"wp","href":"https:\/\/api.w.org\/{rel}","templated":true}]}}