{"id":383,"date":"2016-03-03T17:34:22","date_gmt":"2016-03-03T17:34:22","guid":{"rendered":"http:\/\/synchro.wpengine.com\/?p=383&#038;lang=fr"},"modified":"2017-09-18T15:26:44","modified_gmt":"2017-09-18T15:26:44","slug":"jacqueline-simoneau-discute-des-poussees-acrobatiques-innovatrices-du-canada","status":"publish","type":"post","link":"https:\/\/artisticswimming.ca\/fr\/jacqueline-simoneau-discute-des-poussees-acrobatiques-innovatrices-du-canada\/","title":{"rendered":"Jacqueline Simoneau discute des pouss\u00e9es acrobatiques innovatrices du Canada"},"content":{"rendered":"<p style=\"text-align: center;\"><b><i>Synchro Canada aux essais olympiques de nage synchronis\u00e9e \u00e0 Rio de Janeiro \u2013 deuxi\u00e8me partie<\/i><\/b><\/p>\n<p style=\"text-align: justify;\"><b>Jacqueline Simoneau<\/b><span style=\"font-weight: 400;\">, connue pour sa m\u00e9daille d\u2019argent en solo aux Championnats mondiaux juniors de 2014 et sa qualification en duo avec <\/span><b>Karine Thomas<\/b><span style=\"font-weight: 400;\"> pour les Jeux olympiques de 2016, est aussi la voltigeuse de l\u2019\u00e9quipe canadienne. Elle participera \u00e0 l\u2019\u00e9preuve de qualification olympique par \u00e9quipe qui se tiendra ce weekend \u00e0 Rio, au Br\u00e9sil. \u00a0<\/span><\/p>\n<p style=\"text-align: justify;\"><span style=\"font-weight: 400;\">En vue de cet \u00e9v\u00e9nement, nous lui avons pos\u00e9 quelques questions afin de mieux saisir ce que ce r\u00f4le important au sein de l\u2019\u00e9quipe signifie pour elle.<\/span><\/p>\n<p style=\"text-align: justify;\"><b>Q<\/b><span style=\"font-weight: 400;\"> : Comment \u00eates-vous devenue la voltigeuse de l\u2019\u00e9quipe canadienne?<\/span><\/p>\n<p style=\"text-align: justify;\"><b>Jacqueline<\/b><span style=\"font-weight: 400;\"> : Je me suis entra\u00een\u00e9e pendant plusieurs ann\u00e9es en trampoline, en gymnastique et en plongeon avec Luc <div class=\"fusion-fullwidth fullwidth-box fusion-builder-row-1 hundred-percent-fullwidth non-hundred-percent-height-scrolling\" style=\"--awb-border-radius-top-left:0px;--awb-border-radius-top-right:0px;--awb-border-radius-bottom-right:0px;--awb-border-radius-bottom-left:0px;--awb-overflow:visible;--awb-flex-wrap:wrap;\" ><div class=\"fusion-builder-row fusion-row\"><div class=\"fusion-layout-column fusion_builder_column fusion-builder-column-0 fusion_builder_column_1_1 1_1 fusion-one-full fusion-column-first fusion-column-last fusion-column-no-min-height\" style=\"--awb-bg-size:cover;--awb-margin-bottom:0px;\"><div class=\"fusion-column-wrapper fusion-flex-column-wrapper-legacy\">[Belhumeur] et Jos\u00e9e [Cyr]. J\u2019ai progressivement appris les pouss\u00e9es acrobatiques de base \u00e0 effectuer lorsque mes co\u00e9quipi\u00e8res me soul\u00e8vent hors de l\u2019eau ou me propulsent dans les airs. Pour bien ex\u00e9cuter les pouss\u00e9es acrobatiques, il faut de la puissance et, surtout, une synchronisation parfaite entre toutes les nageuses. C\u2019est un v\u00e9ritable effort collectif qui n\u00e9cessite beaucoup d\u2019entra\u00eenement. <\/span><\/p>\n<p style=\"text-align: justify;\"><b>Q<\/b><span style=\"font-weight: 400;\"> St\u00e9phanie Durocher, Lisa Sanders et Lisa Mikelberg, anciennes voltigeuses de l\u2019\u00e9quipe canadienne, ont forg\u00e9 la renomm\u00e9e du pays pour sa cr\u00e9ativit\u00e9 en mati\u00e8re de pouss\u00e9es acrobatiques. Quelles nouveaut\u00e9s apporterez-vous dans les routines?<\/span><\/p>\n<p style=\"text-align: justify;\"><b>Jacqueline<\/b><span style=\"font-weight: 400;\"> : J\u2019ex\u00e9cute une figure que le Canada a cr\u00e9\u00e9e l\u2019an dernier. Il s\u2019agit d\u2019un salto avant d\u2019une rotation et demie suivi d\u2019un plongeon sans \u00e9claboussures. Cette figure illustre notre ma\u00eetrise et notre pr\u00e9cision. C\u2019est une sensation intense, car mes co\u00e9quipi\u00e8res me lancent haut dans les airs. Je suis vraiment emball\u00e9e, parce que nous repoussons nos limites dans cette routine technique, avec le premier double saut p\u00e9rilleux avant jamais ex\u00e9cut\u00e9 en nage synchronis\u00e9e. <\/span><\/p>\n<p style=\"text-align: justify;\"><b>Q<\/b><span style=\"font-weight: 400;\"> : Le Canada et l\u2019Ukraine font des doubles saltos depuis le dernier cycle olympique. Pouvez-vous nous expliquer ce qu\u2019il y a de nouveau cette fois-ci?<\/span><\/p>\n<p style=\"text-align: justify;\"><b>Jacqueline<\/b><span style=\"font-weight: 400;\"> : De plus en plus de pays ajoutent un double saut p\u00e9rilleux arri\u00e8re dans leur routine, mais moi, j\u2019ex\u00e9cute un double saut p\u00e9rilleux avant. C\u2019est bien plus difficile, car au moment de la pouss\u00e9e, je dois faire une vrille et une culbute en m\u00eame temps! Luc m\u2019a beaucoup aid\u00e9e \u00e0 relever ce d\u00e9fi. L\u2019entr\u00e9e \u00e0 l\u2019eau est particuli\u00e8rement cors\u00e9e, car contrairement au double saut p\u00e9rilleux arri\u00e8re, je ne peux pas voir la surface. Puis, en une fraction de seconde, je dois rejoindre la formation. J\u2019ai travaill\u00e9 tr\u00e8s fort avec Meng [Chen] pour augmenter la vitesse de la pr\u00e9paration et de la transition.<\/span><\/p>\n<p><a href=\"http:\/\/synchro.wpengine.com\/wp-content\/uploads\/2016\/07\/Highlights.png\"><img decoding=\"async\" class=\"aligncenter size-full wp-image-381\" src=\"http:\/\/synchro.wpengine.com\/wp-content\/uploads\/2016\/07\/Highlights.png\" alt=\"Highlights\" width=\"976\" height=\"261\" srcset=\"https:\/\/artisticswimming.ca\/wp-content\/uploads\/2016\/07\/Highlights-200x53.png 200w, https:\/\/artisticswimming.ca\/wp-content\/uploads\/2016\/07\/Highlights-300x80.png 300w, https:\/\/artisticswimming.ca\/wp-content\/uploads\/2016\/07\/Highlights-400x107.png 400w, https:\/\/artisticswimming.ca\/wp-content\/uploads\/2016\/07\/Highlights-500x134.png 500w, https:\/\/artisticswimming.ca\/wp-content\/uploads\/2016\/07\/Highlights-600x160.png 600w, https:\/\/artisticswimming.ca\/wp-content\/uploads\/2016\/07\/Highlights-768x205.png 768w, https:\/\/artisticswimming.ca\/wp-content\/uploads\/2016\/07\/Highlights-800x214.png 800w, https:\/\/artisticswimming.ca\/wp-content\/uploads\/2016\/07\/Highlights.png 976w\" sizes=\"(max-width: 976px) 100vw, 976px\" \/><\/a><\/p>\n<p style=\"text-align: justify;\"><b>Q<\/b><span style=\"font-weight: 400;\"> : Quelle est votre pouss\u00e9e acrobatique pr\u00e9f\u00e9r\u00e9e?<\/span><\/p>\n<p style=\"text-align: justify;\"><b>Jacqueline<\/b><span style=\"font-weight: 400;\"> : Je ne sais pas\u2026 La plateforme de notre routine libre est tellement artistique et originale. On dirait que tout est instable, alors qu\u2019en r\u00e9alit\u00e9, c\u2019est tr\u00e8s solide. Je me penche beaucoup \u00e0 gauche, puis reviens au centre. J\u2019ai besoin d\u2019un bon \u00e9quilibre, mais je sais que mes co\u00e9quipi\u00e8res font tout pour m\u2019assurer un soutien stable. <\/span><\/p>\n<p style=\"text-align: justify;\"><b>Q<\/b><span style=\"font-weight: 400;\"> : Pr\u00e9senterez-vous d\u2019autres cr\u00e9ations canadiennes \u00e0 Rio?<\/span><\/p>\n<p style=\"text-align: justify;\"><b>Jacqueline<\/b><span style=\"font-weight: 400;\"> : Il y a aussi la derni\u00e8re pouss\u00e9e acrobatique avec Marie-Lou. On y voit la force des nageuses canadiennes dans toute sa splendeur! Je ne vous en dis pas plus, vous devez <strong><a href=\"http:\/\/youtu.be\/uhbYYxAmHEM\" target=\"_blank\">visionner nos routines sur YouTube<\/a><\/strong>\u00a0et nous encourager.<\/span><\/p>\n<div class=\"fusion-clearfix\"><\/div><\/div><\/div><\/div><\/div><\/p>\n","protected":false},"excerpt":{"rendered":"<p>Synchro Canada aux essais olympiques de nage synchronis\u00e9e \u00e0 Rio de Janeiro \u2013 deuxi\u00e8me partie Jacqueline Simoneau, connue pour sa m\u00e9daille d\u2019argent en solo aux Championnats mondiaux juniors de 2014 et sa qualification en duo avec Karine Thomas pour les Jeux <a href=\"https:\/\/artisticswimming.ca\/fr\/jacqueline-simoneau-discute-des-poussees-acrobatiques-innovatrices-du-canada\/\"> [&#8230;]<\/a><\/p>\n","protected":false},"author":3,"featured_media":0,"comment_status":"open","ping_status":"open","sticky":false,"template":"","format":"standard","meta":{"_acf_changed":false,"footnotes":""},"categories":[79,1],"tags":[],"class_list":["post-383","post","type-post","status-publish","format-standard","hentry","category-equipe-nationale-senior","category-uncategorized"],"acf":[],"yoast_head":"<!-- This site is optimized with the Yoast SEO plugin v27.2 - https:\/\/yoast.com\/product\/yoast-seo-wordpress\/ -->\n<title>Jacqueline Simoneau discute des pouss\u00e9es acrobatiques innovatrices du Canada - Natation Artistique Canada<\/title>\n<meta name=\"robots\" content=\"index, follow, max-snippet:-1, max-image-preview:large, max-video-preview:-1\" \/>\n<link rel=\"canonical\" href=\"https:\/\/artisticswimming.ca\/fr\/jacqueline-simoneau-discute-des-poussees-acrobatiques-innovatrices-du-canada\/\" \/>\n<meta property=\"og:locale\" content=\"fr_FR\" \/>\n<meta property=\"og:type\" content=\"article\" \/>\n<meta property=\"og:title\" content=\"Jacqueline Simoneau discute des pouss\u00e9es acrobatiques innovatrices du Canada - Natation Artistique Canada\" \/>\n<meta property=\"og:description\" content=\"Synchro Canada aux essais olympiques de nage synchronis\u00e9e \u00e0 Rio de Janeiro \u2013 deuxi\u00e8me partie Jacqueline Simoneau, connue pour sa m\u00e9daille d\u2019argent en solo aux Championnats mondiaux juniors de 2014 et sa qualification en duo avec Karine Thomas pour les Jeux [...]\" \/>\n<meta property=\"og:url\" content=\"https:\/\/artisticswimming.ca\/fr\/jacqueline-simoneau-discute-des-poussees-acrobatiques-innovatrices-du-canada\/\" \/>\n<meta property=\"og:site_name\" content=\"Natation Artistique Canada\" \/>\n<meta property=\"article:published_time\" content=\"2016-03-03T17:34:22+00:00\" \/>\n<meta property=\"article:modified_time\" content=\"2017-09-18T15:26:44+00:00\" \/>\n<meta property=\"og:image\" content=\"http:\/\/synchro.wpengine.com\/wp-content\/uploads\/2016\/07\/Highlights.png\" \/>\n<meta name=\"author\" content=\"Myriam Cote\" \/>\n<meta name=\"twitter:card\" content=\"summary_large_image\" \/>\n<meta name=\"twitter:label1\" content=\"\u00c9crit par\" \/>\n\t<meta name=\"twitter:data1\" content=\"Myriam Cote\" \/>\n\t<meta name=\"twitter:label2\" content=\"Dur\u00e9e de lecture estim\u00e9e\" \/>\n\t<meta name=\"twitter:data2\" content=\"3 minutes\" \/>\n<script type=\"application\/ld+json\" class=\"yoast-schema-graph\">{\"@context\":\"https:\/\/schema.org\",\"@graph\":[{\"@type\":\"Article\",\"@id\":\"https:\/\/artisticswimming.ca\/fr\/jacqueline-simoneau-discute-des-poussees-acrobatiques-innovatrices-du-canada\/#article\",\"isPartOf\":{\"@id\":\"https:\/\/artisticswimming.ca\/fr\/jacqueline-simoneau-discute-des-poussees-acrobatiques-innovatrices-du-canada\/\"},\"author\":{\"name\":\"Myriam Cote\",\"@id\":\"https:\/\/artisticswimming.ca\/fr\/#\/schema\/person\/76d6c2c9954d56641f9210cc7427bc76\"},\"headline\":\"Jacqueline Simoneau discute des pouss\u00e9es acrobatiques innovatrices du Canada\",\"datePublished\":\"2016-03-03T17:34:22+00:00\",\"dateModified\":\"2017-09-18T15:26:44+00:00\",\"mainEntityOfPage\":{\"@id\":\"https:\/\/artisticswimming.ca\/fr\/jacqueline-simoneau-discute-des-poussees-acrobatiques-innovatrices-du-canada\/\"},\"wordCount\":683,\"commentCount\":0,\"image\":{\"@id\":\"https:\/\/artisticswimming.ca\/fr\/jacqueline-simoneau-discute-des-poussees-acrobatiques-innovatrices-du-canada\/#primaryimage\"},\"thumbnailUrl\":\"http:\/\/synchro.wpengine.com\/wp-content\/uploads\/2016\/07\/Highlights.png\",\"articleSection\":[\"\u00c9quipe nationale senior\",\"Uncategorized\"],\"inLanguage\":\"fr-FR\",\"potentialAction\":[{\"@type\":\"CommentAction\",\"name\":\"Comment\",\"target\":[\"https:\/\/artisticswimming.ca\/fr\/jacqueline-simoneau-discute-des-poussees-acrobatiques-innovatrices-du-canada\/#respond\"]}]},{\"@type\":\"WebPage\",\"@id\":\"https:\/\/artisticswimming.ca\/fr\/jacqueline-simoneau-discute-des-poussees-acrobatiques-innovatrices-du-canada\/\",\"url\":\"https:\/\/artisticswimming.ca\/fr\/jacqueline-simoneau-discute-des-poussees-acrobatiques-innovatrices-du-canada\/\",\"name\":\"Jacqueline Simoneau discute des pouss\u00e9es acrobatiques innovatrices du Canada - Natation Artistique Canada\",\"isPartOf\":{\"@id\":\"https:\/\/artisticswimming.ca\/fr\/#website\"},\"primaryImageOfPage\":{\"@id\":\"https:\/\/artisticswimming.ca\/fr\/jacqueline-simoneau-discute-des-poussees-acrobatiques-innovatrices-du-canada\/#primaryimage\"},\"image\":{\"@id\":\"https:\/\/artisticswimming.ca\/fr\/jacqueline-simoneau-discute-des-poussees-acrobatiques-innovatrices-du-canada\/#primaryimage\"},\"thumbnailUrl\":\"http:\/\/synchro.wpengine.com\/wp-content\/uploads\/2016\/07\/Highlights.png\",\"datePublished\":\"2016-03-03T17:34:22+00:00\",\"dateModified\":\"2017-09-18T15:26:44+00:00\",\"author\":{\"@id\":\"https:\/\/artisticswimming.ca\/fr\/#\/schema\/person\/76d6c2c9954d56641f9210cc7427bc76\"},\"breadcrumb\":{\"@id\":\"https:\/\/artisticswimming.ca\/fr\/jacqueline-simoneau-discute-des-poussees-acrobatiques-innovatrices-du-canada\/#breadcrumb\"},\"inLanguage\":\"fr-FR\",\"potentialAction\":[{\"@type\":\"ReadAction\",\"target\":[\"https:\/\/artisticswimming.ca\/fr\/jacqueline-simoneau-discute-des-poussees-acrobatiques-innovatrices-du-canada\/\"]}]},{\"@type\":\"ImageObject\",\"inLanguage\":\"fr-FR\",\"@id\":\"https:\/\/artisticswimming.ca\/fr\/jacqueline-simoneau-discute-des-poussees-acrobatiques-innovatrices-du-canada\/#primaryimage\",\"url\":\"http:\/\/synchro.wpengine.com\/wp-content\/uploads\/2016\/07\/Highlights.png\",\"contentUrl\":\"http:\/\/synchro.wpengine.com\/wp-content\/uploads\/2016\/07\/Highlights.png\"},{\"@type\":\"BreadcrumbList\",\"@id\":\"https:\/\/artisticswimming.ca\/fr\/jacqueline-simoneau-discute-des-poussees-acrobatiques-innovatrices-du-canada\/#breadcrumb\",\"itemListElement\":[{\"@type\":\"ListItem\",\"position\":1,\"name\":\"Home\",\"item\":\"https:\/\/artisticswimming.ca\/fr\/\"},{\"@type\":\"ListItem\",\"position\":2,\"name\":\"Jacqueline Simoneau discute des pouss\u00e9es acrobatiques innovatrices du Canada\"}]},{\"@type\":\"WebSite\",\"@id\":\"https:\/\/artisticswimming.ca\/fr\/#website\",\"url\":\"https:\/\/artisticswimming.ca\/fr\/\",\"name\":\"Natation Artistique Canada\",\"description\":\"\",\"potentialAction\":[{\"@type\":\"SearchAction\",\"target\":{\"@type\":\"EntryPoint\",\"urlTemplate\":\"https:\/\/artisticswimming.ca\/fr\/?s={search_term_string}\"},\"query-input\":{\"@type\":\"PropertyValueSpecification\",\"valueRequired\":true,\"valueName\":\"search_term_string\"}}],\"inLanguage\":\"fr-FR\"},{\"@type\":\"Person\",\"@id\":\"https:\/\/artisticswimming.ca\/fr\/#\/schema\/person\/76d6c2c9954d56641f9210cc7427bc76\",\"name\":\"Myriam Cote\",\"image\":{\"@type\":\"ImageObject\",\"inLanguage\":\"fr-FR\",\"@id\":\"https:\/\/secure.gravatar.com\/avatar\/9636d581f11fe1ce5c868617703e52ebeddf65bc5ba83eda388709ba9ad9da61?s=96&d=mm&r=g\",\"url\":\"https:\/\/secure.gravatar.com\/avatar\/9636d581f11fe1ce5c868617703e52ebeddf65bc5ba83eda388709ba9ad9da61?s=96&d=mm&r=g\",\"contentUrl\":\"https:\/\/secure.gravatar.com\/avatar\/9636d581f11fe1ce5c868617703e52ebeddf65bc5ba83eda388709ba9ad9da61?s=96&d=mm&r=g\",\"caption\":\"Myriam Cote\"},\"url\":\"https:\/\/artisticswimming.ca\/fr\/author\/myriam\/\"}]}<\/script>\n<!-- \/ Yoast SEO plugin. -->","yoast_head_json":{"title":"Jacqueline Simoneau discute des pouss\u00e9es acrobatiques innovatrices du Canada - Natation Artistique Canada","robots":{"index":"index","follow":"follow","max-snippet":"max-snippet:-1","max-image-preview":"max-image-preview:large","max-video-preview":"max-video-preview:-1"},"canonical":"https:\/\/artisticswimming.ca\/fr\/jacqueline-simoneau-discute-des-poussees-acrobatiques-innovatrices-du-canada\/","og_locale":"fr_FR","og_type":"article","og_title":"Jacqueline Simoneau discute des pouss\u00e9es acrobatiques innovatrices du Canada - Natation Artistique Canada","og_description":"Synchro Canada aux essais olympiques de nage synchronis\u00e9e \u00e0 Rio de Janeiro \u2013 deuxi\u00e8me partie Jacqueline Simoneau, connue pour sa m\u00e9daille d\u2019argent en solo aux Championnats mondiaux juniors de 2014 et sa qualification en duo avec Karine Thomas pour les Jeux [...]","og_url":"https:\/\/artisticswimming.ca\/fr\/jacqueline-simoneau-discute-des-poussees-acrobatiques-innovatrices-du-canada\/","og_site_name":"Natation Artistique Canada","article_published_time":"2016-03-03T17:34:22+00:00","article_modified_time":"2017-09-18T15:26:44+00:00","og_image":[{"url":"http:\/\/synchro.wpengine.com\/wp-content\/uploads\/2016\/07\/Highlights.png","type":"","width":"","height":""}],"author":"Myriam Cote","twitter_card":"summary_large_image","twitter_misc":{"\u00c9crit par":"Myriam Cote","Dur\u00e9e de lecture estim\u00e9e":"3 minutes"},"schema":{"@context":"https:\/\/schema.org","@graph":[{"@type":"Article","@id":"https:\/\/artisticswimming.ca\/fr\/jacqueline-simoneau-discute-des-poussees-acrobatiques-innovatrices-du-canada\/#article","isPartOf":{"@id":"https:\/\/artisticswimming.ca\/fr\/jacqueline-simoneau-discute-des-poussees-acrobatiques-innovatrices-du-canada\/"},"author":{"name":"Myriam Cote","@id":"https:\/\/artisticswimming.ca\/fr\/#\/schema\/person\/76d6c2c9954d56641f9210cc7427bc76"},"headline":"Jacqueline Simoneau discute des pouss\u00e9es acrobatiques innovatrices du Canada","datePublished":"2016-03-03T17:34:22+00:00","dateModified":"2017-09-18T15:26:44+00:00","mainEntityOfPage":{"@id":"https:\/\/artisticswimming.ca\/fr\/jacqueline-simoneau-discute-des-poussees-acrobatiques-innovatrices-du-canada\/"},"wordCount":683,"commentCount":0,"image":{"@id":"https:\/\/artisticswimming.ca\/fr\/jacqueline-simoneau-discute-des-poussees-acrobatiques-innovatrices-du-canada\/#primaryimage"},"thumbnailUrl":"http:\/\/synchro.wpengine.com\/wp-content\/uploads\/2016\/07\/Highlights.png","articleSection":["\u00c9quipe nationale senior","Uncategorized"],"inLanguage":"fr-FR","potentialAction":[{"@type":"CommentAction","name":"Comment","target":["https:\/\/artisticswimming.ca\/fr\/jacqueline-simoneau-discute-des-poussees-acrobatiques-innovatrices-du-canada\/#respond"]}]},{"@type":"WebPage","@id":"https:\/\/artisticswimming.ca\/fr\/jacqueline-simoneau-discute-des-poussees-acrobatiques-innovatrices-du-canada\/","url":"https:\/\/artisticswimming.ca\/fr\/jacqueline-simoneau-discute-des-poussees-acrobatiques-innovatrices-du-canada\/","name":"Jacqueline Simoneau discute des pouss\u00e9es acrobatiques innovatrices du Canada - Natation Artistique Canada","isPartOf":{"@id":"https:\/\/artisticswimming.ca\/fr\/#website"},"primaryImageOfPage":{"@id":"https:\/\/artisticswimming.ca\/fr\/jacqueline-simoneau-discute-des-poussees-acrobatiques-innovatrices-du-canada\/#primaryimage"},"image":{"@id":"https:\/\/artisticswimming.ca\/fr\/jacqueline-simoneau-discute-des-poussees-acrobatiques-innovatrices-du-canada\/#primaryimage"},"thumbnailUrl":"http:\/\/synchro.wpengine.com\/wp-content\/uploads\/2016\/07\/Highlights.png","datePublished":"2016-03-03T17:34:22+00:00","dateModified":"2017-09-18T15:26:44+00:00","author":{"@id":"https:\/\/artisticswimming.ca\/fr\/#\/schema\/person\/76d6c2c9954d56641f9210cc7427bc76"},"breadcrumb":{"@id":"https:\/\/artisticswimming.ca\/fr\/jacqueline-simoneau-discute-des-poussees-acrobatiques-innovatrices-du-canada\/#breadcrumb"},"inLanguage":"fr-FR","potentialAction":[{"@type":"ReadAction","target":["https:\/\/artisticswimming.ca\/fr\/jacqueline-simoneau-discute-des-poussees-acrobatiques-innovatrices-du-canada\/"]}]},{"@type":"ImageObject","inLanguage":"fr-FR","@id":"https:\/\/artisticswimming.ca\/fr\/jacqueline-simoneau-discute-des-poussees-acrobatiques-innovatrices-du-canada\/#primaryimage","url":"http:\/\/synchro.wpengine.com\/wp-content\/uploads\/2016\/07\/Highlights.png","contentUrl":"http:\/\/synchro.wpengine.com\/wp-content\/uploads\/2016\/07\/Highlights.png"},{"@type":"BreadcrumbList","@id":"https:\/\/artisticswimming.ca\/fr\/jacqueline-simoneau-discute-des-poussees-acrobatiques-innovatrices-du-canada\/#breadcrumb","itemListElement":[{"@type":"ListItem","position":1,"name":"Home","item":"https:\/\/artisticswimming.ca\/fr\/"},{"@type":"ListItem","position":2,"name":"Jacqueline Simoneau discute des pouss\u00e9es acrobatiques innovatrices du Canada"}]},{"@type":"WebSite","@id":"https:\/\/artisticswimming.ca\/fr\/#website","url":"https:\/\/artisticswimming.ca\/fr\/","name":"Natation Artistique Canada","description":"","potentialAction":[{"@type":"SearchAction","target":{"@type":"EntryPoint","urlTemplate":"https:\/\/artisticswimming.ca\/fr\/?s={search_term_string}"},"query-input":{"@type":"PropertyValueSpecification","valueRequired":true,"valueName":"search_term_string"}}],"inLanguage":"fr-FR"},{"@type":"Person","@id":"https:\/\/artisticswimming.ca\/fr\/#\/schema\/person\/76d6c2c9954d56641f9210cc7427bc76","name":"Myriam Cote","image":{"@type":"ImageObject","inLanguage":"fr-FR","@id":"https:\/\/secure.gravatar.com\/avatar\/9636d581f11fe1ce5c868617703e52ebeddf65bc5ba83eda388709ba9ad9da61?s=96&d=mm&r=g","url":"https:\/\/secure.gravatar.com\/avatar\/9636d581f11fe1ce5c868617703e52ebeddf65bc5ba83eda388709ba9ad9da61?s=96&d=mm&r=g","contentUrl":"https:\/\/secure.gravatar.com\/avatar\/9636d581f11fe1ce5c868617703e52ebeddf65bc5ba83eda388709ba9ad9da61?s=96&d=mm&r=g","caption":"Myriam Cote"},"url":"https:\/\/artisticswimming.ca\/fr\/author\/myriam\/"}]}},"_links":{"self":[{"href":"https:\/\/artisticswimming.ca\/fr\/wp-json\/wp\/v2\/posts\/383","targetHints":{"allow":["GET"]}}],"collection":[{"href":"https:\/\/artisticswimming.ca\/fr\/wp-json\/wp\/v2\/posts"}],"about":[{"href":"https:\/\/artisticswimming.ca\/fr\/wp-json\/wp\/v2\/types\/post"}],"author":[{"embeddable":true,"href":"https:\/\/artisticswimming.ca\/fr\/wp-json\/wp\/v2\/users\/3"}],"replies":[{"embeddable":true,"href":"https:\/\/artisticswimming.ca\/fr\/wp-json\/wp\/v2\/comments?post=383"}],"version-history":[{"count":0,"href":"https:\/\/artisticswimming.ca\/fr\/wp-json\/wp\/v2\/posts\/383\/revisions"}],"wp:attachment":[{"href":"https:\/\/artisticswimming.ca\/fr\/wp-json\/wp\/v2\/media?parent=383"}],"wp:term":[{"taxonomy":"category","embeddable":true,"href":"https:\/\/artisticswimming.ca\/fr\/wp-json\/wp\/v2\/categories?post=383"},{"taxonomy":"post_tag","embeddable":true,"href":"https:\/\/artisticswimming.ca\/fr\/wp-json\/wp\/v2\/tags?post=383"}],"curies":[{"name":"wp","href":"https:\/\/api.w.org\/{rel}","templated":true}]}}