{"id":3840,"date":"2017-07-22T23:23:16","date_gmt":"2017-07-22T23:23:16","guid":{"rendered":"http:\/\/artisticswim.wpengine.com\/?p=3840&#038;lang=fr"},"modified":"2017-09-18T15:26:05","modified_gmt":"2017-09-18T15:26:05","slug":"une-sixieme-place-pour-le-duo-mixte-montrealais-aux-mondiaux-de-synchro","status":"publish","type":"post","link":"https:\/\/artisticswimming.ca\/fr\/une-sixieme-place-pour-le-duo-mixte-montrealais-aux-mondiaux-de-synchro\/","title":{"rendered":"Une sixi\u00e8me place pour le duo mixte montr\u00e9alais aux Mondiaux de synchro"},"content":{"rendered":"<div style=\"text-align: center;\">\n<p style=\"text-align: left;\"><strong>OTTAWA, 22 juillet 2017 \u2013 <\/strong>Le duo mixte compos\u00e9 de <strong>Isabelle Blanchet-Rampling<\/strong>, 31 ans, et <strong>Robert Pr\u00e9vost<\/strong>, 37 ans, \u00e9tait la derni\u00e8re participation du Canada aux comp\u00e9titions de nage synchronis\u00e9e des Championnats du monde FINA 2017. La paire a termin\u00e9 ses premiers championnats du monde en tant que duo avec un pointage de 83,5667 pour la 6<sup>e<\/sup> place au programme libre. La Russie a remport\u00e9 la m\u00e9daille d\u2019or, suivie de l\u2019Italie et des \u00c9tats-Unis lors de l\u2019\u00e9preuve \u00e0 Budapest, en Hongrie.<\/p>\n<p style=\"text-align: left;\">Les deux nageurs ont am\u00e9lior\u00e9 leur pointage de celui des rondes pr\u00e9liminaires et ont ador\u00e9 performer sur la sc\u00e8ne internationale. \u00ab Ce programme est notre b\u00e9b\u00e9 et nous l\u2019adorons \u00bb, a dit Rampling. \u00ab La musique est une pi\u00e8ce traditionnelle, elle est tr\u00e8s abstraite. Nous avons essay\u00e9 de pr\u00e9senter nos id\u00e9es, qui ont \u00e9t\u00e9 s\u00e9lectionn\u00e9es avec notre chor\u00e9graphe qui est tr\u00e8s inspir\u00e9e par l\u2019artiste Pina Bausch. \u00bb<\/p>\n<p style=\"text-align: left;\">\u00ab Nous avons commenc\u00e9 \u00e0 pratiquer cette routine en janvier et le tout s\u2019est vraiment plac\u00e9 dans les derni\u00e8res semaines, mais elle reste notre pr\u00e9f\u00e9r\u00e9e. Elle contient beaucoup de choses intrigantes, que nous avons voulu pr\u00e9senter \u00bb, a-t-elle ajout\u00e9.<\/p>\n<p style=\"text-align: left;\">Rampling, parlant au nom du duo, a tenu \u00e0 remercier le comit\u00e9 organisateur, le personnel et les b\u00e9n\u00e9voles pour la merveilleuse exp\u00e9rience qu\u2019ils ont eu aux championnats\u00a0: \u00ab wow, c\u2019est parmi les meilleurs endroits que j\u2019ai vus, en termes de personnel et m\u00eame de lieu, tout est incroyable et \u00e7a signifie beaucoup pour nous \u00bb.<\/p>\n<p style=\"text-align: left;\"><a href=\"http:\/\/artisticswim.wpengine.com\/wp-content\/uploads\/2017\/07\/FINA-Worlds-Day10-2.jpg\"><img decoding=\"async\" class=\"aligncenter size-full wp-image-3844\" src=\"http:\/\/artisticswim.wpengine.com\/wp-content\/uploads\/2017\/07\/FINA-Worlds-Day10-2.jpg\" alt=\"\" width=\"1800\" height=\"885\" srcset=\"https:\/\/artisticswimming.ca\/wp-content\/uploads\/2017\/07\/FINA-Worlds-Day10-2-200x98.jpg 200w, https:\/\/artisticswimming.ca\/wp-content\/uploads\/2017\/07\/FINA-Worlds-Day10-2-300x148.jpg 300w, https:\/\/artisticswimming.ca\/wp-content\/uploads\/2017\/07\/FINA-Worlds-Day10-2-400x197.jpg 400w, https:\/\/artisticswimming.ca\/wp-content\/uploads\/2017\/07\/FINA-Worlds-Day10-2-500x246.jpg 500w, https:\/\/artisticswimming.ca\/wp-content\/uploads\/2017\/07\/FINA-Worlds-Day10-2-600x295.jpg 600w, https:\/\/artisticswimming.ca\/wp-content\/uploads\/2017\/07\/FINA-Worlds-Day10-2-768x378.jpg 768w, https:\/\/artisticswimming.ca\/wp-content\/uploads\/2017\/07\/FINA-Worlds-Day10-2-800x393.jpg 800w, https:\/\/artisticswimming.ca\/wp-content\/uploads\/2017\/07\/FINA-Worlds-Day10-2-1024x503.jpg 1024w, https:\/\/artisticswimming.ca\/wp-content\/uploads\/2017\/07\/FINA-Worlds-Day10-2-1200x590.jpg 1200w, https:\/\/artisticswimming.ca\/wp-content\/uploads\/2017\/07\/FINA-Worlds-Day10-2.jpg 1800w\" sizes=\"(max-width: 1800px) 100vw, 1800px\" \/><\/a><\/p>\n<p style=\"text-align: right;\"><em>Photos\u00a0<a href=\"http:\/\/www.lizcorman.com\/\" target=\"_blank\" rel=\"noopener noreferrer\">Liz Corman<\/a><\/em><\/p>\n<h3 style=\"text-align: left;\">SYNCHRO CANADA &#8211; R\u00c9SULTATS CHAMPIONNATS DU MONDE FINA 2017<\/h3>\n<p style=\"text-align: left;\">Les comp\u00e9titions de nage synchronis\u00e9e des Championnats du monde FINA 2017 sont d\u00e9sormais termin\u00e9es. Au cours des neuf derniers jours, les athl\u00e8tes de Synchro Canada se sont entrain\u00e9s et ont comp\u00e9titionn\u00e9 \u00e0 Budapest. Voici les r\u00e9sultats des Canadiens lors de cette comp\u00e9tition\u00a0:<\/p>\n<div style=\"text-align: left;\">\n<table style=\"font-size: 12px;\" width=\"100%\" cellpadding=\"5\">\n<tbody>\n<tr style=\"background-color: #eeeeee; color: #000000; font-weight: bold;\">\n<td width=\"20%\">\u00c9PREUVE<\/td>\n<td width=\"25%\">ATHL\u00c8TES<\/td>\n<td width=\"40%\">R\u00c9SULTAT<\/td>\n<\/tr>\n<tr>\n<td><strong>SOLO TECH<\/strong><\/td>\n<td>Jacqueline Simoneau<\/td>\n<td>5e<\/td>\n<\/tr>\n<tr style=\"border-top: solid thin;\">\n<td><strong>SOLO LIBRE<\/strong><\/td>\n<td>Jacqueline Simoneau<\/td>\n<td>6e<\/td>\n<\/tr>\n<tr style=\"border-top: solid thin;\">\n<td><strong>DUO TECH<\/strong><\/td>\n<td>Claudia Holzner<br \/>\nJacqueline Simoneau<\/td>\n<td>7e<\/td>\n<\/tr>\n<tr style=\"border-top: solid thin;\">\n<td><strong>DUO LIBRE<\/strong><\/td>\n<td>Claudia Holzner<br \/>\nJacqueline Simoneau<\/td>\n<td>7e<\/td>\n<\/tr>\n<tr style=\"border-top: solid thin;\">\n<td><strong>\u00c9QUIPE TECH<\/strong><\/td>\n<td>Janelle Ball<br \/>\nAndr\u00e9e-Anne C\u00f4t\u00e9<br \/>\nClaudia Holzner<br \/>\nGwendolyn McGuire<br \/>\nSamantha Nealon<br \/>\nElizabeth Savard<br \/>\nJacqueline Simoneau<br \/>\nKali Wong<br \/>\nGabrielle Boisvert (R)<br \/>\nGabriella Brisson (R)<\/td>\n<td>7e<\/td>\n<\/tr>\n<tr style=\"border-top: solid thin;\">\n<td><strong>\u00c9QUIPE\u00a0LIBRE<\/strong><\/td>\n<td>Gabrielle Boisvert<br \/>\nClaudia Holzner<br \/>\nGwendolyn McGuire<br \/>\nMarie-Lou Morin<br \/>\nElizabeth Savard<br \/>\nJacqueline Simoneau<br \/>\nLaurence Vezina<br \/>\nKali Wong<br \/>\nJanelle Ball (R)<br \/>\nGabriella Brisson (R)<\/td>\n<td>7e<\/td>\n<\/tr>\n<tr style=\"border-top: solid thin;\">\n<td><strong>DUO MIXTE TECH<\/strong><\/td>\n<td>Isabelle Blanchet-Rampling<br \/>\nRobert Pr\u00e9vost<\/td>\n<td>6e<\/td>\n<\/tr>\n<tr style=\"border-top: solid thin;\">\n<td><strong>DUO MIXTE LIBRE<\/strong><\/td>\n<td>Isabelle Blanchet-Rampling<br \/>\nRobert Pr\u00e9vost<\/td>\n<td>6e<\/td>\n<\/tr>\n<\/tbody>\n<\/table>\n<\/div>\n<div style=\"text-align: left;\"><\/div>\n<div style=\"text-align: left;\">Pour tous les r\u00e9sultats d\u00e9taill\u00e9s des Canadiens, consultez <a href=\"https:\/\/artisticswimming.ca\/fr\/event\/championnats-du-monde-fina-2017\/?lang=fr\">la page de l\u2019\u00e9v\u00e9nement au synchro.ca<\/a>.<\/div>\n<div style=\"text-align: left;\"><\/div>\n<div style=\"text-align: left;\">Pour plus d\u2019informations sur les Championnats du monde, visitez le <a href=\"http:\/\/fina.org\/event\/17th-fina-world-championships\">site web de la FINA<\/a>.<\/div>\n<\/div>\n","protected":false},"excerpt":{"rendered":"<p>OTTAWA, 22 juillet 2017 \u2013 Le duo mixte compos\u00e9 de Isabelle Blanchet-Rampling, 31 ans, et Robert Pr\u00e9vost, 37 ans, \u00e9tait la derni\u00e8re participation du Canada aux comp\u00e9titions de nage synchronis\u00e9e des Championnats du monde FINA 2017. La paire a termin\u00e9 ses <a href=\"https:\/\/artisticswimming.ca\/fr\/une-sixieme-place-pour-le-duo-mixte-montrealais-aux-mondiaux-de-synchro\/\"> [&#8230;]<\/a><\/p>\n","protected":false},"author":3,"featured_media":3846,"comment_status":"open","ping_status":"open","sticky":false,"template":"","format":"standard","meta":{"_acf_changed":false,"footnotes":""},"categories":[79,73,1],"tags":[],"class_list":["post-3840","post","type-post","status-publish","format-standard","has-post-thumbnail","hentry","category-equipe-nationale-senior","category-nouvelles","category-uncategorized"],"acf":[],"yoast_head":"<!-- This site is optimized with the Yoast SEO plugin v27.2 - https:\/\/yoast.com\/product\/yoast-seo-wordpress\/ -->\n<title>Une sixi\u00e8me place pour le duo mixte montr\u00e9alais aux Mondiaux de synchro - Natation Artistique Canada<\/title>\n<meta name=\"robots\" content=\"index, follow, max-snippet:-1, max-image-preview:large, max-video-preview:-1\" \/>\n<link rel=\"canonical\" href=\"https:\/\/artisticswimming.ca\/fr\/une-sixieme-place-pour-le-duo-mixte-montrealais-aux-mondiaux-de-synchro\/\" \/>\n<meta property=\"og:locale\" content=\"fr_FR\" \/>\n<meta property=\"og:type\" content=\"article\" \/>\n<meta property=\"og:title\" content=\"Une sixi\u00e8me place pour le duo mixte montr\u00e9alais aux Mondiaux de synchro - Natation Artistique Canada\" \/>\n<meta property=\"og:description\" content=\"OTTAWA, 22 juillet 2017 \u2013 Le duo mixte compos\u00e9 de Isabelle Blanchet-Rampling, 31 ans, et Robert Pr\u00e9vost, 37 ans, \u00e9tait la derni\u00e8re participation du Canada aux comp\u00e9titions de nage synchronis\u00e9e des Championnats du monde FINA 2017. La paire a termin\u00e9 ses [...]\" \/>\n<meta property=\"og:url\" content=\"https:\/\/artisticswimming.ca\/fr\/une-sixieme-place-pour-le-duo-mixte-montrealais-aux-mondiaux-de-synchro\/\" \/>\n<meta property=\"og:site_name\" content=\"Natation Artistique Canada\" \/>\n<meta property=\"article:published_time\" content=\"2017-07-22T23:23:16+00:00\" \/>\n<meta property=\"article:modified_time\" content=\"2017-09-18T15:26:05+00:00\" \/>\n<meta property=\"og:image\" content=\"https:\/\/artisticswimming.ca\/wp-content\/uploads\/2017\/07\/FINA-Worlds-Day10.jpg\" \/>\n\t<meta property=\"og:image:width\" content=\"1800\" \/>\n\t<meta property=\"og:image:height\" content=\"751\" \/>\n\t<meta property=\"og:image:type\" content=\"image\/jpeg\" \/>\n<meta name=\"author\" content=\"Myriam Cote\" \/>\n<meta name=\"twitter:card\" content=\"summary_large_image\" \/>\n<meta name=\"twitter:label1\" content=\"\u00c9crit par\" \/>\n\t<meta name=\"twitter:data1\" content=\"Myriam Cote\" \/>\n\t<meta name=\"twitter:label2\" content=\"Dur\u00e9e de lecture estim\u00e9e\" \/>\n\t<meta name=\"twitter:data2\" content=\"2 minutes\" \/>\n<script type=\"application\/ld+json\" class=\"yoast-schema-graph\">{\"@context\":\"https:\/\/schema.org\",\"@graph\":[{\"@type\":\"Article\",\"@id\":\"https:\/\/artisticswimming.ca\/fr\/une-sixieme-place-pour-le-duo-mixte-montrealais-aux-mondiaux-de-synchro\/#article\",\"isPartOf\":{\"@id\":\"https:\/\/artisticswimming.ca\/fr\/une-sixieme-place-pour-le-duo-mixte-montrealais-aux-mondiaux-de-synchro\/\"},\"author\":{\"name\":\"Myriam Cote\",\"@id\":\"https:\/\/artisticswimming.ca\/fr\/#\/schema\/person\/76d6c2c9954d56641f9210cc7427bc76\"},\"headline\":\"Une sixi\u00e8me place pour le duo mixte montr\u00e9alais aux Mondiaux de synchro\",\"datePublished\":\"2017-07-22T23:23:16+00:00\",\"dateModified\":\"2017-09-18T15:26:05+00:00\",\"mainEntityOfPage\":{\"@id\":\"https:\/\/artisticswimming.ca\/fr\/une-sixieme-place-pour-le-duo-mixte-montrealais-aux-mondiaux-de-synchro\/\"},\"wordCount\":470,\"commentCount\":0,\"image\":{\"@id\":\"https:\/\/artisticswimming.ca\/fr\/une-sixieme-place-pour-le-duo-mixte-montrealais-aux-mondiaux-de-synchro\/#primaryimage\"},\"thumbnailUrl\":\"https:\/\/artisticswimming.ca\/wp-content\/uploads\/2017\/07\/FINA-Worlds-Day10.jpg\",\"articleSection\":[\"\u00c9quipe nationale senior\",\"Nouvelles\",\"Uncategorized\"],\"inLanguage\":\"fr-FR\",\"potentialAction\":[{\"@type\":\"CommentAction\",\"name\":\"Comment\",\"target\":[\"https:\/\/artisticswimming.ca\/fr\/une-sixieme-place-pour-le-duo-mixte-montrealais-aux-mondiaux-de-synchro\/#respond\"]}]},{\"@type\":\"WebPage\",\"@id\":\"https:\/\/artisticswimming.ca\/fr\/une-sixieme-place-pour-le-duo-mixte-montrealais-aux-mondiaux-de-synchro\/\",\"url\":\"https:\/\/artisticswimming.ca\/fr\/une-sixieme-place-pour-le-duo-mixte-montrealais-aux-mondiaux-de-synchro\/\",\"name\":\"Une sixi\u00e8me place pour le duo mixte montr\u00e9alais aux Mondiaux de synchro - Natation Artistique Canada\",\"isPartOf\":{\"@id\":\"https:\/\/artisticswimming.ca\/fr\/#website\"},\"primaryImageOfPage\":{\"@id\":\"https:\/\/artisticswimming.ca\/fr\/une-sixieme-place-pour-le-duo-mixte-montrealais-aux-mondiaux-de-synchro\/#primaryimage\"},\"image\":{\"@id\":\"https:\/\/artisticswimming.ca\/fr\/une-sixieme-place-pour-le-duo-mixte-montrealais-aux-mondiaux-de-synchro\/#primaryimage\"},\"thumbnailUrl\":\"https:\/\/artisticswimming.ca\/wp-content\/uploads\/2017\/07\/FINA-Worlds-Day10.jpg\",\"datePublished\":\"2017-07-22T23:23:16+00:00\",\"dateModified\":\"2017-09-18T15:26:05+00:00\",\"author\":{\"@id\":\"https:\/\/artisticswimming.ca\/fr\/#\/schema\/person\/76d6c2c9954d56641f9210cc7427bc76\"},\"breadcrumb\":{\"@id\":\"https:\/\/artisticswimming.ca\/fr\/une-sixieme-place-pour-le-duo-mixte-montrealais-aux-mondiaux-de-synchro\/#breadcrumb\"},\"inLanguage\":\"fr-FR\",\"potentialAction\":[{\"@type\":\"ReadAction\",\"target\":[\"https:\/\/artisticswimming.ca\/fr\/une-sixieme-place-pour-le-duo-mixte-montrealais-aux-mondiaux-de-synchro\/\"]}]},{\"@type\":\"ImageObject\",\"inLanguage\":\"fr-FR\",\"@id\":\"https:\/\/artisticswimming.ca\/fr\/une-sixieme-place-pour-le-duo-mixte-montrealais-aux-mondiaux-de-synchro\/#primaryimage\",\"url\":\"https:\/\/artisticswimming.ca\/wp-content\/uploads\/2017\/07\/FINA-Worlds-Day10.jpg\",\"contentUrl\":\"https:\/\/artisticswimming.ca\/wp-content\/uploads\/2017\/07\/FINA-Worlds-Day10.jpg\",\"width\":1800,\"height\":751},{\"@type\":\"BreadcrumbList\",\"@id\":\"https:\/\/artisticswimming.ca\/fr\/une-sixieme-place-pour-le-duo-mixte-montrealais-aux-mondiaux-de-synchro\/#breadcrumb\",\"itemListElement\":[{\"@type\":\"ListItem\",\"position\":1,\"name\":\"Home\",\"item\":\"https:\/\/artisticswimming.ca\/fr\/\"},{\"@type\":\"ListItem\",\"position\":2,\"name\":\"Une sixi\u00e8me place pour le duo mixte montr\u00e9alais aux Mondiaux de synchro\"}]},{\"@type\":\"WebSite\",\"@id\":\"https:\/\/artisticswimming.ca\/fr\/#website\",\"url\":\"https:\/\/artisticswimming.ca\/fr\/\",\"name\":\"Natation Artistique Canada\",\"description\":\"\",\"potentialAction\":[{\"@type\":\"SearchAction\",\"target\":{\"@type\":\"EntryPoint\",\"urlTemplate\":\"https:\/\/artisticswimming.ca\/fr\/?s={search_term_string}\"},\"query-input\":{\"@type\":\"PropertyValueSpecification\",\"valueRequired\":true,\"valueName\":\"search_term_string\"}}],\"inLanguage\":\"fr-FR\"},{\"@type\":\"Person\",\"@id\":\"https:\/\/artisticswimming.ca\/fr\/#\/schema\/person\/76d6c2c9954d56641f9210cc7427bc76\",\"name\":\"Myriam Cote\",\"image\":{\"@type\":\"ImageObject\",\"inLanguage\":\"fr-FR\",\"@id\":\"https:\/\/secure.gravatar.com\/avatar\/9636d581f11fe1ce5c868617703e52ebeddf65bc5ba83eda388709ba9ad9da61?s=96&d=mm&r=g\",\"url\":\"https:\/\/secure.gravatar.com\/avatar\/9636d581f11fe1ce5c868617703e52ebeddf65bc5ba83eda388709ba9ad9da61?s=96&d=mm&r=g\",\"contentUrl\":\"https:\/\/secure.gravatar.com\/avatar\/9636d581f11fe1ce5c868617703e52ebeddf65bc5ba83eda388709ba9ad9da61?s=96&d=mm&r=g\",\"caption\":\"Myriam Cote\"},\"url\":\"https:\/\/artisticswimming.ca\/fr\/author\/myriam\/\"}]}<\/script>\n<!-- \/ Yoast SEO plugin. -->","yoast_head_json":{"title":"Une sixi\u00e8me place pour le duo mixte montr\u00e9alais aux Mondiaux de synchro - Natation Artistique Canada","robots":{"index":"index","follow":"follow","max-snippet":"max-snippet:-1","max-image-preview":"max-image-preview:large","max-video-preview":"max-video-preview:-1"},"canonical":"https:\/\/artisticswimming.ca\/fr\/une-sixieme-place-pour-le-duo-mixte-montrealais-aux-mondiaux-de-synchro\/","og_locale":"fr_FR","og_type":"article","og_title":"Une sixi\u00e8me place pour le duo mixte montr\u00e9alais aux Mondiaux de synchro - Natation Artistique Canada","og_description":"OTTAWA, 22 juillet 2017 \u2013 Le duo mixte compos\u00e9 de Isabelle Blanchet-Rampling, 31 ans, et Robert Pr\u00e9vost, 37 ans, \u00e9tait la derni\u00e8re participation du Canada aux comp\u00e9titions de nage synchronis\u00e9e des Championnats du monde FINA 2017. La paire a termin\u00e9 ses [...]","og_url":"https:\/\/artisticswimming.ca\/fr\/une-sixieme-place-pour-le-duo-mixte-montrealais-aux-mondiaux-de-synchro\/","og_site_name":"Natation Artistique Canada","article_published_time":"2017-07-22T23:23:16+00:00","article_modified_time":"2017-09-18T15:26:05+00:00","og_image":[{"width":1800,"height":751,"url":"https:\/\/artisticswimming.ca\/wp-content\/uploads\/2017\/07\/FINA-Worlds-Day10.jpg","type":"image\/jpeg"}],"author":"Myriam Cote","twitter_card":"summary_large_image","twitter_misc":{"\u00c9crit par":"Myriam Cote","Dur\u00e9e de lecture estim\u00e9e":"2 minutes"},"schema":{"@context":"https:\/\/schema.org","@graph":[{"@type":"Article","@id":"https:\/\/artisticswimming.ca\/fr\/une-sixieme-place-pour-le-duo-mixte-montrealais-aux-mondiaux-de-synchro\/#article","isPartOf":{"@id":"https:\/\/artisticswimming.ca\/fr\/une-sixieme-place-pour-le-duo-mixte-montrealais-aux-mondiaux-de-synchro\/"},"author":{"name":"Myriam Cote","@id":"https:\/\/artisticswimming.ca\/fr\/#\/schema\/person\/76d6c2c9954d56641f9210cc7427bc76"},"headline":"Une sixi\u00e8me place pour le duo mixte montr\u00e9alais aux Mondiaux de synchro","datePublished":"2017-07-22T23:23:16+00:00","dateModified":"2017-09-18T15:26:05+00:00","mainEntityOfPage":{"@id":"https:\/\/artisticswimming.ca\/fr\/une-sixieme-place-pour-le-duo-mixte-montrealais-aux-mondiaux-de-synchro\/"},"wordCount":470,"commentCount":0,"image":{"@id":"https:\/\/artisticswimming.ca\/fr\/une-sixieme-place-pour-le-duo-mixte-montrealais-aux-mondiaux-de-synchro\/#primaryimage"},"thumbnailUrl":"https:\/\/artisticswimming.ca\/wp-content\/uploads\/2017\/07\/FINA-Worlds-Day10.jpg","articleSection":["\u00c9quipe nationale senior","Nouvelles","Uncategorized"],"inLanguage":"fr-FR","potentialAction":[{"@type":"CommentAction","name":"Comment","target":["https:\/\/artisticswimming.ca\/fr\/une-sixieme-place-pour-le-duo-mixte-montrealais-aux-mondiaux-de-synchro\/#respond"]}]},{"@type":"WebPage","@id":"https:\/\/artisticswimming.ca\/fr\/une-sixieme-place-pour-le-duo-mixte-montrealais-aux-mondiaux-de-synchro\/","url":"https:\/\/artisticswimming.ca\/fr\/une-sixieme-place-pour-le-duo-mixte-montrealais-aux-mondiaux-de-synchro\/","name":"Une sixi\u00e8me place pour le duo mixte montr\u00e9alais aux Mondiaux de synchro - Natation Artistique Canada","isPartOf":{"@id":"https:\/\/artisticswimming.ca\/fr\/#website"},"primaryImageOfPage":{"@id":"https:\/\/artisticswimming.ca\/fr\/une-sixieme-place-pour-le-duo-mixte-montrealais-aux-mondiaux-de-synchro\/#primaryimage"},"image":{"@id":"https:\/\/artisticswimming.ca\/fr\/une-sixieme-place-pour-le-duo-mixte-montrealais-aux-mondiaux-de-synchro\/#primaryimage"},"thumbnailUrl":"https:\/\/artisticswimming.ca\/wp-content\/uploads\/2017\/07\/FINA-Worlds-Day10.jpg","datePublished":"2017-07-22T23:23:16+00:00","dateModified":"2017-09-18T15:26:05+00:00","author":{"@id":"https:\/\/artisticswimming.ca\/fr\/#\/schema\/person\/76d6c2c9954d56641f9210cc7427bc76"},"breadcrumb":{"@id":"https:\/\/artisticswimming.ca\/fr\/une-sixieme-place-pour-le-duo-mixte-montrealais-aux-mondiaux-de-synchro\/#breadcrumb"},"inLanguage":"fr-FR","potentialAction":[{"@type":"ReadAction","target":["https:\/\/artisticswimming.ca\/fr\/une-sixieme-place-pour-le-duo-mixte-montrealais-aux-mondiaux-de-synchro\/"]}]},{"@type":"ImageObject","inLanguage":"fr-FR","@id":"https:\/\/artisticswimming.ca\/fr\/une-sixieme-place-pour-le-duo-mixte-montrealais-aux-mondiaux-de-synchro\/#primaryimage","url":"https:\/\/artisticswimming.ca\/wp-content\/uploads\/2017\/07\/FINA-Worlds-Day10.jpg","contentUrl":"https:\/\/artisticswimming.ca\/wp-content\/uploads\/2017\/07\/FINA-Worlds-Day10.jpg","width":1800,"height":751},{"@type":"BreadcrumbList","@id":"https:\/\/artisticswimming.ca\/fr\/une-sixieme-place-pour-le-duo-mixte-montrealais-aux-mondiaux-de-synchro\/#breadcrumb","itemListElement":[{"@type":"ListItem","position":1,"name":"Home","item":"https:\/\/artisticswimming.ca\/fr\/"},{"@type":"ListItem","position":2,"name":"Une sixi\u00e8me place pour le duo mixte montr\u00e9alais aux Mondiaux de synchro"}]},{"@type":"WebSite","@id":"https:\/\/artisticswimming.ca\/fr\/#website","url":"https:\/\/artisticswimming.ca\/fr\/","name":"Natation Artistique Canada","description":"","potentialAction":[{"@type":"SearchAction","target":{"@type":"EntryPoint","urlTemplate":"https:\/\/artisticswimming.ca\/fr\/?s={search_term_string}"},"query-input":{"@type":"PropertyValueSpecification","valueRequired":true,"valueName":"search_term_string"}}],"inLanguage":"fr-FR"},{"@type":"Person","@id":"https:\/\/artisticswimming.ca\/fr\/#\/schema\/person\/76d6c2c9954d56641f9210cc7427bc76","name":"Myriam Cote","image":{"@type":"ImageObject","inLanguage":"fr-FR","@id":"https:\/\/secure.gravatar.com\/avatar\/9636d581f11fe1ce5c868617703e52ebeddf65bc5ba83eda388709ba9ad9da61?s=96&d=mm&r=g","url":"https:\/\/secure.gravatar.com\/avatar\/9636d581f11fe1ce5c868617703e52ebeddf65bc5ba83eda388709ba9ad9da61?s=96&d=mm&r=g","contentUrl":"https:\/\/secure.gravatar.com\/avatar\/9636d581f11fe1ce5c868617703e52ebeddf65bc5ba83eda388709ba9ad9da61?s=96&d=mm&r=g","caption":"Myriam Cote"},"url":"https:\/\/artisticswimming.ca\/fr\/author\/myriam\/"}]}},"_links":{"self":[{"href":"https:\/\/artisticswimming.ca\/fr\/wp-json\/wp\/v2\/posts\/3840","targetHints":{"allow":["GET"]}}],"collection":[{"href":"https:\/\/artisticswimming.ca\/fr\/wp-json\/wp\/v2\/posts"}],"about":[{"href":"https:\/\/artisticswimming.ca\/fr\/wp-json\/wp\/v2\/types\/post"}],"author":[{"embeddable":true,"href":"https:\/\/artisticswimming.ca\/fr\/wp-json\/wp\/v2\/users\/3"}],"replies":[{"embeddable":true,"href":"https:\/\/artisticswimming.ca\/fr\/wp-json\/wp\/v2\/comments?post=3840"}],"version-history":[{"count":0,"href":"https:\/\/artisticswimming.ca\/fr\/wp-json\/wp\/v2\/posts\/3840\/revisions"}],"wp:featuredmedia":[{"embeddable":true,"href":"https:\/\/artisticswimming.ca\/fr\/wp-json\/wp\/v2\/media\/3846"}],"wp:attachment":[{"href":"https:\/\/artisticswimming.ca\/fr\/wp-json\/wp\/v2\/media?parent=3840"}],"wp:term":[{"taxonomy":"category","embeddable":true,"href":"https:\/\/artisticswimming.ca\/fr\/wp-json\/wp\/v2\/categories?post=3840"},{"taxonomy":"post_tag","embeddable":true,"href":"https:\/\/artisticswimming.ca\/fr\/wp-json\/wp\/v2\/tags?post=3840"}],"curies":[{"name":"wp","href":"https:\/\/api.w.org\/{rel}","templated":true}]}}