{"id":3849,"date":"2017-07-23T22:34:21","date_gmt":"2017-07-23T22:34:21","guid":{"rendered":"http:\/\/artisticswim.wpengine.com\/?p=3849&#038;lang=fr"},"modified":"2017-07-23T22:34:21","modified_gmt":"2017-07-23T22:34:21","slug":"synchro-canada-quitte-les-championnats-du-monde-prete-pour-le-futur","status":"publish","type":"post","link":"https:\/\/artisticswimming.ca\/fr\/synchro-canada-quitte-les-championnats-du-monde-prete-pour-le-futur\/","title":{"rendered":"Synchro Canada quitte les championnats du monde pr\u00eate pour le futur"},"content":{"rendered":"<p><strong>Ottawa, ON \u2013 <\/strong>\u00c0 la suite de la cl\u00f4ture des \u00e9v\u00e9nements de nage synchronis\u00e9e aux Championnats du monde de la FINA 2017 \u00e0 Budapest, en Hongrie, Synchro Canada s\u2019est vue \u00e9nergis\u00e9e par les r\u00e9sultats de ses athl\u00e8tes. Dans les quatre cat\u00e9gories auxquelles il participait, le Canada a termin\u00e9 dans les 7 premiers ou mieux et a obtenu le plus haut classement de tous les nations de la r\u00e9gion de l\u2019Am\u00e9rique \u2013 <em>Union Americana Natacion (UANA)<\/em>.<\/p>\n<p>\u00ab Ces championnats du monde sont un point tournant dans le cycle de quatre ans des Olympiques consid\u00e9rant les athl\u00e8tes qui prennent leur retraite apr\u00e8s les Jeux de Rio en 2016 et les prochains Jeux (Tokyo, 2020) qui sont d\u00e9j\u00e0 dans 3 ans \u00bb, a dit <strong>Jackie Buckingham<\/strong>, chef de direction, Synchro Canada. \u00ab Nous avons per\u00e7u cette ann\u00e9e comme une opportunit\u00e9 d\u2019apprentissage ainsi qu\u2019une chance de se regrouper et de se recentrer sur nos plans et notre pr\u00e9paration non seulement pour 2020, mais pour 2024 \u00e9galement. \u00bb<\/p>\n<p>\u00ab Nous sommes tellement contents que nos athl\u00e8tes aient donn\u00e9 tout ce qu\u2019ils pouvaient pour cette comp\u00e9tition ici \u00bb, a-t-elle ajout\u00e9. \u00ab Nous sommes venus ici en voulant se mesurer contre les meilleures \u00e9quipes et nous avons montr\u00e9 qu\u2019on se rapproche d\u2019un retour sur le podium. \u00bb<\/p>\n<p>Buckingham note les impressionnants d\u00e9buts d\u2019un nouveau duo comme un des moments forts de la comp\u00e9tition. \u00ab Avec \u00e0 peine plus de cinq semaines en tant que duo, <a href=\"\/?page_id=1150&#038;lang=fr\" data-cke-saved-href=\"https:\/\/artisticswimming.ca\/nt-athletes\/jacqueline-simoneau\/?lang=fr\">Jacqueline Simoneau<\/a>\u00a0et\u00a0<a href=\"\/?page_id=1440&#038;lang=fr\" data-cke-saved-href=\"https:\/\/artisticswimming.ca\/nt-athletes\/claudia-holzner\/?lang=fr\">Claudia Holzner<\/a> ont montr\u00e9 tout le potentiel qu\u2019elles ont. Elles ont d\u00e9montr\u00e9 ici que leur habilit\u00e9 technique est au niveau le plus \u00e9lev\u00e9 au monde. Avec davantage de raffinements et des chor\u00e9graphies cr\u00e9\u00e9es pour mettre en valeur leurs forces, nous savons qu\u2019elles seront bient\u00f4t per\u00e7ues comme un des meilleurs duos de la sc\u00e8ne mondiale.<\/p>\n<p>Simoneau comme soliste continue \u00e0 impressionner. \u00ab Jacqueline est la plus jeune des nageuses ayant fini dans les six premiers rangs ici \u00e0 Budapest. Nous savons qu\u2019elle a le potentiel de gravir les \u00e9chelons dans les ann\u00e9es \u00e0 venir et qu\u2019elle est m\u00e9ritoire d\u2019un podium. \u00bb<\/p>\n<p>L\u2019\u00e9dition de cette ann\u00e9e des Championnats du monde FINA \u00e9tait seulement la deuxi\u00e8me qui avait les \u00e9preuves de duo mixte \u00e0 son horaire. \u00ab Notre duo mixte compos\u00e9 d\u2019<strong>Isabelle Blanchet-Rampling<\/strong> et <strong>Robert Pr\u00e9vost<\/strong> est lui aussi arriv\u00e9 \u00e0 la comp\u00e9tition avec peu d\u2019exp\u00e9rience internationale ensemble, mais il a tr\u00e8s bien repr\u00e9sent\u00e9 le Canada avec des performances tr\u00e8s fortes au niveau technique. C\u2019est tellement une nouvelle discipline que c\u2019est une opportunit\u00e9 d\u2019apprentissage pour eux, pour leur entraineure et \u00e9galement pour nous en tant qu\u2019organisation. Nous savons que pour l\u2019avenir, nous devons encourager davantage la participation des gar\u00e7ons et des hommes, des athl\u00e8tes d\u00e9butants jusqu\u2019aux athl\u00e8tes de haut niveau. \u00bb<\/p>\n<p>En ce qui concerne \u00c9quipe Canada, Buckingham a tenu \u00e0 souligner la t\u00e9nacit\u00e9 et la capacit\u00e9 des athl\u00e8tes. \u00ab Ce groupe a eu plusieurs d\u00e9fis dans les derniers mois. Ils ont eu plusieurs contretemps en entrainements, puisque des v\u00e9t\u00e9ranes devaient cesser l\u2019entrainement et la comp\u00e9tition pour de longues p\u00e9riodes en raison de blessures. Cela a permis aux athl\u00e8tes Senior A moins exp\u00e9riment\u00e9es de prendre de nouveaux r\u00f4les dans les routines et, du m\u00eame coup, au Canada de rester dans les 7 meilleurs aux Mondiaux. \u00bb<\/p>\n<p>\u00ab Nous sommes tr\u00e8s fiers de la fa\u00e7on par laquelle chacun de nos athl\u00e8tes a r\u00e9pondu aux exigences \u00e9lev\u00e9es de cette saison et de leur niveau de performance ici, aux Mondiaux. Ce sont des ambassadeurs incroyables, non seulement pour le sport tr\u00e8s exigeant qu\u2019est la nage synchronis\u00e9e, mais aussi pour le Canada \u00bb, a r\u00e9sum\u00e9 Buckingham. \u00ab Et nos entraineures, <strong>Leslie Sproule <\/strong>(\u00e9quipe nationale et duo), <strong>Johana Vasquez<\/strong> (solo et duo mixte), and <strong>Jennifer Koptie<\/strong> (entraineure apprentie) ont fait preuve d\u2019un excellent leadership durant la semaine. Nous avons \u00e9galement eu une \u00e9quipe de soutien fantastique qui s\u2019est assur\u00e9e que les athl\u00e8tes pouvaient se concentrer sur leur comp\u00e9tition puisque tous les d\u00e9tails \u00e9taient pris en charge en toute transparence. \u00bb<\/p>\n<p>Des plans sont d\u00e9j\u00e0 en marche chez Synchro Canada pour revigorer le programme de haute performance. Synchro Canada a r\u00e9cemment engag\u00e9 deux expertes en haute performance pour guider l\u2019\u00e9quipe nationale et les programmes de d\u00e9veloppement au Canada\u00a0: <strong>Sheilagh Croxon <\/strong>(ancienne entraineure olympique de nage synchro et experte en d\u00e9veloppement des athl\u00e8tes)\u00a0et <strong>Julie Healy<\/strong> qui a guid\u00e9 les programmes de d\u00e9veloppement de <em>Hockey Canada<\/em>, <em>Patinage Canada<\/em> et du <em>Comit\u00e9 olympique canadien<\/em>. Elles ont d\u00e9j\u00e0 commenc\u00e9 \u00e0 travailler ensemble pour d\u00e9velopper un syst\u00e8me plus sophistiqu\u00e9 de d\u00e9veloppement national centr\u00e9 sur le DLTA.<\/p>\n<p>Synchro Canada investit beaucoup dans un programme <em>Rel\u00e8ve<\/em> (NextGen) qui met l\u2019accent sur des athl\u00e8tes qui sont \u00e0 5-8 ans de faire l\u2019\u00e9quipe des Mondiaux. L\u2019objectif de ce programme est de faire monter l\u2019\u00e9quipe canadienne sur le podium \u00e0 nouveau d\u2019ici 2024. L\u2019organisation a \u00e9galement adopt\u00e9 un plan strat\u00e9gique de 8 ans pour guider ses d\u00e9cisions dans l\u2019optique d\u2019atteindre cet objectif.<\/p>\n<p>Buckingham r\u00e9sume l\u2019exp\u00e9rience aux Championnats du monde et son impact pour Synchro Canada en disant : \u00ab L\u2019avenir est prometteur pour cette organisation impliqu\u00e9e et d\u00e9vou\u00e9e gr\u00e2ce au Conseil d\u2019administration et aux membres qui ont mis en place un plan qui aidera \u00e0 continuer de faire grandir le sport au Canada et qui augmentera son profil autour du globe. Nous sommes vraiment pr\u00eats \u00e0 accomplir de grandes choses dans les ann\u00e9es \u00e0 venir. \u00bb<\/p>\n","protected":false},"excerpt":{"rendered":"<p>Ottawa, ON \u2013 \u00c0 la suite de la cl\u00f4ture des \u00e9v\u00e9nements de nage synchronis\u00e9e aux Championnats du monde de la FINA 2017 \u00e0 Budapest, en Hongrie, Synchro Canada s\u2019est vue \u00e9nergis\u00e9e par les r\u00e9sultats de ses athl\u00e8tes. Dans les quatre cat\u00e9gories <a href=\"https:\/\/artisticswimming.ca\/fr\/synchro-canada-quitte-les-championnats-du-monde-prete-pour-le-futur\/\"> [&#8230;]<\/a><\/p>\n","protected":false},"author":3,"featured_media":3852,"comment_status":"open","ping_status":"open","sticky":false,"template":"","format":"standard","meta":{"_acf_changed":false,"footnotes":""},"categories":[73],"tags":[],"class_list":["post-3849","post","type-post","status-publish","format-standard","has-post-thumbnail","hentry","category-nouvelles"],"acf":[],"yoast_head":"<!-- This site is optimized with the Yoast SEO plugin v27.2 - https:\/\/yoast.com\/product\/yoast-seo-wordpress\/ -->\n<title>Synchro Canada quitte les championnats du monde pr\u00eate pour le futur - Natation Artistique Canada<\/title>\n<meta name=\"robots\" content=\"index, follow, max-snippet:-1, max-image-preview:large, max-video-preview:-1\" \/>\n<link rel=\"canonical\" href=\"https:\/\/artisticswimming.ca\/fr\/synchro-canada-quitte-les-championnats-du-monde-prete-pour-le-futur\/\" \/>\n<meta property=\"og:locale\" content=\"fr_FR\" \/>\n<meta property=\"og:type\" content=\"article\" \/>\n<meta property=\"og:title\" content=\"Synchro Canada quitte les championnats du monde pr\u00eate pour le futur - Natation Artistique Canada\" \/>\n<meta property=\"og:description\" content=\"Ottawa, ON \u2013 \u00c0 la suite de la cl\u00f4ture des \u00e9v\u00e9nements de nage synchronis\u00e9e aux Championnats du monde de la FINA 2017 \u00e0 Budapest, en Hongrie, Synchro Canada s\u2019est vue \u00e9nergis\u00e9e par les r\u00e9sultats de ses athl\u00e8tes. Dans les quatre cat\u00e9gories [...]\" \/>\n<meta property=\"og:url\" content=\"https:\/\/artisticswimming.ca\/fr\/synchro-canada-quitte-les-championnats-du-monde-prete-pour-le-futur\/\" \/>\n<meta property=\"og:site_name\" content=\"Natation Artistique Canada\" \/>\n<meta property=\"article:published_time\" content=\"2017-07-23T22:34:21+00:00\" \/>\n<meta property=\"og:image\" content=\"https:\/\/artisticswimming.ca\/wp-content\/uploads\/2017\/07\/FINA-Worlds-Day11-v2.jpg\" \/>\n\t<meta property=\"og:image:width\" content=\"1800\" \/>\n\t<meta property=\"og:image:height\" content=\"800\" \/>\n\t<meta property=\"og:image:type\" content=\"image\/jpeg\" \/>\n<meta name=\"author\" content=\"Myriam Cote\" \/>\n<meta name=\"twitter:card\" content=\"summary_large_image\" \/>\n<meta name=\"twitter:label1\" content=\"\u00c9crit par\" \/>\n\t<meta name=\"twitter:data1\" content=\"Myriam Cote\" \/>\n\t<meta name=\"twitter:label2\" content=\"Dur\u00e9e de lecture estim\u00e9e\" \/>\n\t<meta name=\"twitter:data2\" content=\"5 minutes\" \/>\n<script type=\"application\/ld+json\" class=\"yoast-schema-graph\">{\"@context\":\"https:\/\/schema.org\",\"@graph\":[{\"@type\":\"Article\",\"@id\":\"https:\/\/artisticswimming.ca\/fr\/synchro-canada-quitte-les-championnats-du-monde-prete-pour-le-futur\/#article\",\"isPartOf\":{\"@id\":\"https:\/\/artisticswimming.ca\/fr\/synchro-canada-quitte-les-championnats-du-monde-prete-pour-le-futur\/\"},\"author\":{\"name\":\"Myriam Cote\",\"@id\":\"https:\/\/artisticswimming.ca\/fr\/#\/schema\/person\/76d6c2c9954d56641f9210cc7427bc76\"},\"headline\":\"Synchro Canada quitte les championnats du monde pr\u00eate pour le futur\",\"datePublished\":\"2017-07-23T22:34:21+00:00\",\"mainEntityOfPage\":{\"@id\":\"https:\/\/artisticswimming.ca\/fr\/synchro-canada-quitte-les-championnats-du-monde-prete-pour-le-futur\/\"},\"wordCount\":966,\"commentCount\":0,\"image\":{\"@id\":\"https:\/\/artisticswimming.ca\/fr\/synchro-canada-quitte-les-championnats-du-monde-prete-pour-le-futur\/#primaryimage\"},\"thumbnailUrl\":\"https:\/\/artisticswimming.ca\/wp-content\/uploads\/2017\/07\/FINA-Worlds-Day11-v2.jpg\",\"articleSection\":[\"Nouvelles\"],\"inLanguage\":\"fr-FR\",\"potentialAction\":[{\"@type\":\"CommentAction\",\"name\":\"Comment\",\"target\":[\"https:\/\/artisticswimming.ca\/fr\/synchro-canada-quitte-les-championnats-du-monde-prete-pour-le-futur\/#respond\"]}]},{\"@type\":\"WebPage\",\"@id\":\"https:\/\/artisticswimming.ca\/fr\/synchro-canada-quitte-les-championnats-du-monde-prete-pour-le-futur\/\",\"url\":\"https:\/\/artisticswimming.ca\/fr\/synchro-canada-quitte-les-championnats-du-monde-prete-pour-le-futur\/\",\"name\":\"Synchro Canada quitte les championnats du monde pr\u00eate pour le futur - Natation Artistique Canada\",\"isPartOf\":{\"@id\":\"https:\/\/artisticswimming.ca\/fr\/#website\"},\"primaryImageOfPage\":{\"@id\":\"https:\/\/artisticswimming.ca\/fr\/synchro-canada-quitte-les-championnats-du-monde-prete-pour-le-futur\/#primaryimage\"},\"image\":{\"@id\":\"https:\/\/artisticswimming.ca\/fr\/synchro-canada-quitte-les-championnats-du-monde-prete-pour-le-futur\/#primaryimage\"},\"thumbnailUrl\":\"https:\/\/artisticswimming.ca\/wp-content\/uploads\/2017\/07\/FINA-Worlds-Day11-v2.jpg\",\"datePublished\":\"2017-07-23T22:34:21+00:00\",\"author\":{\"@id\":\"https:\/\/artisticswimming.ca\/fr\/#\/schema\/person\/76d6c2c9954d56641f9210cc7427bc76\"},\"breadcrumb\":{\"@id\":\"https:\/\/artisticswimming.ca\/fr\/synchro-canada-quitte-les-championnats-du-monde-prete-pour-le-futur\/#breadcrumb\"},\"inLanguage\":\"fr-FR\",\"potentialAction\":[{\"@type\":\"ReadAction\",\"target\":[\"https:\/\/artisticswimming.ca\/fr\/synchro-canada-quitte-les-championnats-du-monde-prete-pour-le-futur\/\"]}]},{\"@type\":\"ImageObject\",\"inLanguage\":\"fr-FR\",\"@id\":\"https:\/\/artisticswimming.ca\/fr\/synchro-canada-quitte-les-championnats-du-monde-prete-pour-le-futur\/#primaryimage\",\"url\":\"https:\/\/artisticswimming.ca\/wp-content\/uploads\/2017\/07\/FINA-Worlds-Day11-v2.jpg\",\"contentUrl\":\"https:\/\/artisticswimming.ca\/wp-content\/uploads\/2017\/07\/FINA-Worlds-Day11-v2.jpg\",\"width\":1800,\"height\":800},{\"@type\":\"BreadcrumbList\",\"@id\":\"https:\/\/artisticswimming.ca\/fr\/synchro-canada-quitte-les-championnats-du-monde-prete-pour-le-futur\/#breadcrumb\",\"itemListElement\":[{\"@type\":\"ListItem\",\"position\":1,\"name\":\"Home\",\"item\":\"https:\/\/artisticswimming.ca\/fr\/\"},{\"@type\":\"ListItem\",\"position\":2,\"name\":\"Synchro Canada quitte les championnats du monde pr\u00eate pour le futur\"}]},{\"@type\":\"WebSite\",\"@id\":\"https:\/\/artisticswimming.ca\/fr\/#website\",\"url\":\"https:\/\/artisticswimming.ca\/fr\/\",\"name\":\"Natation Artistique Canada\",\"description\":\"\",\"potentialAction\":[{\"@type\":\"SearchAction\",\"target\":{\"@type\":\"EntryPoint\",\"urlTemplate\":\"https:\/\/artisticswimming.ca\/fr\/?s={search_term_string}\"},\"query-input\":{\"@type\":\"PropertyValueSpecification\",\"valueRequired\":true,\"valueName\":\"search_term_string\"}}],\"inLanguage\":\"fr-FR\"},{\"@type\":\"Person\",\"@id\":\"https:\/\/artisticswimming.ca\/fr\/#\/schema\/person\/76d6c2c9954d56641f9210cc7427bc76\",\"name\":\"Myriam Cote\",\"image\":{\"@type\":\"ImageObject\",\"inLanguage\":\"fr-FR\",\"@id\":\"https:\/\/secure.gravatar.com\/avatar\/9636d581f11fe1ce5c868617703e52ebeddf65bc5ba83eda388709ba9ad9da61?s=96&d=mm&r=g\",\"url\":\"https:\/\/secure.gravatar.com\/avatar\/9636d581f11fe1ce5c868617703e52ebeddf65bc5ba83eda388709ba9ad9da61?s=96&d=mm&r=g\",\"contentUrl\":\"https:\/\/secure.gravatar.com\/avatar\/9636d581f11fe1ce5c868617703e52ebeddf65bc5ba83eda388709ba9ad9da61?s=96&d=mm&r=g\",\"caption\":\"Myriam Cote\"},\"url\":\"https:\/\/artisticswimming.ca\/fr\/author\/myriam\/\"}]}<\/script>\n<!-- \/ Yoast SEO plugin. -->","yoast_head_json":{"title":"Synchro Canada quitte les championnats du monde pr\u00eate pour le futur - Natation Artistique Canada","robots":{"index":"index","follow":"follow","max-snippet":"max-snippet:-1","max-image-preview":"max-image-preview:large","max-video-preview":"max-video-preview:-1"},"canonical":"https:\/\/artisticswimming.ca\/fr\/synchro-canada-quitte-les-championnats-du-monde-prete-pour-le-futur\/","og_locale":"fr_FR","og_type":"article","og_title":"Synchro Canada quitte les championnats du monde pr\u00eate pour le futur - Natation Artistique Canada","og_description":"Ottawa, ON \u2013 \u00c0 la suite de la cl\u00f4ture des \u00e9v\u00e9nements de nage synchronis\u00e9e aux Championnats du monde de la FINA 2017 \u00e0 Budapest, en Hongrie, Synchro Canada s\u2019est vue \u00e9nergis\u00e9e par les r\u00e9sultats de ses athl\u00e8tes. Dans les quatre cat\u00e9gories [...]","og_url":"https:\/\/artisticswimming.ca\/fr\/synchro-canada-quitte-les-championnats-du-monde-prete-pour-le-futur\/","og_site_name":"Natation Artistique Canada","article_published_time":"2017-07-23T22:34:21+00:00","og_image":[{"width":1800,"height":800,"url":"https:\/\/artisticswimming.ca\/wp-content\/uploads\/2017\/07\/FINA-Worlds-Day11-v2.jpg","type":"image\/jpeg"}],"author":"Myriam Cote","twitter_card":"summary_large_image","twitter_misc":{"\u00c9crit par":"Myriam Cote","Dur\u00e9e de lecture estim\u00e9e":"5 minutes"},"schema":{"@context":"https:\/\/schema.org","@graph":[{"@type":"Article","@id":"https:\/\/artisticswimming.ca\/fr\/synchro-canada-quitte-les-championnats-du-monde-prete-pour-le-futur\/#article","isPartOf":{"@id":"https:\/\/artisticswimming.ca\/fr\/synchro-canada-quitte-les-championnats-du-monde-prete-pour-le-futur\/"},"author":{"name":"Myriam Cote","@id":"https:\/\/artisticswimming.ca\/fr\/#\/schema\/person\/76d6c2c9954d56641f9210cc7427bc76"},"headline":"Synchro Canada quitte les championnats du monde pr\u00eate pour le futur","datePublished":"2017-07-23T22:34:21+00:00","mainEntityOfPage":{"@id":"https:\/\/artisticswimming.ca\/fr\/synchro-canada-quitte-les-championnats-du-monde-prete-pour-le-futur\/"},"wordCount":966,"commentCount":0,"image":{"@id":"https:\/\/artisticswimming.ca\/fr\/synchro-canada-quitte-les-championnats-du-monde-prete-pour-le-futur\/#primaryimage"},"thumbnailUrl":"https:\/\/artisticswimming.ca\/wp-content\/uploads\/2017\/07\/FINA-Worlds-Day11-v2.jpg","articleSection":["Nouvelles"],"inLanguage":"fr-FR","potentialAction":[{"@type":"CommentAction","name":"Comment","target":["https:\/\/artisticswimming.ca\/fr\/synchro-canada-quitte-les-championnats-du-monde-prete-pour-le-futur\/#respond"]}]},{"@type":"WebPage","@id":"https:\/\/artisticswimming.ca\/fr\/synchro-canada-quitte-les-championnats-du-monde-prete-pour-le-futur\/","url":"https:\/\/artisticswimming.ca\/fr\/synchro-canada-quitte-les-championnats-du-monde-prete-pour-le-futur\/","name":"Synchro Canada quitte les championnats du monde pr\u00eate pour le futur - Natation Artistique Canada","isPartOf":{"@id":"https:\/\/artisticswimming.ca\/fr\/#website"},"primaryImageOfPage":{"@id":"https:\/\/artisticswimming.ca\/fr\/synchro-canada-quitte-les-championnats-du-monde-prete-pour-le-futur\/#primaryimage"},"image":{"@id":"https:\/\/artisticswimming.ca\/fr\/synchro-canada-quitte-les-championnats-du-monde-prete-pour-le-futur\/#primaryimage"},"thumbnailUrl":"https:\/\/artisticswimming.ca\/wp-content\/uploads\/2017\/07\/FINA-Worlds-Day11-v2.jpg","datePublished":"2017-07-23T22:34:21+00:00","author":{"@id":"https:\/\/artisticswimming.ca\/fr\/#\/schema\/person\/76d6c2c9954d56641f9210cc7427bc76"},"breadcrumb":{"@id":"https:\/\/artisticswimming.ca\/fr\/synchro-canada-quitte-les-championnats-du-monde-prete-pour-le-futur\/#breadcrumb"},"inLanguage":"fr-FR","potentialAction":[{"@type":"ReadAction","target":["https:\/\/artisticswimming.ca\/fr\/synchro-canada-quitte-les-championnats-du-monde-prete-pour-le-futur\/"]}]},{"@type":"ImageObject","inLanguage":"fr-FR","@id":"https:\/\/artisticswimming.ca\/fr\/synchro-canada-quitte-les-championnats-du-monde-prete-pour-le-futur\/#primaryimage","url":"https:\/\/artisticswimming.ca\/wp-content\/uploads\/2017\/07\/FINA-Worlds-Day11-v2.jpg","contentUrl":"https:\/\/artisticswimming.ca\/wp-content\/uploads\/2017\/07\/FINA-Worlds-Day11-v2.jpg","width":1800,"height":800},{"@type":"BreadcrumbList","@id":"https:\/\/artisticswimming.ca\/fr\/synchro-canada-quitte-les-championnats-du-monde-prete-pour-le-futur\/#breadcrumb","itemListElement":[{"@type":"ListItem","position":1,"name":"Home","item":"https:\/\/artisticswimming.ca\/fr\/"},{"@type":"ListItem","position":2,"name":"Synchro Canada quitte les championnats du monde pr\u00eate pour le futur"}]},{"@type":"WebSite","@id":"https:\/\/artisticswimming.ca\/fr\/#website","url":"https:\/\/artisticswimming.ca\/fr\/","name":"Natation Artistique Canada","description":"","potentialAction":[{"@type":"SearchAction","target":{"@type":"EntryPoint","urlTemplate":"https:\/\/artisticswimming.ca\/fr\/?s={search_term_string}"},"query-input":{"@type":"PropertyValueSpecification","valueRequired":true,"valueName":"search_term_string"}}],"inLanguage":"fr-FR"},{"@type":"Person","@id":"https:\/\/artisticswimming.ca\/fr\/#\/schema\/person\/76d6c2c9954d56641f9210cc7427bc76","name":"Myriam Cote","image":{"@type":"ImageObject","inLanguage":"fr-FR","@id":"https:\/\/secure.gravatar.com\/avatar\/9636d581f11fe1ce5c868617703e52ebeddf65bc5ba83eda388709ba9ad9da61?s=96&d=mm&r=g","url":"https:\/\/secure.gravatar.com\/avatar\/9636d581f11fe1ce5c868617703e52ebeddf65bc5ba83eda388709ba9ad9da61?s=96&d=mm&r=g","contentUrl":"https:\/\/secure.gravatar.com\/avatar\/9636d581f11fe1ce5c868617703e52ebeddf65bc5ba83eda388709ba9ad9da61?s=96&d=mm&r=g","caption":"Myriam Cote"},"url":"https:\/\/artisticswimming.ca\/fr\/author\/myriam\/"}]}},"_links":{"self":[{"href":"https:\/\/artisticswimming.ca\/fr\/wp-json\/wp\/v2\/posts\/3849","targetHints":{"allow":["GET"]}}],"collection":[{"href":"https:\/\/artisticswimming.ca\/fr\/wp-json\/wp\/v2\/posts"}],"about":[{"href":"https:\/\/artisticswimming.ca\/fr\/wp-json\/wp\/v2\/types\/post"}],"author":[{"embeddable":true,"href":"https:\/\/artisticswimming.ca\/fr\/wp-json\/wp\/v2\/users\/3"}],"replies":[{"embeddable":true,"href":"https:\/\/artisticswimming.ca\/fr\/wp-json\/wp\/v2\/comments?post=3849"}],"version-history":[{"count":0,"href":"https:\/\/artisticswimming.ca\/fr\/wp-json\/wp\/v2\/posts\/3849\/revisions"}],"wp:featuredmedia":[{"embeddable":true,"href":"https:\/\/artisticswimming.ca\/fr\/wp-json\/wp\/v2\/media\/3852"}],"wp:attachment":[{"href":"https:\/\/artisticswimming.ca\/fr\/wp-json\/wp\/v2\/media?parent=3849"}],"wp:term":[{"taxonomy":"category","embeddable":true,"href":"https:\/\/artisticswimming.ca\/fr\/wp-json\/wp\/v2\/categories?post=3849"},{"taxonomy":"post_tag","embeddable":true,"href":"https:\/\/artisticswimming.ca\/fr\/wp-json\/wp\/v2\/tags?post=3849"}],"curies":[{"name":"wp","href":"https:\/\/api.w.org\/{rel}","templated":true}]}}