{"id":4029,"date":"2017-08-10T20:09:16","date_gmt":"2017-08-10T20:09:16","guid":{"rendered":"http:\/\/artisticswim.wpengine.com\/?p=4029&#038;lang=fr"},"modified":"2017-08-10T20:10:58","modified_gmt":"2017-08-10T20:10:58","slug":"lequipe-nationale-canadienne-13-15-ans-de-nage-synchronisee-termine-en-5e-position-au-portugal","status":"publish","type":"post","link":"https:\/\/artisticswimming.ca\/fr\/lequipe-nationale-canadienne-13-15-ans-de-nage-synchronisee-termine-en-5e-position-au-portugal\/","title":{"rendered":"L\u2019\u00e9quipe nationale canadienne 13-15 termine en 5e position au Portugal"},"content":{"rendered":"<p><strong>Ottawa, ON \u2013 <\/strong>L\u2019\u00e9quipe nationale 13-15 du Canada a termin\u00e9 en 5<sup>e<\/sup> place \u00e0 la Coupe M\u00e9diterran\u00e9e COMEN 2017 qui avait lieu \u00e0 la <em>Municipality Pool Complex <\/em>de Mealhada au Portugal, du 3 au 6 ao\u00fbt dernier.<\/p>\n<p>En 4<sup>e<\/sup> position apr\u00e8s les rondes pr\u00e9liminaires et la comp\u00e9tition de figures, l\u2019\u00e9quipe a \u00e9t\u00e9 tout juste rattrap\u00e9e par l\u2019Italie pour terminer 5<sup>e<\/sup> lors des finales de dimanche avec un pointage de 149,1735. La Russie a r\u00e9colt\u00e9 l\u2019or gr\u00e2ce \u00e0 un pointage dominant de 165,0633, l\u2019argent est all\u00e9 \u00e0 l\u2019Espagne avec 157,3849 et les Etats-Unis ont remport\u00e9 le bronze avec 151,3422. Les nageuses \u00e9taient\u00a0: <a href=\"\/?page_id=3607&#038;lang=fr\" data-cke-saved-href=\"https:\/\/artisticswimming.ca\/nt-athletes\/rosalie-boissonneault\/?lang=fr\"><strong>Rosalie Boissonneault<\/strong><\/a>, 14 ans (Drummondville, QC), <a href=\"\/?page_id=3597&#038;lang=fr\" data-cke-saved-href=\"https:\/\/artisticswimming.ca\/nt-athletes\/jaime-czarkowski\/?lang=fr\"><strong>Jaime Czarkowski<\/strong><\/a>, 13 ans (Calgary, AB), <a href=\"\/?page_id=3620&#038;lang=fr\" data-cke-saved-href=\"https:\/\/artisticswimming.ca\/nt-athletes\/marissa-enns\/?lang=fr\"><strong>Marissa Enns<\/strong><\/a>, 14 ans (Toronto, ON), <a href=\"\/?page_id=3578&#038;lang=fr\" data-cke-saved-href=\"https:\/\/artisticswimming.ca\/?page_id=3578&#038;lang=fr\"><strong>Scarlett Finn<\/strong><\/a>, 15 ans (Toronto, ON), <a href=\"\/?page_id=3600&#038;lang=fr\" data-cke-saved-href=\"https:\/\/artisticswimming.ca\/nt-athletes\/mikaelle-gauthier\/?lang=fr\"><strong>Mika\u00eblle Gauthier<\/strong><\/a>, 15 ans (Gatineau, QC), <a href=\"\/?page_id=1655&#038;lang=fr\" data-cke-saved-href=\"https:\/\/artisticswimming.ca\/nt-athletes\/flynne-gossling\/?lang=fr\"><strong>Flynne Gossling<\/strong><\/a>, 14 ans (Toronto, ON), <a href=\"\/?page_id=1658&#038;lang=fr\" data-cke-saved-href=\"https:\/\/artisticswimming.ca\/nt-athletes\/teah-hoffman-2\/?lang=fr\"><strong>Teah Hoffman<\/strong>,<\/a> 14 ans (Calgary, AB) and <a href=\"\/?page_id=3779&#038;lang=fr\" data-cke-saved-href=\"https:\/\/artisticswimming.ca\/nt-athletes\/audrey-veilleux\/?lang=fr\"><strong>Audrey Veilleux<\/strong><\/a>, 15 ans (St-J\u00e9r\u00f4me, QC). <a href=\"\/?page_id=3775&#038;lang=fr\" data-cke-saved-href=\"https:\/\/artisticswimming.ca\/nt-athletes\/natalie-kam-greenfield\/?lang=fr\"><strong>Nathalie Greenfield<\/strong><\/a>, 14 ans (Calgary, AB), <a href=\"\/?page_id=3604&#038;lang=fr\" data-cke-saved-href=\"https:\/\/artisticswimming.ca\/taissia-kutnyk\/?lang=fr\"><strong>Taissia Kutnyk<\/strong><\/a>, 15 ans (Montr\u00e9al, QC), <a href=\"\/?page_id=1696&#038;lang=fr\" data-cke-saved-href=\"https:\/\/artisticswimming.ca\/nt-athletes\/jade-warren\/?lang=fr\"><strong>Jade Warren<\/strong>,<\/a> 15 ans (Ottawa, ON) et <a href=\"\/?page_id=3766&#038;lang=fr\" data-cke-saved-href=\"https:\/\/artisticswimming.ca\/nt-athletes\/madeline-whitten\/?lang=fr\"><strong>Madeline Whitten<\/strong><\/a>, 15 ans (Toronto, ON) \u00e9taient les substitues.<\/p>\n<p>Les membres de l\u2019\u00e9quipe avaient \u00e9t\u00e9 s\u00e9lectionn\u00e9es en juin dernier aux Championnats canadiens espoir 2017 et ont commenc\u00e9 l\u2019entrainement en d\u00e9but juillet au <em>Toronto Pan Am Sport Centre (TPASC)<\/em>. L\u2019\u00e9quipe 13-15 de cette ann\u00e9e \u00e9tait men\u00e9e par l\u2019entraineure-chef <strong>Jennifer Tregale<\/strong> (Calgary, AB), \u00e9paul\u00e9e de ses adjointes <strong>Elena Podolsky <\/strong>et <strong>Laura Swift<\/strong>, (Dollard-des-Ormeaux, QC).<\/p>\n<p>Le Canada \u00e9tait aussi repr\u00e9sent\u00e9 dans les \u00e9preuves de solo et de duo. Teah Hoffman (Calgary, AB), qui \u00e9tait \u00e9galement membre de l\u2019\u00e9quipe 13-15 en 2016, a particip\u00e9 \u00e0 la comp\u00e9tition de solo et a termin\u00e9 en 9<sup>e<\/sup> position. La Russe Antonina Bazlova a pris la premi\u00e8re place, suivie de l\u2019Espagnole Irene Jimeno et de la Bi\u00e9lorusse Vera Butsel.<\/p>\n<p>Le duo compos\u00e9 de Scarlett Finn et de Flynne Gossling, toutes deux de Toronto, a termin\u00e9 en 5<sup>e<\/sup> position. Le duo russe a remport\u00e9 l\u2019or, tandis que l\u2019argent est all\u00e9 aux Espagnoles et le bronze aux Am\u00e9ricaines. Jaime Czarkowski \u00e9tait la substitue pour le duo canadien.<\/p>\n<p>L\u2019entraineure-chef Tregale s\u2019est dit satisfaite des performances de la semaine derni\u00e8re :<br \/>\n\u00ab La Coupe Med \u00e9tait une belle comp\u00e9tition et l\u2019\u00e9quipe canadienne a fait du tr\u00e8s bon travail. Avec 9 nouvelles membres \u00e0 l\u2019\u00e9quipe nationale, les athl\u00e8tes ont travaill\u00e9 fort pendant un mois \u00e0 Toronto et ont pr\u00e9sent\u00e9 de belles routines au Portugal. L\u2019\u00e9quipe a \u00e9volu\u00e9 contre les meilleures \u00e9quipes de la Russie, de l\u2019Espagne, de l\u2019Italie et des Etats-Unis et a offert de tr\u00e8s belles performances dans les trois \u00e9preuves de routine ainsi que lors des figures. \u00bb<\/p>\n<p>Elle a \u00e9galement exprim\u00e9 des remerciements \u00e0 toute l\u2019\u00e9quipe de soutien\u00a0: \u00ab Je tiens \u00e0 dire un \u00e9norme merci \u00e0 mes entraineures adjointes, Elena Podolsky and Laura Swift. Je remercie \u00e9galement <strong>Louise Kennedy<\/strong>, notre juge, <strong>Ashley Hines<\/strong>, notre entraineure-apprentie \u00e0 la comp\u00e9tition ainsi que\u00a0<strong>Chihiro Ishii <\/strong>et <strong>Renee Matte<\/strong> pour leur excellent travail \u00e0 titre d\u2019entraineures-apprenties durant le camp d\u2019entrainement. <strong>Pat McCann<\/strong>, merci d\u2019avoir \u00e9t\u00e9 notre gestionnaire d\u2019\u00e9quipe et aussi notre infirmi\u00e8re! Merci \u00e9galement \u00e0 <strong>Julie Healy<\/strong> et \u00e0 <strong>Sheilagh Croxon<\/strong> pour leur aide dans la pr\u00e9paration de l\u2019\u00e9quipe au fil du camp et de la comp\u00e9tition. \u00bb<\/p>\n<p>Pour tous les r\u00e9sultats de la Coupe M\u00e9diterran\u00e9e COMEN, visitez la <a href=\"\/?p=3919&#038;lang=fr\" target=\"_blank\" rel=\"noopener noreferrer\" data-cke-saved-href=\"https:\/\/artisticswimming.ca\/fr\/event\/coupe-comen-mediterranee-2017\/?lang=fr\">page de l\u2019\u00e9v\u00e9nement<\/a>.<\/p>\n","protected":false},"excerpt":{"rendered":"<p>Ottawa, ON \u2013 L\u2019\u00e9quipe nationale 13-15 du Canada a termin\u00e9 en 5e place \u00e0 la Coupe M\u00e9diterran\u00e9e COMEN 2017 qui avait lieu \u00e0 la Municipality Pool Complex de Mealhada au Portugal, du 3 au 6 ao\u00fbt dernier. En 4e position apr\u00e8s <a href=\"https:\/\/artisticswimming.ca\/fr\/lequipe-nationale-canadienne-13-15-ans-de-nage-synchronisee-termine-en-5e-position-au-portugal\/\"> [&#8230;]<\/a><\/p>\n","protected":false},"author":3,"featured_media":4028,"comment_status":"open","ping_status":"open","sticky":false,"template":"","format":"standard","meta":{"_acf_changed":false,"footnotes":""},"categories":[155,73],"tags":[],"class_list":["post-4029","post","type-post","status-publish","format-standard","has-post-thumbnail","hentry","category-equipe-nationale-13-15","category-nouvelles"],"acf":[],"yoast_head":"<!-- This site is optimized with the Yoast SEO plugin v27.2 - https:\/\/yoast.com\/product\/yoast-seo-wordpress\/ -->\n<title>L\u2019\u00e9quipe nationale canadienne 13-15 termine en 5e position au Portugal - Natation Artistique Canada<\/title>\n<meta name=\"robots\" content=\"index, follow, max-snippet:-1, max-image-preview:large, max-video-preview:-1\" \/>\n<link rel=\"canonical\" href=\"https:\/\/artisticswimming.ca\/fr\/lequipe-nationale-canadienne-13-15-ans-de-nage-synchronisee-termine-en-5e-position-au-portugal\/\" \/>\n<meta property=\"og:locale\" content=\"fr_FR\" \/>\n<meta property=\"og:type\" content=\"article\" \/>\n<meta property=\"og:title\" content=\"L\u2019\u00e9quipe nationale canadienne 13-15 termine en 5e position au Portugal - Natation Artistique Canada\" \/>\n<meta property=\"og:description\" content=\"Ottawa, ON \u2013 L\u2019\u00e9quipe nationale 13-15 du Canada a termin\u00e9 en 5e place \u00e0 la Coupe M\u00e9diterran\u00e9e COMEN 2017 qui avait lieu \u00e0 la Municipality Pool Complex de Mealhada au Portugal, du 3 au 6 ao\u00fbt dernier. En 4e position apr\u00e8s [...]\" \/>\n<meta property=\"og:url\" content=\"https:\/\/artisticswimming.ca\/fr\/lequipe-nationale-canadienne-13-15-ans-de-nage-synchronisee-termine-en-5e-position-au-portugal\/\" \/>\n<meta property=\"og:site_name\" content=\"Natation Artistique Canada\" \/>\n<meta property=\"article:published_time\" content=\"2017-08-10T20:09:16+00:00\" \/>\n<meta property=\"article:modified_time\" content=\"2017-08-10T20:10:58+00:00\" \/>\n<meta property=\"og:image\" content=\"https:\/\/artisticswimming.ca\/wp-content\/uploads\/2017\/08\/med-cup-slider.jpg\" \/>\n\t<meta property=\"og:image:width\" content=\"1800\" \/>\n\t<meta property=\"og:image:height\" content=\"750\" \/>\n\t<meta property=\"og:image:type\" content=\"image\/jpeg\" \/>\n<meta name=\"author\" content=\"Myriam Cote\" \/>\n<meta name=\"twitter:card\" content=\"summary_large_image\" \/>\n<meta name=\"twitter:label1\" content=\"\u00c9crit par\" \/>\n\t<meta name=\"twitter:data1\" content=\"Myriam Cote\" \/>\n\t<meta name=\"twitter:label2\" content=\"Dur\u00e9e de lecture estim\u00e9e\" \/>\n\t<meta name=\"twitter:data2\" content=\"3 minutes\" \/>\n<script type=\"application\/ld+json\" class=\"yoast-schema-graph\">{\"@context\":\"https:\/\/schema.org\",\"@graph\":[{\"@type\":\"Article\",\"@id\":\"https:\/\/artisticswimming.ca\/fr\/lequipe-nationale-canadienne-13-15-ans-de-nage-synchronisee-termine-en-5e-position-au-portugal\/#article\",\"isPartOf\":{\"@id\":\"https:\/\/artisticswimming.ca\/fr\/lequipe-nationale-canadienne-13-15-ans-de-nage-synchronisee-termine-en-5e-position-au-portugal\/\"},\"author\":{\"name\":\"Myriam Cote\",\"@id\":\"https:\/\/artisticswimming.ca\/fr\/#\/schema\/person\/76d6c2c9954d56641f9210cc7427bc76\"},\"headline\":\"L\u2019\u00e9quipe nationale canadienne 13-15 termine en 5e position au Portugal\",\"datePublished\":\"2017-08-10T20:09:16+00:00\",\"dateModified\":\"2017-08-10T20:10:58+00:00\",\"mainEntityOfPage\":{\"@id\":\"https:\/\/artisticswimming.ca\/fr\/lequipe-nationale-canadienne-13-15-ans-de-nage-synchronisee-termine-en-5e-position-au-portugal\/\"},\"wordCount\":573,\"commentCount\":0,\"image\":{\"@id\":\"https:\/\/artisticswimming.ca\/fr\/lequipe-nationale-canadienne-13-15-ans-de-nage-synchronisee-termine-en-5e-position-au-portugal\/#primaryimage\"},\"thumbnailUrl\":\"https:\/\/artisticswimming.ca\/wp-content\/uploads\/2017\/08\/med-cup-slider.jpg\",\"articleSection\":[\"\u00c9quipe Nationale 13-15\",\"Nouvelles\"],\"inLanguage\":\"fr-FR\",\"potentialAction\":[{\"@type\":\"CommentAction\",\"name\":\"Comment\",\"target\":[\"https:\/\/artisticswimming.ca\/fr\/lequipe-nationale-canadienne-13-15-ans-de-nage-synchronisee-termine-en-5e-position-au-portugal\/#respond\"]}]},{\"@type\":\"WebPage\",\"@id\":\"https:\/\/artisticswimming.ca\/fr\/lequipe-nationale-canadienne-13-15-ans-de-nage-synchronisee-termine-en-5e-position-au-portugal\/\",\"url\":\"https:\/\/artisticswimming.ca\/fr\/lequipe-nationale-canadienne-13-15-ans-de-nage-synchronisee-termine-en-5e-position-au-portugal\/\",\"name\":\"L\u2019\u00e9quipe nationale canadienne 13-15 termine en 5e position au Portugal - Natation Artistique Canada\",\"isPartOf\":{\"@id\":\"https:\/\/artisticswimming.ca\/fr\/#website\"},\"primaryImageOfPage\":{\"@id\":\"https:\/\/artisticswimming.ca\/fr\/lequipe-nationale-canadienne-13-15-ans-de-nage-synchronisee-termine-en-5e-position-au-portugal\/#primaryimage\"},\"image\":{\"@id\":\"https:\/\/artisticswimming.ca\/fr\/lequipe-nationale-canadienne-13-15-ans-de-nage-synchronisee-termine-en-5e-position-au-portugal\/#primaryimage\"},\"thumbnailUrl\":\"https:\/\/artisticswimming.ca\/wp-content\/uploads\/2017\/08\/med-cup-slider.jpg\",\"datePublished\":\"2017-08-10T20:09:16+00:00\",\"dateModified\":\"2017-08-10T20:10:58+00:00\",\"author\":{\"@id\":\"https:\/\/artisticswimming.ca\/fr\/#\/schema\/person\/76d6c2c9954d56641f9210cc7427bc76\"},\"breadcrumb\":{\"@id\":\"https:\/\/artisticswimming.ca\/fr\/lequipe-nationale-canadienne-13-15-ans-de-nage-synchronisee-termine-en-5e-position-au-portugal\/#breadcrumb\"},\"inLanguage\":\"fr-FR\",\"potentialAction\":[{\"@type\":\"ReadAction\",\"target\":[\"https:\/\/artisticswimming.ca\/fr\/lequipe-nationale-canadienne-13-15-ans-de-nage-synchronisee-termine-en-5e-position-au-portugal\/\"]}]},{\"@type\":\"ImageObject\",\"inLanguage\":\"fr-FR\",\"@id\":\"https:\/\/artisticswimming.ca\/fr\/lequipe-nationale-canadienne-13-15-ans-de-nage-synchronisee-termine-en-5e-position-au-portugal\/#primaryimage\",\"url\":\"https:\/\/artisticswimming.ca\/wp-content\/uploads\/2017\/08\/med-cup-slider.jpg\",\"contentUrl\":\"https:\/\/artisticswimming.ca\/wp-content\/uploads\/2017\/08\/med-cup-slider.jpg\",\"width\":1800,\"height\":750},{\"@type\":\"BreadcrumbList\",\"@id\":\"https:\/\/artisticswimming.ca\/fr\/lequipe-nationale-canadienne-13-15-ans-de-nage-synchronisee-termine-en-5e-position-au-portugal\/#breadcrumb\",\"itemListElement\":[{\"@type\":\"ListItem\",\"position\":1,\"name\":\"Home\",\"item\":\"https:\/\/artisticswimming.ca\/fr\/\"},{\"@type\":\"ListItem\",\"position\":2,\"name\":\"L\u2019\u00e9quipe nationale canadienne 13-15 termine en 5e position au Portugal\"}]},{\"@type\":\"WebSite\",\"@id\":\"https:\/\/artisticswimming.ca\/fr\/#website\",\"url\":\"https:\/\/artisticswimming.ca\/fr\/\",\"name\":\"Natation Artistique Canada\",\"description\":\"\",\"potentialAction\":[{\"@type\":\"SearchAction\",\"target\":{\"@type\":\"EntryPoint\",\"urlTemplate\":\"https:\/\/artisticswimming.ca\/fr\/?s={search_term_string}\"},\"query-input\":{\"@type\":\"PropertyValueSpecification\",\"valueRequired\":true,\"valueName\":\"search_term_string\"}}],\"inLanguage\":\"fr-FR\"},{\"@type\":\"Person\",\"@id\":\"https:\/\/artisticswimming.ca\/fr\/#\/schema\/person\/76d6c2c9954d56641f9210cc7427bc76\",\"name\":\"Myriam Cote\",\"image\":{\"@type\":\"ImageObject\",\"inLanguage\":\"fr-FR\",\"@id\":\"https:\/\/secure.gravatar.com\/avatar\/9636d581f11fe1ce5c868617703e52ebeddf65bc5ba83eda388709ba9ad9da61?s=96&d=mm&r=g\",\"url\":\"https:\/\/secure.gravatar.com\/avatar\/9636d581f11fe1ce5c868617703e52ebeddf65bc5ba83eda388709ba9ad9da61?s=96&d=mm&r=g\",\"contentUrl\":\"https:\/\/secure.gravatar.com\/avatar\/9636d581f11fe1ce5c868617703e52ebeddf65bc5ba83eda388709ba9ad9da61?s=96&d=mm&r=g\",\"caption\":\"Myriam Cote\"},\"url\":\"https:\/\/artisticswimming.ca\/fr\/author\/myriam\/\"}]}<\/script>\n<!-- \/ Yoast SEO plugin. -->","yoast_head_json":{"title":"L\u2019\u00e9quipe nationale canadienne 13-15 termine en 5e position au Portugal - Natation Artistique Canada","robots":{"index":"index","follow":"follow","max-snippet":"max-snippet:-1","max-image-preview":"max-image-preview:large","max-video-preview":"max-video-preview:-1"},"canonical":"https:\/\/artisticswimming.ca\/fr\/lequipe-nationale-canadienne-13-15-ans-de-nage-synchronisee-termine-en-5e-position-au-portugal\/","og_locale":"fr_FR","og_type":"article","og_title":"L\u2019\u00e9quipe nationale canadienne 13-15 termine en 5e position au Portugal - Natation Artistique Canada","og_description":"Ottawa, ON \u2013 L\u2019\u00e9quipe nationale 13-15 du Canada a termin\u00e9 en 5e place \u00e0 la Coupe M\u00e9diterran\u00e9e COMEN 2017 qui avait lieu \u00e0 la Municipality Pool Complex de Mealhada au Portugal, du 3 au 6 ao\u00fbt dernier. En 4e position apr\u00e8s [...]","og_url":"https:\/\/artisticswimming.ca\/fr\/lequipe-nationale-canadienne-13-15-ans-de-nage-synchronisee-termine-en-5e-position-au-portugal\/","og_site_name":"Natation Artistique Canada","article_published_time":"2017-08-10T20:09:16+00:00","article_modified_time":"2017-08-10T20:10:58+00:00","og_image":[{"width":1800,"height":750,"url":"https:\/\/artisticswimming.ca\/wp-content\/uploads\/2017\/08\/med-cup-slider.jpg","type":"image\/jpeg"}],"author":"Myriam Cote","twitter_card":"summary_large_image","twitter_misc":{"\u00c9crit par":"Myriam Cote","Dur\u00e9e de lecture estim\u00e9e":"3 minutes"},"schema":{"@context":"https:\/\/schema.org","@graph":[{"@type":"Article","@id":"https:\/\/artisticswimming.ca\/fr\/lequipe-nationale-canadienne-13-15-ans-de-nage-synchronisee-termine-en-5e-position-au-portugal\/#article","isPartOf":{"@id":"https:\/\/artisticswimming.ca\/fr\/lequipe-nationale-canadienne-13-15-ans-de-nage-synchronisee-termine-en-5e-position-au-portugal\/"},"author":{"name":"Myriam Cote","@id":"https:\/\/artisticswimming.ca\/fr\/#\/schema\/person\/76d6c2c9954d56641f9210cc7427bc76"},"headline":"L\u2019\u00e9quipe nationale canadienne 13-15 termine en 5e position au Portugal","datePublished":"2017-08-10T20:09:16+00:00","dateModified":"2017-08-10T20:10:58+00:00","mainEntityOfPage":{"@id":"https:\/\/artisticswimming.ca\/fr\/lequipe-nationale-canadienne-13-15-ans-de-nage-synchronisee-termine-en-5e-position-au-portugal\/"},"wordCount":573,"commentCount":0,"image":{"@id":"https:\/\/artisticswimming.ca\/fr\/lequipe-nationale-canadienne-13-15-ans-de-nage-synchronisee-termine-en-5e-position-au-portugal\/#primaryimage"},"thumbnailUrl":"https:\/\/artisticswimming.ca\/wp-content\/uploads\/2017\/08\/med-cup-slider.jpg","articleSection":["\u00c9quipe Nationale 13-15","Nouvelles"],"inLanguage":"fr-FR","potentialAction":[{"@type":"CommentAction","name":"Comment","target":["https:\/\/artisticswimming.ca\/fr\/lequipe-nationale-canadienne-13-15-ans-de-nage-synchronisee-termine-en-5e-position-au-portugal\/#respond"]}]},{"@type":"WebPage","@id":"https:\/\/artisticswimming.ca\/fr\/lequipe-nationale-canadienne-13-15-ans-de-nage-synchronisee-termine-en-5e-position-au-portugal\/","url":"https:\/\/artisticswimming.ca\/fr\/lequipe-nationale-canadienne-13-15-ans-de-nage-synchronisee-termine-en-5e-position-au-portugal\/","name":"L\u2019\u00e9quipe nationale canadienne 13-15 termine en 5e position au Portugal - Natation Artistique Canada","isPartOf":{"@id":"https:\/\/artisticswimming.ca\/fr\/#website"},"primaryImageOfPage":{"@id":"https:\/\/artisticswimming.ca\/fr\/lequipe-nationale-canadienne-13-15-ans-de-nage-synchronisee-termine-en-5e-position-au-portugal\/#primaryimage"},"image":{"@id":"https:\/\/artisticswimming.ca\/fr\/lequipe-nationale-canadienne-13-15-ans-de-nage-synchronisee-termine-en-5e-position-au-portugal\/#primaryimage"},"thumbnailUrl":"https:\/\/artisticswimming.ca\/wp-content\/uploads\/2017\/08\/med-cup-slider.jpg","datePublished":"2017-08-10T20:09:16+00:00","dateModified":"2017-08-10T20:10:58+00:00","author":{"@id":"https:\/\/artisticswimming.ca\/fr\/#\/schema\/person\/76d6c2c9954d56641f9210cc7427bc76"},"breadcrumb":{"@id":"https:\/\/artisticswimming.ca\/fr\/lequipe-nationale-canadienne-13-15-ans-de-nage-synchronisee-termine-en-5e-position-au-portugal\/#breadcrumb"},"inLanguage":"fr-FR","potentialAction":[{"@type":"ReadAction","target":["https:\/\/artisticswimming.ca\/fr\/lequipe-nationale-canadienne-13-15-ans-de-nage-synchronisee-termine-en-5e-position-au-portugal\/"]}]},{"@type":"ImageObject","inLanguage":"fr-FR","@id":"https:\/\/artisticswimming.ca\/fr\/lequipe-nationale-canadienne-13-15-ans-de-nage-synchronisee-termine-en-5e-position-au-portugal\/#primaryimage","url":"https:\/\/artisticswimming.ca\/wp-content\/uploads\/2017\/08\/med-cup-slider.jpg","contentUrl":"https:\/\/artisticswimming.ca\/wp-content\/uploads\/2017\/08\/med-cup-slider.jpg","width":1800,"height":750},{"@type":"BreadcrumbList","@id":"https:\/\/artisticswimming.ca\/fr\/lequipe-nationale-canadienne-13-15-ans-de-nage-synchronisee-termine-en-5e-position-au-portugal\/#breadcrumb","itemListElement":[{"@type":"ListItem","position":1,"name":"Home","item":"https:\/\/artisticswimming.ca\/fr\/"},{"@type":"ListItem","position":2,"name":"L\u2019\u00e9quipe nationale canadienne 13-15 termine en 5e position au Portugal"}]},{"@type":"WebSite","@id":"https:\/\/artisticswimming.ca\/fr\/#website","url":"https:\/\/artisticswimming.ca\/fr\/","name":"Natation Artistique Canada","description":"","potentialAction":[{"@type":"SearchAction","target":{"@type":"EntryPoint","urlTemplate":"https:\/\/artisticswimming.ca\/fr\/?s={search_term_string}"},"query-input":{"@type":"PropertyValueSpecification","valueRequired":true,"valueName":"search_term_string"}}],"inLanguage":"fr-FR"},{"@type":"Person","@id":"https:\/\/artisticswimming.ca\/fr\/#\/schema\/person\/76d6c2c9954d56641f9210cc7427bc76","name":"Myriam Cote","image":{"@type":"ImageObject","inLanguage":"fr-FR","@id":"https:\/\/secure.gravatar.com\/avatar\/9636d581f11fe1ce5c868617703e52ebeddf65bc5ba83eda388709ba9ad9da61?s=96&d=mm&r=g","url":"https:\/\/secure.gravatar.com\/avatar\/9636d581f11fe1ce5c868617703e52ebeddf65bc5ba83eda388709ba9ad9da61?s=96&d=mm&r=g","contentUrl":"https:\/\/secure.gravatar.com\/avatar\/9636d581f11fe1ce5c868617703e52ebeddf65bc5ba83eda388709ba9ad9da61?s=96&d=mm&r=g","caption":"Myriam Cote"},"url":"https:\/\/artisticswimming.ca\/fr\/author\/myriam\/"}]}},"_links":{"self":[{"href":"https:\/\/artisticswimming.ca\/fr\/wp-json\/wp\/v2\/posts\/4029","targetHints":{"allow":["GET"]}}],"collection":[{"href":"https:\/\/artisticswimming.ca\/fr\/wp-json\/wp\/v2\/posts"}],"about":[{"href":"https:\/\/artisticswimming.ca\/fr\/wp-json\/wp\/v2\/types\/post"}],"author":[{"embeddable":true,"href":"https:\/\/artisticswimming.ca\/fr\/wp-json\/wp\/v2\/users\/3"}],"replies":[{"embeddable":true,"href":"https:\/\/artisticswimming.ca\/fr\/wp-json\/wp\/v2\/comments?post=4029"}],"version-history":[{"count":0,"href":"https:\/\/artisticswimming.ca\/fr\/wp-json\/wp\/v2\/posts\/4029\/revisions"}],"wp:featuredmedia":[{"embeddable":true,"href":"https:\/\/artisticswimming.ca\/fr\/wp-json\/wp\/v2\/media\/4028"}],"wp:attachment":[{"href":"https:\/\/artisticswimming.ca\/fr\/wp-json\/wp\/v2\/media?parent=4029"}],"wp:term":[{"taxonomy":"category","embeddable":true,"href":"https:\/\/artisticswimming.ca\/fr\/wp-json\/wp\/v2\/categories?post=4029"},{"taxonomy":"post_tag","embeddable":true,"href":"https:\/\/artisticswimming.ca\/fr\/wp-json\/wp\/v2\/tags?post=4029"}],"curies":[{"name":"wp","href":"https:\/\/api.w.org\/{rel}","templated":true}]}}