{"id":409,"date":"2015-11-08T07:23:15","date_gmt":"2015-11-08T07:23:15","guid":{"rendered":"http:\/\/synchro.wpengine.com\/?p=409&#038;lang=fr"},"modified":"2017-09-18T15:26:47","modified_gmt":"2017-09-18T15:26:47","slug":"lisa-sanders-annonce-sa-retraite","status":"publish","type":"post","link":"https:\/\/artisticswimming.ca\/fr\/lisa-sanders-annonce-sa-retraite\/","title":{"rendered":"Lisa Sanders annonce sa retraite"},"content":{"rendered":"<p><b>Montr\u00e9al, 9 novembre 2015<\/b><span style=\"font-weight: 400;\"> &#8211; Synchro Canada tient \u00e0 remercier et \u00e0 f\u00e9liciter <img decoding=\"async\" class=\"alignright size-full wp-image-407\" src=\"http:\/\/synchro.wpengine.com\/wp-content\/uploads\/2016\/07\/Lisa-Sanders.png\" alt=\"Lisa Sanders\" width=\"278\" height=\"409\" srcset=\"https:\/\/artisticswimming.ca\/wp-content\/uploads\/2016\/07\/Lisa-Sanders-200x294.png 200w, https:\/\/artisticswimming.ca\/wp-content\/uploads\/2016\/07\/Lisa-Sanders-204x300.png 204w, https:\/\/artisticswimming.ca\/wp-content\/uploads\/2016\/07\/Lisa-Sanders.png 278w\" sizes=\"(max-width: 278px) 100vw, 278px\" \/><\/span><b>Lisa Sanders<\/b><span style=\"font-weight: 400;\"> qui a annonc\u00e9 r\u00e9cemment sa<br \/>\n<\/span>retraite de la nage synchronis\u00e9e.<\/p>\n<p><span style=\"font-weight: 400;\">Originaire de Gormley, en Ontario, Lisa Sanders r\u00eave de porter les couleurs du Canada en comp\u00e9tition depuis les Jeux olympiques de 2008 \u00e0 Beijing qu\u2019elle a suivis \u00e0 la t\u00e9l\u00e9vision. \u00a0Apr\u00e8s avoir \u00e9t\u00e9 membre de l&rsquo;\u00e9quipe nationale junior en 2011 et 2012, elle se taille une place sur l&rsquo;\u00e9quipe nationale senior \u00e0 la fin de 2012.<\/span><\/p>\n<p><span style=\"font-weight: 400;\">Elle a concouru aux Jeux mondiaux universitaires d\u2019\u00e9t\u00e9 2013 o\u00f9 le Canada a termin\u00e9 la comp\u00e9tition au 4e rang au programme technique ainsi qu\u2019en programme libre de l\u2019\u00e9preuve par \u00e9quipes. En 2014, elle a fait ses d\u00e9buts \u00e0 la Coupe du monde FINA en plus de participer au Troph\u00e9e mondial FINA. \u00a0Elle a aussi particip\u00e9, \u00e0 la fin de l&rsquo;\u00e9t\u00e9 2015, aux Championnats du monde de la FINA tenus \u00e0 Kazan, en Russie.<\/span><\/p>\n<p><span style=\"font-weight: 400;\">Elle faisait partie, en juillet dernier, de l&rsquo;\u00e9quipe canadienne qui a remport\u00e9 une m\u00e9daille d&rsquo;or aux Jeux panam\u00e9ricains de Toronto.<\/span><\/p>\n<p><span style=\"font-weight: 400;\">\u00ab\u00a0Le moment fort de ma carri\u00e8re a \u00e9t\u00e9 de participer aux Jeux panam\u00e9ricains\u00a0\u00bb,\u00a0a confi\u00e9 Lisa. \u00a0\u00ab\u00a0Je conserverai \u00e0 jamais le souvenir d&rsquo;avoir particip\u00e9 &#8211; et gagn\u00e9 l&rsquo;or &#8211; \u00e0 ces Jeux devant une telle foule partisane. \u00a0J&rsquo;aimerais remercier ma famille et mes amis pour leur soutien au fil des ann\u00e9es, et aussi mes co\u00e9quipi\u00e8res pour tous les beaux moments que nous avons v\u00e9cus ensemble. \u00bb<\/span><\/p>\n<p><span style=\"font-weight: 400;\">Lisa profitera de sa retraite pour se concentrer sur ses \u00e9tudes, pour devenir entraineure et pour exp\u00e9rimenter avec une de ses passions, la p\u00e2tisserie.<\/span><\/p>\n<p><span style=\"font-weight: 400;\">\u00ab De la part de tous les membres de Synchro Canada, j&rsquo;aimerais remercier Lisa pour sa contribution \u00e0 notre programme national, \u00bb a dit l&rsquo;entra\u00eeneure en chef de l&rsquo;\u00e9quipe nationale senior, Meng Chen. \u00ab Lisa est le genre de personne qui se donne sans compter pour atteindre ses objectifs. \u00a0Au cours des trois derni\u00e8res ann\u00e9es, elle n&rsquo;a cess\u00e9, malgr\u00e9 la pression \u00e9norme, de se consacrer \u00e0 l&rsquo;atteinte de l&rsquo;excellence et elle a \u00e9t\u00e9 une excellente co\u00e9quipi\u00e8re. \u00a0Je lui souhaite tout le succ\u00e8s qu&rsquo;elle m\u00e9rite pour ses projets futurs. \u00bb<\/span><\/p>\n<p>&nbsp;<\/p>\n<p><b>\u00c0 propos de Synchro Canada<\/b><\/p>\n<p><span style=\"font-weight: 400;\">Synchro Canada est une organisation qui encourage la poursuite de l&rsquo;excellence tout en d\u00e9veloppant des athl\u00e8tes, des citoyens et des ambassadeurs du sport de la nage synchronis\u00e9e \u00e0 tous les niveaux. Depuis ses d\u00e9buts \u00e0 Montr\u00e9al en 1924, la nage synchronis\u00e9e est maintenant pratiqu\u00e9e dans plus de 70 pays. Le Canada se place avec fiert\u00e9 parmi les meilleures de ces nations.<\/span><\/p>\n<p><span style=\"font-weight: 400;\">Synchro Canada d\u00e9sire remercier ses commanditaires et partenaires :<\/span><\/p>\n<p><b>Partenaires de ses programmes : <\/b><span style=\"font-weight: 400;\">Sport Canada, \u00c0 nous le podium, l\u2019Institut national du sport du Qu\u00e9bec<\/span><\/p>\n<p><b>Fournisseur officiel aquatique : <\/b><span style=\"font-weight: 400;\">Speedo Canada<\/span><\/p>\n<p><b>Protection solaire officielle<\/b><span style=\"font-weight: 400;\"> : Shiseido Canada<\/span><\/p>\n<p><b>Fournisseurs officiels : <\/b><span style=\"font-weight: 400;\">AdUp, National Car Rental<\/span><\/p>\n<p><b>H\u00f4tel officiel : <\/b><span style=\"font-weight: 400;\">Hilton Worldwide<\/span><\/p>\n<p><span style=\"font-weight: 400;\">Pour plus de renseignements, consultez le site Internet de Synchro Canada au www.synchro.ca ou abonnez-vous aux m\u00e9dias sociaux de Synchro Canada : Twitter, Facebook et YouTube.<\/span><\/p>\n<p style=\"text-align: center;\"><span style=\"font-weight: 400;\">&#8211; 30 &#8211;<\/span><\/p>\n<p><b>Pour information : <\/b><\/p>\n<p><span style=\"font-weight: 400;\">St\u00e9phane C\u00f4t\u00e9<\/span><\/p>\n<p><span style=\"font-weight: 400;\">Synchro Canada<\/span><\/p>\n<p><span style=\"font-weight: 400;\">Gestionnaire des communications<\/span><\/p>\n<p><span style=\"font-weight: 400;\">Courriel : \u00a0<\/span><b>stephane@synchro.ca<\/b><\/p>\n<p><span style=\"font-weight: 400;\">T\u00e9l\u00e9phone : 418 420-2125<\/span><\/p>\n<p><span style=\"font-weight: 400;\">Site Internet : <\/span><b>www.synchro.ca<\/b><span style=\"font-weight: 400;\"> \u00a0\u00a0<\/span><\/p>\n<p><span style=\"font-weight: 400;\">Facebook : <\/span><a href=\"http:\/\/www.facebook.com\/synchrocanada\"><b>www.facebook.com\/synchrocanada<\/b><\/a><span style=\"font-weight: 400;\"> \u00a0<\/span><\/p>\n<p><span style=\"font-weight: 400;\">Twitter : <\/span><a href=\"http:\/\/www.twitter.com\/synchrocanada\"><b>www.twitter.com\/synchrocanada<\/b><\/a><\/p>\n<p><span style=\"font-weight: 400;\">Instagram: <\/span><a href=\"https:\/\/instagram.com\/synchrocanada\/\"><b>instagram.com\/synchrocanada\/ <\/b><\/a><\/p>\n<p><span style=\"font-weight: 400;\">Flickr: <\/span><a href=\"http:\/\/www.flickr.com\/photos\/synchrocanada\"><b>\u00a0www.flickr.com\/photos\/synchrocanada<\/b><\/a><\/p>\n","protected":false},"excerpt":{"rendered":"<p>Montr\u00e9al, 9 novembre 2015 &#8211; Synchro Canada tient \u00e0 remercier et \u00e0 f\u00e9liciter Lisa Sanders qui a annonc\u00e9 r\u00e9cemment sa retraite de la nage synchronis\u00e9e. Originaire de Gormley, en Ontario, Lisa Sanders r\u00eave de porter les couleurs du Canada en comp\u00e9tition <a href=\"https:\/\/artisticswimming.ca\/fr\/lisa-sanders-annonce-sa-retraite\/\"> [&#8230;]<\/a><\/p>\n","protected":false},"author":3,"featured_media":0,"comment_status":"open","ping_status":"open","sticky":false,"template":"","format":"standard","meta":{"_acf_changed":false,"footnotes":""},"categories":[79,1],"tags":[],"class_list":["post-409","post","type-post","status-publish","format-standard","hentry","category-equipe-nationale-senior","category-uncategorized"],"acf":[],"yoast_head":"<!-- This site is optimized with the Yoast SEO plugin v27.2 - https:\/\/yoast.com\/product\/yoast-seo-wordpress\/ -->\n<title>Lisa Sanders annonce sa retraite - Natation Artistique Canada<\/title>\n<meta name=\"robots\" content=\"index, follow, max-snippet:-1, max-image-preview:large, max-video-preview:-1\" \/>\n<link rel=\"canonical\" href=\"https:\/\/artisticswimming.ca\/fr\/lisa-sanders-annonce-sa-retraite\/\" \/>\n<meta property=\"og:locale\" content=\"fr_FR\" \/>\n<meta property=\"og:type\" content=\"article\" \/>\n<meta property=\"og:title\" content=\"Lisa Sanders annonce sa retraite - Natation Artistique Canada\" \/>\n<meta property=\"og:description\" content=\"Montr\u00e9al, 9 novembre 2015 &#8211; Synchro Canada tient \u00e0 remercier et \u00e0 f\u00e9liciter Lisa Sanders qui a annonc\u00e9 r\u00e9cemment sa retraite de la nage synchronis\u00e9e. Originaire de Gormley, en Ontario, Lisa Sanders r\u00eave de porter les couleurs du Canada en comp\u00e9tition [...]\" \/>\n<meta property=\"og:url\" content=\"https:\/\/artisticswimming.ca\/fr\/lisa-sanders-annonce-sa-retraite\/\" \/>\n<meta property=\"og:site_name\" content=\"Natation Artistique Canada\" \/>\n<meta property=\"article:published_time\" content=\"2015-11-08T07:23:15+00:00\" \/>\n<meta property=\"article:modified_time\" content=\"2017-09-18T15:26:47+00:00\" \/>\n<meta property=\"og:image\" content=\"http:\/\/synchro.wpengine.com\/wp-content\/uploads\/2016\/07\/Lisa-Sanders.png\" \/>\n<meta name=\"author\" content=\"Myriam Cote\" \/>\n<meta name=\"twitter:card\" content=\"summary_large_image\" \/>\n<meta name=\"twitter:label1\" content=\"\u00c9crit par\" \/>\n\t<meta name=\"twitter:data1\" content=\"Myriam Cote\" \/>\n\t<meta name=\"twitter:label2\" content=\"Dur\u00e9e de lecture estim\u00e9e\" \/>\n\t<meta name=\"twitter:data2\" content=\"3 minutes\" \/>\n<script type=\"application\/ld+json\" class=\"yoast-schema-graph\">{\"@context\":\"https:\/\/schema.org\",\"@graph\":[{\"@type\":\"Article\",\"@id\":\"https:\/\/artisticswimming.ca\/fr\/lisa-sanders-annonce-sa-retraite\/#article\",\"isPartOf\":{\"@id\":\"https:\/\/artisticswimming.ca\/fr\/lisa-sanders-annonce-sa-retraite\/\"},\"author\":{\"name\":\"Myriam Cote\",\"@id\":\"https:\/\/artisticswimming.ca\/fr\/#\/schema\/person\/76d6c2c9954d56641f9210cc7427bc76\"},\"headline\":\"Lisa Sanders annonce sa retraite\",\"datePublished\":\"2015-11-08T07:23:15+00:00\",\"dateModified\":\"2017-09-18T15:26:47+00:00\",\"mainEntityOfPage\":{\"@id\":\"https:\/\/artisticswimming.ca\/fr\/lisa-sanders-annonce-sa-retraite\/\"},\"wordCount\":560,\"commentCount\":0,\"image\":{\"@id\":\"https:\/\/artisticswimming.ca\/fr\/lisa-sanders-annonce-sa-retraite\/#primaryimage\"},\"thumbnailUrl\":\"http:\/\/synchro.wpengine.com\/wp-content\/uploads\/2016\/07\/Lisa-Sanders.png\",\"articleSection\":[\"\u00c9quipe nationale senior\",\"Uncategorized\"],\"inLanguage\":\"fr-FR\",\"potentialAction\":[{\"@type\":\"CommentAction\",\"name\":\"Comment\",\"target\":[\"https:\/\/artisticswimming.ca\/fr\/lisa-sanders-annonce-sa-retraite\/#respond\"]}]},{\"@type\":\"WebPage\",\"@id\":\"https:\/\/artisticswimming.ca\/fr\/lisa-sanders-annonce-sa-retraite\/\",\"url\":\"https:\/\/artisticswimming.ca\/fr\/lisa-sanders-annonce-sa-retraite\/\",\"name\":\"Lisa Sanders annonce sa retraite - Natation Artistique Canada\",\"isPartOf\":{\"@id\":\"https:\/\/artisticswimming.ca\/fr\/#website\"},\"primaryImageOfPage\":{\"@id\":\"https:\/\/artisticswimming.ca\/fr\/lisa-sanders-annonce-sa-retraite\/#primaryimage\"},\"image\":{\"@id\":\"https:\/\/artisticswimming.ca\/fr\/lisa-sanders-annonce-sa-retraite\/#primaryimage\"},\"thumbnailUrl\":\"http:\/\/synchro.wpengine.com\/wp-content\/uploads\/2016\/07\/Lisa-Sanders.png\",\"datePublished\":\"2015-11-08T07:23:15+00:00\",\"dateModified\":\"2017-09-18T15:26:47+00:00\",\"author\":{\"@id\":\"https:\/\/artisticswimming.ca\/fr\/#\/schema\/person\/76d6c2c9954d56641f9210cc7427bc76\"},\"breadcrumb\":{\"@id\":\"https:\/\/artisticswimming.ca\/fr\/lisa-sanders-annonce-sa-retraite\/#breadcrumb\"},\"inLanguage\":\"fr-FR\",\"potentialAction\":[{\"@type\":\"ReadAction\",\"target\":[\"https:\/\/artisticswimming.ca\/fr\/lisa-sanders-annonce-sa-retraite\/\"]}]},{\"@type\":\"ImageObject\",\"inLanguage\":\"fr-FR\",\"@id\":\"https:\/\/artisticswimming.ca\/fr\/lisa-sanders-annonce-sa-retraite\/#primaryimage\",\"url\":\"http:\/\/synchro.wpengine.com\/wp-content\/uploads\/2016\/07\/Lisa-Sanders.png\",\"contentUrl\":\"http:\/\/synchro.wpengine.com\/wp-content\/uploads\/2016\/07\/Lisa-Sanders.png\"},{\"@type\":\"BreadcrumbList\",\"@id\":\"https:\/\/artisticswimming.ca\/fr\/lisa-sanders-annonce-sa-retraite\/#breadcrumb\",\"itemListElement\":[{\"@type\":\"ListItem\",\"position\":1,\"name\":\"Home\",\"item\":\"https:\/\/artisticswimming.ca\/fr\/\"},{\"@type\":\"ListItem\",\"position\":2,\"name\":\"Lisa Sanders annonce sa retraite\"}]},{\"@type\":\"WebSite\",\"@id\":\"https:\/\/artisticswimming.ca\/fr\/#website\",\"url\":\"https:\/\/artisticswimming.ca\/fr\/\",\"name\":\"Natation Artistique Canada\",\"description\":\"\",\"potentialAction\":[{\"@type\":\"SearchAction\",\"target\":{\"@type\":\"EntryPoint\",\"urlTemplate\":\"https:\/\/artisticswimming.ca\/fr\/?s={search_term_string}\"},\"query-input\":{\"@type\":\"PropertyValueSpecification\",\"valueRequired\":true,\"valueName\":\"search_term_string\"}}],\"inLanguage\":\"fr-FR\"},{\"@type\":\"Person\",\"@id\":\"https:\/\/artisticswimming.ca\/fr\/#\/schema\/person\/76d6c2c9954d56641f9210cc7427bc76\",\"name\":\"Myriam Cote\",\"image\":{\"@type\":\"ImageObject\",\"inLanguage\":\"fr-FR\",\"@id\":\"https:\/\/secure.gravatar.com\/avatar\/9636d581f11fe1ce5c868617703e52ebeddf65bc5ba83eda388709ba9ad9da61?s=96&d=mm&r=g\",\"url\":\"https:\/\/secure.gravatar.com\/avatar\/9636d581f11fe1ce5c868617703e52ebeddf65bc5ba83eda388709ba9ad9da61?s=96&d=mm&r=g\",\"contentUrl\":\"https:\/\/secure.gravatar.com\/avatar\/9636d581f11fe1ce5c868617703e52ebeddf65bc5ba83eda388709ba9ad9da61?s=96&d=mm&r=g\",\"caption\":\"Myriam Cote\"},\"url\":\"https:\/\/artisticswimming.ca\/fr\/author\/myriam\/\"}]}<\/script>\n<!-- \/ Yoast SEO plugin. -->","yoast_head_json":{"title":"Lisa Sanders annonce sa retraite - Natation Artistique Canada","robots":{"index":"index","follow":"follow","max-snippet":"max-snippet:-1","max-image-preview":"max-image-preview:large","max-video-preview":"max-video-preview:-1"},"canonical":"https:\/\/artisticswimming.ca\/fr\/lisa-sanders-annonce-sa-retraite\/","og_locale":"fr_FR","og_type":"article","og_title":"Lisa Sanders annonce sa retraite - Natation Artistique Canada","og_description":"Montr\u00e9al, 9 novembre 2015 &#8211; Synchro Canada tient \u00e0 remercier et \u00e0 f\u00e9liciter Lisa Sanders qui a annonc\u00e9 r\u00e9cemment sa retraite de la nage synchronis\u00e9e. Originaire de Gormley, en Ontario, Lisa Sanders r\u00eave de porter les couleurs du Canada en comp\u00e9tition [...]","og_url":"https:\/\/artisticswimming.ca\/fr\/lisa-sanders-annonce-sa-retraite\/","og_site_name":"Natation Artistique Canada","article_published_time":"2015-11-08T07:23:15+00:00","article_modified_time":"2017-09-18T15:26:47+00:00","og_image":[{"url":"http:\/\/synchro.wpengine.com\/wp-content\/uploads\/2016\/07\/Lisa-Sanders.png","type":"","width":"","height":""}],"author":"Myriam Cote","twitter_card":"summary_large_image","twitter_misc":{"\u00c9crit par":"Myriam Cote","Dur\u00e9e de lecture estim\u00e9e":"3 minutes"},"schema":{"@context":"https:\/\/schema.org","@graph":[{"@type":"Article","@id":"https:\/\/artisticswimming.ca\/fr\/lisa-sanders-annonce-sa-retraite\/#article","isPartOf":{"@id":"https:\/\/artisticswimming.ca\/fr\/lisa-sanders-annonce-sa-retraite\/"},"author":{"name":"Myriam Cote","@id":"https:\/\/artisticswimming.ca\/fr\/#\/schema\/person\/76d6c2c9954d56641f9210cc7427bc76"},"headline":"Lisa Sanders annonce sa retraite","datePublished":"2015-11-08T07:23:15+00:00","dateModified":"2017-09-18T15:26:47+00:00","mainEntityOfPage":{"@id":"https:\/\/artisticswimming.ca\/fr\/lisa-sanders-annonce-sa-retraite\/"},"wordCount":560,"commentCount":0,"image":{"@id":"https:\/\/artisticswimming.ca\/fr\/lisa-sanders-annonce-sa-retraite\/#primaryimage"},"thumbnailUrl":"http:\/\/synchro.wpengine.com\/wp-content\/uploads\/2016\/07\/Lisa-Sanders.png","articleSection":["\u00c9quipe nationale senior","Uncategorized"],"inLanguage":"fr-FR","potentialAction":[{"@type":"CommentAction","name":"Comment","target":["https:\/\/artisticswimming.ca\/fr\/lisa-sanders-annonce-sa-retraite\/#respond"]}]},{"@type":"WebPage","@id":"https:\/\/artisticswimming.ca\/fr\/lisa-sanders-annonce-sa-retraite\/","url":"https:\/\/artisticswimming.ca\/fr\/lisa-sanders-annonce-sa-retraite\/","name":"Lisa Sanders annonce sa retraite - Natation Artistique Canada","isPartOf":{"@id":"https:\/\/artisticswimming.ca\/fr\/#website"},"primaryImageOfPage":{"@id":"https:\/\/artisticswimming.ca\/fr\/lisa-sanders-annonce-sa-retraite\/#primaryimage"},"image":{"@id":"https:\/\/artisticswimming.ca\/fr\/lisa-sanders-annonce-sa-retraite\/#primaryimage"},"thumbnailUrl":"http:\/\/synchro.wpengine.com\/wp-content\/uploads\/2016\/07\/Lisa-Sanders.png","datePublished":"2015-11-08T07:23:15+00:00","dateModified":"2017-09-18T15:26:47+00:00","author":{"@id":"https:\/\/artisticswimming.ca\/fr\/#\/schema\/person\/76d6c2c9954d56641f9210cc7427bc76"},"breadcrumb":{"@id":"https:\/\/artisticswimming.ca\/fr\/lisa-sanders-annonce-sa-retraite\/#breadcrumb"},"inLanguage":"fr-FR","potentialAction":[{"@type":"ReadAction","target":["https:\/\/artisticswimming.ca\/fr\/lisa-sanders-annonce-sa-retraite\/"]}]},{"@type":"ImageObject","inLanguage":"fr-FR","@id":"https:\/\/artisticswimming.ca\/fr\/lisa-sanders-annonce-sa-retraite\/#primaryimage","url":"http:\/\/synchro.wpengine.com\/wp-content\/uploads\/2016\/07\/Lisa-Sanders.png","contentUrl":"http:\/\/synchro.wpengine.com\/wp-content\/uploads\/2016\/07\/Lisa-Sanders.png"},{"@type":"BreadcrumbList","@id":"https:\/\/artisticswimming.ca\/fr\/lisa-sanders-annonce-sa-retraite\/#breadcrumb","itemListElement":[{"@type":"ListItem","position":1,"name":"Home","item":"https:\/\/artisticswimming.ca\/fr\/"},{"@type":"ListItem","position":2,"name":"Lisa Sanders annonce sa retraite"}]},{"@type":"WebSite","@id":"https:\/\/artisticswimming.ca\/fr\/#website","url":"https:\/\/artisticswimming.ca\/fr\/","name":"Natation Artistique Canada","description":"","potentialAction":[{"@type":"SearchAction","target":{"@type":"EntryPoint","urlTemplate":"https:\/\/artisticswimming.ca\/fr\/?s={search_term_string}"},"query-input":{"@type":"PropertyValueSpecification","valueRequired":true,"valueName":"search_term_string"}}],"inLanguage":"fr-FR"},{"@type":"Person","@id":"https:\/\/artisticswimming.ca\/fr\/#\/schema\/person\/76d6c2c9954d56641f9210cc7427bc76","name":"Myriam Cote","image":{"@type":"ImageObject","inLanguage":"fr-FR","@id":"https:\/\/secure.gravatar.com\/avatar\/9636d581f11fe1ce5c868617703e52ebeddf65bc5ba83eda388709ba9ad9da61?s=96&d=mm&r=g","url":"https:\/\/secure.gravatar.com\/avatar\/9636d581f11fe1ce5c868617703e52ebeddf65bc5ba83eda388709ba9ad9da61?s=96&d=mm&r=g","contentUrl":"https:\/\/secure.gravatar.com\/avatar\/9636d581f11fe1ce5c868617703e52ebeddf65bc5ba83eda388709ba9ad9da61?s=96&d=mm&r=g","caption":"Myriam Cote"},"url":"https:\/\/artisticswimming.ca\/fr\/author\/myriam\/"}]}},"_links":{"self":[{"href":"https:\/\/artisticswimming.ca\/fr\/wp-json\/wp\/v2\/posts\/409","targetHints":{"allow":["GET"]}}],"collection":[{"href":"https:\/\/artisticswimming.ca\/fr\/wp-json\/wp\/v2\/posts"}],"about":[{"href":"https:\/\/artisticswimming.ca\/fr\/wp-json\/wp\/v2\/types\/post"}],"author":[{"embeddable":true,"href":"https:\/\/artisticswimming.ca\/fr\/wp-json\/wp\/v2\/users\/3"}],"replies":[{"embeddable":true,"href":"https:\/\/artisticswimming.ca\/fr\/wp-json\/wp\/v2\/comments?post=409"}],"version-history":[{"count":0,"href":"https:\/\/artisticswimming.ca\/fr\/wp-json\/wp\/v2\/posts\/409\/revisions"}],"wp:attachment":[{"href":"https:\/\/artisticswimming.ca\/fr\/wp-json\/wp\/v2\/media?parent=409"}],"wp:term":[{"taxonomy":"category","embeddable":true,"href":"https:\/\/artisticswimming.ca\/fr\/wp-json\/wp\/v2\/categories?post=409"},{"taxonomy":"post_tag","embeddable":true,"href":"https:\/\/artisticswimming.ca\/fr\/wp-json\/wp\/v2\/tags?post=409"}],"curies":[{"name":"wp","href":"https:\/\/api.w.org\/{rel}","templated":true}]}}