{"id":424,"date":"2015-09-29T07:51:20","date_gmt":"2015-09-29T07:51:20","guid":{"rendered":"http:\/\/synchro.wpengine.com\/?p=424&#038;lang=fr"},"modified":"2017-09-18T15:26:49","modified_gmt":"2017-09-18T15:26:49","slug":"424","status":"publish","type":"post","link":"https:\/\/artisticswimming.ca\/fr\/424\/","title":{"rendered":"Synchro Canada accueille deux nouveaux membres au sein de son Conseil d&rsquo;administration"},"content":{"rendered":"<p><span style=\"font-weight: 400;\"><strong>OTTAWA, 29 septembre 2015<\/strong> &#8211; Le conseil d&rsquo;administration de Synchro Canada accueillera deux nouveaux membres en 2015-2016 alors que <\/span><b>Guy C\u00f4t\u00e9<\/b><span style=\"font-weight: 400;\"> et <\/span><b>Judi Enns Bradette<\/b><span style=\"font-weight: 400;\"> ont \u00e9t\u00e9 \u00e9lus lors de l&rsquo;assembl\u00e9e annuelle de l&rsquo;organisation la semaine derni\u00e8re.<\/span><\/p>\n<p><span style=\"font-weight: 400;\"><strong>C\u00f4t\u00e9<\/strong>, de Mont-Tremblant, QC, est un Agent de renseignements de s\u00e9curit\u00e9 chez Service correctionnel Canada. \u00a0Il \u00e9tait \u00e9galement le pr\u00e9sident de Synchro Qu\u00e9bec depuis 5 ans et est impliqu\u00e9 dans le monde de la nage synchronis\u00e9e en tant qu&rsquo;administrateur et juge depuis 2005.<a href=\"http:\/\/synchro.wpengine.com\/wp-content\/uploads\/2016\/07\/C\u00f4t\u00e9-et-Bradette.png\"><img decoding=\"async\" class=\"alignright size-full wp-image-422\" src=\"http:\/\/synchro.wpengine.com\/wp-content\/uploads\/2016\/07\/C\u00f4t\u00e9-et-Bradette.png\" alt=\"C\u00f4t\u00e9 et Bradette\" width=\"292\" height=\"194\" srcset=\"https:\/\/artisticswimming.ca\/wp-content\/uploads\/2016\/07\/C\u00f4t\u00e9-et-Bradette-200x133.png 200w, https:\/\/artisticswimming.ca\/wp-content\/uploads\/2016\/07\/C\u00f4t\u00e9-et-Bradette.png 292w\" sizes=\"(max-width: 292px) 100vw, 292px\" \/><\/a><\/span><\/p>\n<p><span style=\"font-weight: 400;\">Mme <strong>Enns Bradette<\/strong>, qui vient de Toronto, ON, est associ\u00e9e chez Amrop Knightsbridge o\u00f9 elle est sp\u00e9cialis\u00e9e en recherche de cadres. \u00a0Elle a \u00e9galement un riche historique en nage synchronis\u00e9e, ayant \u00e9t\u00e9 entraineur pendant plusieurs ann\u00e9es, incluant le poste d&rsquo;entraineur-chef \u00e0 Burlington Synchro de 1990 \u00e0 1995.<\/span><\/p>\n<p><span style=\"font-weight: 400;\">Le pr\u00e9sident sortant <\/span><b>Henry Scheil<\/b><span style=\"font-weight: 400;\">, de Calgary, AB, a \u00e9t\u00e9 r\u00e9\u00e9lu pour un mandat de 2 ans.<\/span><\/p>\n<p>Scheil, un comptable agr\u00e9e oeuvrant dans le secteur priv\u00e9, est membre du conseil d\u2019administration de Synchro Canada depuis 2006 et son pr\u00e9sident depuis 2014.<\/p>\n<p>\u00ab Je suis tr\u00e8s fier d&rsquo;avoir \u00e9t\u00e9 r\u00e9\u00e9lu et honor\u00e9 de servir la communaut\u00e9 de la synchro, \u00bb a d\u00e9clar\u00e9 M. Scheil apr\u00e8s son \u00e9lection. \u00a0\u00ab Nous avons la chance d&rsquo;accueillir parmi nous deux individus qui sont non seulement des passionn\u00e9s de la nage synchronis\u00e9e mais qui emm\u00e8nent \u00e9galement avec eux un bagage d&rsquo;exp\u00e9rience qui sera tr\u00e8s b\u00e9n\u00e9fique \u00e0 notre conseil. \u00a0Nous leur souhaitons la bienvenue parmi nous et sommes certains qu&rsquo;ils contribueront \u00e0 faire avancer notre sport alors que nous entrons dans une ann\u00e9e Olympique. \u00bb<\/p>\n<p><span style=\"font-weight: 400;\">\u00ab J&rsquo;aimerais \u00e9galement remercier les membres sortants Janice McLaughlin (ON) et Louise Newburry (AB) pour leur contribution g\u00e9n\u00e9reuse au cours des derni\u00e8res ann\u00e9es. \u00bb<\/span><\/p>\n<p><span style=\"font-weight: 400;\">Le conseil d\u2019administration 2015-2016 de Synchro Canada sera compl\u00e9t\u00e9 par :<\/span><\/p>\n<p><b>Gail Donohue<\/b><span style=\"font-weight: 400;\"> (North Vancouver, C.-B., continue son mandat de deux ans)<\/span><\/p>\n<p><b>Lorna Proudfoot<\/b><span style=\"font-weight: 400;\"> (St-John\u2019s, TN, continue son mandat de deux ans)<\/span><\/p>\n<p><b>Joel Sanders<\/b><span style=\"font-weight: 400;\"> (Gormley, ON, continue son mandat de deux ans)<\/span><\/p>\n<p><b>Shelby Harding<\/b><span style=\"font-weight: 400;\"> (Vancouver, BC, pr\u00e9sidente du Conseil des athl\u00e8tes)<\/span><\/p>\n<p>&nbsp;<\/p>\n<p><b>\u00c0 propos de Synchro Canada<\/b><\/p>\n<p><span style=\"font-weight: 400;\">Synchro Canada est une organisation qui encourage la poursuite de l&rsquo;excellence tout en d\u00e9veloppant des athl\u00e8tes, des citoyens et des ambassadeurs du sport de la nage synchronis\u00e9e \u00e0 tous les niveaux. Depuis ses d\u00e9buts \u00e0 Montr\u00e9al en 1924, la nage synchronis\u00e9e est maintenant pratiqu\u00e9e dans plus de 70 pays. Le Canada se place avec fiert\u00e9 parmi les meilleures de ces nations.<\/span><\/p>\n<p><span style=\"font-weight: 400;\">Synchro Canada d\u00e9sire remercier ses commanditaires et partenaires :<\/span><\/p>\n<p><b>Partenaires de ses programmes : <\/b><span style=\"font-weight: 400;\">Sport Canada, \u00c0 nous le podium, l\u2019Institut national du sport du Qu\u00e9bec<\/span><\/p>\n<p><b>Fournisseur officiel aquatique : <\/b><span style=\"font-weight: 400;\">Speedo Canada<\/span><\/p>\n<p><b>Protection solaire officielle<\/b><span style=\"font-weight: 400;\"> : Shiseido Canada<\/span><\/p>\n<p><b>Maquillage officiel : <\/b><span style=\"font-weight: 400;\">MAKE UP FOREVER<\/span><\/p>\n<p><b>Fournisseurs officiels : <\/b><span style=\"font-weight: 400;\">AdUp, National Car Rental<\/span><\/p>\n<p><b>H\u00f4tel officiel : <\/b><span style=\"font-weight: 400;\">Hilton Worldwide<\/span><\/p>\n<p><span style=\"font-weight: 400;\">Pour plus de renseignements, consultez le site Internet de Synchro Canada au www.synchro.ca ou abonnez-vous aux m\u00e9dias sociaux de Synchro Canada : Twitter, Facebook et YouTube.<\/span><\/p>\n<p style=\"text-align: center;\"><span style=\"font-weight: 400;\">&#8211; 30 &#8211;<\/span><\/p>\n<p><b>Pour information : <\/b><\/p>\n<p><span style=\"font-weight: 400;\">St\u00e9phane C\u00f4t\u00e9<\/span><\/p>\n<p><span style=\"font-weight: 400;\">Synchro Canada<\/span><\/p>\n<p><span style=\"font-weight: 400;\">Coordonnateur des communications<\/span><\/p>\n<p><span style=\"font-weight: 400;\">Courriel : \u00a0<\/span><b>stephane@synchro.ca<\/b><\/p>\n<p><span style=\"font-weight: 400;\">T\u00e9l\u00e9phone : 418 420-2125<\/span><\/p>\n<p><span style=\"font-weight: 400;\">Site Internet : <\/span><b>www.synchro.ca<\/b><span style=\"font-weight: 400;\"> \u00a0\u00a0<\/span><\/p>\n<p><span style=\"font-weight: 400;\">Facebook : <\/span><a href=\"http:\/\/www.facebook.com\/synchrocanada\"><b>www.facebook.com\/synchrocanada<\/b><\/a><span style=\"font-weight: 400;\"> \u00a0<\/span><\/p>\n<p><span style=\"font-weight: 400;\">Twitter : <\/span><a href=\"http:\/\/www.twitter.com\/synchrocanada\"><b>www.twitter.com\/synchrocanada<\/b><\/a><\/p>\n<p><span style=\"font-weight: 400;\">Instagram: <\/span><a href=\"https:\/\/instagram.com\/synchrocanada\/\"><b>instagram.com\/synchrocanada\/ <\/b><\/a><\/p>\n<p><span style=\"font-weight: 400;\">Flickr: <\/span><a href=\"http:\/\/www.flickr.com\/photos\/synchrocanada\"><b>\u00a0www.flickr.com\/photos\/synchrocanada <\/b><\/a><\/p>\n","protected":false},"excerpt":{"rendered":"<p>OTTAWA, 29 septembre 2015 &#8211; Le conseil d&rsquo;administration de Synchro Canada accueillera deux nouveaux membres en 2015-2016 alors que Guy C\u00f4t\u00e9 et Judi Enns Bradette ont \u00e9t\u00e9 \u00e9lus lors de l&rsquo;assembl\u00e9e annuelle de l&rsquo;organisation la semaine derni\u00e8re. C\u00f4t\u00e9, de Mont-Tremblant, QC, <a href=\"https:\/\/artisticswimming.ca\/fr\/424\/\"> [&#8230;]<\/a><\/p>\n","protected":false},"author":3,"featured_media":0,"comment_status":"open","ping_status":"open","sticky":false,"template":"","format":"standard","meta":{"_acf_changed":false,"footnotes":""},"categories":[73,63],"tags":[],"class_list":["post-424","post","type-post","status-publish","format-standard","hentry","category-nouvelles","category-non-classifiee"],"acf":[],"yoast_head":"<!-- This site is optimized with the Yoast SEO plugin v27.2 - https:\/\/yoast.com\/product\/yoast-seo-wordpress\/ -->\n<title>Synchro Canada accueille deux nouveaux membres au sein de son Conseil d&#039;administration - Natation Artistique Canada<\/title>\n<meta name=\"robots\" content=\"index, follow, max-snippet:-1, max-image-preview:large, max-video-preview:-1\" \/>\n<link rel=\"canonical\" href=\"https:\/\/artisticswimming.ca\/fr\/424\/\" \/>\n<meta property=\"og:locale\" content=\"fr_FR\" \/>\n<meta property=\"og:type\" content=\"article\" \/>\n<meta property=\"og:title\" content=\"Synchro Canada accueille deux nouveaux membres au sein de son Conseil d&#039;administration - Natation Artistique Canada\" \/>\n<meta property=\"og:description\" content=\"OTTAWA, 29 septembre 2015 &#8211; Le conseil d&rsquo;administration de Synchro Canada accueillera deux nouveaux membres en 2015-2016 alors que Guy C\u00f4t\u00e9 et Judi Enns Bradette ont \u00e9t\u00e9 \u00e9lus lors de l&rsquo;assembl\u00e9e annuelle de l&rsquo;organisation la semaine derni\u00e8re. C\u00f4t\u00e9, de Mont-Tremblant, QC, [...]\" \/>\n<meta property=\"og:url\" content=\"https:\/\/artisticswimming.ca\/fr\/424\/\" \/>\n<meta property=\"og:site_name\" content=\"Natation Artistique Canada\" \/>\n<meta property=\"article:published_time\" content=\"2015-09-29T07:51:20+00:00\" \/>\n<meta property=\"article:modified_time\" content=\"2017-09-18T15:26:49+00:00\" \/>\n<meta property=\"og:image\" content=\"http:\/\/synchro.wpengine.com\/wp-content\/uploads\/2016\/07\/C\u00f4t\u00e9-et-Bradette.png\" \/>\n<meta name=\"author\" content=\"Myriam Cote\" \/>\n<meta name=\"twitter:card\" content=\"summary_large_image\" \/>\n<meta name=\"twitter:label1\" content=\"\u00c9crit par\" \/>\n\t<meta name=\"twitter:data1\" content=\"Myriam Cote\" \/>\n\t<meta name=\"twitter:label2\" content=\"Dur\u00e9e de lecture estim\u00e9e\" \/>\n\t<meta name=\"twitter:data2\" content=\"3 minutes\" \/>\n<script type=\"application\/ld+json\" class=\"yoast-schema-graph\">{\"@context\":\"https:\/\/schema.org\",\"@graph\":[{\"@type\":\"Article\",\"@id\":\"https:\/\/artisticswimming.ca\/fr\/424\/#article\",\"isPartOf\":{\"@id\":\"https:\/\/artisticswimming.ca\/fr\/424\/\"},\"author\":{\"name\":\"Myriam Cote\",\"@id\":\"https:\/\/artisticswimming.ca\/fr\/#\/schema\/person\/76d6c2c9954d56641f9210cc7427bc76\"},\"headline\":\"Synchro Canada accueille deux nouveaux membres au sein de son Conseil d&rsquo;administration\",\"datePublished\":\"2015-09-29T07:51:20+00:00\",\"dateModified\":\"2017-09-18T15:26:49+00:00\",\"mainEntityOfPage\":{\"@id\":\"https:\/\/artisticswimming.ca\/fr\/424\/\"},\"wordCount\":557,\"commentCount\":0,\"articleSection\":[\"Nouvelles\",\"Non classifi\u00e9(e)\"],\"inLanguage\":\"fr-FR\",\"potentialAction\":[{\"@type\":\"CommentAction\",\"name\":\"Comment\",\"target\":[\"https:\/\/artisticswimming.ca\/fr\/424\/#respond\"]}]},{\"@type\":\"WebPage\",\"@id\":\"https:\/\/artisticswimming.ca\/fr\/424\/\",\"url\":\"https:\/\/artisticswimming.ca\/fr\/424\/\",\"name\":\"Synchro Canada accueille deux nouveaux membres au sein de son Conseil d'administration - Natation Artistique Canada\",\"isPartOf\":{\"@id\":\"https:\/\/artisticswimming.ca\/fr\/#website\"},\"datePublished\":\"2015-09-29T07:51:20+00:00\",\"dateModified\":\"2017-09-18T15:26:49+00:00\",\"author\":{\"@id\":\"https:\/\/artisticswimming.ca\/fr\/#\/schema\/person\/76d6c2c9954d56641f9210cc7427bc76\"},\"breadcrumb\":{\"@id\":\"https:\/\/artisticswimming.ca\/fr\/424\/#breadcrumb\"},\"inLanguage\":\"fr-FR\",\"potentialAction\":[{\"@type\":\"ReadAction\",\"target\":[\"https:\/\/artisticswimming.ca\/fr\/424\/\"]}]},{\"@type\":\"BreadcrumbList\",\"@id\":\"https:\/\/artisticswimming.ca\/fr\/424\/#breadcrumb\",\"itemListElement\":[{\"@type\":\"ListItem\",\"position\":1,\"name\":\"Home\",\"item\":\"https:\/\/artisticswimming.ca\/fr\/\"},{\"@type\":\"ListItem\",\"position\":2,\"name\":\"Synchro Canada accueille deux nouveaux membres au sein de son Conseil d&#8217;administration\"}]},{\"@type\":\"WebSite\",\"@id\":\"https:\/\/artisticswimming.ca\/fr\/#website\",\"url\":\"https:\/\/artisticswimming.ca\/fr\/\",\"name\":\"Natation Artistique Canada\",\"description\":\"\",\"potentialAction\":[{\"@type\":\"SearchAction\",\"target\":{\"@type\":\"EntryPoint\",\"urlTemplate\":\"https:\/\/artisticswimming.ca\/fr\/?s={search_term_string}\"},\"query-input\":{\"@type\":\"PropertyValueSpecification\",\"valueRequired\":true,\"valueName\":\"search_term_string\"}}],\"inLanguage\":\"fr-FR\"},{\"@type\":\"Person\",\"@id\":\"https:\/\/artisticswimming.ca\/fr\/#\/schema\/person\/76d6c2c9954d56641f9210cc7427bc76\",\"name\":\"Myriam Cote\",\"image\":{\"@type\":\"ImageObject\",\"inLanguage\":\"fr-FR\",\"@id\":\"https:\/\/secure.gravatar.com\/avatar\/9636d581f11fe1ce5c868617703e52ebeddf65bc5ba83eda388709ba9ad9da61?s=96&d=mm&r=g\",\"url\":\"https:\/\/secure.gravatar.com\/avatar\/9636d581f11fe1ce5c868617703e52ebeddf65bc5ba83eda388709ba9ad9da61?s=96&d=mm&r=g\",\"contentUrl\":\"https:\/\/secure.gravatar.com\/avatar\/9636d581f11fe1ce5c868617703e52ebeddf65bc5ba83eda388709ba9ad9da61?s=96&d=mm&r=g\",\"caption\":\"Myriam Cote\"},\"url\":\"https:\/\/artisticswimming.ca\/fr\/author\/myriam\/\"}]}<\/script>\n<!-- \/ Yoast SEO plugin. -->","yoast_head_json":{"title":"Synchro Canada accueille deux nouveaux membres au sein de son Conseil d'administration - Natation Artistique Canada","robots":{"index":"index","follow":"follow","max-snippet":"max-snippet:-1","max-image-preview":"max-image-preview:large","max-video-preview":"max-video-preview:-1"},"canonical":"https:\/\/artisticswimming.ca\/fr\/424\/","og_locale":"fr_FR","og_type":"article","og_title":"Synchro Canada accueille deux nouveaux membres au sein de son Conseil d'administration - Natation Artistique Canada","og_description":"OTTAWA, 29 septembre 2015 &#8211; Le conseil d&rsquo;administration de Synchro Canada accueillera deux nouveaux membres en 2015-2016 alors que Guy C\u00f4t\u00e9 et Judi Enns Bradette ont \u00e9t\u00e9 \u00e9lus lors de l&rsquo;assembl\u00e9e annuelle de l&rsquo;organisation la semaine derni\u00e8re. C\u00f4t\u00e9, de Mont-Tremblant, QC, [...]","og_url":"https:\/\/artisticswimming.ca\/fr\/424\/","og_site_name":"Natation Artistique Canada","article_published_time":"2015-09-29T07:51:20+00:00","article_modified_time":"2017-09-18T15:26:49+00:00","og_image":[{"url":"http:\/\/synchro.wpengine.com\/wp-content\/uploads\/2016\/07\/C\u00f4t\u00e9-et-Bradette.png","type":"","width":"","height":""}],"author":"Myriam Cote","twitter_card":"summary_large_image","twitter_misc":{"\u00c9crit par":"Myriam Cote","Dur\u00e9e de lecture estim\u00e9e":"3 minutes"},"schema":{"@context":"https:\/\/schema.org","@graph":[{"@type":"Article","@id":"https:\/\/artisticswimming.ca\/fr\/424\/#article","isPartOf":{"@id":"https:\/\/artisticswimming.ca\/fr\/424\/"},"author":{"name":"Myriam Cote","@id":"https:\/\/artisticswimming.ca\/fr\/#\/schema\/person\/76d6c2c9954d56641f9210cc7427bc76"},"headline":"Synchro Canada accueille deux nouveaux membres au sein de son Conseil d&rsquo;administration","datePublished":"2015-09-29T07:51:20+00:00","dateModified":"2017-09-18T15:26:49+00:00","mainEntityOfPage":{"@id":"https:\/\/artisticswimming.ca\/fr\/424\/"},"wordCount":557,"commentCount":0,"articleSection":["Nouvelles","Non classifi\u00e9(e)"],"inLanguage":"fr-FR","potentialAction":[{"@type":"CommentAction","name":"Comment","target":["https:\/\/artisticswimming.ca\/fr\/424\/#respond"]}]},{"@type":"WebPage","@id":"https:\/\/artisticswimming.ca\/fr\/424\/","url":"https:\/\/artisticswimming.ca\/fr\/424\/","name":"Synchro Canada accueille deux nouveaux membres au sein de son Conseil d'administration - Natation Artistique Canada","isPartOf":{"@id":"https:\/\/artisticswimming.ca\/fr\/#website"},"datePublished":"2015-09-29T07:51:20+00:00","dateModified":"2017-09-18T15:26:49+00:00","author":{"@id":"https:\/\/artisticswimming.ca\/fr\/#\/schema\/person\/76d6c2c9954d56641f9210cc7427bc76"},"breadcrumb":{"@id":"https:\/\/artisticswimming.ca\/fr\/424\/#breadcrumb"},"inLanguage":"fr-FR","potentialAction":[{"@type":"ReadAction","target":["https:\/\/artisticswimming.ca\/fr\/424\/"]}]},{"@type":"BreadcrumbList","@id":"https:\/\/artisticswimming.ca\/fr\/424\/#breadcrumb","itemListElement":[{"@type":"ListItem","position":1,"name":"Home","item":"https:\/\/artisticswimming.ca\/fr\/"},{"@type":"ListItem","position":2,"name":"Synchro Canada accueille deux nouveaux membres au sein de son Conseil d&#8217;administration"}]},{"@type":"WebSite","@id":"https:\/\/artisticswimming.ca\/fr\/#website","url":"https:\/\/artisticswimming.ca\/fr\/","name":"Natation Artistique Canada","description":"","potentialAction":[{"@type":"SearchAction","target":{"@type":"EntryPoint","urlTemplate":"https:\/\/artisticswimming.ca\/fr\/?s={search_term_string}"},"query-input":{"@type":"PropertyValueSpecification","valueRequired":true,"valueName":"search_term_string"}}],"inLanguage":"fr-FR"},{"@type":"Person","@id":"https:\/\/artisticswimming.ca\/fr\/#\/schema\/person\/76d6c2c9954d56641f9210cc7427bc76","name":"Myriam Cote","image":{"@type":"ImageObject","inLanguage":"fr-FR","@id":"https:\/\/secure.gravatar.com\/avatar\/9636d581f11fe1ce5c868617703e52ebeddf65bc5ba83eda388709ba9ad9da61?s=96&d=mm&r=g","url":"https:\/\/secure.gravatar.com\/avatar\/9636d581f11fe1ce5c868617703e52ebeddf65bc5ba83eda388709ba9ad9da61?s=96&d=mm&r=g","contentUrl":"https:\/\/secure.gravatar.com\/avatar\/9636d581f11fe1ce5c868617703e52ebeddf65bc5ba83eda388709ba9ad9da61?s=96&d=mm&r=g","caption":"Myriam Cote"},"url":"https:\/\/artisticswimming.ca\/fr\/author\/myriam\/"}]}},"_links":{"self":[{"href":"https:\/\/artisticswimming.ca\/fr\/wp-json\/wp\/v2\/posts\/424","targetHints":{"allow":["GET"]}}],"collection":[{"href":"https:\/\/artisticswimming.ca\/fr\/wp-json\/wp\/v2\/posts"}],"about":[{"href":"https:\/\/artisticswimming.ca\/fr\/wp-json\/wp\/v2\/types\/post"}],"author":[{"embeddable":true,"href":"https:\/\/artisticswimming.ca\/fr\/wp-json\/wp\/v2\/users\/3"}],"replies":[{"embeddable":true,"href":"https:\/\/artisticswimming.ca\/fr\/wp-json\/wp\/v2\/comments?post=424"}],"version-history":[{"count":0,"href":"https:\/\/artisticswimming.ca\/fr\/wp-json\/wp\/v2\/posts\/424\/revisions"}],"wp:attachment":[{"href":"https:\/\/artisticswimming.ca\/fr\/wp-json\/wp\/v2\/media?parent=424"}],"wp:term":[{"taxonomy":"category","embeddable":true,"href":"https:\/\/artisticswimming.ca\/fr\/wp-json\/wp\/v2\/categories?post=424"},{"taxonomy":"post_tag","embeddable":true,"href":"https:\/\/artisticswimming.ca\/fr\/wp-json\/wp\/v2\/tags?post=424"}],"curies":[{"name":"wp","href":"https:\/\/api.w.org\/{rel}","templated":true}]}}