{"id":429,"date":"2015-07-17T08:03:33","date_gmt":"2015-07-17T08:03:33","guid":{"rendered":"http:\/\/synchro.wpengine.com\/?p=429&#038;lang=fr"},"modified":"2017-09-18T15:26:49","modified_gmt":"2017-09-18T15:26:49","slug":"429","status":"publish","type":"post","link":"https:\/\/artisticswimming.ca\/fr\/429\/","title":{"rendered":"St\u00e9phanie Leclair et Robert Pr\u00e9vost s\u00e9lectionn\u00e9s pour le duo mixte des Championnats du monde de la FINA 2015"},"content":{"rendered":"<p><span style=\"font-weight: 400;\"><strong>Ottawa, 16 juillet 2015<\/strong> \u2014 Synchro Canada est fi\u00e8re d&rsquo;annoncer que l&rsquo;olympienne de 2012 <\/span><b>St\u00e9phanie Leclair<\/b><span style=\"font-weight: 400;\"> de Gatineau (QC), se joindra au nageur synchronis\u00e9 <\/span><b>Robert Pr\u00e9vost<\/b><span style=\"font-weight: 400;\"> de Montr\u00e9al (QC) pour repr\u00e9senter le Canada \u00e0 la toute premi\u00e8re \u00e9preuve de duo mixte aux Championnats du monde de la FINA qui auront lieu \u00e0 Kazan, en Russie, du 28 au 30 juillet prochain.<\/span><\/p>\n<p><span style=\"font-weight: 400;\">Les deux athl\u00e8tes ont mis terme \u00e0 leur retraite sportive pour former la paire qui prendra part \u00e0 l&rsquo;\u00e9preuve de duo mixte libre lors des Championnats du monde.<a href=\"http:\/\/synchro.wpengine.com\/wp-content\/uploads\/2016\/07\/Leclair-Prevost.png\"><img decoding=\"async\" class=\"alignright size-full wp-image-427\" src=\"http:\/\/synchro.wpengine.com\/wp-content\/uploads\/2016\/07\/Leclair-Prevost.png\" alt=\"Leclair &amp; Prevost\" width=\"422\" height=\"291\" srcset=\"https:\/\/artisticswimming.ca\/wp-content\/uploads\/2016\/07\/Leclair-Prevost-200x138.png 200w, https:\/\/artisticswimming.ca\/wp-content\/uploads\/2016\/07\/Leclair-Prevost-300x207.png 300w, https:\/\/artisticswimming.ca\/wp-content\/uploads\/2016\/07\/Leclair-Prevost-400x276.png 400w, https:\/\/artisticswimming.ca\/wp-content\/uploads\/2016\/07\/Leclair-Prevost.png 422w\" sizes=\"(max-width: 422px) 100vw, 422px\" \/><\/a><\/span><\/p>\n<p><span style=\"font-weight: 400;\">\u00ab\u00a0Nous sommes \u00e9videmment tr\u00e8s fiers de former le premier duo mixte de notre pays \u00bb, a d\u00e9clar\u00e9 Leclair. \u00a0\u00ab\u00a0Nous avons tr\u00e8s h\u00e2te d&rsquo;arriver en Russie et de montrer au monde de quoi nous sommes capables! \u00bb<\/span><\/p>\n<p>\u00ab\u00a0C&rsquo;est vraiment un r\u00eave qui se r\u00e9alise pour moi \u00bb, d&rsquo;ajouter Pr\u00e9vost. \u00a0\u00ab\u00a0\u00c7a fait tellement d&rsquo;ann\u00e9es que j&rsquo;\u00e9volue dans le monde de la nage synchronis\u00e9e en tant qu&rsquo;athl\u00e8te et entra\u00eeneur, mais je n&rsquo;ai jamais eu l&rsquo;occasion de repr\u00e9senter mon pays dans une comp\u00e9tition internationale. \u00a0J&rsquo;ai h\u00e2te de partager ces moments avec St\u00e9phanie qui est une partenaire incroyable! \u00bb<\/p>\n<p><span style=\"font-weight: 400;\">La paire, qui \u00e0 \u00e9t\u00e9 choisie suite \u00e0 des essais de s\u00e9lection tenus au d\u00e9but du mois de juin, est entra\u00een\u00e9e par <\/span><b>Lyne Pich\u00e9<\/b><span style=\"font-weight: 400;\">, du Centre d&rsquo;Excellence de Synchro Canada, assist\u00e9e d&rsquo;une autre olympienne de 2012, <\/span><b>Val\u00e9rie Welsh<\/b><span style=\"font-weight: 400;\">, qui les accompagnera en Russie.<\/span><\/p>\n<p><b>Nouvelle \u00e9preuve<\/b><\/p>\n<p><span style=\"font-weight: 400;\">Les Championnats du monde marqueront la premi\u00e8re fois o\u00f9 une \u00e9preuve de duo mixte sera pr\u00e9sent\u00e9e dans le cadre d&rsquo;une comp\u00e9tition sanctionn\u00e9e par la FINA.<\/span><\/p>\n<p><b>\u00c0 propos de St\u00e9phanie Leclair<\/b><\/p>\n<p><span style=\"font-weight: 400;\">St\u00e9phanie Leclair a remport\u00e9 sa premi\u00e8re m\u00e9daille lors de sa deuxi\u00e8me comp\u00e9tition en carri\u00e8re \u00e0 l\u2019\u00e2ge de cinq ans. \u00c0 l&rsquo;\u00e2ge de 15 ans, elle est d\u00e9m\u00e9nag\u00e9e \u00e0 Montr\u00e9al afin de poursuivre son d\u00e9veloppement au sein d\u2019un nouveau club de nage synchronis\u00e9e. Trois ans plus tard, en 2008, elle a \u00e9t\u00e9 s\u00e9lectionn\u00e9e au sein de l\u2019\u00e9quipe nationale junior et elle a remport\u00e9 la m\u00e9daille de bronze en duo lors des Championnats mondiaux juniors de la FINA. Elle a \u00e9t\u00e9 s\u00e9lectionn\u00e9e au sein de l&rsquo;\u00e9quipe nationale senior en 2009.<\/span><\/p>\n<p><span style=\"font-weight: 400;\">En 2012 \u00e0 Londres, St\u00e9phanie faisait partie de l&rsquo;\u00e9quipe olympique qui a termin\u00e9 4e. Elle a aussi repr\u00e9sent\u00e9 le Canada aux Championnats mondiaux aquatiques de la FINA de 2009, 2011 et 2013 o\u00f9 elle a remport\u00e9 2 m\u00e9dailles de bronze dans les \u00e9preuves de combinaison libre, \u00e0 la Coupe du monde de la FINA 2010 o\u00f9 elle a remport\u00e9 deux m\u00e9dailles de bronze en \u00e9quipe et en combo, en plus d&rsquo;\u00eatre membre de l&rsquo;\u00e9quipe canadienne championne du Troph\u00e9e mondiale de la FINA 2009.<\/span><\/p>\n<p><b>\u00c0 propos de Robert Pr\u00e9vost<\/b><\/p>\n<p><span style=\"font-weight: 400;\">Robert Pr\u00e9vost a d\u00e9but\u00e9 la nage synchronis\u00e9e \u00e0 l&rsquo;\u00e2ge de 12 ans et est imm\u00e9diatement tomb\u00e9 en amour avec le sport. \u00a0Apr\u00e8s plusieurs ann\u00e9es de comp\u00e9tition, il a poursuivi sa passion en devenant entra\u00eeneur au Club CAEM, o\u00f9 il est toujours apr\u00e8s plus de 15 ans. \u00a0Il a \u00e9t\u00e9 directeur artistique pour plusieurs spectacles aquatiques et a particip\u00e9 comme nageur avec le Cirque de Soleil aux c\u00e9r\u00e9monies d&rsquo;ouverture des Championnats du monde de la FINA 2005.<\/span><\/p>\n<p>&nbsp;<\/p>\n<p><b>\u00c0 propos de Synchro Canada<\/b><\/p>\n<p><span style=\"font-weight: 400;\">Synchro Canada est une organisation qui encourage la poursuite de l&rsquo;excellence tout en d\u00e9veloppant des athl\u00e8tes, des citoyens et des ambassadeurs du sport de la nage synchronis\u00e9e \u00e0 tous les niveaux. Depuis ses d\u00e9buts \u00e0 Montr\u00e9al en 1924, la nage synchronis\u00e9e est maintenant pratiqu\u00e9e dans plus de 70 pays. Le Canada se place avec fiert\u00e9 parmi les meilleures de ces nations.<\/span><\/p>\n<p><span style=\"font-weight: 400;\">Synchro Canada d\u00e9sire remercier ses commanditaires et partenaires :<\/span><\/p>\n<p><b>Partenaires de ses programmes : <\/b><span style=\"font-weight: 400;\">Sport Canada, \u00c0 nous le podium, l\u2019Institut national du sport du Qu\u00e9bec<\/span><\/p>\n<p><b>Fournisseur officiel aquatique : <\/b><span style=\"font-weight: 400;\">Speedo Canada<\/span><\/p>\n<p><b>Protection solaire officielle<\/b><span style=\"font-weight: 400;\"> : Shiseido Canada<\/span><\/p>\n<p><b>Maquillage officiel : <\/b><span style=\"font-weight: 400;\">MAKE UP FOREVER<\/span><\/p>\n<p><b>Fournisseurs officiels : <\/b><span style=\"font-weight: 400;\">AdUp, National Car Rental<\/span><\/p>\n<p><b>H\u00f4tel officiel : <\/b><span style=\"font-weight: 400;\">Hilton Worldwide<\/span><\/p>\n<p><span style=\"font-weight: 400;\">Pour plus de renseignements, consultez le site Internet de Synchro Canada au www.synchro.ca ou abonnez-vous aux m\u00e9dias sociaux de Synchro Canada : Twitter, Facebook et YouTube.<\/span><\/p>\n<p style=\"text-align: center;\"><span style=\"font-weight: 400;\">&#8211; 30 &#8211;<\/span><\/p>\n<p><b>Pour information : <\/b><\/p>\n<p><span style=\"font-weight: 400;\">St\u00e9phane C\u00f4t\u00e9<\/span><\/p>\n<p><span style=\"font-weight: 400;\">Synchro Canada<\/span><\/p>\n<p><span style=\"font-weight: 400;\">Coordonnateur des communications<\/span><\/p>\n<p><span style=\"font-weight: 400;\">Courriel : \u00a0<\/span><b>stephane@synchro.ca<\/b><\/p>\n<p><span style=\"font-weight: 400;\">T\u00e9l\u00e9phone : 418 420-2125<\/span><\/p>\n<p><span style=\"font-weight: 400;\">Site Internet : <\/span><b>www.synchro.ca<\/b><span style=\"font-weight: 400;\"> \u00a0\u00a0<\/span><\/p>\n<p><span style=\"font-weight: 400;\">Facebook : <\/span><a href=\"http:\/\/www.facebook.com\/synchrocanada\"><b>www.facebook.com\/synchrocanada<\/b><\/a><span style=\"font-weight: 400;\"> \u00a0<\/span><\/p>\n<p><span style=\"font-weight: 400;\">Twitter : <\/span><a href=\"http:\/\/www.twitter.com\/synchrocanada\"><b>www.twitter.com\/synchrocanada<\/b><\/a><\/p>\n<p><span style=\"font-weight: 400;\">Instagram: <\/span><a href=\"https:\/\/instagram.com\/synchrocanada\/\"><b>instagram.com\/synchrocanada\/ <\/b><\/a><\/p>\n<p><span style=\"font-weight: 400;\">Flickr: <\/span><a href=\"http:\/\/www.flickr.com\/photos\/synchrocanada\"><b>\u00a0www.flickr.com\/photos\/synchrocanada<\/b><\/a><\/p>\n","protected":false},"excerpt":{"rendered":"<p>Ottawa, 16 juillet 2015 \u2014 Synchro Canada est fi\u00e8re d&rsquo;annoncer que l&rsquo;olympienne de 2012 St\u00e9phanie Leclair de Gatineau (QC), se joindra au nageur synchronis\u00e9 Robert Pr\u00e9vost de Montr\u00e9al (QC) pour repr\u00e9senter le Canada \u00e0 la toute premi\u00e8re \u00e9preuve de duo mixte <a href=\"https:\/\/artisticswimming.ca\/fr\/429\/\"> [&#8230;]<\/a><\/p>\n","protected":false},"author":3,"featured_media":0,"comment_status":"open","ping_status":"open","sticky":false,"template":"","format":"standard","meta":{"_acf_changed":false,"footnotes":""},"categories":[79,73,63],"tags":[],"class_list":["post-429","post","type-post","status-publish","format-standard","hentry","category-equipe-nationale-senior","category-nouvelles","category-non-classifiee"],"acf":[],"yoast_head":"<!-- This site is optimized with the Yoast SEO plugin v27.2 - https:\/\/yoast.com\/product\/yoast-seo-wordpress\/ -->\n<title>St\u00e9phanie Leclair et Robert Pr\u00e9vost s\u00e9lectionn\u00e9s pour le duo mixte des Championnats du monde de la FINA 2015 - Natation Artistique Canada<\/title>\n<meta name=\"robots\" content=\"index, follow, max-snippet:-1, max-image-preview:large, max-video-preview:-1\" \/>\n<link rel=\"canonical\" href=\"https:\/\/artisticswimming.ca\/fr\/429\/\" \/>\n<meta property=\"og:locale\" content=\"fr_FR\" \/>\n<meta property=\"og:type\" content=\"article\" \/>\n<meta property=\"og:title\" content=\"St\u00e9phanie Leclair et Robert Pr\u00e9vost s\u00e9lectionn\u00e9s pour le duo mixte des Championnats du monde de la FINA 2015 - Natation Artistique Canada\" \/>\n<meta property=\"og:description\" content=\"Ottawa, 16 juillet 2015 \u2014 Synchro Canada est fi\u00e8re d&rsquo;annoncer que l&rsquo;olympienne de 2012 St\u00e9phanie Leclair de Gatineau (QC), se joindra au nageur synchronis\u00e9 Robert Pr\u00e9vost de Montr\u00e9al (QC) pour repr\u00e9senter le Canada \u00e0 la toute premi\u00e8re \u00e9preuve de duo mixte [...]\" \/>\n<meta property=\"og:url\" content=\"https:\/\/artisticswimming.ca\/fr\/429\/\" \/>\n<meta property=\"og:site_name\" content=\"Natation Artistique Canada\" \/>\n<meta property=\"article:published_time\" content=\"2015-07-17T08:03:33+00:00\" \/>\n<meta property=\"article:modified_time\" content=\"2017-09-18T15:26:49+00:00\" \/>\n<meta property=\"og:image\" content=\"http:\/\/synchro.wpengine.com\/wp-content\/uploads\/2016\/07\/Leclair-Prevost.png\" \/>\n<meta name=\"author\" content=\"Myriam Cote\" \/>\n<meta name=\"twitter:card\" content=\"summary_large_image\" \/>\n<meta name=\"twitter:label1\" content=\"\u00c9crit par\" \/>\n\t<meta name=\"twitter:data1\" content=\"Myriam Cote\" \/>\n\t<meta name=\"twitter:label2\" content=\"Dur\u00e9e de lecture estim\u00e9e\" \/>\n\t<meta name=\"twitter:data2\" content=\"4 minutes\" \/>\n<script type=\"application\/ld+json\" class=\"yoast-schema-graph\">{\"@context\":\"https:\/\/schema.org\",\"@graph\":[{\"@type\":\"Article\",\"@id\":\"https:\/\/artisticswimming.ca\/fr\/429\/#article\",\"isPartOf\":{\"@id\":\"https:\/\/artisticswimming.ca\/fr\/429\/\"},\"author\":{\"name\":\"Myriam Cote\",\"@id\":\"https:\/\/artisticswimming.ca\/fr\/#\/schema\/person\/76d6c2c9954d56641f9210cc7427bc76\"},\"headline\":\"St\u00e9phanie Leclair et Robert Pr\u00e9vost s\u00e9lectionn\u00e9s pour le duo mixte des Championnats du monde de la FINA 2015\",\"datePublished\":\"2015-07-17T08:03:33+00:00\",\"dateModified\":\"2017-09-18T15:26:49+00:00\",\"mainEntityOfPage\":{\"@id\":\"https:\/\/artisticswimming.ca\/fr\/429\/\"},\"wordCount\":767,\"commentCount\":0,\"image\":{\"@id\":\"https:\/\/artisticswimming.ca\/fr\/429\/#primaryimage\"},\"thumbnailUrl\":\"http:\/\/synchro.wpengine.com\/wp-content\/uploads\/2016\/07\/Leclair-Prevost.png\",\"articleSection\":[\"\u00c9quipe nationale senior\",\"Nouvelles\",\"Non classifi\u00e9(e)\"],\"inLanguage\":\"fr-FR\",\"potentialAction\":[{\"@type\":\"CommentAction\",\"name\":\"Comment\",\"target\":[\"https:\/\/artisticswimming.ca\/fr\/429\/#respond\"]}]},{\"@type\":\"WebPage\",\"@id\":\"https:\/\/artisticswimming.ca\/fr\/429\/\",\"url\":\"https:\/\/artisticswimming.ca\/fr\/429\/\",\"name\":\"St\u00e9phanie Leclair et Robert Pr\u00e9vost s\u00e9lectionn\u00e9s pour le duo mixte des Championnats du monde de la FINA 2015 - Natation Artistique Canada\",\"isPartOf\":{\"@id\":\"https:\/\/artisticswimming.ca\/fr\/#website\"},\"primaryImageOfPage\":{\"@id\":\"https:\/\/artisticswimming.ca\/fr\/429\/#primaryimage\"},\"image\":{\"@id\":\"https:\/\/artisticswimming.ca\/fr\/429\/#primaryimage\"},\"thumbnailUrl\":\"http:\/\/synchro.wpengine.com\/wp-content\/uploads\/2016\/07\/Leclair-Prevost.png\",\"datePublished\":\"2015-07-17T08:03:33+00:00\",\"dateModified\":\"2017-09-18T15:26:49+00:00\",\"author\":{\"@id\":\"https:\/\/artisticswimming.ca\/fr\/#\/schema\/person\/76d6c2c9954d56641f9210cc7427bc76\"},\"breadcrumb\":{\"@id\":\"https:\/\/artisticswimming.ca\/fr\/429\/#breadcrumb\"},\"inLanguage\":\"fr-FR\",\"potentialAction\":[{\"@type\":\"ReadAction\",\"target\":[\"https:\/\/artisticswimming.ca\/fr\/429\/\"]}]},{\"@type\":\"ImageObject\",\"inLanguage\":\"fr-FR\",\"@id\":\"https:\/\/artisticswimming.ca\/fr\/429\/#primaryimage\",\"url\":\"http:\/\/synchro.wpengine.com\/wp-content\/uploads\/2016\/07\/Leclair-Prevost.png\",\"contentUrl\":\"http:\/\/synchro.wpengine.com\/wp-content\/uploads\/2016\/07\/Leclair-Prevost.png\"},{\"@type\":\"BreadcrumbList\",\"@id\":\"https:\/\/artisticswimming.ca\/fr\/429\/#breadcrumb\",\"itemListElement\":[{\"@type\":\"ListItem\",\"position\":1,\"name\":\"Home\",\"item\":\"https:\/\/artisticswimming.ca\/fr\/\"},{\"@type\":\"ListItem\",\"position\":2,\"name\":\"St\u00e9phanie Leclair et Robert Pr\u00e9vost s\u00e9lectionn\u00e9s pour le duo mixte des Championnats du monde de la FINA 2015\"}]},{\"@type\":\"WebSite\",\"@id\":\"https:\/\/artisticswimming.ca\/fr\/#website\",\"url\":\"https:\/\/artisticswimming.ca\/fr\/\",\"name\":\"Natation Artistique Canada\",\"description\":\"\",\"potentialAction\":[{\"@type\":\"SearchAction\",\"target\":{\"@type\":\"EntryPoint\",\"urlTemplate\":\"https:\/\/artisticswimming.ca\/fr\/?s={search_term_string}\"},\"query-input\":{\"@type\":\"PropertyValueSpecification\",\"valueRequired\":true,\"valueName\":\"search_term_string\"}}],\"inLanguage\":\"fr-FR\"},{\"@type\":\"Person\",\"@id\":\"https:\/\/artisticswimming.ca\/fr\/#\/schema\/person\/76d6c2c9954d56641f9210cc7427bc76\",\"name\":\"Myriam Cote\",\"image\":{\"@type\":\"ImageObject\",\"inLanguage\":\"fr-FR\",\"@id\":\"https:\/\/secure.gravatar.com\/avatar\/9636d581f11fe1ce5c868617703e52ebeddf65bc5ba83eda388709ba9ad9da61?s=96&d=mm&r=g\",\"url\":\"https:\/\/secure.gravatar.com\/avatar\/9636d581f11fe1ce5c868617703e52ebeddf65bc5ba83eda388709ba9ad9da61?s=96&d=mm&r=g\",\"contentUrl\":\"https:\/\/secure.gravatar.com\/avatar\/9636d581f11fe1ce5c868617703e52ebeddf65bc5ba83eda388709ba9ad9da61?s=96&d=mm&r=g\",\"caption\":\"Myriam Cote\"},\"url\":\"https:\/\/artisticswimming.ca\/fr\/author\/myriam\/\"}]}<\/script>\n<!-- \/ Yoast SEO plugin. -->","yoast_head_json":{"title":"St\u00e9phanie Leclair et Robert Pr\u00e9vost s\u00e9lectionn\u00e9s pour le duo mixte des Championnats du monde de la FINA 2015 - Natation Artistique Canada","robots":{"index":"index","follow":"follow","max-snippet":"max-snippet:-1","max-image-preview":"max-image-preview:large","max-video-preview":"max-video-preview:-1"},"canonical":"https:\/\/artisticswimming.ca\/fr\/429\/","og_locale":"fr_FR","og_type":"article","og_title":"St\u00e9phanie Leclair et Robert Pr\u00e9vost s\u00e9lectionn\u00e9s pour le duo mixte des Championnats du monde de la FINA 2015 - Natation Artistique Canada","og_description":"Ottawa, 16 juillet 2015 \u2014 Synchro Canada est fi\u00e8re d&rsquo;annoncer que l&rsquo;olympienne de 2012 St\u00e9phanie Leclair de Gatineau (QC), se joindra au nageur synchronis\u00e9 Robert Pr\u00e9vost de Montr\u00e9al (QC) pour repr\u00e9senter le Canada \u00e0 la toute premi\u00e8re \u00e9preuve de duo mixte [...]","og_url":"https:\/\/artisticswimming.ca\/fr\/429\/","og_site_name":"Natation Artistique Canada","article_published_time":"2015-07-17T08:03:33+00:00","article_modified_time":"2017-09-18T15:26:49+00:00","og_image":[{"url":"http:\/\/synchro.wpengine.com\/wp-content\/uploads\/2016\/07\/Leclair-Prevost.png","type":"","width":"","height":""}],"author":"Myriam Cote","twitter_card":"summary_large_image","twitter_misc":{"\u00c9crit par":"Myriam Cote","Dur\u00e9e de lecture estim\u00e9e":"4 minutes"},"schema":{"@context":"https:\/\/schema.org","@graph":[{"@type":"Article","@id":"https:\/\/artisticswimming.ca\/fr\/429\/#article","isPartOf":{"@id":"https:\/\/artisticswimming.ca\/fr\/429\/"},"author":{"name":"Myriam Cote","@id":"https:\/\/artisticswimming.ca\/fr\/#\/schema\/person\/76d6c2c9954d56641f9210cc7427bc76"},"headline":"St\u00e9phanie Leclair et Robert Pr\u00e9vost s\u00e9lectionn\u00e9s pour le duo mixte des Championnats du monde de la FINA 2015","datePublished":"2015-07-17T08:03:33+00:00","dateModified":"2017-09-18T15:26:49+00:00","mainEntityOfPage":{"@id":"https:\/\/artisticswimming.ca\/fr\/429\/"},"wordCount":767,"commentCount":0,"image":{"@id":"https:\/\/artisticswimming.ca\/fr\/429\/#primaryimage"},"thumbnailUrl":"http:\/\/synchro.wpengine.com\/wp-content\/uploads\/2016\/07\/Leclair-Prevost.png","articleSection":["\u00c9quipe nationale senior","Nouvelles","Non classifi\u00e9(e)"],"inLanguage":"fr-FR","potentialAction":[{"@type":"CommentAction","name":"Comment","target":["https:\/\/artisticswimming.ca\/fr\/429\/#respond"]}]},{"@type":"WebPage","@id":"https:\/\/artisticswimming.ca\/fr\/429\/","url":"https:\/\/artisticswimming.ca\/fr\/429\/","name":"St\u00e9phanie Leclair et Robert Pr\u00e9vost s\u00e9lectionn\u00e9s pour le duo mixte des Championnats du monde de la FINA 2015 - Natation Artistique Canada","isPartOf":{"@id":"https:\/\/artisticswimming.ca\/fr\/#website"},"primaryImageOfPage":{"@id":"https:\/\/artisticswimming.ca\/fr\/429\/#primaryimage"},"image":{"@id":"https:\/\/artisticswimming.ca\/fr\/429\/#primaryimage"},"thumbnailUrl":"http:\/\/synchro.wpengine.com\/wp-content\/uploads\/2016\/07\/Leclair-Prevost.png","datePublished":"2015-07-17T08:03:33+00:00","dateModified":"2017-09-18T15:26:49+00:00","author":{"@id":"https:\/\/artisticswimming.ca\/fr\/#\/schema\/person\/76d6c2c9954d56641f9210cc7427bc76"},"breadcrumb":{"@id":"https:\/\/artisticswimming.ca\/fr\/429\/#breadcrumb"},"inLanguage":"fr-FR","potentialAction":[{"@type":"ReadAction","target":["https:\/\/artisticswimming.ca\/fr\/429\/"]}]},{"@type":"ImageObject","inLanguage":"fr-FR","@id":"https:\/\/artisticswimming.ca\/fr\/429\/#primaryimage","url":"http:\/\/synchro.wpengine.com\/wp-content\/uploads\/2016\/07\/Leclair-Prevost.png","contentUrl":"http:\/\/synchro.wpengine.com\/wp-content\/uploads\/2016\/07\/Leclair-Prevost.png"},{"@type":"BreadcrumbList","@id":"https:\/\/artisticswimming.ca\/fr\/429\/#breadcrumb","itemListElement":[{"@type":"ListItem","position":1,"name":"Home","item":"https:\/\/artisticswimming.ca\/fr\/"},{"@type":"ListItem","position":2,"name":"St\u00e9phanie Leclair et Robert Pr\u00e9vost s\u00e9lectionn\u00e9s pour le duo mixte des Championnats du monde de la FINA 2015"}]},{"@type":"WebSite","@id":"https:\/\/artisticswimming.ca\/fr\/#website","url":"https:\/\/artisticswimming.ca\/fr\/","name":"Natation Artistique Canada","description":"","potentialAction":[{"@type":"SearchAction","target":{"@type":"EntryPoint","urlTemplate":"https:\/\/artisticswimming.ca\/fr\/?s={search_term_string}"},"query-input":{"@type":"PropertyValueSpecification","valueRequired":true,"valueName":"search_term_string"}}],"inLanguage":"fr-FR"},{"@type":"Person","@id":"https:\/\/artisticswimming.ca\/fr\/#\/schema\/person\/76d6c2c9954d56641f9210cc7427bc76","name":"Myriam Cote","image":{"@type":"ImageObject","inLanguage":"fr-FR","@id":"https:\/\/secure.gravatar.com\/avatar\/9636d581f11fe1ce5c868617703e52ebeddf65bc5ba83eda388709ba9ad9da61?s=96&d=mm&r=g","url":"https:\/\/secure.gravatar.com\/avatar\/9636d581f11fe1ce5c868617703e52ebeddf65bc5ba83eda388709ba9ad9da61?s=96&d=mm&r=g","contentUrl":"https:\/\/secure.gravatar.com\/avatar\/9636d581f11fe1ce5c868617703e52ebeddf65bc5ba83eda388709ba9ad9da61?s=96&d=mm&r=g","caption":"Myriam Cote"},"url":"https:\/\/artisticswimming.ca\/fr\/author\/myriam\/"}]}},"_links":{"self":[{"href":"https:\/\/artisticswimming.ca\/fr\/wp-json\/wp\/v2\/posts\/429","targetHints":{"allow":["GET"]}}],"collection":[{"href":"https:\/\/artisticswimming.ca\/fr\/wp-json\/wp\/v2\/posts"}],"about":[{"href":"https:\/\/artisticswimming.ca\/fr\/wp-json\/wp\/v2\/types\/post"}],"author":[{"embeddable":true,"href":"https:\/\/artisticswimming.ca\/fr\/wp-json\/wp\/v2\/users\/3"}],"replies":[{"embeddable":true,"href":"https:\/\/artisticswimming.ca\/fr\/wp-json\/wp\/v2\/comments?post=429"}],"version-history":[{"count":0,"href":"https:\/\/artisticswimming.ca\/fr\/wp-json\/wp\/v2\/posts\/429\/revisions"}],"wp:attachment":[{"href":"https:\/\/artisticswimming.ca\/fr\/wp-json\/wp\/v2\/media?parent=429"}],"wp:term":[{"taxonomy":"category","embeddable":true,"href":"https:\/\/artisticswimming.ca\/fr\/wp-json\/wp\/v2\/categories?post=429"},{"taxonomy":"post_tag","embeddable":true,"href":"https:\/\/artisticswimming.ca\/fr\/wp-json\/wp\/v2\/tags?post=429"}],"curies":[{"name":"wp","href":"https:\/\/api.w.org\/{rel}","templated":true}]}}