{"id":4419,"date":"2017-11-24T16:21:01","date_gmt":"2017-11-24T16:21:01","guid":{"rendered":"http:\/\/artisticswim.wpengine.com\/2017-18-synchro-canada-fall-development-and-evaluation-camp-underway-in-montreal\/"},"modified":"2017-11-24T16:23:35","modified_gmt":"2017-11-24T16:23:35","slug":"2017-18-synchro-canada-fall-development-and-evaluation-camp-underway-in-montreal","status":"publish","type":"post","link":"https:\/\/artisticswimming.ca\/fr\/2017-18-synchro-canada-fall-development-and-evaluation-camp-underway-in-montreal\/","title":{"rendered":"Le camp de d\u00e9veloppement et d\u2019\u00e9valuation automnal de Synchro Canada 2017-2018 est en cours"},"content":{"rendered":"<p>Cinquante-cinq nageuses, dont 18\u00a0athl\u00e8tes s\u00e9niors et 37 athl\u00e8tes juniors, participent actuellement au camp de d\u00e9veloppement et d\u2019\u00e9valuation automnal de Synchro Canada\u00a02017-2018 \u00e0\u00a0<strong>l\u2019Institut National du Sport du Qu\u00e9bec<\/strong>\u00a0\u00e0 Montr\u00e9al. On y misera surtout sur le d\u00e9veloppement de l\u2019athl\u00e8te afin de b\u00e2tir le sport dans une perspective d\u2019avenir. Le camp, qui a commenc\u00e9 le mercredi 22\u00a0novembre et se terminera le dimanche 26 novembre, sera principalement compos\u00e9 d\u2019activit\u00e9s destin\u00e9es aux athl\u00e8tes et \u00e0 leurs entra\u00eeneurs qui prennent part \u00e0 plusieurs programmes satellites \u00e0 travers le pays.<\/p>\n<p>Synchro Canada a mis de c\u00f4t\u00e9 le principe d\u2019une \u00e9quipe centralis\u00e9e et se concentre plut\u00f4t sur une nouvelle approche du d\u00e9veloppement de l\u2019athl\u00e8te. \u00ab\u2009Nous sommes vraiment enchant\u00e9s de l\u2019engagement dont font preuve les athl\u00e8tes qui sont invit\u00e9es au camp cette ann\u00e9e. Nous avons red\u00e9fini notre objectif en misant sur le d\u00e9veloppement de l\u2019athl\u00e8te d\u2019abord et l\u2019\u00e9valuation ensuite\u2009\u00bb, de dire\u00a0<strong>Julie Healy<\/strong>, Directrice du sport de Synchro Canada. \u00ab\u2009En d\u00e9veloppement et am\u00e9liorant les comp\u00e9tences de nos athl\u00e8tes et de nos entra\u00eeneurs partout au pays, nous pourrons \u00e9largir notre bassin d\u2019athl\u00e8tes et am\u00e9liorer la quantit\u00e9 et la qualit\u00e9 de leurs occasions d\u2019entra\u00eenement tout en permettant aux nageuses de retourner chez elles en sachant exactement ce qu\u2019elles ont \u00e0 faire pour poursuivre leur d\u00e9veloppement \u00e0 la conclusion du camp.\u2009\u00bb<\/p>\n<p>Alors que\u00a0<strong>Leslie Sproule<\/strong>, nouvellement nomm\u00e9e comme directrice technique et entraineur-chef de la rel\u00e8ve, se chargera de concevoir le programme technique des athl\u00e8tes, de nombreux leaders canadiens du milieu de la nage synchronis\u00e9e contribueront aussi \u00e0 b\u00e2tir cette nouvelle approche. Les sp\u00e9cialistes de l\u2019entra\u00eenement et du d\u00e9veloppement en nage synchronis\u00e9e\u00a0<strong>Michelle\u00a0Caulkins, Gail Donohue, Sylvie Fr\u00e9chette, Debbie Muir, Sherry Robertson<\/strong>\u00a0et\u00a0<strong>Denise Sauv\u00e9<\/strong>\u00a0seront sur place. Pour leur part,\u00a0<strong>Leslie Ahara, Louise Kennedy, Nancy Reed, Lianna Sottile<\/strong>\u00a0et\u00a0<strong>Diane van der Pol<\/strong>\u00a0participeront en tant que juges, alors que\u00a0<strong>Pat McCann\u00a0<\/strong>agira \u00e0 titre d\u2019arbitre. La pr\u00e9sidente du conseil des athl\u00e8tes\u00a0<strong>Shelby Harding<\/strong>\u00a0est \u00e9galement pr\u00e9sente.<\/p>\n<p>Au programme seront des tests de natation, de flexibilit\u00e9 au sol et de force ainsi que des exercices dans l\u2019eau, y compris l\u2019ex\u00e9cution d\u2019un programme technique. Au terme du camp, jusqu\u2019\u00e0 16\u00a0athl\u00e8tes seniors seront choisies pour faire partie du bassin de nageuses en vue des comp\u00e9titions internationales qui se d\u00e9rouleront au cours de la prochaine ann\u00e9e. De plus, jusqu\u2019\u00e0 24 athl\u00e8tes juniors seront s\u00e9lectionn\u00e9es pour faire partie du bassin de nageuses en pr\u00e9vision des Championnats du monde juniors de\u00a02018. On amorcera la deuxi\u00e8me \u00e9tape du processus de s\u00e9lection de cette \u00e9quipe apr\u00e8s le camp.<\/p>\n<p>Les r\u00e9sultats des s\u00e9lections seront annonc\u00e9s le 18 d\u00e9cembre.<\/p>\n","protected":false},"excerpt":{"rendered":"<p>Cinquante-cinq nageuses, dont 18\u00a0athl\u00e8tes s\u00e9niors et 37 athl\u00e8tes juniors, participent actuellement au camp de d\u00e9veloppement et d\u2019\u00e9valuation automnal de Synchro Canada\u00a02017-2018 \u00e0\u00a0l\u2019Institut National du Sport du Qu\u00e9bec\u00a0\u00e0 Montr\u00e9al. On y misera surtout sur le d\u00e9veloppement de l\u2019athl\u00e8te afin de b\u00e2tir le <a href=\"https:\/\/artisticswimming.ca\/fr\/2017-18-synchro-canada-fall-development-and-evaluation-camp-underway-in-montreal\/\"> [&#8230;]<\/a><\/p>\n","protected":false},"author":2,"featured_media":4418,"comment_status":"open","ping_status":"open","sticky":false,"template":"","format":"standard","meta":{"_acf_changed":false,"footnotes":""},"categories":[154,79,73],"tags":[],"class_list":["post-4419","post","type-post","status-publish","format-standard","has-post-thumbnail","hentry","category-equipe-nationale-junior","category-equipe-nationale-senior","category-nouvelles"],"acf":[],"yoast_head":"<!-- This site is optimized with the Yoast SEO plugin v27.2 - https:\/\/yoast.com\/product\/yoast-seo-wordpress\/ -->\n<title>Le camp de d\u00e9veloppement et d\u2019\u00e9valuation automnal de Synchro Canada 2017-2018 est en cours - Natation Artistique Canada<\/title>\n<meta name=\"robots\" content=\"index, follow, max-snippet:-1, max-image-preview:large, max-video-preview:-1\" \/>\n<link rel=\"canonical\" href=\"https:\/\/artisticswimming.ca\/fr\/2017-18-synchro-canada-fall-development-and-evaluation-camp-underway-in-montreal\/\" \/>\n<meta property=\"og:locale\" content=\"fr_FR\" \/>\n<meta property=\"og:type\" content=\"article\" \/>\n<meta property=\"og:title\" content=\"Le camp de d\u00e9veloppement et d\u2019\u00e9valuation automnal de Synchro Canada 2017-2018 est en cours - Natation Artistique Canada\" \/>\n<meta property=\"og:description\" content=\"Cinquante-cinq nageuses, dont 18\u00a0athl\u00e8tes s\u00e9niors et 37 athl\u00e8tes juniors, participent actuellement au camp de d\u00e9veloppement et d\u2019\u00e9valuation automnal de Synchro Canada\u00a02017-2018 \u00e0\u00a0l\u2019Institut National du Sport du Qu\u00e9bec\u00a0\u00e0 Montr\u00e9al. On y misera surtout sur le d\u00e9veloppement de l\u2019athl\u00e8te afin de b\u00e2tir le [...]\" \/>\n<meta property=\"og:url\" content=\"https:\/\/artisticswimming.ca\/fr\/2017-18-synchro-canada-fall-development-and-evaluation-camp-underway-in-montreal\/\" \/>\n<meta property=\"og:site_name\" content=\"Natation Artistique Canada\" \/>\n<meta property=\"article:published_time\" content=\"2017-11-24T16:21:01+00:00\" \/>\n<meta property=\"article:modified_time\" content=\"2017-11-24T16:23:35+00:00\" \/>\n<meta property=\"og:image\" content=\"https:\/\/artisticswimming.ca\/wp-content\/uploads\/2017\/11\/coe-trials-2017.jpg\" \/>\n\t<meta property=\"og:image:width\" content=\"2000\" \/>\n\t<meta property=\"og:image:height\" content=\"838\" \/>\n\t<meta property=\"og:image:type\" content=\"image\/jpeg\" \/>\n<meta name=\"author\" content=\"synchro\" \/>\n<meta name=\"twitter:card\" content=\"summary_large_image\" \/>\n<meta name=\"twitter:label1\" content=\"\u00c9crit par\" \/>\n\t<meta name=\"twitter:data1\" content=\"synchro\" \/>\n\t<meta name=\"twitter:label2\" content=\"Dur\u00e9e de lecture estim\u00e9e\" \/>\n\t<meta name=\"twitter:data2\" content=\"2 minutes\" \/>\n<script type=\"application\/ld+json\" class=\"yoast-schema-graph\">{\"@context\":\"https:\/\/schema.org\",\"@graph\":[{\"@type\":\"Article\",\"@id\":\"https:\/\/artisticswimming.ca\/fr\/2017-18-synchro-canada-fall-development-and-evaluation-camp-underway-in-montreal\/#article\",\"isPartOf\":{\"@id\":\"https:\/\/artisticswimming.ca\/fr\/2017-18-synchro-canada-fall-development-and-evaluation-camp-underway-in-montreal\/\"},\"author\":{\"name\":\"synchro\",\"@id\":\"https:\/\/artisticswimming.ca\/fr\/#\/schema\/person\/7d2ab10f01ba748d0dac4f1fbc7df175\"},\"headline\":\"Le camp de d\u00e9veloppement et d\u2019\u00e9valuation automnal de Synchro Canada 2017-2018 est en cours\",\"datePublished\":\"2017-11-24T16:21:01+00:00\",\"dateModified\":\"2017-11-24T16:23:35+00:00\",\"mainEntityOfPage\":{\"@id\":\"https:\/\/artisticswimming.ca\/fr\/2017-18-synchro-canada-fall-development-and-evaluation-camp-underway-in-montreal\/\"},\"wordCount\":506,\"commentCount\":0,\"image\":{\"@id\":\"https:\/\/artisticswimming.ca\/fr\/2017-18-synchro-canada-fall-development-and-evaluation-camp-underway-in-montreal\/#primaryimage\"},\"thumbnailUrl\":\"https:\/\/artisticswimming.ca\/wp-content\/uploads\/2017\/11\/coe-trials-2017.jpg\",\"articleSection\":[\"\u00c9quipe Nationale Junior\",\"\u00c9quipe nationale senior\",\"Nouvelles\"],\"inLanguage\":\"fr-FR\",\"potentialAction\":[{\"@type\":\"CommentAction\",\"name\":\"Comment\",\"target\":[\"https:\/\/artisticswimming.ca\/fr\/2017-18-synchro-canada-fall-development-and-evaluation-camp-underway-in-montreal\/#respond\"]}]},{\"@type\":\"WebPage\",\"@id\":\"https:\/\/artisticswimming.ca\/fr\/2017-18-synchro-canada-fall-development-and-evaluation-camp-underway-in-montreal\/\",\"url\":\"https:\/\/artisticswimming.ca\/fr\/2017-18-synchro-canada-fall-development-and-evaluation-camp-underway-in-montreal\/\",\"name\":\"Le camp de d\u00e9veloppement et d\u2019\u00e9valuation automnal de Synchro Canada 2017-2018 est en cours - Natation Artistique Canada\",\"isPartOf\":{\"@id\":\"https:\/\/artisticswimming.ca\/fr\/#website\"},\"primaryImageOfPage\":{\"@id\":\"https:\/\/artisticswimming.ca\/fr\/2017-18-synchro-canada-fall-development-and-evaluation-camp-underway-in-montreal\/#primaryimage\"},\"image\":{\"@id\":\"https:\/\/artisticswimming.ca\/fr\/2017-18-synchro-canada-fall-development-and-evaluation-camp-underway-in-montreal\/#primaryimage\"},\"thumbnailUrl\":\"https:\/\/artisticswimming.ca\/wp-content\/uploads\/2017\/11\/coe-trials-2017.jpg\",\"datePublished\":\"2017-11-24T16:21:01+00:00\",\"dateModified\":\"2017-11-24T16:23:35+00:00\",\"author\":{\"@id\":\"https:\/\/artisticswimming.ca\/fr\/#\/schema\/person\/7d2ab10f01ba748d0dac4f1fbc7df175\"},\"breadcrumb\":{\"@id\":\"https:\/\/artisticswimming.ca\/fr\/2017-18-synchro-canada-fall-development-and-evaluation-camp-underway-in-montreal\/#breadcrumb\"},\"inLanguage\":\"fr-FR\",\"potentialAction\":[{\"@type\":\"ReadAction\",\"target\":[\"https:\/\/artisticswimming.ca\/fr\/2017-18-synchro-canada-fall-development-and-evaluation-camp-underway-in-montreal\/\"]}]},{\"@type\":\"ImageObject\",\"inLanguage\":\"fr-FR\",\"@id\":\"https:\/\/artisticswimming.ca\/fr\/2017-18-synchro-canada-fall-development-and-evaluation-camp-underway-in-montreal\/#primaryimage\",\"url\":\"https:\/\/artisticswimming.ca\/wp-content\/uploads\/2017\/11\/coe-trials-2017.jpg\",\"contentUrl\":\"https:\/\/artisticswimming.ca\/wp-content\/uploads\/2017\/11\/coe-trials-2017.jpg\",\"width\":2000,\"height\":838},{\"@type\":\"BreadcrumbList\",\"@id\":\"https:\/\/artisticswimming.ca\/fr\/2017-18-synchro-canada-fall-development-and-evaluation-camp-underway-in-montreal\/#breadcrumb\",\"itemListElement\":[{\"@type\":\"ListItem\",\"position\":1,\"name\":\"Home\",\"item\":\"https:\/\/artisticswimming.ca\/fr\/\"},{\"@type\":\"ListItem\",\"position\":2,\"name\":\"Le camp de d\u00e9veloppement et d\u2019\u00e9valuation automnal de Synchro Canada 2017-2018 est en cours\"}]},{\"@type\":\"WebSite\",\"@id\":\"https:\/\/artisticswimming.ca\/fr\/#website\",\"url\":\"https:\/\/artisticswimming.ca\/fr\/\",\"name\":\"Natation Artistique Canada\",\"description\":\"\",\"potentialAction\":[{\"@type\":\"SearchAction\",\"target\":{\"@type\":\"EntryPoint\",\"urlTemplate\":\"https:\/\/artisticswimming.ca\/fr\/?s={search_term_string}\"},\"query-input\":{\"@type\":\"PropertyValueSpecification\",\"valueRequired\":true,\"valueName\":\"search_term_string\"}}],\"inLanguage\":\"fr-FR\"},{\"@type\":\"Person\",\"@id\":\"https:\/\/artisticswimming.ca\/fr\/#\/schema\/person\/7d2ab10f01ba748d0dac4f1fbc7df175\",\"name\":\"synchro\",\"image\":{\"@type\":\"ImageObject\",\"inLanguage\":\"fr-FR\",\"@id\":\"https:\/\/secure.gravatar.com\/avatar\/4f24abe719ecc22eef668a9e15d4025dca4fa935812f917fcc233935f5e1db5e?s=96&d=mm&r=g\",\"url\":\"https:\/\/secure.gravatar.com\/avatar\/4f24abe719ecc22eef668a9e15d4025dca4fa935812f917fcc233935f5e1db5e?s=96&d=mm&r=g\",\"contentUrl\":\"https:\/\/secure.gravatar.com\/avatar\/4f24abe719ecc22eef668a9e15d4025dca4fa935812f917fcc233935f5e1db5e?s=96&d=mm&r=g\",\"caption\":\"synchro\"},\"sameAs\":[\"http:\/\/synchro.wpengine.com\"],\"url\":\"https:\/\/artisticswimming.ca\/fr\/author\/synchro\/\"}]}<\/script>\n<!-- \/ Yoast SEO plugin. -->","yoast_head_json":{"title":"Le camp de d\u00e9veloppement et d\u2019\u00e9valuation automnal de Synchro Canada 2017-2018 est en cours - Natation Artistique Canada","robots":{"index":"index","follow":"follow","max-snippet":"max-snippet:-1","max-image-preview":"max-image-preview:large","max-video-preview":"max-video-preview:-1"},"canonical":"https:\/\/artisticswimming.ca\/fr\/2017-18-synchro-canada-fall-development-and-evaluation-camp-underway-in-montreal\/","og_locale":"fr_FR","og_type":"article","og_title":"Le camp de d\u00e9veloppement et d\u2019\u00e9valuation automnal de Synchro Canada 2017-2018 est en cours - Natation Artistique Canada","og_description":"Cinquante-cinq nageuses, dont 18\u00a0athl\u00e8tes s\u00e9niors et 37 athl\u00e8tes juniors, participent actuellement au camp de d\u00e9veloppement et d\u2019\u00e9valuation automnal de Synchro Canada\u00a02017-2018 \u00e0\u00a0l\u2019Institut National du Sport du Qu\u00e9bec\u00a0\u00e0 Montr\u00e9al. On y misera surtout sur le d\u00e9veloppement de l\u2019athl\u00e8te afin de b\u00e2tir le [...]","og_url":"https:\/\/artisticswimming.ca\/fr\/2017-18-synchro-canada-fall-development-and-evaluation-camp-underway-in-montreal\/","og_site_name":"Natation Artistique Canada","article_published_time":"2017-11-24T16:21:01+00:00","article_modified_time":"2017-11-24T16:23:35+00:00","og_image":[{"width":2000,"height":838,"url":"https:\/\/artisticswimming.ca\/wp-content\/uploads\/2017\/11\/coe-trials-2017.jpg","type":"image\/jpeg"}],"author":"synchro","twitter_card":"summary_large_image","twitter_misc":{"\u00c9crit par":"synchro","Dur\u00e9e de lecture estim\u00e9e":"2 minutes"},"schema":{"@context":"https:\/\/schema.org","@graph":[{"@type":"Article","@id":"https:\/\/artisticswimming.ca\/fr\/2017-18-synchro-canada-fall-development-and-evaluation-camp-underway-in-montreal\/#article","isPartOf":{"@id":"https:\/\/artisticswimming.ca\/fr\/2017-18-synchro-canada-fall-development-and-evaluation-camp-underway-in-montreal\/"},"author":{"name":"synchro","@id":"https:\/\/artisticswimming.ca\/fr\/#\/schema\/person\/7d2ab10f01ba748d0dac4f1fbc7df175"},"headline":"Le camp de d\u00e9veloppement et d\u2019\u00e9valuation automnal de Synchro Canada 2017-2018 est en cours","datePublished":"2017-11-24T16:21:01+00:00","dateModified":"2017-11-24T16:23:35+00:00","mainEntityOfPage":{"@id":"https:\/\/artisticswimming.ca\/fr\/2017-18-synchro-canada-fall-development-and-evaluation-camp-underway-in-montreal\/"},"wordCount":506,"commentCount":0,"image":{"@id":"https:\/\/artisticswimming.ca\/fr\/2017-18-synchro-canada-fall-development-and-evaluation-camp-underway-in-montreal\/#primaryimage"},"thumbnailUrl":"https:\/\/artisticswimming.ca\/wp-content\/uploads\/2017\/11\/coe-trials-2017.jpg","articleSection":["\u00c9quipe Nationale Junior","\u00c9quipe nationale senior","Nouvelles"],"inLanguage":"fr-FR","potentialAction":[{"@type":"CommentAction","name":"Comment","target":["https:\/\/artisticswimming.ca\/fr\/2017-18-synchro-canada-fall-development-and-evaluation-camp-underway-in-montreal\/#respond"]}]},{"@type":"WebPage","@id":"https:\/\/artisticswimming.ca\/fr\/2017-18-synchro-canada-fall-development-and-evaluation-camp-underway-in-montreal\/","url":"https:\/\/artisticswimming.ca\/fr\/2017-18-synchro-canada-fall-development-and-evaluation-camp-underway-in-montreal\/","name":"Le camp de d\u00e9veloppement et d\u2019\u00e9valuation automnal de Synchro Canada 2017-2018 est en cours - Natation Artistique Canada","isPartOf":{"@id":"https:\/\/artisticswimming.ca\/fr\/#website"},"primaryImageOfPage":{"@id":"https:\/\/artisticswimming.ca\/fr\/2017-18-synchro-canada-fall-development-and-evaluation-camp-underway-in-montreal\/#primaryimage"},"image":{"@id":"https:\/\/artisticswimming.ca\/fr\/2017-18-synchro-canada-fall-development-and-evaluation-camp-underway-in-montreal\/#primaryimage"},"thumbnailUrl":"https:\/\/artisticswimming.ca\/wp-content\/uploads\/2017\/11\/coe-trials-2017.jpg","datePublished":"2017-11-24T16:21:01+00:00","dateModified":"2017-11-24T16:23:35+00:00","author":{"@id":"https:\/\/artisticswimming.ca\/fr\/#\/schema\/person\/7d2ab10f01ba748d0dac4f1fbc7df175"},"breadcrumb":{"@id":"https:\/\/artisticswimming.ca\/fr\/2017-18-synchro-canada-fall-development-and-evaluation-camp-underway-in-montreal\/#breadcrumb"},"inLanguage":"fr-FR","potentialAction":[{"@type":"ReadAction","target":["https:\/\/artisticswimming.ca\/fr\/2017-18-synchro-canada-fall-development-and-evaluation-camp-underway-in-montreal\/"]}]},{"@type":"ImageObject","inLanguage":"fr-FR","@id":"https:\/\/artisticswimming.ca\/fr\/2017-18-synchro-canada-fall-development-and-evaluation-camp-underway-in-montreal\/#primaryimage","url":"https:\/\/artisticswimming.ca\/wp-content\/uploads\/2017\/11\/coe-trials-2017.jpg","contentUrl":"https:\/\/artisticswimming.ca\/wp-content\/uploads\/2017\/11\/coe-trials-2017.jpg","width":2000,"height":838},{"@type":"BreadcrumbList","@id":"https:\/\/artisticswimming.ca\/fr\/2017-18-synchro-canada-fall-development-and-evaluation-camp-underway-in-montreal\/#breadcrumb","itemListElement":[{"@type":"ListItem","position":1,"name":"Home","item":"https:\/\/artisticswimming.ca\/fr\/"},{"@type":"ListItem","position":2,"name":"Le camp de d\u00e9veloppement et d\u2019\u00e9valuation automnal de Synchro Canada 2017-2018 est en cours"}]},{"@type":"WebSite","@id":"https:\/\/artisticswimming.ca\/fr\/#website","url":"https:\/\/artisticswimming.ca\/fr\/","name":"Natation Artistique Canada","description":"","potentialAction":[{"@type":"SearchAction","target":{"@type":"EntryPoint","urlTemplate":"https:\/\/artisticswimming.ca\/fr\/?s={search_term_string}"},"query-input":{"@type":"PropertyValueSpecification","valueRequired":true,"valueName":"search_term_string"}}],"inLanguage":"fr-FR"},{"@type":"Person","@id":"https:\/\/artisticswimming.ca\/fr\/#\/schema\/person\/7d2ab10f01ba748d0dac4f1fbc7df175","name":"synchro","image":{"@type":"ImageObject","inLanguage":"fr-FR","@id":"https:\/\/secure.gravatar.com\/avatar\/4f24abe719ecc22eef668a9e15d4025dca4fa935812f917fcc233935f5e1db5e?s=96&d=mm&r=g","url":"https:\/\/secure.gravatar.com\/avatar\/4f24abe719ecc22eef668a9e15d4025dca4fa935812f917fcc233935f5e1db5e?s=96&d=mm&r=g","contentUrl":"https:\/\/secure.gravatar.com\/avatar\/4f24abe719ecc22eef668a9e15d4025dca4fa935812f917fcc233935f5e1db5e?s=96&d=mm&r=g","caption":"synchro"},"sameAs":["http:\/\/synchro.wpengine.com"],"url":"https:\/\/artisticswimming.ca\/fr\/author\/synchro\/"}]}},"_links":{"self":[{"href":"https:\/\/artisticswimming.ca\/fr\/wp-json\/wp\/v2\/posts\/4419","targetHints":{"allow":["GET"]}}],"collection":[{"href":"https:\/\/artisticswimming.ca\/fr\/wp-json\/wp\/v2\/posts"}],"about":[{"href":"https:\/\/artisticswimming.ca\/fr\/wp-json\/wp\/v2\/types\/post"}],"author":[{"embeddable":true,"href":"https:\/\/artisticswimming.ca\/fr\/wp-json\/wp\/v2\/users\/2"}],"replies":[{"embeddable":true,"href":"https:\/\/artisticswimming.ca\/fr\/wp-json\/wp\/v2\/comments?post=4419"}],"version-history":[{"count":0,"href":"https:\/\/artisticswimming.ca\/fr\/wp-json\/wp\/v2\/posts\/4419\/revisions"}],"wp:featuredmedia":[{"embeddable":true,"href":"https:\/\/artisticswimming.ca\/fr\/wp-json\/wp\/v2\/media\/4418"}],"wp:attachment":[{"href":"https:\/\/artisticswimming.ca\/fr\/wp-json\/wp\/v2\/media?parent=4419"}],"wp:term":[{"taxonomy":"category","embeddable":true,"href":"https:\/\/artisticswimming.ca\/fr\/wp-json\/wp\/v2\/categories?post=4419"},{"taxonomy":"post_tag","embeddable":true,"href":"https:\/\/artisticswimming.ca\/fr\/wp-json\/wp\/v2\/tags?post=4419"}],"curies":[{"name":"wp","href":"https:\/\/api.w.org\/{rel}","templated":true}]}}