{"id":4468,"date":"2017-12-19T16:43:42","date_gmt":"2017-12-19T16:43:42","guid":{"rendered":"http:\/\/artisticswim.wpengine.com\/synchro-canada-announces-its-2018-junior-worlds-athlete-pool\/"},"modified":"2017-12-19T18:02:38","modified_gmt":"2017-12-19T18:02:38","slug":"synchro-canada-announces-its-2018-junior-worlds-athlete-pool","status":"publish","type":"post","link":"https:\/\/artisticswimming.ca\/fr\/synchro-canada-announces-its-2018-junior-worlds-athlete-pool\/","title":{"rendered":"Synchro Canada d\u00e9voile son bassin national d&rsquo;athl\u00e8tes juniors 2018"},"content":{"rendered":"<p>Synchro Canada a le plaisir d&rsquo;annoncer les athl\u00e8tes nomm\u00e9es au sein de son bassin national d&rsquo;athl\u00e8tes juniors 2018. Les 24 athl\u00e8tes ont \u00e9t\u00e9 s\u00e9lectionn\u00e9es \u00e0 la conclusion du camp de d\u00e9veloppement et d&rsquo;\u00e9valuation de Synchro Canada qui a eu lieu \u00e0 Montr\u00e9al du 22 au 26 novembre \u00e0 l&rsquo;Institut national du sport du Qu\u00e9bec (INS).<\/p>\n<p>Les membres du bassin, qui proviennent de 5 provinces et 7 clubs de haute performance, travailleront au cours des prochains mois pour se pr\u00e9parer en vue de la derni\u00e8re phase du processus de s\u00e9lection de l&rsquo;\u00e9quipe qui repr\u00e9sentera le Canada aux Championnats du monde juniors de natation artistique de la FINA l&rsquo;\u00e9t\u00e9 prochain. La s\u00e9lection finale aura lieu en mars, \u00e0 Calgary, pendant les Qualifications nationales. En attendant, les athl\u00e8tes auront \u00e0 travailler et \u00e0 reporter leur progr\u00e8s sur plusieurs aspects de l&rsquo;entrainement tels que la natation, la force et la forme physique, la flexibilit\u00e9 et les habilet\u00e9s techniques propres au sport.<\/p>\n<p>Les athl\u00e8tes nomm\u00e9s au bassin\u00a0national d&rsquo;athl\u00e8tes juniors pour 2018 sont\u00a0:<\/p>\n<table style=\"font-size: 12px;\" width=\"100%\" cellpadding=\"5px\">\n<tbody>\n<tr style=\"border-top: solid thin #AAAAAA; background-color: #444444; color: #ffffff;\">\n<td>NOM<\/td>\n<td>\u00c2GE<\/td>\n<td>VILLE<\/td>\n<td>\u00a0CLUB<\/td>\n<\/tr>\n<tr style=\"border-top: solid thin #AAAAAA;\">\n<td><strong>ARMSTRONG, Emily<\/strong><\/td>\n<td>17<\/td>\n<td>Scarborough, ON<\/td>\n<td>Centre R\u00e9gional d&rsquo;Entrainement &#8211; Ontario<\/td>\n<\/tr>\n<tr style=\"border-top: solid thin #AAAAAA;\">\n<td><strong>BARRETT, Catherine<\/strong><\/td>\n<td>17<\/td>\n<td>St. John&rsquo;s, NL<\/td>\n<td>Centre R\u00e9gional d&rsquo;Entrainement &#8211; Ontario<\/td>\n<\/tr>\n<tr style=\"border-top: solid thin #AAAAAA;\">\n<td><strong>BOISSONNEAULT, Rosalie<\/strong><\/td>\n<td>14<\/td>\n<td>Mont St-Hilaire, QC<\/td>\n<td>Montr\u00e9al Synchro<\/td>\n<\/tr>\n<tr style=\"border-top: solid thin #AAAAAA;\">\n<td><strong>CZARKOWSKI, Jaime<\/strong><\/td>\n<td>14<\/td>\n<td>Calgary, AB<\/td>\n<td>Aquabelles de Calgary<\/td>\n<\/tr>\n<tr style=\"border-top: solid thin #AAAAAA;\">\n<td><strong>ENNS, Marissa<\/strong><\/td>\n<td>14<\/td>\n<td>Toronto, ON<\/td>\n<td>Olympium Synchro<\/td>\n<\/tr>\n<tr style=\"border-top: solid thin #AAAAAA;\">\n<td><strong>FINN, Scarlett<\/strong><\/td>\n<td>15<\/td>\n<td>Toronto, ON<\/td>\n<td>Centre R\u00e9gional d&rsquo;Entrainement &#8211; Ontario<\/td>\n<\/tr>\n<tr style=\"border-top: solid thin #AAAAAA;\">\n<td><strong>GAUTHIER, Mika\u00eblle<\/strong><\/td>\n<td>15<\/td>\n<td>Gatineau, QC<\/td>\n<td>Dollard Synchro<\/td>\n<\/tr>\n<tr style=\"border-top: solid thin #AAAAAA;\">\n<td><strong>GOSSLING, Flynne<\/strong><\/td>\n<td>15<\/td>\n<td>Toronto, ON<\/td>\n<td>Centre R\u00e9gional d&rsquo;Entrainement &#8211; Ontario<\/td>\n<\/tr>\n<tr style=\"border-top: solid thin #AAAAAA;\">\n<td><strong>GUAY, Catherine<\/strong><\/td>\n<td>15<\/td>\n<td>Montreal, QC<\/td>\n<td>Dollard Synchro<\/td>\n<\/tr>\n<tr style=\"border-top: solid thin #AAAAAA;\">\n<td><strong>HANSEN, Julia<\/strong><\/td>\n<td>17<\/td>\n<td>Calgary, AB<\/td>\n<td>Aquabelles de Calgary<\/td>\n<\/tr>\n<tr style=\"border-top: solid thin #AAAAAA;\">\n<td><strong>HOFFMANN, Teah<\/strong><\/td>\n<td>15<\/td>\n<td>Calgary, AB<\/td>\n<td>Aquabelles de Calgary<\/td>\n<\/tr>\n<tr style=\"border-top: solid thin #AAAAAA;\">\n<td><strong>HOPPER, Paige<\/strong><\/td>\n<td>16<\/td>\n<td>Calgary, AB<\/td>\n<td>Aquabelles de Calgary<\/td>\n<\/tr>\n<tr style=\"border-top: solid thin #AAAAAA;\">\n<td><strong>KRUGER, Adora<\/strong><\/td>\n<td>17<\/td>\n<td>Cochrane, AB<\/td>\n<td>Aquabelles de Calgary<\/td>\n<\/tr>\n<tr style=\"border-top: solid thin #AAAAAA;\">\n<td><strong>KUTNYK, Taissia<\/strong><\/td>\n<td>15<\/td>\n<td>Montreal, QC<\/td>\n<td>Montr\u00e9al Synchro<\/td>\n<\/tr>\n<tr style=\"border-top: solid thin #AAAAAA;\">\n<td><strong>LANDRY, Fr\u00e9d\u00e9rike<\/strong><\/td>\n<td>17<\/td>\n<td>Quebec, QC<\/td>\n<td>Quebec Excellence Synchro<\/td>\n<\/tr>\n<tr style=\"border-top: solid thin #AAAAAA;\">\n<td><strong>McLEAN<\/strong><strong>, Maura<\/strong><\/td>\n<td>16<\/td>\n<td>Toronto, ON<\/td>\n<td>Centre R\u00e9gional d&rsquo;Entrainement &#8211; Ontario<\/td>\n<\/tr>\n<tr style=\"border-top: solid thin #AAAAAA;\">\n<td><strong>REGNIER, Jaiden<\/strong><\/td>\n<td>17<\/td>\n<td>Mactaquac, NB<\/td>\n<td>Centre R\u00e9gional d&rsquo;Entrainement &#8211; Ontario<\/td>\n<\/tr>\n<tr style=\"border-top: solid thin #AAAAAA;\">\n<td><strong>SPOTT, Emma<\/strong><\/td>\n<td>15<\/td>\n<td>Toronto, ON<\/td>\n<td>Centre R\u00e9gional d&rsquo;Entrainement &#8211; Ontario<\/td>\n<\/tr>\n<tr style=\"border-top: solid thin #AAAAAA;\">\n<td><strong>STREMLAW, Kristin<\/strong><\/td>\n<td>17<\/td>\n<td>Ottawa, ON<\/td>\n<td>Centre R\u00e9gional d&rsquo;Entrainement &#8211; Ontario<\/td>\n<\/tr>\n<tr style=\"border-top: solid thin #AAAAAA;\">\n<td><strong>STRUTYNSKI, Louisa<\/strong><\/td>\n<td>17<\/td>\n<td>Calgary, AB<\/td>\n<td>Aquabelles de Calgary<\/td>\n<\/tr>\n<tr style=\"border-top: solid thin #AAAAAA;\">\n<td><strong>VEILLEUX, Audrey<\/strong><\/td>\n<td>15<\/td>\n<td>St-J\u00e9r\u00f4me, QC<\/td>\n<td>Dollard Synchro<\/td>\n<\/tr>\n<tr style=\"border-top: solid thin #AAAAAA;\">\n<td><strong>WARREN, Jade<\/strong><\/td>\n<td>15<\/td>\n<td>Ottawa, ON<\/td>\n<td>GO Capital Synchro<\/td>\n<\/tr>\n<tr style=\"border-top: solid thin #AAAAAA;\">\n<td><strong>WHITTEN, Madeline<\/strong><\/td>\n<td>15<\/td>\n<td>Toronto, ON<\/td>\n<td>Centre R\u00e9gional d&rsquo;Entrainement &#8211; Ontario<\/td>\n<\/tr>\n<tr style=\"border-top: solid thin #AAAAAA;\">\n<td><strong>WINKELAAR, Cassandra<\/strong><\/td>\n<td>17<\/td>\n<td>Calgary, AB<\/td>\n<td>Aquabelles de Calgary<\/td>\n<\/tr>\n<\/tbody>\n<\/table>\n<p>&nbsp;<\/p>\n<p>\u00ab Nous sommes tr\u00e8s satisfaites de la qualit\u00e9 des athl\u00e8tes de notre bassin de cette ann\u00e9e, \u00bb a d\u00e9clar\u00e9 l&rsquo;entraineure-chef de l&rsquo;\u00e9quipe nationale junior <strong>Kasia Kulesza<\/strong> (Qu\u00e9bec, QC). \u00ab Il y a un bel \u00e9quilibre entre des athl\u00e8tes exp\u00e9riment\u00e9es et des plus jeunes remplies de talent, et nous avons tr\u00e8s h\u00e2te de voir qui se d\u00e9marquera en mars prochain. \u00bb <strong>Jennifer Koptie<\/strong> (Scarborough, ON) et <strong>Jenn Tregale<\/strong> (Calgary, AB) seront les assistantes qui travailleront avec Kulesza dans l&rsquo;\u00e9quipe d&rsquo;entraineures de cette ann\u00e9e.<\/p>\n<p>Les Championnats du monde juniors de natation artistique de la FINA 2018 auront lieu \u00e0 Budapest, en Hongrie, en juillet prochain.<\/p>\n<div style=\"text-align: center;\">&#8211; 30 &#8211;<\/div>\n","protected":false},"excerpt":{"rendered":"<p>Synchro Canada a le plaisir d&rsquo;annoncer les athl\u00e8tes nomm\u00e9es au sein de son bassin national d&rsquo;athl\u00e8tes juniors 2018. Les 24 athl\u00e8tes ont \u00e9t\u00e9 s\u00e9lectionn\u00e9es \u00e0 la conclusion du camp de d\u00e9veloppement et d&rsquo;\u00e9valuation de Synchro Canada qui a eu lieu \u00e0 <a href=\"https:\/\/artisticswimming.ca\/fr\/synchro-canada-announces-its-2018-junior-worlds-athlete-pool\/\"> [&#8230;]<\/a><\/p>\n","protected":false},"author":2,"featured_media":4224,"comment_status":"open","ping_status":"open","sticky":false,"template":"","format":"standard","meta":{"_acf_changed":false,"footnotes":""},"categories":[155,73],"tags":[],"class_list":["post-4468","post","type-post","status-publish","format-standard","has-post-thumbnail","hentry","category-equipe-nationale-13-15","category-nouvelles"],"acf":[],"yoast_head":"<!-- This site is optimized with the Yoast SEO plugin v27.2 - https:\/\/yoast.com\/product\/yoast-seo-wordpress\/ -->\n<title>Synchro Canada d\u00e9voile son bassin national d&#039;athl\u00e8tes juniors 2018 - Natation Artistique Canada<\/title>\n<meta name=\"robots\" content=\"index, follow, max-snippet:-1, max-image-preview:large, max-video-preview:-1\" \/>\n<link rel=\"canonical\" href=\"https:\/\/artisticswimming.ca\/fr\/synchro-canada-announces-its-2018-junior-worlds-athlete-pool\/\" \/>\n<meta property=\"og:locale\" content=\"fr_FR\" \/>\n<meta property=\"og:type\" content=\"article\" \/>\n<meta property=\"og:title\" content=\"Synchro Canada d\u00e9voile son bassin national d&#039;athl\u00e8tes juniors 2018 - Natation Artistique Canada\" \/>\n<meta property=\"og:description\" content=\"Synchro Canada a le plaisir d&rsquo;annoncer les athl\u00e8tes nomm\u00e9es au sein de son bassin national d&rsquo;athl\u00e8tes juniors 2018. Les 24 athl\u00e8tes ont \u00e9t\u00e9 s\u00e9lectionn\u00e9es \u00e0 la conclusion du camp de d\u00e9veloppement et d&rsquo;\u00e9valuation de Synchro Canada qui a eu lieu \u00e0 [...]\" \/>\n<meta property=\"og:url\" content=\"https:\/\/artisticswimming.ca\/fr\/synchro-canada-announces-its-2018-junior-worlds-athlete-pool\/\" \/>\n<meta property=\"og:site_name\" content=\"Natation Artistique Canada\" \/>\n<meta property=\"article:published_time\" content=\"2017-12-19T16:43:42+00:00\" \/>\n<meta property=\"article:modified_time\" content=\"2017-12-19T18:02:38+00:00\" \/>\n<meta property=\"og:image\" content=\"https:\/\/artisticswimming.ca\/wp-content\/uploads\/2017\/09\/generic-SynchroCanada-on-background-blue.png\" \/>\n\t<meta property=\"og:image:width\" content=\"2400\" \/>\n\t<meta property=\"og:image:height\" content=\"1000\" \/>\n\t<meta property=\"og:image:type\" content=\"image\/png\" \/>\n<meta name=\"author\" content=\"synchro\" \/>\n<meta name=\"twitter:card\" content=\"summary_large_image\" \/>\n<meta name=\"twitter:label1\" content=\"\u00c9crit par\" \/>\n\t<meta name=\"twitter:data1\" content=\"synchro\" \/>\n\t<meta name=\"twitter:label2\" content=\"Dur\u00e9e de lecture estim\u00e9e\" \/>\n\t<meta name=\"twitter:data2\" content=\"2 minutes\" \/>\n<script type=\"application\/ld+json\" class=\"yoast-schema-graph\">{\"@context\":\"https:\/\/schema.org\",\"@graph\":[{\"@type\":\"Article\",\"@id\":\"https:\/\/artisticswimming.ca\/fr\/synchro-canada-announces-its-2018-junior-worlds-athlete-pool\/#article\",\"isPartOf\":{\"@id\":\"https:\/\/artisticswimming.ca\/fr\/synchro-canada-announces-its-2018-junior-worlds-athlete-pool\/\"},\"author\":{\"name\":\"synchro\",\"@id\":\"https:\/\/artisticswimming.ca\/fr\/#\/schema\/person\/7d2ab10f01ba748d0dac4f1fbc7df175\"},\"headline\":\"Synchro Canada d\u00e9voile son bassin national d&rsquo;athl\u00e8tes juniors 2018\",\"datePublished\":\"2017-12-19T16:43:42+00:00\",\"dateModified\":\"2017-12-19T18:02:38+00:00\",\"mainEntityOfPage\":{\"@id\":\"https:\/\/artisticswimming.ca\/fr\/synchro-canada-announces-its-2018-junior-worlds-athlete-pool\/\"},\"wordCount\":503,\"commentCount\":0,\"image\":{\"@id\":\"https:\/\/artisticswimming.ca\/fr\/synchro-canada-announces-its-2018-junior-worlds-athlete-pool\/#primaryimage\"},\"thumbnailUrl\":\"https:\/\/artisticswimming.ca\/wp-content\/uploads\/2017\/09\/generic-SynchroCanada-on-background-blue.png\",\"articleSection\":[\"\u00c9quipe Nationale 13-15\",\"Nouvelles\"],\"inLanguage\":\"fr-FR\",\"potentialAction\":[{\"@type\":\"CommentAction\",\"name\":\"Comment\",\"target\":[\"https:\/\/artisticswimming.ca\/fr\/synchro-canada-announces-its-2018-junior-worlds-athlete-pool\/#respond\"]}]},{\"@type\":\"WebPage\",\"@id\":\"https:\/\/artisticswimming.ca\/fr\/synchro-canada-announces-its-2018-junior-worlds-athlete-pool\/\",\"url\":\"https:\/\/artisticswimming.ca\/fr\/synchro-canada-announces-its-2018-junior-worlds-athlete-pool\/\",\"name\":\"Synchro Canada d\u00e9voile son bassin national d'athl\u00e8tes juniors 2018 - Natation Artistique Canada\",\"isPartOf\":{\"@id\":\"https:\/\/artisticswimming.ca\/fr\/#website\"},\"primaryImageOfPage\":{\"@id\":\"https:\/\/artisticswimming.ca\/fr\/synchro-canada-announces-its-2018-junior-worlds-athlete-pool\/#primaryimage\"},\"image\":{\"@id\":\"https:\/\/artisticswimming.ca\/fr\/synchro-canada-announces-its-2018-junior-worlds-athlete-pool\/#primaryimage\"},\"thumbnailUrl\":\"https:\/\/artisticswimming.ca\/wp-content\/uploads\/2017\/09\/generic-SynchroCanada-on-background-blue.png\",\"datePublished\":\"2017-12-19T16:43:42+00:00\",\"dateModified\":\"2017-12-19T18:02:38+00:00\",\"author\":{\"@id\":\"https:\/\/artisticswimming.ca\/fr\/#\/schema\/person\/7d2ab10f01ba748d0dac4f1fbc7df175\"},\"breadcrumb\":{\"@id\":\"https:\/\/artisticswimming.ca\/fr\/synchro-canada-announces-its-2018-junior-worlds-athlete-pool\/#breadcrumb\"},\"inLanguage\":\"fr-FR\",\"potentialAction\":[{\"@type\":\"ReadAction\",\"target\":[\"https:\/\/artisticswimming.ca\/fr\/synchro-canada-announces-its-2018-junior-worlds-athlete-pool\/\"]}]},{\"@type\":\"ImageObject\",\"inLanguage\":\"fr-FR\",\"@id\":\"https:\/\/artisticswimming.ca\/fr\/synchro-canada-announces-its-2018-junior-worlds-athlete-pool\/#primaryimage\",\"url\":\"https:\/\/artisticswimming.ca\/wp-content\/uploads\/2017\/09\/generic-SynchroCanada-on-background-blue.png\",\"contentUrl\":\"https:\/\/artisticswimming.ca\/wp-content\/uploads\/2017\/09\/generic-SynchroCanada-on-background-blue.png\",\"width\":2400,\"height\":1000},{\"@type\":\"BreadcrumbList\",\"@id\":\"https:\/\/artisticswimming.ca\/fr\/synchro-canada-announces-its-2018-junior-worlds-athlete-pool\/#breadcrumb\",\"itemListElement\":[{\"@type\":\"ListItem\",\"position\":1,\"name\":\"Home\",\"item\":\"https:\/\/artisticswimming.ca\/fr\/\"},{\"@type\":\"ListItem\",\"position\":2,\"name\":\"Synchro Canada d\u00e9voile son bassin national d&#8217;athl\u00e8tes juniors 2018\"}]},{\"@type\":\"WebSite\",\"@id\":\"https:\/\/artisticswimming.ca\/fr\/#website\",\"url\":\"https:\/\/artisticswimming.ca\/fr\/\",\"name\":\"Natation Artistique Canada\",\"description\":\"\",\"potentialAction\":[{\"@type\":\"SearchAction\",\"target\":{\"@type\":\"EntryPoint\",\"urlTemplate\":\"https:\/\/artisticswimming.ca\/fr\/?s={search_term_string}\"},\"query-input\":{\"@type\":\"PropertyValueSpecification\",\"valueRequired\":true,\"valueName\":\"search_term_string\"}}],\"inLanguage\":\"fr-FR\"},{\"@type\":\"Person\",\"@id\":\"https:\/\/artisticswimming.ca\/fr\/#\/schema\/person\/7d2ab10f01ba748d0dac4f1fbc7df175\",\"name\":\"synchro\",\"image\":{\"@type\":\"ImageObject\",\"inLanguage\":\"fr-FR\",\"@id\":\"https:\/\/secure.gravatar.com\/avatar\/4f24abe719ecc22eef668a9e15d4025dca4fa935812f917fcc233935f5e1db5e?s=96&d=mm&r=g\",\"url\":\"https:\/\/secure.gravatar.com\/avatar\/4f24abe719ecc22eef668a9e15d4025dca4fa935812f917fcc233935f5e1db5e?s=96&d=mm&r=g\",\"contentUrl\":\"https:\/\/secure.gravatar.com\/avatar\/4f24abe719ecc22eef668a9e15d4025dca4fa935812f917fcc233935f5e1db5e?s=96&d=mm&r=g\",\"caption\":\"synchro\"},\"sameAs\":[\"http:\/\/synchro.wpengine.com\"],\"url\":\"https:\/\/artisticswimming.ca\/fr\/author\/synchro\/\"}]}<\/script>\n<!-- \/ Yoast SEO plugin. -->","yoast_head_json":{"title":"Synchro Canada d\u00e9voile son bassin national d'athl\u00e8tes juniors 2018 - Natation Artistique Canada","robots":{"index":"index","follow":"follow","max-snippet":"max-snippet:-1","max-image-preview":"max-image-preview:large","max-video-preview":"max-video-preview:-1"},"canonical":"https:\/\/artisticswimming.ca\/fr\/synchro-canada-announces-its-2018-junior-worlds-athlete-pool\/","og_locale":"fr_FR","og_type":"article","og_title":"Synchro Canada d\u00e9voile son bassin national d'athl\u00e8tes juniors 2018 - Natation Artistique Canada","og_description":"Synchro Canada a le plaisir d&rsquo;annoncer les athl\u00e8tes nomm\u00e9es au sein de son bassin national d&rsquo;athl\u00e8tes juniors 2018. Les 24 athl\u00e8tes ont \u00e9t\u00e9 s\u00e9lectionn\u00e9es \u00e0 la conclusion du camp de d\u00e9veloppement et d&rsquo;\u00e9valuation de Synchro Canada qui a eu lieu \u00e0 [...]","og_url":"https:\/\/artisticswimming.ca\/fr\/synchro-canada-announces-its-2018-junior-worlds-athlete-pool\/","og_site_name":"Natation Artistique Canada","article_published_time":"2017-12-19T16:43:42+00:00","article_modified_time":"2017-12-19T18:02:38+00:00","og_image":[{"width":2400,"height":1000,"url":"https:\/\/artisticswimming.ca\/wp-content\/uploads\/2017\/09\/generic-SynchroCanada-on-background-blue.png","type":"image\/png"}],"author":"synchro","twitter_card":"summary_large_image","twitter_misc":{"\u00c9crit par":"synchro","Dur\u00e9e de lecture estim\u00e9e":"2 minutes"},"schema":{"@context":"https:\/\/schema.org","@graph":[{"@type":"Article","@id":"https:\/\/artisticswimming.ca\/fr\/synchro-canada-announces-its-2018-junior-worlds-athlete-pool\/#article","isPartOf":{"@id":"https:\/\/artisticswimming.ca\/fr\/synchro-canada-announces-its-2018-junior-worlds-athlete-pool\/"},"author":{"name":"synchro","@id":"https:\/\/artisticswimming.ca\/fr\/#\/schema\/person\/7d2ab10f01ba748d0dac4f1fbc7df175"},"headline":"Synchro Canada d\u00e9voile son bassin national d&rsquo;athl\u00e8tes juniors 2018","datePublished":"2017-12-19T16:43:42+00:00","dateModified":"2017-12-19T18:02:38+00:00","mainEntityOfPage":{"@id":"https:\/\/artisticswimming.ca\/fr\/synchro-canada-announces-its-2018-junior-worlds-athlete-pool\/"},"wordCount":503,"commentCount":0,"image":{"@id":"https:\/\/artisticswimming.ca\/fr\/synchro-canada-announces-its-2018-junior-worlds-athlete-pool\/#primaryimage"},"thumbnailUrl":"https:\/\/artisticswimming.ca\/wp-content\/uploads\/2017\/09\/generic-SynchroCanada-on-background-blue.png","articleSection":["\u00c9quipe Nationale 13-15","Nouvelles"],"inLanguage":"fr-FR","potentialAction":[{"@type":"CommentAction","name":"Comment","target":["https:\/\/artisticswimming.ca\/fr\/synchro-canada-announces-its-2018-junior-worlds-athlete-pool\/#respond"]}]},{"@type":"WebPage","@id":"https:\/\/artisticswimming.ca\/fr\/synchro-canada-announces-its-2018-junior-worlds-athlete-pool\/","url":"https:\/\/artisticswimming.ca\/fr\/synchro-canada-announces-its-2018-junior-worlds-athlete-pool\/","name":"Synchro Canada d\u00e9voile son bassin national d'athl\u00e8tes juniors 2018 - Natation Artistique Canada","isPartOf":{"@id":"https:\/\/artisticswimming.ca\/fr\/#website"},"primaryImageOfPage":{"@id":"https:\/\/artisticswimming.ca\/fr\/synchro-canada-announces-its-2018-junior-worlds-athlete-pool\/#primaryimage"},"image":{"@id":"https:\/\/artisticswimming.ca\/fr\/synchro-canada-announces-its-2018-junior-worlds-athlete-pool\/#primaryimage"},"thumbnailUrl":"https:\/\/artisticswimming.ca\/wp-content\/uploads\/2017\/09\/generic-SynchroCanada-on-background-blue.png","datePublished":"2017-12-19T16:43:42+00:00","dateModified":"2017-12-19T18:02:38+00:00","author":{"@id":"https:\/\/artisticswimming.ca\/fr\/#\/schema\/person\/7d2ab10f01ba748d0dac4f1fbc7df175"},"breadcrumb":{"@id":"https:\/\/artisticswimming.ca\/fr\/synchro-canada-announces-its-2018-junior-worlds-athlete-pool\/#breadcrumb"},"inLanguage":"fr-FR","potentialAction":[{"@type":"ReadAction","target":["https:\/\/artisticswimming.ca\/fr\/synchro-canada-announces-its-2018-junior-worlds-athlete-pool\/"]}]},{"@type":"ImageObject","inLanguage":"fr-FR","@id":"https:\/\/artisticswimming.ca\/fr\/synchro-canada-announces-its-2018-junior-worlds-athlete-pool\/#primaryimage","url":"https:\/\/artisticswimming.ca\/wp-content\/uploads\/2017\/09\/generic-SynchroCanada-on-background-blue.png","contentUrl":"https:\/\/artisticswimming.ca\/wp-content\/uploads\/2017\/09\/generic-SynchroCanada-on-background-blue.png","width":2400,"height":1000},{"@type":"BreadcrumbList","@id":"https:\/\/artisticswimming.ca\/fr\/synchro-canada-announces-its-2018-junior-worlds-athlete-pool\/#breadcrumb","itemListElement":[{"@type":"ListItem","position":1,"name":"Home","item":"https:\/\/artisticswimming.ca\/fr\/"},{"@type":"ListItem","position":2,"name":"Synchro Canada d\u00e9voile son bassin national d&#8217;athl\u00e8tes juniors 2018"}]},{"@type":"WebSite","@id":"https:\/\/artisticswimming.ca\/fr\/#website","url":"https:\/\/artisticswimming.ca\/fr\/","name":"Natation Artistique Canada","description":"","potentialAction":[{"@type":"SearchAction","target":{"@type":"EntryPoint","urlTemplate":"https:\/\/artisticswimming.ca\/fr\/?s={search_term_string}"},"query-input":{"@type":"PropertyValueSpecification","valueRequired":true,"valueName":"search_term_string"}}],"inLanguage":"fr-FR"},{"@type":"Person","@id":"https:\/\/artisticswimming.ca\/fr\/#\/schema\/person\/7d2ab10f01ba748d0dac4f1fbc7df175","name":"synchro","image":{"@type":"ImageObject","inLanguage":"fr-FR","@id":"https:\/\/secure.gravatar.com\/avatar\/4f24abe719ecc22eef668a9e15d4025dca4fa935812f917fcc233935f5e1db5e?s=96&d=mm&r=g","url":"https:\/\/secure.gravatar.com\/avatar\/4f24abe719ecc22eef668a9e15d4025dca4fa935812f917fcc233935f5e1db5e?s=96&d=mm&r=g","contentUrl":"https:\/\/secure.gravatar.com\/avatar\/4f24abe719ecc22eef668a9e15d4025dca4fa935812f917fcc233935f5e1db5e?s=96&d=mm&r=g","caption":"synchro"},"sameAs":["http:\/\/synchro.wpengine.com"],"url":"https:\/\/artisticswimming.ca\/fr\/author\/synchro\/"}]}},"_links":{"self":[{"href":"https:\/\/artisticswimming.ca\/fr\/wp-json\/wp\/v2\/posts\/4468","targetHints":{"allow":["GET"]}}],"collection":[{"href":"https:\/\/artisticswimming.ca\/fr\/wp-json\/wp\/v2\/posts"}],"about":[{"href":"https:\/\/artisticswimming.ca\/fr\/wp-json\/wp\/v2\/types\/post"}],"author":[{"embeddable":true,"href":"https:\/\/artisticswimming.ca\/fr\/wp-json\/wp\/v2\/users\/2"}],"replies":[{"embeddable":true,"href":"https:\/\/artisticswimming.ca\/fr\/wp-json\/wp\/v2\/comments?post=4468"}],"version-history":[{"count":0,"href":"https:\/\/artisticswimming.ca\/fr\/wp-json\/wp\/v2\/posts\/4468\/revisions"}],"wp:featuredmedia":[{"embeddable":true,"href":"https:\/\/artisticswimming.ca\/fr\/wp-json\/wp\/v2\/media\/4224"}],"wp:attachment":[{"href":"https:\/\/artisticswimming.ca\/fr\/wp-json\/wp\/v2\/media?parent=4468"}],"wp:term":[{"taxonomy":"category","embeddable":true,"href":"https:\/\/artisticswimming.ca\/fr\/wp-json\/wp\/v2\/categories?post=4468"},{"taxonomy":"post_tag","embeddable":true,"href":"https:\/\/artisticswimming.ca\/fr\/wp-json\/wp\/v2\/tags?post=4468"}],"curies":[{"name":"wp","href":"https:\/\/api.w.org\/{rel}","templated":true}]}}