{"id":4594,"date":"2018-02-09T01:18:35","date_gmt":"2018-02-09T01:18:35","guid":{"rendered":"http:\/\/artisticswim.wpengine.com\/synchro-canada-staff-to-attend-2018-olympic-winter-games\/"},"modified":"2018-02-09T01:23:33","modified_gmt":"2018-02-09T01:23:33","slug":"synchro-canada-staff-to-attend-2018-olympic-winter-games","status":"publish","type":"post","link":"https:\/\/artisticswimming.ca\/fr\/synchro-canada-staff-to-attend-2018-olympic-winter-games\/","title":{"rendered":"Des membres du personnel de Synchro Canada aux Jeux Olympiques d\u2019hiver 2018"},"content":{"rendered":"<p>Deux membres du personnel de Synchro Canada s\u2019envoleront pour PyeongChang pour prendre part aux Jeux Olympiques d\u2019hiver.<\/p>\n<p>Elles seront b\u00e9n\u00e9voles pour le Comit\u00e9 olympique canadien (COC) dans diff\u00e9rentes fonctions.<\/p>\n<p><img decoding=\"async\" style=\"border: 1px solid #222222; width: 200px; height: 238px; margin: 0px 10px 5px 0px;\" src=\"https:\/\/gallery.mailchimp.com\/f7d5e51dc8b14f4096871491d\/images\/7a0e411c-2655-4b01-a527-a281c583fbb4.jpg\" width=\"200\" height=\"238\" align=\"left\" data-file-id=\"1314677\" \/>Il s\u2019agit des cinqui\u00e8mes Jeux Olympiques auxquels assistera <strong>Julie Healy<\/strong>, directrice du sport de Synchro Canada. Avec Hockey Canada, elle \u00e9tait la gestionnaire d\u2019\u00e9quipe pour l\u2019\u00e9quipe canadienne de hockey f\u00e9minin \u00e0 Turin et \u00e0 Vancouver. Avec le COC, elle \u00e9tait la gestionnaire des services d\u2019\u00e9quipe \u00e0 Londres et Sotchi.<\/p>\n<p>Cette ann\u00e9e, Julie sera en charge du Programme de familiarisation des nouveaux leaders du COC. Ce programme permettra \u00e0 un petit groupe d\u2019entraineurs et de gestionnaires d\u2019\u00e9quipe d\u2019ONS de sports d\u2019\u00e9t\u00e9 d\u2019observer les op\u00e9rations du COC aux Olympiques, que ce soit de s\u2019assurer que les planches \u00e0 neige, les skis et les patins arrivent \u00e0 bon port ou de faire en sorte que chaque athl\u00e8te dispose du confort du Canada pendant son s\u00e9jour \u00e0 l\u2019\u00e9tranger.<\/p>\n<p>\u00ab J\u2019ai tr\u00e8s h\u00e2te de partager tout ce que j\u2019ai appris de mes exp\u00e9riences en tant que gestionnaire d\u2019\u00e9quipe et membre de l\u2019\u00e9quipe terrain du COC avec mes coll\u00e8gues des sports d\u2019\u00e9t\u00e9 \u00bb a dit Julie. \u00ab Ce sera pertinent pour eux d\u2019observer toutes les op\u00e9rations que m\u00e8ne le COC aux Jeux et l\u2019attention aux d\u00e9tails qui sont tellement importants pour cr\u00e9er un environnement encourageant le succ\u00e8s des athl\u00e8tes et des entraineurs. Je me souviens tr\u00e8s bien de mes premiers Jeux en tant que gestionnaire d\u2019\u00e9quipe, quand ce type de familiarisation n\u2019existait pas encore, et suis convaincue qu\u2019un programme comme celui-ci m\u2019aurait mieux pr\u00e9par\u00e9e pour mes premiers Jeux Olympiques. \u00bb<\/p>\n<p><img decoding=\"async\" style=\"border: 1px solid #222222; width: 200px; height: 238px; margin: 0px 10px 5px 0px;\" src=\"https:\/\/gallery.mailchimp.com\/f7d5e51dc8b14f4096871491d\/images\/9f0414e1-7f2b-4dc8-a5d8-21a32ba0692a.jpg\" width=\"200\" height=\"238\" align=\"left\" data-file-id=\"1314681\" \/><strong>Isabelle Lecompte<\/strong>, gestionnaire de la haute performance de Synchro Canada, prendra part aux Jeux d\u2019hiver apr\u00e8s avoir accompagn\u00e9 le duo aux Jeux Olympiques d\u2019\u00e9t\u00e9 de 2016 au Br\u00e9sil. Elle fera partie du personnel de mission du COC, \u0153uvrant au transport. \u00ab En ayant pris part aux Jeux de Rio, j\u2019ai compris \u00e0 quel point les d\u00e9placements d\u2019un endroit \u00e0 un autre g\u00e9n\u00e8rent du stress pour les athl\u00e8tes et les entraineurs \u00bb, a dit Isabelle. \u00ab Je suis impatiente de m\u2019assurer que nous avons des v\u00e9hicules et des chauffeurs pr\u00eats \u00e0 transporter les gens, et l\u2019\u00e9quipement, aux bons endroits, et de pouvoir soulager un peu du stress que d\u2019autres gestionnaires d\u2019\u00e9quipe doivent ressentir\u00a0! \u00bb<\/p>\n<p>La chef de la direction de Synchro Canada, <strong>Jackie Buckingham<\/strong>, encourage ces opportunit\u00e9s de d\u00e9veloppement professionnel au sein du personnel ainsi que la cr\u00e9ation d\u2019un lien entre les sports d\u2019\u00e9t\u00e9 et d\u2019hiver. \u00ab Nous savons que Julie et Isabelle ont toutes deux beaucoup \u00e0 offrir et qu\u2019elles aideront le COC dans la cr\u00e9ation d\u2019une atmosph\u00e8re g\u00e9niale pour les athl\u00e8tes et les entraineurs. Il s\u2019agit d\u2019un aspect que nous trouvons important, dans la famille du sport au Canada\u00a0: l\u2019apprentissage constant \u00e0 travers ces opportunit\u00e9s et le partage avec d\u2019autres de l\u2019exp\u00e9rience que notre \u00e9quipe a acquise. \u00bb<\/p>\n<p>Les Jeux Olympiques d\u2019hiver, impliquant des comp\u00e9titions de 15 sports diff\u00e9rents, ont lieu du 9 au 25 f\u00e9vrier.<\/p>\n","protected":false},"excerpt":{"rendered":"<p>Deux membres du personnel de Synchro Canada s\u2019envoleront pour PyeongChang pour prendre part aux Jeux Olympiques d\u2019hiver. Elles seront b\u00e9n\u00e9voles pour le Comit\u00e9 olympique canadien (COC) dans diff\u00e9rentes fonctions. Il s\u2019agit des cinqui\u00e8mes Jeux Olympiques auxquels assistera Julie Healy, directrice du <a href=\"https:\/\/artisticswimming.ca\/fr\/synchro-canada-staff-to-attend-2018-olympic-winter-games\/\"> [&#8230;]<\/a><\/p>\n","protected":false},"author":2,"featured_media":4593,"comment_status":"open","ping_status":"open","sticky":false,"template":"","format":"standard","meta":{"_acf_changed":false,"footnotes":""},"categories":[73,92],"tags":[],"class_list":["post-4594","post","type-post","status-publish","format-standard","has-post-thumbnail","hentry","category-nouvelles","category-olympiques-fr"],"acf":[],"yoast_head":"<!-- This site is optimized with the Yoast SEO plugin v27.2 - https:\/\/yoast.com\/product\/yoast-seo-wordpress\/ -->\n<title>Des membres du personnel de Synchro Canada aux Jeux Olympiques d\u2019hiver 2018 - Natation Artistique Canada<\/title>\n<meta name=\"robots\" content=\"index, follow, max-snippet:-1, max-image-preview:large, max-video-preview:-1\" \/>\n<link rel=\"canonical\" href=\"https:\/\/artisticswimming.ca\/fr\/synchro-canada-staff-to-attend-2018-olympic-winter-games\/\" \/>\n<meta property=\"og:locale\" content=\"fr_FR\" \/>\n<meta property=\"og:type\" content=\"article\" \/>\n<meta property=\"og:title\" content=\"Des membres du personnel de Synchro Canada aux Jeux Olympiques d\u2019hiver 2018 - Natation Artistique Canada\" \/>\n<meta property=\"og:description\" content=\"Deux membres du personnel de Synchro Canada s\u2019envoleront pour PyeongChang pour prendre part aux Jeux Olympiques d\u2019hiver. Elles seront b\u00e9n\u00e9voles pour le Comit\u00e9 olympique canadien (COC) dans diff\u00e9rentes fonctions. Il s\u2019agit des cinqui\u00e8mes Jeux Olympiques auxquels assistera Julie Healy, directrice du [...]\" \/>\n<meta property=\"og:url\" content=\"https:\/\/artisticswimming.ca\/fr\/synchro-canada-staff-to-attend-2018-olympic-winter-games\/\" \/>\n<meta property=\"og:site_name\" content=\"Natation Artistique Canada\" \/>\n<meta property=\"article:published_time\" content=\"2018-02-09T01:18:35+00:00\" \/>\n<meta property=\"article:modified_time\" content=\"2018-02-09T01:23:33+00:00\" \/>\n<meta property=\"og:image\" content=\"https:\/\/artisticswimming.ca\/wp-content\/uploads\/2018\/02\/isabelle-julie-going-to-the-olympics.jpg\" \/>\n\t<meta property=\"og:image:width\" content=\"1800\" \/>\n\t<meta property=\"og:image:height\" content=\"750\" \/>\n\t<meta property=\"og:image:type\" content=\"image\/jpeg\" \/>\n<meta name=\"author\" content=\"synchro\" \/>\n<meta name=\"twitter:card\" content=\"summary_large_image\" \/>\n<meta name=\"twitter:label1\" content=\"\u00c9crit par\" \/>\n\t<meta name=\"twitter:data1\" content=\"synchro\" \/>\n\t<meta name=\"twitter:label2\" content=\"Dur\u00e9e de lecture estim\u00e9e\" \/>\n\t<meta name=\"twitter:data2\" content=\"3 minutes\" \/>\n<script type=\"application\/ld+json\" class=\"yoast-schema-graph\">{\"@context\":\"https:\/\/schema.org\",\"@graph\":[{\"@type\":\"Article\",\"@id\":\"https:\/\/artisticswimming.ca\/fr\/synchro-canada-staff-to-attend-2018-olympic-winter-games\/#article\",\"isPartOf\":{\"@id\":\"https:\/\/artisticswimming.ca\/fr\/synchro-canada-staff-to-attend-2018-olympic-winter-games\/\"},\"author\":{\"name\":\"synchro\",\"@id\":\"https:\/\/artisticswimming.ca\/fr\/#\/schema\/person\/7d2ab10f01ba748d0dac4f1fbc7df175\"},\"headline\":\"Des membres du personnel de Synchro Canada aux Jeux Olympiques d\u2019hiver 2018\",\"datePublished\":\"2018-02-09T01:18:35+00:00\",\"dateModified\":\"2018-02-09T01:23:33+00:00\",\"mainEntityOfPage\":{\"@id\":\"https:\/\/artisticswimming.ca\/fr\/synchro-canada-staff-to-attend-2018-olympic-winter-games\/\"},\"wordCount\":561,\"commentCount\":0,\"image\":{\"@id\":\"https:\/\/artisticswimming.ca\/fr\/synchro-canada-staff-to-attend-2018-olympic-winter-games\/#primaryimage\"},\"thumbnailUrl\":\"https:\/\/artisticswimming.ca\/wp-content\/uploads\/2018\/02\/isabelle-julie-going-to-the-olympics.jpg\",\"articleSection\":[\"Nouvelles\",\"Olympiques\"],\"inLanguage\":\"fr-FR\",\"potentialAction\":[{\"@type\":\"CommentAction\",\"name\":\"Comment\",\"target\":[\"https:\/\/artisticswimming.ca\/fr\/synchro-canada-staff-to-attend-2018-olympic-winter-games\/#respond\"]}]},{\"@type\":\"WebPage\",\"@id\":\"https:\/\/artisticswimming.ca\/fr\/synchro-canada-staff-to-attend-2018-olympic-winter-games\/\",\"url\":\"https:\/\/artisticswimming.ca\/fr\/synchro-canada-staff-to-attend-2018-olympic-winter-games\/\",\"name\":\"Des membres du personnel de Synchro Canada aux Jeux Olympiques d\u2019hiver 2018 - Natation Artistique Canada\",\"isPartOf\":{\"@id\":\"https:\/\/artisticswimming.ca\/fr\/#website\"},\"primaryImageOfPage\":{\"@id\":\"https:\/\/artisticswimming.ca\/fr\/synchro-canada-staff-to-attend-2018-olympic-winter-games\/#primaryimage\"},\"image\":{\"@id\":\"https:\/\/artisticswimming.ca\/fr\/synchro-canada-staff-to-attend-2018-olympic-winter-games\/#primaryimage\"},\"thumbnailUrl\":\"https:\/\/artisticswimming.ca\/wp-content\/uploads\/2018\/02\/isabelle-julie-going-to-the-olympics.jpg\",\"datePublished\":\"2018-02-09T01:18:35+00:00\",\"dateModified\":\"2018-02-09T01:23:33+00:00\",\"author\":{\"@id\":\"https:\/\/artisticswimming.ca\/fr\/#\/schema\/person\/7d2ab10f01ba748d0dac4f1fbc7df175\"},\"breadcrumb\":{\"@id\":\"https:\/\/artisticswimming.ca\/fr\/synchro-canada-staff-to-attend-2018-olympic-winter-games\/#breadcrumb\"},\"inLanguage\":\"fr-FR\",\"potentialAction\":[{\"@type\":\"ReadAction\",\"target\":[\"https:\/\/artisticswimming.ca\/fr\/synchro-canada-staff-to-attend-2018-olympic-winter-games\/\"]}]},{\"@type\":\"ImageObject\",\"inLanguage\":\"fr-FR\",\"@id\":\"https:\/\/artisticswimming.ca\/fr\/synchro-canada-staff-to-attend-2018-olympic-winter-games\/#primaryimage\",\"url\":\"https:\/\/artisticswimming.ca\/wp-content\/uploads\/2018\/02\/isabelle-julie-going-to-the-olympics.jpg\",\"contentUrl\":\"https:\/\/artisticswimming.ca\/wp-content\/uploads\/2018\/02\/isabelle-julie-going-to-the-olympics.jpg\",\"width\":1800,\"height\":750},{\"@type\":\"BreadcrumbList\",\"@id\":\"https:\/\/artisticswimming.ca\/fr\/synchro-canada-staff-to-attend-2018-olympic-winter-games\/#breadcrumb\",\"itemListElement\":[{\"@type\":\"ListItem\",\"position\":1,\"name\":\"Home\",\"item\":\"https:\/\/artisticswimming.ca\/fr\/\"},{\"@type\":\"ListItem\",\"position\":2,\"name\":\"Des membres du personnel de Synchro Canada aux Jeux Olympiques d\u2019hiver 2018\"}]},{\"@type\":\"WebSite\",\"@id\":\"https:\/\/artisticswimming.ca\/fr\/#website\",\"url\":\"https:\/\/artisticswimming.ca\/fr\/\",\"name\":\"Natation Artistique Canada\",\"description\":\"\",\"potentialAction\":[{\"@type\":\"SearchAction\",\"target\":{\"@type\":\"EntryPoint\",\"urlTemplate\":\"https:\/\/artisticswimming.ca\/fr\/?s={search_term_string}\"},\"query-input\":{\"@type\":\"PropertyValueSpecification\",\"valueRequired\":true,\"valueName\":\"search_term_string\"}}],\"inLanguage\":\"fr-FR\"},{\"@type\":\"Person\",\"@id\":\"https:\/\/artisticswimming.ca\/fr\/#\/schema\/person\/7d2ab10f01ba748d0dac4f1fbc7df175\",\"name\":\"synchro\",\"image\":{\"@type\":\"ImageObject\",\"inLanguage\":\"fr-FR\",\"@id\":\"https:\/\/secure.gravatar.com\/avatar\/4f24abe719ecc22eef668a9e15d4025dca4fa935812f917fcc233935f5e1db5e?s=96&d=mm&r=g\",\"url\":\"https:\/\/secure.gravatar.com\/avatar\/4f24abe719ecc22eef668a9e15d4025dca4fa935812f917fcc233935f5e1db5e?s=96&d=mm&r=g\",\"contentUrl\":\"https:\/\/secure.gravatar.com\/avatar\/4f24abe719ecc22eef668a9e15d4025dca4fa935812f917fcc233935f5e1db5e?s=96&d=mm&r=g\",\"caption\":\"synchro\"},\"sameAs\":[\"http:\/\/synchro.wpengine.com\"],\"url\":\"https:\/\/artisticswimming.ca\/fr\/author\/synchro\/\"}]}<\/script>\n<!-- \/ Yoast SEO plugin. -->","yoast_head_json":{"title":"Des membres du personnel de Synchro Canada aux Jeux Olympiques d\u2019hiver 2018 - Natation Artistique Canada","robots":{"index":"index","follow":"follow","max-snippet":"max-snippet:-1","max-image-preview":"max-image-preview:large","max-video-preview":"max-video-preview:-1"},"canonical":"https:\/\/artisticswimming.ca\/fr\/synchro-canada-staff-to-attend-2018-olympic-winter-games\/","og_locale":"fr_FR","og_type":"article","og_title":"Des membres du personnel de Synchro Canada aux Jeux Olympiques d\u2019hiver 2018 - Natation Artistique Canada","og_description":"Deux membres du personnel de Synchro Canada s\u2019envoleront pour PyeongChang pour prendre part aux Jeux Olympiques d\u2019hiver. Elles seront b\u00e9n\u00e9voles pour le Comit\u00e9 olympique canadien (COC) dans diff\u00e9rentes fonctions. Il s\u2019agit des cinqui\u00e8mes Jeux Olympiques auxquels assistera Julie Healy, directrice du [...]","og_url":"https:\/\/artisticswimming.ca\/fr\/synchro-canada-staff-to-attend-2018-olympic-winter-games\/","og_site_name":"Natation Artistique Canada","article_published_time":"2018-02-09T01:18:35+00:00","article_modified_time":"2018-02-09T01:23:33+00:00","og_image":[{"width":1800,"height":750,"url":"https:\/\/artisticswimming.ca\/wp-content\/uploads\/2018\/02\/isabelle-julie-going-to-the-olympics.jpg","type":"image\/jpeg"}],"author":"synchro","twitter_card":"summary_large_image","twitter_misc":{"\u00c9crit par":"synchro","Dur\u00e9e de lecture estim\u00e9e":"3 minutes"},"schema":{"@context":"https:\/\/schema.org","@graph":[{"@type":"Article","@id":"https:\/\/artisticswimming.ca\/fr\/synchro-canada-staff-to-attend-2018-olympic-winter-games\/#article","isPartOf":{"@id":"https:\/\/artisticswimming.ca\/fr\/synchro-canada-staff-to-attend-2018-olympic-winter-games\/"},"author":{"name":"synchro","@id":"https:\/\/artisticswimming.ca\/fr\/#\/schema\/person\/7d2ab10f01ba748d0dac4f1fbc7df175"},"headline":"Des membres du personnel de Synchro Canada aux Jeux Olympiques d\u2019hiver 2018","datePublished":"2018-02-09T01:18:35+00:00","dateModified":"2018-02-09T01:23:33+00:00","mainEntityOfPage":{"@id":"https:\/\/artisticswimming.ca\/fr\/synchro-canada-staff-to-attend-2018-olympic-winter-games\/"},"wordCount":561,"commentCount":0,"image":{"@id":"https:\/\/artisticswimming.ca\/fr\/synchro-canada-staff-to-attend-2018-olympic-winter-games\/#primaryimage"},"thumbnailUrl":"https:\/\/artisticswimming.ca\/wp-content\/uploads\/2018\/02\/isabelle-julie-going-to-the-olympics.jpg","articleSection":["Nouvelles","Olympiques"],"inLanguage":"fr-FR","potentialAction":[{"@type":"CommentAction","name":"Comment","target":["https:\/\/artisticswimming.ca\/fr\/synchro-canada-staff-to-attend-2018-olympic-winter-games\/#respond"]}]},{"@type":"WebPage","@id":"https:\/\/artisticswimming.ca\/fr\/synchro-canada-staff-to-attend-2018-olympic-winter-games\/","url":"https:\/\/artisticswimming.ca\/fr\/synchro-canada-staff-to-attend-2018-olympic-winter-games\/","name":"Des membres du personnel de Synchro Canada aux Jeux Olympiques d\u2019hiver 2018 - Natation Artistique Canada","isPartOf":{"@id":"https:\/\/artisticswimming.ca\/fr\/#website"},"primaryImageOfPage":{"@id":"https:\/\/artisticswimming.ca\/fr\/synchro-canada-staff-to-attend-2018-olympic-winter-games\/#primaryimage"},"image":{"@id":"https:\/\/artisticswimming.ca\/fr\/synchro-canada-staff-to-attend-2018-olympic-winter-games\/#primaryimage"},"thumbnailUrl":"https:\/\/artisticswimming.ca\/wp-content\/uploads\/2018\/02\/isabelle-julie-going-to-the-olympics.jpg","datePublished":"2018-02-09T01:18:35+00:00","dateModified":"2018-02-09T01:23:33+00:00","author":{"@id":"https:\/\/artisticswimming.ca\/fr\/#\/schema\/person\/7d2ab10f01ba748d0dac4f1fbc7df175"},"breadcrumb":{"@id":"https:\/\/artisticswimming.ca\/fr\/synchro-canada-staff-to-attend-2018-olympic-winter-games\/#breadcrumb"},"inLanguage":"fr-FR","potentialAction":[{"@type":"ReadAction","target":["https:\/\/artisticswimming.ca\/fr\/synchro-canada-staff-to-attend-2018-olympic-winter-games\/"]}]},{"@type":"ImageObject","inLanguage":"fr-FR","@id":"https:\/\/artisticswimming.ca\/fr\/synchro-canada-staff-to-attend-2018-olympic-winter-games\/#primaryimage","url":"https:\/\/artisticswimming.ca\/wp-content\/uploads\/2018\/02\/isabelle-julie-going-to-the-olympics.jpg","contentUrl":"https:\/\/artisticswimming.ca\/wp-content\/uploads\/2018\/02\/isabelle-julie-going-to-the-olympics.jpg","width":1800,"height":750},{"@type":"BreadcrumbList","@id":"https:\/\/artisticswimming.ca\/fr\/synchro-canada-staff-to-attend-2018-olympic-winter-games\/#breadcrumb","itemListElement":[{"@type":"ListItem","position":1,"name":"Home","item":"https:\/\/artisticswimming.ca\/fr\/"},{"@type":"ListItem","position":2,"name":"Des membres du personnel de Synchro Canada aux Jeux Olympiques d\u2019hiver 2018"}]},{"@type":"WebSite","@id":"https:\/\/artisticswimming.ca\/fr\/#website","url":"https:\/\/artisticswimming.ca\/fr\/","name":"Natation Artistique Canada","description":"","potentialAction":[{"@type":"SearchAction","target":{"@type":"EntryPoint","urlTemplate":"https:\/\/artisticswimming.ca\/fr\/?s={search_term_string}"},"query-input":{"@type":"PropertyValueSpecification","valueRequired":true,"valueName":"search_term_string"}}],"inLanguage":"fr-FR"},{"@type":"Person","@id":"https:\/\/artisticswimming.ca\/fr\/#\/schema\/person\/7d2ab10f01ba748d0dac4f1fbc7df175","name":"synchro","image":{"@type":"ImageObject","inLanguage":"fr-FR","@id":"https:\/\/secure.gravatar.com\/avatar\/4f24abe719ecc22eef668a9e15d4025dca4fa935812f917fcc233935f5e1db5e?s=96&d=mm&r=g","url":"https:\/\/secure.gravatar.com\/avatar\/4f24abe719ecc22eef668a9e15d4025dca4fa935812f917fcc233935f5e1db5e?s=96&d=mm&r=g","contentUrl":"https:\/\/secure.gravatar.com\/avatar\/4f24abe719ecc22eef668a9e15d4025dca4fa935812f917fcc233935f5e1db5e?s=96&d=mm&r=g","caption":"synchro"},"sameAs":["http:\/\/synchro.wpengine.com"],"url":"https:\/\/artisticswimming.ca\/fr\/author\/synchro\/"}]}},"_links":{"self":[{"href":"https:\/\/artisticswimming.ca\/fr\/wp-json\/wp\/v2\/posts\/4594","targetHints":{"allow":["GET"]}}],"collection":[{"href":"https:\/\/artisticswimming.ca\/fr\/wp-json\/wp\/v2\/posts"}],"about":[{"href":"https:\/\/artisticswimming.ca\/fr\/wp-json\/wp\/v2\/types\/post"}],"author":[{"embeddable":true,"href":"https:\/\/artisticswimming.ca\/fr\/wp-json\/wp\/v2\/users\/2"}],"replies":[{"embeddable":true,"href":"https:\/\/artisticswimming.ca\/fr\/wp-json\/wp\/v2\/comments?post=4594"}],"version-history":[{"count":0,"href":"https:\/\/artisticswimming.ca\/fr\/wp-json\/wp\/v2\/posts\/4594\/revisions"}],"wp:featuredmedia":[{"embeddable":true,"href":"https:\/\/artisticswimming.ca\/fr\/wp-json\/wp\/v2\/media\/4593"}],"wp:attachment":[{"href":"https:\/\/artisticswimming.ca\/fr\/wp-json\/wp\/v2\/media?parent=4594"}],"wp:term":[{"taxonomy":"category","embeddable":true,"href":"https:\/\/artisticswimming.ca\/fr\/wp-json\/wp\/v2\/categories?post=4594"},{"taxonomy":"post_tag","embeddable":true,"href":"https:\/\/artisticswimming.ca\/fr\/wp-json\/wp\/v2\/tags?post=4594"}],"curies":[{"name":"wp","href":"https:\/\/api.w.org\/{rel}","templated":true}]}}