{"id":4644,"date":"2018-03-06T17:51:46","date_gmt":"2018-03-06T17:51:46","guid":{"rendered":"http:\/\/artisticswim.wpengine.com\/?p=4644"},"modified":"2018-03-06T17:56:49","modified_gmt":"2018-03-06T17:56:49","slug":"des-nageuses-du-cer-ontario-pretes-pour-le-premier-arret-de-la-serie-mondiale-de-natation-artistique-de-la-fina-2018","status":"publish","type":"post","link":"https:\/\/artisticswimming.ca\/fr\/des-nageuses-du-cer-ontario-pretes-pour-le-premier-arret-de-la-serie-mondiale-de-natation-artistique-de-la-fina-2018\/","title":{"rendered":"Des nageuses du CER-Ontario pr\u00eates pour le premier arr\u00eat de la S\u00e9rie mondiale de natation artistique de la FINA 2018"},"content":{"rendered":"<p><strong>Ottawa, ON \u2013 <\/strong>Quatorze athl\u00e8tes canadiennes du Centre d\u2019entrainement r\u00e9gional &#8211; Ontario prendront part \u00e0 la premi\u00e8re comp\u00e9tition de la S\u00e9rie mondiale de natation artistique de la FINA 2018, qui a lieu \u00e0 Paris, en France, du 9 au 11 mars.<\/p>\n<p>Les nageuses et les entraineures attendent avec impatience cette comp\u00e9tition. \u00ab Nous sommes tellement contentes de participer au <em>French Open<\/em> cette ann\u00e9e \u00bb, a dit <strong>Olivia Jensen-Large<\/strong>, membre du CER-Ontario depuis trois ans. \u00ab Non seulement le fait de nager dans la S\u00e9rie mondiale en tant qu\u2019\u00e9quipe Junior repr\u00e9sente-il une opportunit\u00e9 incroyable d\u2019am\u00e9liorer nos habilet\u00e9s de comp\u00e9tition internationale, ce sera \u00e9galement tr\u00e8s amusant de d\u00e9couvrir Paris pour une semaine avec toutes mes co\u00e9quipi\u00e8res! \u00bb<\/p>\n<p><strong>Jennifer Koptie<\/strong>, entraineure-chef du CER, partage son enthousiasme. \u00ab Le CER est ravi et honor\u00e9 de repr\u00e9senter le Canada au premier \u00e9v\u00e9nement de la S\u00e9rie mondiale de la saison de comp\u00e9tition. Nous avons un groupe d\u2019athl\u00e8tes Juniors qui a travaill\u00e9 extr\u00eamement fort et qui participera \u00e0 chacune des \u00e9preuves d\u2019\u00e9quipe, ainsi qu\u2019\u00e0 celles de solo et de duo. Cette opportunit\u00e9 de comp\u00e9titionner contre les meilleures s\u00e9niors au monde, avec notre programme junior, sera difficile, mais \u00e9galement tr\u00e8s stimulante! \u00bb<\/p>\n<p>Le Canada est inscrit pour huit routines. Les nageuses seront les suivantes\u00a0:<\/p>\n<table style=\"font-size: 12px; border-collapse: collapse; mso-table-lspace: 0pt; mso-table-rspace: 0pt; -ms-text-size-adjust: 100%; -webkit-text-size-adjust: 100%;\" width=\"100%\" cellpadding=\"5px\">\n<tbody>\n<tr style=\"border-top: solid thin #AAAAAA; background-color: #444444; color: #ffffff;\">\n<td>NOM DE L&rsquo;ATHL\u00c8TE<\/td>\n<td>ROUTINES<\/td>\n<td>VILLE NATALE<\/td>\n<\/tr>\n<tr style=\"border-top: solid thin #AAAAAA;\">\n<td>ARMSTRONG, Emily<\/td>\n<td>Solo tech<br \/>\nSolo libre<br \/>\nDuo libre<br \/>\n\u00c9quipe tech<br \/>\n\u00c9quipe libre<\/td>\n<td>Toronto, ON<\/td>\n<\/tr>\n<tr style=\"border-top: solid thin #AAAAAA;\">\n<td>BARRETT, Catherine<\/td>\n<td>Duo tech<br \/>\nDuo libre<br \/>\n\u00c9quipe tech<br \/>\n\u00c9quipe libre<br \/>\nCombo libre<br \/>\nRoutine acrobatique (R)<\/td>\n<td>St-John, NL<\/td>\n<\/tr>\n<tr style=\"border-top: solid thin #AAAAAA;\">\n<td>DAVIS, Delaney<\/td>\n<td>Combo libre<br \/>\nRoutine acrobatique<\/td>\n<td>Waterloo, ON<\/td>\n<\/tr>\n<tr style=\"border-top: solid thin #AAAAAA;\">\n<td>FINN, Scarlett<\/td>\n<td>Duo libre<br \/>\n\u00c9quipe tech<br \/>\n\u00c9quipe libre<br \/>\nCombo libre<br \/>\nRoutine acrobatique<\/td>\n<td>Toronto, ON<\/td>\n<\/tr>\n<tr style=\"border-top: solid thin #AAAAAA;\">\n<td>GOSSLING, Flynne<\/td>\n<td>Solo tech<br \/>\nSolo libre<br \/>\nDuo tech<br \/>\n\u00c9quipe tech (R)<br \/>\n\u00c9quipe libre (R)<br \/>\nRoutine acrobatique<\/td>\n<td>Toronto, ON<\/td>\n<\/tr>\n<tr style=\"border-top: solid thin #AAAAAA;\">\n<td>HARGREAVES, Alana<\/td>\n<td>Duo tech<br \/>\nCombo libre (R)<br \/>\nRoutine acrobatique<\/td>\n<td>Saskatoon, SK<\/td>\n<\/tr>\n<tr style=\"border-top: solid thin #AAAAAA;\">\n<td>JENSEN-LARGE, Olivia<\/td>\n<td>\u00c9quipe tech<br \/>\n\u00c9quipe libre<br \/>\nCombo libre<br \/>\nRoutine acrobatique<\/td>\n<td>Ottawa, ON<\/td>\n<\/tr>\n<tr style=\"border-top: solid thin #AAAAAA;\">\n<td>LEUNG, Faustine<\/td>\n<td>Duo tech (R)<br \/>\n\u00c9quipe libre (R)<br \/>\nCombo libre<br \/>\nRoutine acrobatique<\/td>\n<td>Toronto, ON<\/td>\n<\/tr>\n<tr style=\"border-top: solid thin #AAAAAA;\">\n<td>MCLEAN, Maura<\/td>\n<td>Duo libre<br \/>\n\u00c9quipe tech<br \/>\n\u00c9quipe libre<br \/>\nCombo libre<\/td>\n<td>Toronto, ON<\/td>\n<\/tr>\n<tr style=\"border-top: solid thin #AAAAAA;\">\n<td>MOUNT, Barbara<\/td>\n<td>Combo libre (R)<br \/>\nRoutine acrobatique (R)<\/td>\n<td>Ottawa, ON<\/td>\n<\/tr>\n<tr style=\"border-top: solid thin #AAAAAA;\">\n<td>REGNIER, Jaiden<\/td>\n<td>Duo libre<br \/>\n\u00c9quipe tech<br \/>\n\u00c9quipe libre<br \/>\nCombo libre<br \/>\nRoutine acrobatique<\/td>\n<td>Fredericton, NB<\/td>\n<\/tr>\n<tr style=\"border-top: solid thin #AAAAAA;\">\n<td>SPOTT, Emma<\/td>\n<td>Duo libre<br \/>\n\u00c9quipe tech<br \/>\n\u00c9quipe libre<br \/>\nCombo libre<br \/>\nRoutine acrobatique<\/td>\n<td>Toronto, ON<\/td>\n<\/tr>\n<tr style=\"border-top: solid thin #AAAAAA;\">\n<td>STREMLAW, Kristin<\/td>\n<td>Duo tech<br \/>\n\u00c9quipe tech<br \/>\n\u00c9quipe libre<br \/>\nCombo libre<br \/>\nRoutine acrobatique<\/td>\n<td>Toronto, ON<\/td>\n<\/tr>\n<tr style=\"border-top: solid thin #AAAAAA;\">\n<td>WHITTEN, Madeline<\/td>\n<td>\u00c9quipe tech (R)<br \/>\nCombo libre<br \/>\nRoutine acrobatique<\/td>\n<td>Toronto, ON<\/td>\n<\/tr>\n<\/tbody>\n<\/table>\n<p>L\u2019entraineure-chef Koptie sera accompagn\u00e9e de <strong>Manny Wu<\/strong>, <strong>Chihiro Ishii<\/strong> et <strong>Julia Maclean<\/strong>. La juge canadienne d\u00e9sign\u00e9e pour cet \u00e9v\u00e9nement de la FINA est <strong>Jessica Lamontagne<\/strong>, de Montr\u00e9al, QC.<\/p>\n<p><strong>Lisa Schott<\/strong> et <strong>Sheilagh Croxon<\/strong> seront \u00e9galement pr\u00e9sentes, dans leurs fonctions de la FINA.<\/p>\n","protected":false},"excerpt":{"rendered":"<p>Ottawa, ON \u2013 Quatorze athl\u00e8tes canadiennes du Centre d\u2019entrainement r\u00e9gional &#8211; Ontario prendront part \u00e0 la premi\u00e8re comp\u00e9tition de la S\u00e9rie mondiale de natation artistique de la FINA 2018, qui a lieu \u00e0 Paris, en France, du 9 au 11 mars. <a href=\"https:\/\/artisticswimming.ca\/fr\/des-nageuses-du-cer-ontario-pretes-pour-le-premier-arret-de-la-serie-mondiale-de-natation-artistique-de-la-fina-2018\/\"> [&#8230;]<\/a><\/p>\n","protected":false},"author":3,"featured_media":4647,"comment_status":"open","ping_status":"open","sticky":false,"template":"","format":"standard","meta":{"_acf_changed":false,"footnotes":""},"categories":[87,73,199],"tags":[],"class_list":["post-4644","post","type-post","status-publish","format-standard","has-post-thumbnail","hentry","category-competition-fr","category-nouvelles","category-synchronised-swimming-world-series-fr"],"acf":[],"yoast_head":"<!-- This site is optimized with the Yoast SEO plugin v27.2 - https:\/\/yoast.com\/product\/yoast-seo-wordpress\/ -->\n<title>Des nageuses du CER-Ontario pr\u00eates pour le premier arr\u00eat de la S\u00e9rie mondiale de natation artistique de la FINA 2018 - Natation Artistique Canada<\/title>\n<meta name=\"robots\" content=\"index, follow, max-snippet:-1, max-image-preview:large, max-video-preview:-1\" \/>\n<link rel=\"canonical\" href=\"https:\/\/artisticswimming.ca\/fr\/des-nageuses-du-cer-ontario-pretes-pour-le-premier-arret-de-la-serie-mondiale-de-natation-artistique-de-la-fina-2018\/\" \/>\n<meta property=\"og:locale\" content=\"fr_FR\" \/>\n<meta property=\"og:type\" content=\"article\" \/>\n<meta property=\"og:title\" content=\"Des nageuses du CER-Ontario pr\u00eates pour le premier arr\u00eat de la S\u00e9rie mondiale de natation artistique de la FINA 2018 - Natation Artistique Canada\" \/>\n<meta property=\"og:description\" content=\"Ottawa, ON \u2013 Quatorze athl\u00e8tes canadiennes du Centre d\u2019entrainement r\u00e9gional &#8211; Ontario prendront part \u00e0 la premi\u00e8re comp\u00e9tition de la S\u00e9rie mondiale de natation artistique de la FINA 2018, qui a lieu \u00e0 Paris, en France, du 9 au 11 mars. [...]\" \/>\n<meta property=\"og:url\" content=\"https:\/\/artisticswimming.ca\/fr\/des-nageuses-du-cer-ontario-pretes-pour-le-premier-arret-de-la-serie-mondiale-de-natation-artistique-de-la-fina-2018\/\" \/>\n<meta property=\"og:site_name\" content=\"Natation Artistique Canada\" \/>\n<meta property=\"article:published_time\" content=\"2018-03-06T17:51:46+00:00\" \/>\n<meta property=\"article:modified_time\" content=\"2018-03-06T17:56:49+00:00\" \/>\n<meta property=\"og:image\" content=\"https:\/\/artisticswimming.ca\/wp-content\/uploads\/2018\/03\/RTC-French-Open-SC.jpg\" \/>\n\t<meta property=\"og:image:width\" content=\"1200\" \/>\n\t<meta property=\"og:image:height\" content=\"502\" \/>\n\t<meta property=\"og:image:type\" content=\"image\/jpeg\" \/>\n<meta name=\"author\" content=\"Myriam Cote\" \/>\n<meta name=\"twitter:card\" content=\"summary_large_image\" \/>\n<meta name=\"twitter:label1\" content=\"\u00c9crit par\" \/>\n\t<meta name=\"twitter:data1\" content=\"Myriam Cote\" \/>\n\t<meta name=\"twitter:label2\" content=\"Dur\u00e9e de lecture estim\u00e9e\" \/>\n\t<meta name=\"twitter:data2\" content=\"2 minutes\" \/>\n<script type=\"application\/ld+json\" class=\"yoast-schema-graph\">{\"@context\":\"https:\/\/schema.org\",\"@graph\":[{\"@type\":\"Article\",\"@id\":\"https:\/\/artisticswimming.ca\/fr\/des-nageuses-du-cer-ontario-pretes-pour-le-premier-arret-de-la-serie-mondiale-de-natation-artistique-de-la-fina-2018\/#article\",\"isPartOf\":{\"@id\":\"https:\/\/artisticswimming.ca\/fr\/des-nageuses-du-cer-ontario-pretes-pour-le-premier-arret-de-la-serie-mondiale-de-natation-artistique-de-la-fina-2018\/\"},\"author\":{\"name\":\"Myriam Cote\",\"@id\":\"https:\/\/artisticswimming.ca\/fr\/#\/schema\/person\/76d6c2c9954d56641f9210cc7427bc76\"},\"headline\":\"Des nageuses du CER-Ontario pr\u00eates pour le premier arr\u00eat de la S\u00e9rie mondiale de natation artistique de la FINA 2018\",\"datePublished\":\"2018-03-06T17:51:46+00:00\",\"dateModified\":\"2018-03-06T17:56:49+00:00\",\"mainEntityOfPage\":{\"@id\":\"https:\/\/artisticswimming.ca\/fr\/des-nageuses-du-cer-ontario-pretes-pour-le-premier-arret-de-la-serie-mondiale-de-natation-artistique-de-la-fina-2018\/\"},\"wordCount\":484,\"commentCount\":0,\"image\":{\"@id\":\"https:\/\/artisticswimming.ca\/fr\/des-nageuses-du-cer-ontario-pretes-pour-le-premier-arret-de-la-serie-mondiale-de-natation-artistique-de-la-fina-2018\/#primaryimage\"},\"thumbnailUrl\":\"https:\/\/artisticswimming.ca\/wp-content\/uploads\/2018\/03\/RTC-French-Open-SC.jpg\",\"articleSection\":[\"Comp\u00e9tition\",\"Nouvelles\",\"S\u00e9ries Mondiales de natation artistique\"],\"inLanguage\":\"fr-FR\",\"potentialAction\":[{\"@type\":\"CommentAction\",\"name\":\"Comment\",\"target\":[\"https:\/\/artisticswimming.ca\/fr\/des-nageuses-du-cer-ontario-pretes-pour-le-premier-arret-de-la-serie-mondiale-de-natation-artistique-de-la-fina-2018\/#respond\"]}]},{\"@type\":\"WebPage\",\"@id\":\"https:\/\/artisticswimming.ca\/fr\/des-nageuses-du-cer-ontario-pretes-pour-le-premier-arret-de-la-serie-mondiale-de-natation-artistique-de-la-fina-2018\/\",\"url\":\"https:\/\/artisticswimming.ca\/fr\/des-nageuses-du-cer-ontario-pretes-pour-le-premier-arret-de-la-serie-mondiale-de-natation-artistique-de-la-fina-2018\/\",\"name\":\"Des nageuses du CER-Ontario pr\u00eates pour le premier arr\u00eat de la S\u00e9rie mondiale de natation artistique de la FINA 2018 - Natation Artistique Canada\",\"isPartOf\":{\"@id\":\"https:\/\/artisticswimming.ca\/fr\/#website\"},\"primaryImageOfPage\":{\"@id\":\"https:\/\/artisticswimming.ca\/fr\/des-nageuses-du-cer-ontario-pretes-pour-le-premier-arret-de-la-serie-mondiale-de-natation-artistique-de-la-fina-2018\/#primaryimage\"},\"image\":{\"@id\":\"https:\/\/artisticswimming.ca\/fr\/des-nageuses-du-cer-ontario-pretes-pour-le-premier-arret-de-la-serie-mondiale-de-natation-artistique-de-la-fina-2018\/#primaryimage\"},\"thumbnailUrl\":\"https:\/\/artisticswimming.ca\/wp-content\/uploads\/2018\/03\/RTC-French-Open-SC.jpg\",\"datePublished\":\"2018-03-06T17:51:46+00:00\",\"dateModified\":\"2018-03-06T17:56:49+00:00\",\"author\":{\"@id\":\"https:\/\/artisticswimming.ca\/fr\/#\/schema\/person\/76d6c2c9954d56641f9210cc7427bc76\"},\"breadcrumb\":{\"@id\":\"https:\/\/artisticswimming.ca\/fr\/des-nageuses-du-cer-ontario-pretes-pour-le-premier-arret-de-la-serie-mondiale-de-natation-artistique-de-la-fina-2018\/#breadcrumb\"},\"inLanguage\":\"fr-FR\",\"potentialAction\":[{\"@type\":\"ReadAction\",\"target\":[\"https:\/\/artisticswimming.ca\/fr\/des-nageuses-du-cer-ontario-pretes-pour-le-premier-arret-de-la-serie-mondiale-de-natation-artistique-de-la-fina-2018\/\"]}]},{\"@type\":\"ImageObject\",\"inLanguage\":\"fr-FR\",\"@id\":\"https:\/\/artisticswimming.ca\/fr\/des-nageuses-du-cer-ontario-pretes-pour-le-premier-arret-de-la-serie-mondiale-de-natation-artistique-de-la-fina-2018\/#primaryimage\",\"url\":\"https:\/\/artisticswimming.ca\/wp-content\/uploads\/2018\/03\/RTC-French-Open-SC.jpg\",\"contentUrl\":\"https:\/\/artisticswimming.ca\/wp-content\/uploads\/2018\/03\/RTC-French-Open-SC.jpg\",\"width\":1200,\"height\":502},{\"@type\":\"BreadcrumbList\",\"@id\":\"https:\/\/artisticswimming.ca\/fr\/des-nageuses-du-cer-ontario-pretes-pour-le-premier-arret-de-la-serie-mondiale-de-natation-artistique-de-la-fina-2018\/#breadcrumb\",\"itemListElement\":[{\"@type\":\"ListItem\",\"position\":1,\"name\":\"Home\",\"item\":\"https:\/\/artisticswimming.ca\/fr\/\"},{\"@type\":\"ListItem\",\"position\":2,\"name\":\"Des nageuses du CER-Ontario pr\u00eates pour le premier arr\u00eat de la S\u00e9rie mondiale de natation artistique de la FINA 2018\"}]},{\"@type\":\"WebSite\",\"@id\":\"https:\/\/artisticswimming.ca\/fr\/#website\",\"url\":\"https:\/\/artisticswimming.ca\/fr\/\",\"name\":\"Natation Artistique Canada\",\"description\":\"\",\"potentialAction\":[{\"@type\":\"SearchAction\",\"target\":{\"@type\":\"EntryPoint\",\"urlTemplate\":\"https:\/\/artisticswimming.ca\/fr\/?s={search_term_string}\"},\"query-input\":{\"@type\":\"PropertyValueSpecification\",\"valueRequired\":true,\"valueName\":\"search_term_string\"}}],\"inLanguage\":\"fr-FR\"},{\"@type\":\"Person\",\"@id\":\"https:\/\/artisticswimming.ca\/fr\/#\/schema\/person\/76d6c2c9954d56641f9210cc7427bc76\",\"name\":\"Myriam Cote\",\"image\":{\"@type\":\"ImageObject\",\"inLanguage\":\"fr-FR\",\"@id\":\"https:\/\/secure.gravatar.com\/avatar\/9636d581f11fe1ce5c868617703e52ebeddf65bc5ba83eda388709ba9ad9da61?s=96&d=mm&r=g\",\"url\":\"https:\/\/secure.gravatar.com\/avatar\/9636d581f11fe1ce5c868617703e52ebeddf65bc5ba83eda388709ba9ad9da61?s=96&d=mm&r=g\",\"contentUrl\":\"https:\/\/secure.gravatar.com\/avatar\/9636d581f11fe1ce5c868617703e52ebeddf65bc5ba83eda388709ba9ad9da61?s=96&d=mm&r=g\",\"caption\":\"Myriam Cote\"},\"url\":\"https:\/\/artisticswimming.ca\/fr\/author\/myriam\/\"}]}<\/script>\n<!-- \/ Yoast SEO plugin. -->","yoast_head_json":{"title":"Des nageuses du CER-Ontario pr\u00eates pour le premier arr\u00eat de la S\u00e9rie mondiale de natation artistique de la FINA 2018 - Natation Artistique Canada","robots":{"index":"index","follow":"follow","max-snippet":"max-snippet:-1","max-image-preview":"max-image-preview:large","max-video-preview":"max-video-preview:-1"},"canonical":"https:\/\/artisticswimming.ca\/fr\/des-nageuses-du-cer-ontario-pretes-pour-le-premier-arret-de-la-serie-mondiale-de-natation-artistique-de-la-fina-2018\/","og_locale":"fr_FR","og_type":"article","og_title":"Des nageuses du CER-Ontario pr\u00eates pour le premier arr\u00eat de la S\u00e9rie mondiale de natation artistique de la FINA 2018 - Natation Artistique Canada","og_description":"Ottawa, ON \u2013 Quatorze athl\u00e8tes canadiennes du Centre d\u2019entrainement r\u00e9gional &#8211; Ontario prendront part \u00e0 la premi\u00e8re comp\u00e9tition de la S\u00e9rie mondiale de natation artistique de la FINA 2018, qui a lieu \u00e0 Paris, en France, du 9 au 11 mars. [...]","og_url":"https:\/\/artisticswimming.ca\/fr\/des-nageuses-du-cer-ontario-pretes-pour-le-premier-arret-de-la-serie-mondiale-de-natation-artistique-de-la-fina-2018\/","og_site_name":"Natation Artistique Canada","article_published_time":"2018-03-06T17:51:46+00:00","article_modified_time":"2018-03-06T17:56:49+00:00","og_image":[{"width":1200,"height":502,"url":"https:\/\/artisticswimming.ca\/wp-content\/uploads\/2018\/03\/RTC-French-Open-SC.jpg","type":"image\/jpeg"}],"author":"Myriam Cote","twitter_card":"summary_large_image","twitter_misc":{"\u00c9crit par":"Myriam Cote","Dur\u00e9e de lecture estim\u00e9e":"2 minutes"},"schema":{"@context":"https:\/\/schema.org","@graph":[{"@type":"Article","@id":"https:\/\/artisticswimming.ca\/fr\/des-nageuses-du-cer-ontario-pretes-pour-le-premier-arret-de-la-serie-mondiale-de-natation-artistique-de-la-fina-2018\/#article","isPartOf":{"@id":"https:\/\/artisticswimming.ca\/fr\/des-nageuses-du-cer-ontario-pretes-pour-le-premier-arret-de-la-serie-mondiale-de-natation-artistique-de-la-fina-2018\/"},"author":{"name":"Myriam Cote","@id":"https:\/\/artisticswimming.ca\/fr\/#\/schema\/person\/76d6c2c9954d56641f9210cc7427bc76"},"headline":"Des nageuses du CER-Ontario pr\u00eates pour le premier arr\u00eat de la S\u00e9rie mondiale de natation artistique de la FINA 2018","datePublished":"2018-03-06T17:51:46+00:00","dateModified":"2018-03-06T17:56:49+00:00","mainEntityOfPage":{"@id":"https:\/\/artisticswimming.ca\/fr\/des-nageuses-du-cer-ontario-pretes-pour-le-premier-arret-de-la-serie-mondiale-de-natation-artistique-de-la-fina-2018\/"},"wordCount":484,"commentCount":0,"image":{"@id":"https:\/\/artisticswimming.ca\/fr\/des-nageuses-du-cer-ontario-pretes-pour-le-premier-arret-de-la-serie-mondiale-de-natation-artistique-de-la-fina-2018\/#primaryimage"},"thumbnailUrl":"https:\/\/artisticswimming.ca\/wp-content\/uploads\/2018\/03\/RTC-French-Open-SC.jpg","articleSection":["Comp\u00e9tition","Nouvelles","S\u00e9ries Mondiales de natation artistique"],"inLanguage":"fr-FR","potentialAction":[{"@type":"CommentAction","name":"Comment","target":["https:\/\/artisticswimming.ca\/fr\/des-nageuses-du-cer-ontario-pretes-pour-le-premier-arret-de-la-serie-mondiale-de-natation-artistique-de-la-fina-2018\/#respond"]}]},{"@type":"WebPage","@id":"https:\/\/artisticswimming.ca\/fr\/des-nageuses-du-cer-ontario-pretes-pour-le-premier-arret-de-la-serie-mondiale-de-natation-artistique-de-la-fina-2018\/","url":"https:\/\/artisticswimming.ca\/fr\/des-nageuses-du-cer-ontario-pretes-pour-le-premier-arret-de-la-serie-mondiale-de-natation-artistique-de-la-fina-2018\/","name":"Des nageuses du CER-Ontario pr\u00eates pour le premier arr\u00eat de la S\u00e9rie mondiale de natation artistique de la FINA 2018 - Natation Artistique Canada","isPartOf":{"@id":"https:\/\/artisticswimming.ca\/fr\/#website"},"primaryImageOfPage":{"@id":"https:\/\/artisticswimming.ca\/fr\/des-nageuses-du-cer-ontario-pretes-pour-le-premier-arret-de-la-serie-mondiale-de-natation-artistique-de-la-fina-2018\/#primaryimage"},"image":{"@id":"https:\/\/artisticswimming.ca\/fr\/des-nageuses-du-cer-ontario-pretes-pour-le-premier-arret-de-la-serie-mondiale-de-natation-artistique-de-la-fina-2018\/#primaryimage"},"thumbnailUrl":"https:\/\/artisticswimming.ca\/wp-content\/uploads\/2018\/03\/RTC-French-Open-SC.jpg","datePublished":"2018-03-06T17:51:46+00:00","dateModified":"2018-03-06T17:56:49+00:00","author":{"@id":"https:\/\/artisticswimming.ca\/fr\/#\/schema\/person\/76d6c2c9954d56641f9210cc7427bc76"},"breadcrumb":{"@id":"https:\/\/artisticswimming.ca\/fr\/des-nageuses-du-cer-ontario-pretes-pour-le-premier-arret-de-la-serie-mondiale-de-natation-artistique-de-la-fina-2018\/#breadcrumb"},"inLanguage":"fr-FR","potentialAction":[{"@type":"ReadAction","target":["https:\/\/artisticswimming.ca\/fr\/des-nageuses-du-cer-ontario-pretes-pour-le-premier-arret-de-la-serie-mondiale-de-natation-artistique-de-la-fina-2018\/"]}]},{"@type":"ImageObject","inLanguage":"fr-FR","@id":"https:\/\/artisticswimming.ca\/fr\/des-nageuses-du-cer-ontario-pretes-pour-le-premier-arret-de-la-serie-mondiale-de-natation-artistique-de-la-fina-2018\/#primaryimage","url":"https:\/\/artisticswimming.ca\/wp-content\/uploads\/2018\/03\/RTC-French-Open-SC.jpg","contentUrl":"https:\/\/artisticswimming.ca\/wp-content\/uploads\/2018\/03\/RTC-French-Open-SC.jpg","width":1200,"height":502},{"@type":"BreadcrumbList","@id":"https:\/\/artisticswimming.ca\/fr\/des-nageuses-du-cer-ontario-pretes-pour-le-premier-arret-de-la-serie-mondiale-de-natation-artistique-de-la-fina-2018\/#breadcrumb","itemListElement":[{"@type":"ListItem","position":1,"name":"Home","item":"https:\/\/artisticswimming.ca\/fr\/"},{"@type":"ListItem","position":2,"name":"Des nageuses du CER-Ontario pr\u00eates pour le premier arr\u00eat de la S\u00e9rie mondiale de natation artistique de la FINA 2018"}]},{"@type":"WebSite","@id":"https:\/\/artisticswimming.ca\/fr\/#website","url":"https:\/\/artisticswimming.ca\/fr\/","name":"Natation Artistique Canada","description":"","potentialAction":[{"@type":"SearchAction","target":{"@type":"EntryPoint","urlTemplate":"https:\/\/artisticswimming.ca\/fr\/?s={search_term_string}"},"query-input":{"@type":"PropertyValueSpecification","valueRequired":true,"valueName":"search_term_string"}}],"inLanguage":"fr-FR"},{"@type":"Person","@id":"https:\/\/artisticswimming.ca\/fr\/#\/schema\/person\/76d6c2c9954d56641f9210cc7427bc76","name":"Myriam Cote","image":{"@type":"ImageObject","inLanguage":"fr-FR","@id":"https:\/\/secure.gravatar.com\/avatar\/9636d581f11fe1ce5c868617703e52ebeddf65bc5ba83eda388709ba9ad9da61?s=96&d=mm&r=g","url":"https:\/\/secure.gravatar.com\/avatar\/9636d581f11fe1ce5c868617703e52ebeddf65bc5ba83eda388709ba9ad9da61?s=96&d=mm&r=g","contentUrl":"https:\/\/secure.gravatar.com\/avatar\/9636d581f11fe1ce5c868617703e52ebeddf65bc5ba83eda388709ba9ad9da61?s=96&d=mm&r=g","caption":"Myriam Cote"},"url":"https:\/\/artisticswimming.ca\/fr\/author\/myriam\/"}]}},"_links":{"self":[{"href":"https:\/\/artisticswimming.ca\/fr\/wp-json\/wp\/v2\/posts\/4644","targetHints":{"allow":["GET"]}}],"collection":[{"href":"https:\/\/artisticswimming.ca\/fr\/wp-json\/wp\/v2\/posts"}],"about":[{"href":"https:\/\/artisticswimming.ca\/fr\/wp-json\/wp\/v2\/types\/post"}],"author":[{"embeddable":true,"href":"https:\/\/artisticswimming.ca\/fr\/wp-json\/wp\/v2\/users\/3"}],"replies":[{"embeddable":true,"href":"https:\/\/artisticswimming.ca\/fr\/wp-json\/wp\/v2\/comments?post=4644"}],"version-history":[{"count":0,"href":"https:\/\/artisticswimming.ca\/fr\/wp-json\/wp\/v2\/posts\/4644\/revisions"}],"wp:featuredmedia":[{"embeddable":true,"href":"https:\/\/artisticswimming.ca\/fr\/wp-json\/wp\/v2\/media\/4647"}],"wp:attachment":[{"href":"https:\/\/artisticswimming.ca\/fr\/wp-json\/wp\/v2\/media?parent=4644"}],"wp:term":[{"taxonomy":"category","embeddable":true,"href":"https:\/\/artisticswimming.ca\/fr\/wp-json\/wp\/v2\/categories?post=4644"},{"taxonomy":"post_tag","embeddable":true,"href":"https:\/\/artisticswimming.ca\/fr\/wp-json\/wp\/v2\/tags?post=4644"}],"curies":[{"name":"wp","href":"https:\/\/api.w.org\/{rel}","templated":true}]}}