{"id":498,"date":"2015-03-17T06:48:03","date_gmt":"2015-03-17T06:48:03","guid":{"rendered":"http:\/\/synchro.wpengine.com\/?p=498&#038;lang=fr"},"modified":"2017-09-18T15:27:00","modified_gmt":"2017-09-18T15:27:00","slug":"jenn-tregale-et-lilianne-grenier-nommees-entraineures-en-chef-des-equipes-nationales-junior-et-13-15-ans-2015","status":"publish","type":"post","link":"https:\/\/artisticswimming.ca\/fr\/jenn-tregale-et-lilianne-grenier-nommees-entraineures-en-chef-des-equipes-nationales-junior-et-13-15-ans-2015\/","title":{"rendered":"Jenn Tregale et Lilianne Grenier nomm\u00e9es Entra\u00eeneures en chef des \u00e9quipes nationales junior et 13-15 ans 2015"},"content":{"rendered":"<p><span style=\"font-weight: 400;\"><strong>Ottawa, 17 mars 2015<\/strong> \u00a0\u2013 Synchro Canada est fi\u00e8re d&rsquo;annoncer la nomination des entra\u00eeneurs en chef de ses \u00e9quipes nationales junior et 13-15 ans pour l&rsquo;ann\u00e9e 2015.<\/span><\/p>\n<p><b>\u00c9quipe nationale junior 2015<\/b><\/p>\n<p><span style=\"font-weight: 400;\"><a href=\"http:\/\/synchro.wpengine.com\/wp-content\/uploads\/2016\/07\/Tregale.png\"><img decoding=\"async\" class=\"alignleft size-full wp-image-393\" src=\"http:\/\/synchro.wpengine.com\/wp-content\/uploads\/2016\/07\/Tregale.png\" alt=\"Tregale\" width=\"141\" height=\"161\" \/><\/a><strong>Jenn Tregale<\/strong> de Calgary a \u00e9t\u00e9 nomm\u00e9e entra\u00eeneure en chef de l&rsquo;\u00e9quipe nationale junior 2015 de Synchro Canada, qui repr\u00e9sentera le pays aux Championnats panam\u00e9ricains de l&rsquo;UANA du 16 au 22 ao\u00fbt prochain, \u00e0 Calgary.<\/span><\/p>\n<p><span style=\"font-weight: 400;\">Tregale, entra\u00eeneure en chef du club des Aquabelles de Calgary depuis 2004, a \u00e9galement \u00e9t\u00e9 l\u2019entra\u00eeneure en chef de l\u2019\u00e9quipe nationale junior 2011, 2012 et 2014 de Synchro Canada. \u00c9quipe Canada a remport\u00e9 la m\u00e9daille de bronze en solo aux Championnats mondiaux juniors de la FINA 2012 et a pris la cinqui\u00e8me position en combo. \u00a0En 2014, elle s&rsquo;est plac\u00e9e 6e aux Championnats du monde junior \u00e0 Helsinki, en Finlande.<\/span><\/p>\n<p><span style=\"font-weight: 400;\">Elle \u00e9tait aussi l\u2019une des assistantes \u00e0 l\u2019entra\u00eeneure en chef de l\u2019\u00e9quipe nationale junior 2010 qui a particip\u00e9 aux Championnats mondiaux juniors de la FINA o\u00f9 le Canada a remport\u00e9 trois m\u00e9dailles de bronze. Elle compte plus de 25 ans d\u2019exp\u00e9rience \u00e0 titre d\u2019entra\u00eeneure et elle est en voie de compl\u00e9ter \u00a0son niveau 4 du Programme national de certification des entra\u00eeneurs (P.N.C.E.). Elle \u00e9tait l\u2019entra\u00eeneure en chef de l\u2019\u00e9quipe nationale junior aux Championnats panam\u00e9ricains juniors de l\u2019U.A.N.A. en 2009, de l\u2019\u00e9quipe nationale junior B qui a particip\u00e9 \u00e0 l\u2019Omnium de Suisse en 2008, et \u00e9tait l\u2019une des assistantes \u00e0 l\u2019entra\u00eeneure en chef de l\u2019\u00e9quipe nationale junior qui a repr\u00e9sent\u00e9 le pays aux Championnats ouverts des Etats-Unis en 2007. En tant qu\u2019apprentie entra\u00eeneure, Jenn Tregale a pris part aux Championnats mondiaux juniors de la FINA en 1993, ainsi qu\u2019aux Jeux du Commonwealth et aux Championnats mondiaux aquatiques de la FINA en 1994. <\/span><\/p>\n<p><span style=\"font-weight: 400;\">\u00ab Je suis honor\u00e9e d&rsquo;avoir \u00e9t\u00e9 s\u00e9lectionn\u00e9e comme entra\u00eeneure en chef de cette \u00e9quipe et j&rsquo;aimerais remercier Synchro Canada pour la confiance qu&rsquo;ils mettent en moi \u00bb, a dit Tregale. \u00a0\u00ab Ce sera vraiment sp\u00e9cial pour nous tous de prendre part \u00e0 une comp\u00e9tition internationale dans notre propre pays, \u00e0 Calgary, en ao\u00fbt. \u00a0J&rsquo;ai h\u00e2te de travailler de nouveau avec les meilleures athl\u00e8tes junior au pays et de les aider \u00e0 se pr\u00e9parer pour cet \u00e9v\u00e9nement. \u00a0Je suis confiante que ce sera une exp\u00e9rience enrichissante pour toutes. \u00bb \u00a0<\/span><\/p>\n<p><span style=\"font-weight: 400;\">Les athl\u00e8tes qui feront partie de cette \u00e9quipe seront s\u00e9lectionn\u00e9es dans le cadre des Championnats canadiens ouverts Shiseido, qui auront lieu du 28 avril au 3 mai \u00e0 Toronto, ON. <\/span><\/p>\n<p><b>\u00c9quipe nationale des 13-15 ans 2015<\/b><\/p>\n<p><span style=\"font-weight: 400;\"><a href=\"http:\/\/synchro.wpengine.com\/wp-content\/uploads\/2016\/07\/Lilianne-Grenier.png\"><img decoding=\"async\" class=\"alignleft size-full wp-image-496\" src=\"http:\/\/synchro.wpengine.com\/wp-content\/uploads\/2016\/07\/Lilianne-Grenier.png\" alt=\"Lilianne Grenier\" width=\"109\" height=\"155\" \/><\/a><strong>Lilianne Grenier<\/strong> de Montr\u00e9al sera l&rsquo;entra\u00eeneure en chef de l&rsquo;\u00e9quipe nationale des 13-15 ans.<\/span><\/p>\n<p><span style=\"font-weight: 400;\">Grenier, \u00e9galement gestionnaire national du d\u00e9veloppement \u00e0 Synchro Canada, a pr\u00e8s de 14 ans d\u2019exp\u00e9rience en tant que nageuse synchronis\u00e9e et 15 \u00e0 titre d\u2019entra\u00eeneur. \u00a0L&rsquo;an dernier, elle a guid\u00e9 l&rsquo;\u00e9quipe nationale des 13-15 \u00e0 une 5e position en \u00e9quipe \u00e0 la Coupe de la M\u00e9dit\u00e9rann\u00e9e en Gr\u00e8ce. \u00a0En 2013, elle \u00e9tait l&rsquo;entra\u00eeneure en chef de l&rsquo;\u00e9quipe nationale junior qui a remport\u00e9 la m\u00e9daille d&rsquo;argent aux Championnats de l&rsquo;UANA \u00e0 Porto Rico et en 2012 elle \u00e9tait membre du personnel d\u2019entra\u00eeneures de l\u2019\u00e9quipe nationale senior B de Synchro Canada. Elle a agi \u00e0 titre de gestionnaire et d\u2019entra\u00eeneure d\u2019\u00e9quipes nationale et provinciale en Colombie, dont celle junior. Elle \u00e9tait \u00e9galement une apprentie-entra\u00eeneure avec l\u2019\u00e9quipe nationale des 13-15 ans de Synchro Canada en 2007. Elle poss\u00e8de un baccalaur\u00e9at en intervention de l\u2019activit\u00e9 physique, profil kin\u00e9siologie et travaille pr\u00e9sentement \u00e0 l&rsquo;obtention de sa certification de niveau 4 du P.N.C.E.<\/span><\/p>\n<p>\u00ab Je suis tr\u00e8s heureuse de me faire confier les rennes de l\u2019\u00e9quipe nationale des 13-15 ans pour une deuxi\u00e8me saison cons\u00e9cutive. \u00a0Il y a beaucoup de talent dans ce groupe d\u2019\u00e2ge au Canada et j\u2019aborde avec confiance le d\u00e9fi d\u2019aider ces jeunes athl\u00e8tes \u00e0 maximiser leur potentiel. \u00bb<\/p>\n<p><span style=\"font-weight: 400;\">L&rsquo;\u00e9quipe nationale des 13-15 ans sera s\u00e9lectionn\u00e9e suite aux Championnats canadiens Espoir 2015 qui auront lieu de 26 au 31 mai \u00e0 Saint John, au Nouveau-Brunswick.<\/span><\/p>\n<p>&nbsp;<\/p>\n<p><b>\u00c0 propos de Synchro Canada<\/b><\/p>\n<p><span style=\"font-weight: 400;\">Synchro Canada est l\u2019organisme national qui r\u00e9git le sport de la nage synchronis\u00e9e au Canada. \u00a0Il repr\u00e9sente dix associations provinciales et une association territoriale ainsi que pr\u00e8s de 150 clubs et plus de 12 000 membres \u00e0 travers le Canada. Membre de la FINA, l\u2019organisme mondial directeur des sports aquatiques, Synchro Canada favorise la poursuite del\u2019excellence tout en d\u00e9veloppant des athl\u00e8tes, des citoyens et des ambassadeurs du sport de la nage synchronis\u00e9e \u00e0 tous les niveaux.<\/span><\/p>\n<p><span style=\"font-weight: 400;\">Synchro Canada d\u00e9sire remercier ses commanditaires et partenaires :<\/span><\/p>\n<p><b>Partenaires de ses programmes : <\/b><span style=\"font-weight: 400;\">Sport Canada, \u00c0 nous le podium, l\u2019Institut national du sport du Qu\u00e9bec<\/span><\/p>\n<p><b>Fournisseur officiel aquatique : <\/b><span style=\"font-weight: 400;\">Speedo Canada<\/span><\/p>\n<p><b>Maquillage officiel : <\/b><span style=\"font-weight: 400;\">MAKE UP FOREVER<\/span><\/p>\n<p><b>Fournisseurs officiels : <\/b><span style=\"font-weight: 400;\">Knox Gelatine, AdUp, National Car Rental<\/span><\/p>\n<p><b>H\u00f4tel officiel : <\/b><span style=\"font-weight: 400;\">Hilton Worldwide<\/span><\/p>\n<p><span style=\"font-weight: 400;\">Pour plus de renseignements, consultez le site Internet de Synchro Canada au www.synchro.ca ou abonnez-vous aux m\u00e9dias sociaux de Synchro Canada : Twitter, Facebook et YouTube.<\/span><\/p>\n<p style=\"text-align: center;\"><span style=\"font-weight: 400;\">&#8211; 30 &#8211;<\/span><\/p>\n<p><b>Pour information : <\/b><\/p>\n<p><span style=\"font-weight: 400;\">St\u00e9phane C\u00f4t\u00e9<\/span><\/p>\n<p><span style=\"font-weight: 400;\">Synchro Canada<\/span><\/p>\n<p><span style=\"font-weight: 400;\">Coordonnateur des communications<\/span><\/p>\n<p><span style=\"font-weight: 400;\">Courriel : \u00a0<\/span><b>stephane@synchro.ca<\/b><\/p>\n<p><span style=\"font-weight: 400;\">T\u00e9l\u00e9phone : 418 420-2125<\/span><\/p>\n<p><span style=\"font-weight: 400;\">Site Internet : <\/span><b>www.synchro.ca<\/b><span style=\"font-weight: 400;\"> \u00a0\u00a0<\/span><\/p>\n<p><span style=\"font-weight: 400;\">Facebook : <\/span><a href=\"http:\/\/www.facebook.com\/synchrocanada\"><b>www.facebook.com\/synchrocanada<\/b><\/a><span style=\"font-weight: 400;\"> \u00a0<\/span><\/p>\n<p><span style=\"font-weight: 400;\">Twitter : <\/span><a href=\"http:\/\/www.twitter.com\/synchrocanada\"><b>www.twitter.com\/synchrocanada<\/b><\/a><\/p>\n<p><span style=\"font-weight: 400;\">Flickr: <\/span><a href=\"http:\/\/www.flickr.com\/photos\/synchrocanada\"><b>\u00a0www.flickr.com\/photos\/synchrocanada<\/b><\/a><\/p>\n","protected":false},"excerpt":{"rendered":"<p>Ottawa, 17 mars 2015 \u00a0\u2013 Synchro Canada est fi\u00e8re d&rsquo;annoncer la nomination des entra\u00eeneurs en chef de ses \u00e9quipes nationales junior et 13-15 ans pour l&rsquo;ann\u00e9e 2015. \u00c9quipe nationale junior 2015 Jenn Tregale de Calgary a \u00e9t\u00e9 nomm\u00e9e entra\u00eeneure en chef <a href=\"https:\/\/artisticswimming.ca\/fr\/jenn-tregale-et-lilianne-grenier-nommees-entraineures-en-chef-des-equipes-nationales-junior-et-13-15-ans-2015\/\"> [&#8230;]<\/a><\/p>\n","protected":false},"author":3,"featured_media":0,"comment_status":"open","ping_status":"open","sticky":false,"template":"","format":"standard","meta":{"_acf_changed":false,"footnotes":""},"categories":[155,154,73,1],"tags":[],"class_list":["post-498","post","type-post","status-publish","format-standard","hentry","category-equipe-nationale-13-15","category-equipe-nationale-junior","category-nouvelles","category-uncategorized"],"acf":[],"yoast_head":"<!-- This site is optimized with the Yoast SEO plugin v27.2 - https:\/\/yoast.com\/product\/yoast-seo-wordpress\/ -->\n<title>Jenn Tregale et Lilianne Grenier nomm\u00e9es Entra\u00eeneures en chef des \u00e9quipes nationales junior et 13-15 ans 2015 - Natation Artistique Canada<\/title>\n<meta name=\"robots\" content=\"index, follow, max-snippet:-1, max-image-preview:large, max-video-preview:-1\" \/>\n<link rel=\"canonical\" href=\"https:\/\/artisticswimming.ca\/fr\/jenn-tregale-et-lilianne-grenier-nommees-entraineures-en-chef-des-equipes-nationales-junior-et-13-15-ans-2015\/\" \/>\n<meta property=\"og:locale\" content=\"fr_FR\" \/>\n<meta property=\"og:type\" content=\"article\" \/>\n<meta property=\"og:title\" content=\"Jenn Tregale et Lilianne Grenier nomm\u00e9es Entra\u00eeneures en chef des \u00e9quipes nationales junior et 13-15 ans 2015 - Natation Artistique Canada\" \/>\n<meta property=\"og:description\" content=\"Ottawa, 17 mars 2015 \u00a0\u2013 Synchro Canada est fi\u00e8re d&rsquo;annoncer la nomination des entra\u00eeneurs en chef de ses \u00e9quipes nationales junior et 13-15 ans pour l&rsquo;ann\u00e9e 2015. \u00c9quipe nationale junior 2015 Jenn Tregale de Calgary a \u00e9t\u00e9 nomm\u00e9e entra\u00eeneure en chef [...]\" \/>\n<meta property=\"og:url\" content=\"https:\/\/artisticswimming.ca\/fr\/jenn-tregale-et-lilianne-grenier-nommees-entraineures-en-chef-des-equipes-nationales-junior-et-13-15-ans-2015\/\" \/>\n<meta property=\"og:site_name\" content=\"Natation Artistique Canada\" \/>\n<meta property=\"article:published_time\" content=\"2015-03-17T06:48:03+00:00\" \/>\n<meta property=\"article:modified_time\" content=\"2017-09-18T15:27:00+00:00\" \/>\n<meta property=\"og:image\" content=\"http:\/\/synchro.wpengine.com\/wp-content\/uploads\/2016\/07\/Tregale.png\" \/>\n<meta name=\"author\" content=\"Myriam Cote\" \/>\n<meta name=\"twitter:card\" content=\"summary_large_image\" \/>\n<meta name=\"twitter:label1\" content=\"\u00c9crit par\" \/>\n\t<meta name=\"twitter:data1\" content=\"Myriam Cote\" \/>\n\t<meta name=\"twitter:label2\" content=\"Dur\u00e9e de lecture estim\u00e9e\" \/>\n\t<meta name=\"twitter:data2\" content=\"5 minutes\" \/>\n<script type=\"application\/ld+json\" class=\"yoast-schema-graph\">{\"@context\":\"https:\/\/schema.org\",\"@graph\":[{\"@type\":\"Article\",\"@id\":\"https:\/\/artisticswimming.ca\/fr\/jenn-tregale-et-lilianne-grenier-nommees-entraineures-en-chef-des-equipes-nationales-junior-et-13-15-ans-2015\/#article\",\"isPartOf\":{\"@id\":\"https:\/\/artisticswimming.ca\/fr\/jenn-tregale-et-lilianne-grenier-nommees-entraineures-en-chef-des-equipes-nationales-junior-et-13-15-ans-2015\/\"},\"author\":{\"name\":\"Myriam Cote\",\"@id\":\"https:\/\/artisticswimming.ca\/fr\/#\/schema\/person\/76d6c2c9954d56641f9210cc7427bc76\"},\"headline\":\"Jenn Tregale et Lilianne Grenier nomm\u00e9es Entra\u00eeneures en chef des \u00e9quipes nationales junior et 13-15 ans 2015\",\"datePublished\":\"2015-03-17T06:48:03+00:00\",\"dateModified\":\"2017-09-18T15:27:00+00:00\",\"mainEntityOfPage\":{\"@id\":\"https:\/\/artisticswimming.ca\/fr\/jenn-tregale-et-lilianne-grenier-nommees-entraineures-en-chef-des-equipes-nationales-junior-et-13-15-ans-2015\/\"},\"wordCount\":920,\"commentCount\":0,\"image\":{\"@id\":\"https:\/\/artisticswimming.ca\/fr\/jenn-tregale-et-lilianne-grenier-nommees-entraineures-en-chef-des-equipes-nationales-junior-et-13-15-ans-2015\/#primaryimage\"},\"thumbnailUrl\":\"http:\/\/synchro.wpengine.com\/wp-content\/uploads\/2016\/07\/Tregale.png\",\"articleSection\":[\"\u00c9quipe Nationale 13-15\",\"\u00c9quipe Nationale Junior\",\"Nouvelles\",\"Uncategorized\"],\"inLanguage\":\"fr-FR\",\"potentialAction\":[{\"@type\":\"CommentAction\",\"name\":\"Comment\",\"target\":[\"https:\/\/artisticswimming.ca\/fr\/jenn-tregale-et-lilianne-grenier-nommees-entraineures-en-chef-des-equipes-nationales-junior-et-13-15-ans-2015\/#respond\"]}]},{\"@type\":\"WebPage\",\"@id\":\"https:\/\/artisticswimming.ca\/fr\/jenn-tregale-et-lilianne-grenier-nommees-entraineures-en-chef-des-equipes-nationales-junior-et-13-15-ans-2015\/\",\"url\":\"https:\/\/artisticswimming.ca\/fr\/jenn-tregale-et-lilianne-grenier-nommees-entraineures-en-chef-des-equipes-nationales-junior-et-13-15-ans-2015\/\",\"name\":\"Jenn Tregale et Lilianne Grenier nomm\u00e9es Entra\u00eeneures en chef des \u00e9quipes nationales junior et 13-15 ans 2015 - Natation Artistique Canada\",\"isPartOf\":{\"@id\":\"https:\/\/artisticswimming.ca\/fr\/#website\"},\"primaryImageOfPage\":{\"@id\":\"https:\/\/artisticswimming.ca\/fr\/jenn-tregale-et-lilianne-grenier-nommees-entraineures-en-chef-des-equipes-nationales-junior-et-13-15-ans-2015\/#primaryimage\"},\"image\":{\"@id\":\"https:\/\/artisticswimming.ca\/fr\/jenn-tregale-et-lilianne-grenier-nommees-entraineures-en-chef-des-equipes-nationales-junior-et-13-15-ans-2015\/#primaryimage\"},\"thumbnailUrl\":\"http:\/\/synchro.wpengine.com\/wp-content\/uploads\/2016\/07\/Tregale.png\",\"datePublished\":\"2015-03-17T06:48:03+00:00\",\"dateModified\":\"2017-09-18T15:27:00+00:00\",\"author\":{\"@id\":\"https:\/\/artisticswimming.ca\/fr\/#\/schema\/person\/76d6c2c9954d56641f9210cc7427bc76\"},\"breadcrumb\":{\"@id\":\"https:\/\/artisticswimming.ca\/fr\/jenn-tregale-et-lilianne-grenier-nommees-entraineures-en-chef-des-equipes-nationales-junior-et-13-15-ans-2015\/#breadcrumb\"},\"inLanguage\":\"fr-FR\",\"potentialAction\":[{\"@type\":\"ReadAction\",\"target\":[\"https:\/\/artisticswimming.ca\/fr\/jenn-tregale-et-lilianne-grenier-nommees-entraineures-en-chef-des-equipes-nationales-junior-et-13-15-ans-2015\/\"]}]},{\"@type\":\"ImageObject\",\"inLanguage\":\"fr-FR\",\"@id\":\"https:\/\/artisticswimming.ca\/fr\/jenn-tregale-et-lilianne-grenier-nommees-entraineures-en-chef-des-equipes-nationales-junior-et-13-15-ans-2015\/#primaryimage\",\"url\":\"http:\/\/synchro.wpengine.com\/wp-content\/uploads\/2016\/07\/Tregale.png\",\"contentUrl\":\"http:\/\/synchro.wpengine.com\/wp-content\/uploads\/2016\/07\/Tregale.png\"},{\"@type\":\"BreadcrumbList\",\"@id\":\"https:\/\/artisticswimming.ca\/fr\/jenn-tregale-et-lilianne-grenier-nommees-entraineures-en-chef-des-equipes-nationales-junior-et-13-15-ans-2015\/#breadcrumb\",\"itemListElement\":[{\"@type\":\"ListItem\",\"position\":1,\"name\":\"Home\",\"item\":\"https:\/\/artisticswimming.ca\/fr\/\"},{\"@type\":\"ListItem\",\"position\":2,\"name\":\"Jenn Tregale et Lilianne Grenier nomm\u00e9es Entra\u00eeneures en chef des \u00e9quipes nationales junior et 13-15 ans 2015\"}]},{\"@type\":\"WebSite\",\"@id\":\"https:\/\/artisticswimming.ca\/fr\/#website\",\"url\":\"https:\/\/artisticswimming.ca\/fr\/\",\"name\":\"Natation Artistique Canada\",\"description\":\"\",\"potentialAction\":[{\"@type\":\"SearchAction\",\"target\":{\"@type\":\"EntryPoint\",\"urlTemplate\":\"https:\/\/artisticswimming.ca\/fr\/?s={search_term_string}\"},\"query-input\":{\"@type\":\"PropertyValueSpecification\",\"valueRequired\":true,\"valueName\":\"search_term_string\"}}],\"inLanguage\":\"fr-FR\"},{\"@type\":\"Person\",\"@id\":\"https:\/\/artisticswimming.ca\/fr\/#\/schema\/person\/76d6c2c9954d56641f9210cc7427bc76\",\"name\":\"Myriam Cote\",\"image\":{\"@type\":\"ImageObject\",\"inLanguage\":\"fr-FR\",\"@id\":\"https:\/\/secure.gravatar.com\/avatar\/9636d581f11fe1ce5c868617703e52ebeddf65bc5ba83eda388709ba9ad9da61?s=96&d=mm&r=g\",\"url\":\"https:\/\/secure.gravatar.com\/avatar\/9636d581f11fe1ce5c868617703e52ebeddf65bc5ba83eda388709ba9ad9da61?s=96&d=mm&r=g\",\"contentUrl\":\"https:\/\/secure.gravatar.com\/avatar\/9636d581f11fe1ce5c868617703e52ebeddf65bc5ba83eda388709ba9ad9da61?s=96&d=mm&r=g\",\"caption\":\"Myriam Cote\"},\"url\":\"https:\/\/artisticswimming.ca\/fr\/author\/myriam\/\"}]}<\/script>\n<!-- \/ Yoast SEO plugin. -->","yoast_head_json":{"title":"Jenn Tregale et Lilianne Grenier nomm\u00e9es Entra\u00eeneures en chef des \u00e9quipes nationales junior et 13-15 ans 2015 - Natation Artistique Canada","robots":{"index":"index","follow":"follow","max-snippet":"max-snippet:-1","max-image-preview":"max-image-preview:large","max-video-preview":"max-video-preview:-1"},"canonical":"https:\/\/artisticswimming.ca\/fr\/jenn-tregale-et-lilianne-grenier-nommees-entraineures-en-chef-des-equipes-nationales-junior-et-13-15-ans-2015\/","og_locale":"fr_FR","og_type":"article","og_title":"Jenn Tregale et Lilianne Grenier nomm\u00e9es Entra\u00eeneures en chef des \u00e9quipes nationales junior et 13-15 ans 2015 - Natation Artistique Canada","og_description":"Ottawa, 17 mars 2015 \u00a0\u2013 Synchro Canada est fi\u00e8re d&rsquo;annoncer la nomination des entra\u00eeneurs en chef de ses \u00e9quipes nationales junior et 13-15 ans pour l&rsquo;ann\u00e9e 2015. \u00c9quipe nationale junior 2015 Jenn Tregale de Calgary a \u00e9t\u00e9 nomm\u00e9e entra\u00eeneure en chef [...]","og_url":"https:\/\/artisticswimming.ca\/fr\/jenn-tregale-et-lilianne-grenier-nommees-entraineures-en-chef-des-equipes-nationales-junior-et-13-15-ans-2015\/","og_site_name":"Natation Artistique Canada","article_published_time":"2015-03-17T06:48:03+00:00","article_modified_time":"2017-09-18T15:27:00+00:00","og_image":[{"url":"http:\/\/synchro.wpengine.com\/wp-content\/uploads\/2016\/07\/Tregale.png","type":"","width":"","height":""}],"author":"Myriam Cote","twitter_card":"summary_large_image","twitter_misc":{"\u00c9crit par":"Myriam Cote","Dur\u00e9e de lecture estim\u00e9e":"5 minutes"},"schema":{"@context":"https:\/\/schema.org","@graph":[{"@type":"Article","@id":"https:\/\/artisticswimming.ca\/fr\/jenn-tregale-et-lilianne-grenier-nommees-entraineures-en-chef-des-equipes-nationales-junior-et-13-15-ans-2015\/#article","isPartOf":{"@id":"https:\/\/artisticswimming.ca\/fr\/jenn-tregale-et-lilianne-grenier-nommees-entraineures-en-chef-des-equipes-nationales-junior-et-13-15-ans-2015\/"},"author":{"name":"Myriam Cote","@id":"https:\/\/artisticswimming.ca\/fr\/#\/schema\/person\/76d6c2c9954d56641f9210cc7427bc76"},"headline":"Jenn Tregale et Lilianne Grenier nomm\u00e9es Entra\u00eeneures en chef des \u00e9quipes nationales junior et 13-15 ans 2015","datePublished":"2015-03-17T06:48:03+00:00","dateModified":"2017-09-18T15:27:00+00:00","mainEntityOfPage":{"@id":"https:\/\/artisticswimming.ca\/fr\/jenn-tregale-et-lilianne-grenier-nommees-entraineures-en-chef-des-equipes-nationales-junior-et-13-15-ans-2015\/"},"wordCount":920,"commentCount":0,"image":{"@id":"https:\/\/artisticswimming.ca\/fr\/jenn-tregale-et-lilianne-grenier-nommees-entraineures-en-chef-des-equipes-nationales-junior-et-13-15-ans-2015\/#primaryimage"},"thumbnailUrl":"http:\/\/synchro.wpengine.com\/wp-content\/uploads\/2016\/07\/Tregale.png","articleSection":["\u00c9quipe Nationale 13-15","\u00c9quipe Nationale Junior","Nouvelles","Uncategorized"],"inLanguage":"fr-FR","potentialAction":[{"@type":"CommentAction","name":"Comment","target":["https:\/\/artisticswimming.ca\/fr\/jenn-tregale-et-lilianne-grenier-nommees-entraineures-en-chef-des-equipes-nationales-junior-et-13-15-ans-2015\/#respond"]}]},{"@type":"WebPage","@id":"https:\/\/artisticswimming.ca\/fr\/jenn-tregale-et-lilianne-grenier-nommees-entraineures-en-chef-des-equipes-nationales-junior-et-13-15-ans-2015\/","url":"https:\/\/artisticswimming.ca\/fr\/jenn-tregale-et-lilianne-grenier-nommees-entraineures-en-chef-des-equipes-nationales-junior-et-13-15-ans-2015\/","name":"Jenn Tregale et Lilianne Grenier nomm\u00e9es Entra\u00eeneures en chef des \u00e9quipes nationales junior et 13-15 ans 2015 - Natation Artistique Canada","isPartOf":{"@id":"https:\/\/artisticswimming.ca\/fr\/#website"},"primaryImageOfPage":{"@id":"https:\/\/artisticswimming.ca\/fr\/jenn-tregale-et-lilianne-grenier-nommees-entraineures-en-chef-des-equipes-nationales-junior-et-13-15-ans-2015\/#primaryimage"},"image":{"@id":"https:\/\/artisticswimming.ca\/fr\/jenn-tregale-et-lilianne-grenier-nommees-entraineures-en-chef-des-equipes-nationales-junior-et-13-15-ans-2015\/#primaryimage"},"thumbnailUrl":"http:\/\/synchro.wpengine.com\/wp-content\/uploads\/2016\/07\/Tregale.png","datePublished":"2015-03-17T06:48:03+00:00","dateModified":"2017-09-18T15:27:00+00:00","author":{"@id":"https:\/\/artisticswimming.ca\/fr\/#\/schema\/person\/76d6c2c9954d56641f9210cc7427bc76"},"breadcrumb":{"@id":"https:\/\/artisticswimming.ca\/fr\/jenn-tregale-et-lilianne-grenier-nommees-entraineures-en-chef-des-equipes-nationales-junior-et-13-15-ans-2015\/#breadcrumb"},"inLanguage":"fr-FR","potentialAction":[{"@type":"ReadAction","target":["https:\/\/artisticswimming.ca\/fr\/jenn-tregale-et-lilianne-grenier-nommees-entraineures-en-chef-des-equipes-nationales-junior-et-13-15-ans-2015\/"]}]},{"@type":"ImageObject","inLanguage":"fr-FR","@id":"https:\/\/artisticswimming.ca\/fr\/jenn-tregale-et-lilianne-grenier-nommees-entraineures-en-chef-des-equipes-nationales-junior-et-13-15-ans-2015\/#primaryimage","url":"http:\/\/synchro.wpengine.com\/wp-content\/uploads\/2016\/07\/Tregale.png","contentUrl":"http:\/\/synchro.wpengine.com\/wp-content\/uploads\/2016\/07\/Tregale.png"},{"@type":"BreadcrumbList","@id":"https:\/\/artisticswimming.ca\/fr\/jenn-tregale-et-lilianne-grenier-nommees-entraineures-en-chef-des-equipes-nationales-junior-et-13-15-ans-2015\/#breadcrumb","itemListElement":[{"@type":"ListItem","position":1,"name":"Home","item":"https:\/\/artisticswimming.ca\/fr\/"},{"@type":"ListItem","position":2,"name":"Jenn Tregale et Lilianne Grenier nomm\u00e9es Entra\u00eeneures en chef des \u00e9quipes nationales junior et 13-15 ans 2015"}]},{"@type":"WebSite","@id":"https:\/\/artisticswimming.ca\/fr\/#website","url":"https:\/\/artisticswimming.ca\/fr\/","name":"Natation Artistique Canada","description":"","potentialAction":[{"@type":"SearchAction","target":{"@type":"EntryPoint","urlTemplate":"https:\/\/artisticswimming.ca\/fr\/?s={search_term_string}"},"query-input":{"@type":"PropertyValueSpecification","valueRequired":true,"valueName":"search_term_string"}}],"inLanguage":"fr-FR"},{"@type":"Person","@id":"https:\/\/artisticswimming.ca\/fr\/#\/schema\/person\/76d6c2c9954d56641f9210cc7427bc76","name":"Myriam Cote","image":{"@type":"ImageObject","inLanguage":"fr-FR","@id":"https:\/\/secure.gravatar.com\/avatar\/9636d581f11fe1ce5c868617703e52ebeddf65bc5ba83eda388709ba9ad9da61?s=96&d=mm&r=g","url":"https:\/\/secure.gravatar.com\/avatar\/9636d581f11fe1ce5c868617703e52ebeddf65bc5ba83eda388709ba9ad9da61?s=96&d=mm&r=g","contentUrl":"https:\/\/secure.gravatar.com\/avatar\/9636d581f11fe1ce5c868617703e52ebeddf65bc5ba83eda388709ba9ad9da61?s=96&d=mm&r=g","caption":"Myriam Cote"},"url":"https:\/\/artisticswimming.ca\/fr\/author\/myriam\/"}]}},"_links":{"self":[{"href":"https:\/\/artisticswimming.ca\/fr\/wp-json\/wp\/v2\/posts\/498","targetHints":{"allow":["GET"]}}],"collection":[{"href":"https:\/\/artisticswimming.ca\/fr\/wp-json\/wp\/v2\/posts"}],"about":[{"href":"https:\/\/artisticswimming.ca\/fr\/wp-json\/wp\/v2\/types\/post"}],"author":[{"embeddable":true,"href":"https:\/\/artisticswimming.ca\/fr\/wp-json\/wp\/v2\/users\/3"}],"replies":[{"embeddable":true,"href":"https:\/\/artisticswimming.ca\/fr\/wp-json\/wp\/v2\/comments?post=498"}],"version-history":[{"count":0,"href":"https:\/\/artisticswimming.ca\/fr\/wp-json\/wp\/v2\/posts\/498\/revisions"}],"wp:attachment":[{"href":"https:\/\/artisticswimming.ca\/fr\/wp-json\/wp\/v2\/media?parent=498"}],"wp:term":[{"taxonomy":"category","embeddable":true,"href":"https:\/\/artisticswimming.ca\/fr\/wp-json\/wp\/v2\/categories?post=498"},{"taxonomy":"post_tag","embeddable":true,"href":"https:\/\/artisticswimming.ca\/fr\/wp-json\/wp\/v2\/tags?post=498"}],"curies":[{"name":"wp","href":"https:\/\/api.w.org\/{rel}","templated":true}]}}