{"id":5272,"date":"2018-07-17T22:07:33","date_gmt":"2018-07-17T22:07:33","guid":{"rendered":"http:\/\/artisticswim.wpengine.com\/canada-unveils-its-music-and-themes-for-2018-fina-artistic-swimming-junior-world-routines\/"},"modified":"2018-07-17T22:30:16","modified_gmt":"2018-07-17T22:30:16","slug":"canada-unveils-its-music-and-themes-for-2018-fina-artistic-swimming-junior-world-routines","status":"publish","type":"post","link":"https:\/\/artisticswimming.ca\/fr\/canada-unveils-its-music-and-themes-for-2018-fina-artistic-swimming-junior-world-routines\/","title":{"rendered":"Le Canada d\u00e9voile la musique et les th\u00e8mes de ses routines pour les Mondiaux junior de natation artistique de la FINA 2018"},"content":{"rendered":"<p><strong>Le 17 juillet 2018 <\/strong>\u2013 Synchro Canada (qui sera bient\u00f4t renomm\u00e9e Natation Artistique Canada) est heureuse de partager un aper\u00e7u des histoires qui se cachent derri\u00e8re les routines qui seront pr\u00e9sent\u00e9es au <em>Duna Arena<\/em> \u00e0 Budapest \u00e0 l\u2019occasion des Championnats du monde junior de natation artistique de la FINA 2018, du 18 au 22 juillet.<\/p>\n<p>\u00ab Nos talentueuses athl\u00e8tes juniors se sont entrain\u00e9es pendant plusieurs mois pour perfectionner ces pi\u00e8ces v\u00e9ritablement canadiennes et nous avons h\u00e2te que tout le monde puisse les regarder et les appr\u00e9cier \u00bb, a comment\u00e9 <strong>Kasia Kulesza<\/strong>, entraineure-chef. \u00ab La comp\u00e9tition sera diffus\u00e9e sur FINA TV (<a href=\"https:\/\/www.finatv.live\/fr\">https:\/\/www.finatv.live\/fr<\/a>) donc, pour la premi\u00e8re fois \u00e0 ce niveau, les fans \u00e0 la maison pourront se connecter et regarder leurs jeunes stars de natation artistique divertir le public sur place et \u00e0 la t\u00e9l\u00e9vision. \u00bb<\/p>\n<p>L\u2019\u00e9quipe d\u2019entraineures form\u00e9e de Kasia Kulesza et des deux entraineures adjointes <strong>Jennifer Tregale<\/strong> et <strong>Jennifer Koptie<\/strong> a re\u00e7u le soutien et la direction de la chor\u00e9graphe de renom mondial, <strong>Denise Sauv\u00e9<\/strong>, dans l\u2019assemblage de ces routines \u2013 l\u2019\u00e9quipe technique plus particuli\u00e8rement.<\/p>\n<p>Vous trouverez dans les prochains paragraphes quelques informations au sujet des directions musicales et th\u00e9matiques prises pour chaque routine des Championnats du monde junior.<\/p>\n<h3><strong>Solo technique <\/strong><\/h3>\n<h4><em>Finale \u2013 18 juillet, 15h heure locale (9h HAE)<\/em><\/h4>\n<p><strong>Emily Armstrong<\/strong> connait une histoire couronn\u00e9e de succ\u00e8s en tant que l&rsquo;une des solistes les plus en vue au Canada. Ce sera sa premi\u00e8re repr\u00e9sentation solo aux Championnats du monde et elle nagera au son de<em> Dreaming with a Broken Heart<\/em> de John Mayer pour son solo technique. Elle a particip\u00e9 \u00e0 cette \u00e9preuve de la cat\u00e9gorie d\u2019\u00e2ge s\u00e9nior toute la saison et a repr\u00e9sent\u00e9 le Canada avec le Centre d&rsquo;entrainement r\u00e9gional-Ontario lors du <em>French Open<\/em> de cette ann\u00e9e, dans le cadre de la S\u00e9rie mondiale FINA. Cette strat\u00e9gie l&rsquo;a bien pr\u00e9par\u00e9e pour les \u00e9l\u00e9ments juniors qui sont l\u00e9g\u00e8rement diff\u00e9rents et un peu moins difficiles, ce qui donne \u00e0 Emily un avantage contre certaines de ses concurrentes juniors. Surveillez la forte propulsion et la grande connexion artistique! Emily d\u00e9veloppe des comp\u00e9tences techniques de niveau international et travaille pour tirer parti de son pouvoir explosif.<\/p>\n<h3><strong>Solo libre<\/strong><\/h3>\n<h4><em>Pr\u00e9lim \u2013 18 juillet, 10h heure locale (4h HAE)<\/em><br \/>\n<em>Finale \u2013 18 juillet, 19h30 heure locale (13h30 HAE)<\/em><\/h4>\n<p>Emily nagera son solo libre sur l\u2019air de <em>Burning<\/em> de Sam Smith. Cette routine solo met en valeur la force de flexibilit\u00e9 d&rsquo;Emily \u00e0 la fois au-dessus et au-dessous de l&rsquo;eau, ainsi que sa capacit\u00e9 \u00e0 varier les mouvements. Emily a mis l&rsquo;accent sur la propulsion et la hauteur soutenue alors qu&rsquo;elle se pr\u00e9pare pour ses d\u00e9buts en solo au niveau mondial.<\/p>\n<h3><strong>Duo technique <\/strong><\/h3>\n<h4><em>Finale \u2013 19 juillet, 15h heure locale (9h HAE)<\/em><\/h4>\n<p><strong>Paige Hopper<\/strong>, Emily Armstrong et <strong>Catherine Barrett<\/strong> composent le duo technique. Emily et Paige ont remport\u00e9 la m\u00e9daille de bronze en duo \u00e0 la Coupe de la m\u00e9diterran\u00e9e 2014. Ce th\u00e8me de routine du duo est la <strong><em>\u00ab<\/em><\/strong> <strong><em>for\u00eat enchant\u00e9e \u00bb<\/em><\/strong> et s&rsquo;il est familier, c&rsquo;est parce qu&rsquo;il a \u00e9t\u00e9 utilis\u00e9 par le duo olympique canadien <strong>Simoneau<\/strong> et <strong>Thomas<\/strong> \u00e0 Rio en 2016 (<em>Breakout <\/em>&#8211; Ekholm et<em> Race to the Line<\/em> &#8211; Holroyde\/Ramazanoglu). La routine est pleine de mouvements difficiles, d&rsquo;angles et de vitesse. Le trio d&rsquo;athl\u00e8tes s&rsquo;est concentr\u00e9 sur la qualit\u00e9 et l&rsquo;ex\u00e9cution des \u00e9l\u00e9ments ainsi que sur la pr\u00e9sentation alors qu&rsquo;elles se pr\u00e9parent \u00e0 affronter le monde \u00e0 Budapest!<\/p>\n<h3><strong>Duo libre <\/strong><\/h3>\n<h4><em>Pr\u00e9lim \u2013 19 juillet, 10h heure locale (4h HAE)<\/em><br \/>\n<em>Finale \u2013 19 juillet, 19h30 heure locale (13h30 HAE)<\/em><\/h4>\n<p>Paige Hopper, Emily Armstrong et <strong>Mika\u00eblle Gauthier<\/strong> s&rsquo;associent pour former le duo libre. Leur routine sur la th\u00e9matique de <strong><em>\u00ab<\/em><\/strong> <strong><em>f\u00eate irlandaise \u00bb<\/em><\/strong> est empreinte de difficult\u00e9 et de vitesse (<em>Irish Party in Third Class <\/em>&#8211; Gaelic Storm). Surveillez leur puissance explosive et leur capacit\u00e9 d&rsquo;endurance. Emily, Paige et Mik ont travaill\u00e9 tr\u00e8s fort, particuli\u00e8rement sur la posture et la pr\u00e9sentation, pour capter l&rsquo;attention et l&rsquo;admiration des juges cette semaine.<\/p>\n<h3><strong>\u00c9quipe technique <\/strong><\/h3>\n<h4><em>Finale \u2013 20 juillet, 18h heure locale (Midi HAE)<\/em><\/h4>\n<p>Le th\u00e8me de la routine technique du Canada est<strong><em> \u00ab Extr\u00eame \u00bb<\/em><\/strong> et la musique est tir\u00e9e des sc\u00e8nes d\u2019action du film <em>The Italian Job <\/em>(2003). La routine comprend un important niveau de difficult\u00e9 dans la vari\u00e9t\u00e9 des mouvements et les actions soutenues de double jambe. Les athl\u00e8tes se sont concentr\u00e9es sur l\u2019ex\u00e9cution des \u00e9l\u00e9ments et le maintien de patrons pr\u00e9cis et serr\u00e9s.<\/p>\n<h3><strong>\u00c9quipe libre <\/strong><\/h3>\n<h4><em>Pr\u00e9lim \u2013 21 juillet, 11h heure locale (5h HAE)<\/em><br \/>\n<em>Finale \u2013 21 juillet, 18h heure locale (Midi HAE)<\/em><\/h4>\n<p>Cette routine est bas\u00e9e sur le th\u00e8me <strong><em>\u00ab We the North (Nous le Nord) \u00bb<\/em><\/strong>. Il s\u2019agit d\u2019une exploration de l&rsquo;hiver qui comprend des images sous-jacentes de puissance, de force, de feu, de glace et d&rsquo;unit\u00e9. La musique est une combinaison de trois s\u00e9lections de l\u2019artiste Epic Score et de deux du c\u00e9l\u00e8bre artiste torontois Drake. La routine a un fort niveau de difficult\u00e9 \u00e0 travers la variation de mouvement et les changements de patrons complexes. Gardez les yeux ouverts pour les bras \u00ab The Six \u00bb et le classique \u00ab Dab \u00bb! Cette routine a \u00e9t\u00e9 d\u00e9velopp\u00e9e et perform\u00e9e pour la premi\u00e8re fois par l&rsquo;\u00e9quipe Rel\u00e8ve du Canada lors de l\u2019<em>America Open 2017<\/em>. L&rsquo;\u00e9quipe adore nager cette routine et partager sa version de ce qui est typiquement canadien parce que tout le monde n&rsquo;a-t-il pas besoin \u00ab d&rsquo;un peu plus de Canada \u00bb?<\/p>\n<p>Synchro Canada (Natation Artistique Canada) reconnait les r\u00e9alisations de cette \u00e9quipe diversifi\u00e9e d&rsquo;athl\u00e8tes repr\u00e9sentant cinq provinces diff\u00e9rentes et de pr\u00e8s de deux ann\u00e9es de collaboration avec nos clubs et nos partenaires provinciaux, qui jouent tous un r\u00f4le important dans la formation quotidienne de nos athl\u00e8tes. Le Canada n\u2019est pas inscrit aux \u00e9preuves de duo mixte aux Championnats du monde junior parce que nous n&rsquo;avons pas encore de participant appropri\u00e9 pour ce niveau de comp\u00e9tition. Toutefois, nous croyons fermement et passionn\u00e9ment qu&rsquo;il y a une place importante pour les hommes dans le sport de la natation artistique et que nous continuerons \u00e0 renforcer le message d&rsquo;inclusion et de diversit\u00e9, tant \u00e0 l&rsquo;interne qu&rsquo;\u00e0 l&rsquo;externe.<\/p>\n<p>La vision de Synchro Canada est d\u2019\u00e9mouvoir et d&rsquo;inspirer les Canadiens \u00e0 travers les performances de nos nageurs artistiques, et de toujours s&rsquo;efforcer d&rsquo;\u00eatre des champions du monde et olympiques \u2013 en route vers le maintien d&rsquo;une position de leader mondial dans le sport. Nous esp\u00e9rons que vous appr\u00e9cierez nos futures stars dans leur tentative de laisser une impression durable \u00e0 Budapest!<\/p>\n","protected":false},"excerpt":{"rendered":"<p>Le 17 juillet 2018 \u2013 Synchro Canada (qui sera bient\u00f4t renomm\u00e9e Natation Artistique Canada) est heureuse de partager un aper\u00e7u des histoires qui se cachent derri\u00e8re les routines qui seront pr\u00e9sent\u00e9es au Duna Arena \u00e0 Budapest \u00e0 l\u2019occasion des Championnats du <a href=\"https:\/\/artisticswimming.ca\/fr\/canada-unveils-its-music-and-themes-for-2018-fina-artistic-swimming-junior-world-routines\/\"> [&#8230;]<\/a><\/p>\n","protected":false},"author":3,"featured_media":0,"comment_status":"open","ping_status":"open","sticky":false,"template":"","format":"standard","meta":{"_acf_changed":false,"footnotes":""},"categories":[87,154,73],"tags":[],"class_list":["post-5272","post","type-post","status-publish","format-standard","hentry","category-competition-fr","category-equipe-nationale-junior","category-nouvelles"],"acf":[],"yoast_head":"<!-- This site is optimized with the Yoast SEO plugin v27.2 - https:\/\/yoast.com\/product\/yoast-seo-wordpress\/ -->\n<title>Le Canada d\u00e9voile la musique et les th\u00e8mes de ses routines pour les Mondiaux junior de natation artistique de la FINA 2018 - Natation Artistique Canada<\/title>\n<meta name=\"robots\" content=\"index, follow, max-snippet:-1, max-image-preview:large, max-video-preview:-1\" \/>\n<link rel=\"canonical\" href=\"https:\/\/artisticswimming.ca\/fr\/canada-unveils-its-music-and-themes-for-2018-fina-artistic-swimming-junior-world-routines\/\" \/>\n<meta property=\"og:locale\" content=\"fr_FR\" \/>\n<meta property=\"og:type\" content=\"article\" \/>\n<meta property=\"og:title\" content=\"Le Canada d\u00e9voile la musique et les th\u00e8mes de ses routines pour les Mondiaux junior de natation artistique de la FINA 2018 - Natation Artistique Canada\" \/>\n<meta property=\"og:description\" content=\"Le 17 juillet 2018 \u2013 Synchro Canada (qui sera bient\u00f4t renomm\u00e9e Natation Artistique Canada) est heureuse de partager un aper\u00e7u des histoires qui se cachent derri\u00e8re les routines qui seront pr\u00e9sent\u00e9es au Duna Arena \u00e0 Budapest \u00e0 l\u2019occasion des Championnats du [...]\" \/>\n<meta property=\"og:url\" content=\"https:\/\/artisticswimming.ca\/fr\/canada-unveils-its-music-and-themes-for-2018-fina-artistic-swimming-junior-world-routines\/\" \/>\n<meta property=\"og:site_name\" content=\"Natation Artistique Canada\" \/>\n<meta property=\"article:published_time\" content=\"2018-07-17T22:07:33+00:00\" \/>\n<meta property=\"article:modified_time\" content=\"2018-07-17T22:30:16+00:00\" \/>\n<meta name=\"author\" content=\"Myriam Cote\" \/>\n<meta name=\"twitter:card\" content=\"summary_large_image\" \/>\n<meta name=\"twitter:label1\" content=\"\u00c9crit par\" \/>\n\t<meta name=\"twitter:data1\" content=\"Myriam Cote\" \/>\n\t<meta name=\"twitter:label2\" content=\"Dur\u00e9e de lecture estim\u00e9e\" \/>\n\t<meta name=\"twitter:data2\" content=\"6 minutes\" \/>\n<script type=\"application\/ld+json\" class=\"yoast-schema-graph\">{\"@context\":\"https:\/\/schema.org\",\"@graph\":[{\"@type\":\"Article\",\"@id\":\"https:\/\/artisticswimming.ca\/fr\/canada-unveils-its-music-and-themes-for-2018-fina-artistic-swimming-junior-world-routines\/#article\",\"isPartOf\":{\"@id\":\"https:\/\/artisticswimming.ca\/fr\/canada-unveils-its-music-and-themes-for-2018-fina-artistic-swimming-junior-world-routines\/\"},\"author\":{\"name\":\"Myriam Cote\",\"@id\":\"https:\/\/artisticswimming.ca\/fr\/#\/schema\/person\/76d6c2c9954d56641f9210cc7427bc76\"},\"headline\":\"Le Canada d\u00e9voile la musique et les th\u00e8mes de ses routines pour les Mondiaux junior de natation artistique de la FINA 2018\",\"datePublished\":\"2018-07-17T22:07:33+00:00\",\"dateModified\":\"2018-07-17T22:30:16+00:00\",\"mainEntityOfPage\":{\"@id\":\"https:\/\/artisticswimming.ca\/fr\/canada-unveils-its-music-and-themes-for-2018-fina-artistic-swimming-junior-world-routines\/\"},\"wordCount\":1139,\"commentCount\":0,\"articleSection\":[\"Comp\u00e9tition\",\"\u00c9quipe Nationale Junior\",\"Nouvelles\"],\"inLanguage\":\"fr-FR\",\"potentialAction\":[{\"@type\":\"CommentAction\",\"name\":\"Comment\",\"target\":[\"https:\/\/artisticswimming.ca\/fr\/canada-unveils-its-music-and-themes-for-2018-fina-artistic-swimming-junior-world-routines\/#respond\"]}]},{\"@type\":\"WebPage\",\"@id\":\"https:\/\/artisticswimming.ca\/fr\/canada-unveils-its-music-and-themes-for-2018-fina-artistic-swimming-junior-world-routines\/\",\"url\":\"https:\/\/artisticswimming.ca\/fr\/canada-unveils-its-music-and-themes-for-2018-fina-artistic-swimming-junior-world-routines\/\",\"name\":\"Le Canada d\u00e9voile la musique et les th\u00e8mes de ses routines pour les Mondiaux junior de natation artistique de la FINA 2018 - Natation Artistique Canada\",\"isPartOf\":{\"@id\":\"https:\/\/artisticswimming.ca\/fr\/#website\"},\"datePublished\":\"2018-07-17T22:07:33+00:00\",\"dateModified\":\"2018-07-17T22:30:16+00:00\",\"author\":{\"@id\":\"https:\/\/artisticswimming.ca\/fr\/#\/schema\/person\/76d6c2c9954d56641f9210cc7427bc76\"},\"breadcrumb\":{\"@id\":\"https:\/\/artisticswimming.ca\/fr\/canada-unveils-its-music-and-themes-for-2018-fina-artistic-swimming-junior-world-routines\/#breadcrumb\"},\"inLanguage\":\"fr-FR\",\"potentialAction\":[{\"@type\":\"ReadAction\",\"target\":[\"https:\/\/artisticswimming.ca\/fr\/canada-unveils-its-music-and-themes-for-2018-fina-artistic-swimming-junior-world-routines\/\"]}]},{\"@type\":\"BreadcrumbList\",\"@id\":\"https:\/\/artisticswimming.ca\/fr\/canada-unveils-its-music-and-themes-for-2018-fina-artistic-swimming-junior-world-routines\/#breadcrumb\",\"itemListElement\":[{\"@type\":\"ListItem\",\"position\":1,\"name\":\"Home\",\"item\":\"https:\/\/artisticswimming.ca\/fr\/\"},{\"@type\":\"ListItem\",\"position\":2,\"name\":\"Le Canada d\u00e9voile la musique et les th\u00e8mes de ses routines pour les Mondiaux junior de natation artistique de la FINA 2018\"}]},{\"@type\":\"WebSite\",\"@id\":\"https:\/\/artisticswimming.ca\/fr\/#website\",\"url\":\"https:\/\/artisticswimming.ca\/fr\/\",\"name\":\"Natation Artistique Canada\",\"description\":\"\",\"potentialAction\":[{\"@type\":\"SearchAction\",\"target\":{\"@type\":\"EntryPoint\",\"urlTemplate\":\"https:\/\/artisticswimming.ca\/fr\/?s={search_term_string}\"},\"query-input\":{\"@type\":\"PropertyValueSpecification\",\"valueRequired\":true,\"valueName\":\"search_term_string\"}}],\"inLanguage\":\"fr-FR\"},{\"@type\":\"Person\",\"@id\":\"https:\/\/artisticswimming.ca\/fr\/#\/schema\/person\/76d6c2c9954d56641f9210cc7427bc76\",\"name\":\"Myriam Cote\",\"image\":{\"@type\":\"ImageObject\",\"inLanguage\":\"fr-FR\",\"@id\":\"https:\/\/secure.gravatar.com\/avatar\/9636d581f11fe1ce5c868617703e52ebeddf65bc5ba83eda388709ba9ad9da61?s=96&d=mm&r=g\",\"url\":\"https:\/\/secure.gravatar.com\/avatar\/9636d581f11fe1ce5c868617703e52ebeddf65bc5ba83eda388709ba9ad9da61?s=96&d=mm&r=g\",\"contentUrl\":\"https:\/\/secure.gravatar.com\/avatar\/9636d581f11fe1ce5c868617703e52ebeddf65bc5ba83eda388709ba9ad9da61?s=96&d=mm&r=g\",\"caption\":\"Myriam Cote\"},\"url\":\"https:\/\/artisticswimming.ca\/fr\/author\/myriam\/\"}]}<\/script>\n<!-- \/ Yoast SEO plugin. -->","yoast_head_json":{"title":"Le Canada d\u00e9voile la musique et les th\u00e8mes de ses routines pour les Mondiaux junior de natation artistique de la FINA 2018 - Natation Artistique Canada","robots":{"index":"index","follow":"follow","max-snippet":"max-snippet:-1","max-image-preview":"max-image-preview:large","max-video-preview":"max-video-preview:-1"},"canonical":"https:\/\/artisticswimming.ca\/fr\/canada-unveils-its-music-and-themes-for-2018-fina-artistic-swimming-junior-world-routines\/","og_locale":"fr_FR","og_type":"article","og_title":"Le Canada d\u00e9voile la musique et les th\u00e8mes de ses routines pour les Mondiaux junior de natation artistique de la FINA 2018 - Natation Artistique Canada","og_description":"Le 17 juillet 2018 \u2013 Synchro Canada (qui sera bient\u00f4t renomm\u00e9e Natation Artistique Canada) est heureuse de partager un aper\u00e7u des histoires qui se cachent derri\u00e8re les routines qui seront pr\u00e9sent\u00e9es au Duna Arena \u00e0 Budapest \u00e0 l\u2019occasion des Championnats du [...]","og_url":"https:\/\/artisticswimming.ca\/fr\/canada-unveils-its-music-and-themes-for-2018-fina-artistic-swimming-junior-world-routines\/","og_site_name":"Natation Artistique Canada","article_published_time":"2018-07-17T22:07:33+00:00","article_modified_time":"2018-07-17T22:30:16+00:00","author":"Myriam Cote","twitter_card":"summary_large_image","twitter_misc":{"\u00c9crit par":"Myriam Cote","Dur\u00e9e de lecture estim\u00e9e":"6 minutes"},"schema":{"@context":"https:\/\/schema.org","@graph":[{"@type":"Article","@id":"https:\/\/artisticswimming.ca\/fr\/canada-unveils-its-music-and-themes-for-2018-fina-artistic-swimming-junior-world-routines\/#article","isPartOf":{"@id":"https:\/\/artisticswimming.ca\/fr\/canada-unveils-its-music-and-themes-for-2018-fina-artistic-swimming-junior-world-routines\/"},"author":{"name":"Myriam Cote","@id":"https:\/\/artisticswimming.ca\/fr\/#\/schema\/person\/76d6c2c9954d56641f9210cc7427bc76"},"headline":"Le Canada d\u00e9voile la musique et les th\u00e8mes de ses routines pour les Mondiaux junior de natation artistique de la FINA 2018","datePublished":"2018-07-17T22:07:33+00:00","dateModified":"2018-07-17T22:30:16+00:00","mainEntityOfPage":{"@id":"https:\/\/artisticswimming.ca\/fr\/canada-unveils-its-music-and-themes-for-2018-fina-artistic-swimming-junior-world-routines\/"},"wordCount":1139,"commentCount":0,"articleSection":["Comp\u00e9tition","\u00c9quipe Nationale Junior","Nouvelles"],"inLanguage":"fr-FR","potentialAction":[{"@type":"CommentAction","name":"Comment","target":["https:\/\/artisticswimming.ca\/fr\/canada-unveils-its-music-and-themes-for-2018-fina-artistic-swimming-junior-world-routines\/#respond"]}]},{"@type":"WebPage","@id":"https:\/\/artisticswimming.ca\/fr\/canada-unveils-its-music-and-themes-for-2018-fina-artistic-swimming-junior-world-routines\/","url":"https:\/\/artisticswimming.ca\/fr\/canada-unveils-its-music-and-themes-for-2018-fina-artistic-swimming-junior-world-routines\/","name":"Le Canada d\u00e9voile la musique et les th\u00e8mes de ses routines pour les Mondiaux junior de natation artistique de la FINA 2018 - Natation Artistique Canada","isPartOf":{"@id":"https:\/\/artisticswimming.ca\/fr\/#website"},"datePublished":"2018-07-17T22:07:33+00:00","dateModified":"2018-07-17T22:30:16+00:00","author":{"@id":"https:\/\/artisticswimming.ca\/fr\/#\/schema\/person\/76d6c2c9954d56641f9210cc7427bc76"},"breadcrumb":{"@id":"https:\/\/artisticswimming.ca\/fr\/canada-unveils-its-music-and-themes-for-2018-fina-artistic-swimming-junior-world-routines\/#breadcrumb"},"inLanguage":"fr-FR","potentialAction":[{"@type":"ReadAction","target":["https:\/\/artisticswimming.ca\/fr\/canada-unveils-its-music-and-themes-for-2018-fina-artistic-swimming-junior-world-routines\/"]}]},{"@type":"BreadcrumbList","@id":"https:\/\/artisticswimming.ca\/fr\/canada-unveils-its-music-and-themes-for-2018-fina-artistic-swimming-junior-world-routines\/#breadcrumb","itemListElement":[{"@type":"ListItem","position":1,"name":"Home","item":"https:\/\/artisticswimming.ca\/fr\/"},{"@type":"ListItem","position":2,"name":"Le Canada d\u00e9voile la musique et les th\u00e8mes de ses routines pour les Mondiaux junior de natation artistique de la FINA 2018"}]},{"@type":"WebSite","@id":"https:\/\/artisticswimming.ca\/fr\/#website","url":"https:\/\/artisticswimming.ca\/fr\/","name":"Natation Artistique Canada","description":"","potentialAction":[{"@type":"SearchAction","target":{"@type":"EntryPoint","urlTemplate":"https:\/\/artisticswimming.ca\/fr\/?s={search_term_string}"},"query-input":{"@type":"PropertyValueSpecification","valueRequired":true,"valueName":"search_term_string"}}],"inLanguage":"fr-FR"},{"@type":"Person","@id":"https:\/\/artisticswimming.ca\/fr\/#\/schema\/person\/76d6c2c9954d56641f9210cc7427bc76","name":"Myriam Cote","image":{"@type":"ImageObject","inLanguage":"fr-FR","@id":"https:\/\/secure.gravatar.com\/avatar\/9636d581f11fe1ce5c868617703e52ebeddf65bc5ba83eda388709ba9ad9da61?s=96&d=mm&r=g","url":"https:\/\/secure.gravatar.com\/avatar\/9636d581f11fe1ce5c868617703e52ebeddf65bc5ba83eda388709ba9ad9da61?s=96&d=mm&r=g","contentUrl":"https:\/\/secure.gravatar.com\/avatar\/9636d581f11fe1ce5c868617703e52ebeddf65bc5ba83eda388709ba9ad9da61?s=96&d=mm&r=g","caption":"Myriam Cote"},"url":"https:\/\/artisticswimming.ca\/fr\/author\/myriam\/"}]}},"_links":{"self":[{"href":"https:\/\/artisticswimming.ca\/fr\/wp-json\/wp\/v2\/posts\/5272","targetHints":{"allow":["GET"]}}],"collection":[{"href":"https:\/\/artisticswimming.ca\/fr\/wp-json\/wp\/v2\/posts"}],"about":[{"href":"https:\/\/artisticswimming.ca\/fr\/wp-json\/wp\/v2\/types\/post"}],"author":[{"embeddable":true,"href":"https:\/\/artisticswimming.ca\/fr\/wp-json\/wp\/v2\/users\/3"}],"replies":[{"embeddable":true,"href":"https:\/\/artisticswimming.ca\/fr\/wp-json\/wp\/v2\/comments?post=5272"}],"version-history":[{"count":0,"href":"https:\/\/artisticswimming.ca\/fr\/wp-json\/wp\/v2\/posts\/5272\/revisions"}],"wp:attachment":[{"href":"https:\/\/artisticswimming.ca\/fr\/wp-json\/wp\/v2\/media?parent=5272"}],"wp:term":[{"taxonomy":"category","embeddable":true,"href":"https:\/\/artisticswimming.ca\/fr\/wp-json\/wp\/v2\/categories?post=5272"},{"taxonomy":"post_tag","embeddable":true,"href":"https:\/\/artisticswimming.ca\/fr\/wp-json\/wp\/v2\/tags?post=5272"}],"curies":[{"name":"wp","href":"https:\/\/api.w.org\/{rel}","templated":true}]}}