{"id":5276,"date":"2018-07-18T22:01:09","date_gmt":"2018-07-18T22:01:09","guid":{"rendered":"http:\/\/artisticswim.wpengine.com\/?p=5276"},"modified":"2018-07-18T22:01:09","modified_gmt":"2018-07-18T22:01:09","slug":"emily-armstrong-se-classe-6e-en-solo-libre-aux-championnats-du-monde-junior-de-natation-artistique-de-la-fina","status":"publish","type":"post","link":"https:\/\/artisticswimming.ca\/fr\/emily-armstrong-se-classe-6e-en-solo-libre-aux-championnats-du-monde-junior-de-natation-artistique-de-la-fina\/","title":{"rendered":"Emily Armstrong se classe 6e en solo libre aux Championnats du monde junior de natation artistique de la FINA"},"content":{"rendered":"<p><strong>Budapest, HUN<\/strong> &#8211; <strong>Emily Armstrong<\/strong>, de Toronto (Ontario), a \u00e9t\u00e9 la premi\u00e8re Canadienne \u00e0 sauter \u00e0 l\u2019eau aux Championnats du monde junior de natation artistique de 2018 \u00e0 Budapest, en Hongrie. Participant \u00e0 la fois \u00e0 l\u2019\u00e9preuve technique et \u00e0 l\u2019\u00e9preuve libre de solo, Emily a livr\u00e9 trois solides performances face \u00e0 une forte opposition internationale comprenant des comp\u00e9titrices de 32 pays.<\/p>\n<p>Lors de l\u2019\u00e9preuve pr\u00e9liminaire de solo libre qui s&rsquo;est d\u00e9roul\u00e9e dans la matin\u00e9e, Emily s&rsquo;est hiss\u00e9e \u00e0 la sixi\u00e8me place avec un pointage de 85,5000, ce qui lui a permis de se classer dans la moiti\u00e9 sup\u00e9rieure du tableau pour la finale ayant lieu en soir\u00e9e. Nageant huiti\u00e8me dans la finale, Emily a livr\u00e9 une prestation pleine d&rsquo;\u00e9nergie et a obtenu 85,9000 points, se m\u00e9ritant une sixi\u00e8me position.<\/p>\n<p>La Russe <strong>Varvara Subbotina<\/strong>, qui a \u00e9galement remport\u00e9 l&rsquo;\u00e9preuve de solo il y a deux ans \u00e0 Kazan et qui est, \u00e0 l&rsquo;\u00e2ge de 17 ans, l&rsquo;actuelle soliste russe s\u00e9nior, a remport\u00e9 l&rsquo;or avec 93,5667. <strong>Marta Fiedina<\/strong>, de l&rsquo;Ukraine, a termin\u00e9 en deuxi\u00e8me position et <strong>Mana Fujiwara<\/strong>, du Japon, a remport\u00e9 le bronze.<\/p>\n<p>Dans l&rsquo;\u00e9preuve de solo technique, Emily s&rsquo;est class\u00e9e en huiti\u00e8me\u00a0position avec un score de 83,7689. Subbotina, Fiedina et Fujiwara ont r\u00e9cidiv\u00e9 en tant que m\u00e9daill\u00e9es d&rsquo;or, d&rsquo;argent et de bronze, respectivement.<\/p>\n<p>Tenus au <em>Duna Arena<\/em>, un site de 5000 places construit sp\u00e9cifiquement pour les Championnats du monde de la FINA qui ont eu lieu \u00e0 Budapest l&rsquo;ann\u00e9e derni\u00e8re, les Championnats du monde juniors de natation artistique 2018 reprennent demain avec les \u00e9preuves de duo. Emily Armstrong sera accompagn\u00e9e de <strong>Paige Hopper<\/strong> de Calgary (Alberta) pour le duo libre (substitut\u00a0: <strong>Mika\u00eblle Gauthier<\/strong>) et le duo technique (substitut: <strong>Catherine Barrett<\/strong>).<\/p>\n<h3>Horaire \u2013 19 juillet 2018<\/h3>\n<table style=\"font-size: 12px;\" width=\"100%\" cellpadding=\"5px\">\n<tbody>\n<tr style=\"border-top: solid thin #AAAAAA; background-color: #444444; color: #ffffff;\">\n<td>\u00c9PREUVE<\/td>\n<td>HEURE<\/td>\n<\/tr>\n<tr style=\"border-top: solid thin #AAAAAA;\">\n<td><b>Duo libre &#8211; Pr\u00e9lims<\/b><\/td>\n<td>10h local (4h HAE)<\/td>\n<\/tr>\n<tr style=\"border-top: solid thin #AAAAAA;\">\n<td><strong>Duo tech &#8211; Finale<\/strong><\/td>\n<td>13h local (7h HAE)<\/td>\n<\/tr>\n<tr style=\"border-top: solid thin #AAAAAA;\">\n<td><strong>Duo libre &#8211; Finale<\/strong><\/td>\n<td>19h30 local (13h30 HAE)<\/td>\n<\/tr>\n<\/tbody>\n<\/table>\n<p>Pour tous les horaires, ordres de passage, r\u00e9sultats des Canadiennes ainsi que les liens vers la diffusion en direct, visites la <a href=\"https:\/\/artisticswimming.ca\/fr\/event\/2018-fina-artistic-swimming-junior-world-championships\/?lang=fr\">page de l&rsquo;\u00e9v\u00e9nement sur synchro.ca<\/a>.<\/p>\n<p>Pour plus d&rsquo;informations sur les Championnats du monde junior, visitez le <a href=\"https:\/\/www.fina.org\/event\/fina-world-junior-artistic-swimming-championships\/home\" target=\"_blank\" rel=\"noopener\">site web de la FINA<\/a>.<\/p>\n","protected":false},"excerpt":{"rendered":"<p>Budapest, HUN &#8211; Emily Armstrong, de Toronto (Ontario), a \u00e9t\u00e9 la premi\u00e8re Canadienne \u00e0 sauter \u00e0 l\u2019eau aux Championnats du monde junior de natation artistique de 2018 \u00e0 Budapest, en Hongrie. Participant \u00e0 la fois \u00e0 l\u2019\u00e9preuve technique et \u00e0 l\u2019\u00e9preuve <a href=\"https:\/\/artisticswimming.ca\/fr\/emily-armstrong-se-classe-6e-en-solo-libre-aux-championnats-du-monde-junior-de-natation-artistique-de-la-fina\/\"> [&#8230;]<\/a><\/p>\n","protected":false},"author":3,"featured_media":0,"comment_status":"open","ping_status":"open","sticky":false,"template":"","format":"standard","meta":{"_acf_changed":false,"footnotes":""},"categories":[87,154,73],"tags":[],"class_list":["post-5276","post","type-post","status-publish","format-standard","hentry","category-competition-fr","category-equipe-nationale-junior","category-nouvelles"],"acf":[],"yoast_head":"<!-- This site is optimized with the Yoast SEO plugin v27.2 - https:\/\/yoast.com\/product\/yoast-seo-wordpress\/ -->\n<title>Emily Armstrong se classe 6e en solo libre aux Championnats du monde junior de natation artistique de la FINA - Natation Artistique Canada<\/title>\n<meta name=\"robots\" content=\"index, follow, max-snippet:-1, max-image-preview:large, max-video-preview:-1\" \/>\n<link rel=\"canonical\" href=\"https:\/\/artisticswimming.ca\/fr\/emily-armstrong-se-classe-6e-en-solo-libre-aux-championnats-du-monde-junior-de-natation-artistique-de-la-fina\/\" \/>\n<meta property=\"og:locale\" content=\"fr_FR\" \/>\n<meta property=\"og:type\" content=\"article\" \/>\n<meta property=\"og:title\" content=\"Emily Armstrong se classe 6e en solo libre aux Championnats du monde junior de natation artistique de la FINA - Natation Artistique Canada\" \/>\n<meta property=\"og:description\" content=\"Budapest, HUN &#8211; Emily Armstrong, de Toronto (Ontario), a \u00e9t\u00e9 la premi\u00e8re Canadienne \u00e0 sauter \u00e0 l\u2019eau aux Championnats du monde junior de natation artistique de 2018 \u00e0 Budapest, en Hongrie. Participant \u00e0 la fois \u00e0 l\u2019\u00e9preuve technique et \u00e0 l\u2019\u00e9preuve [...]\" \/>\n<meta property=\"og:url\" content=\"https:\/\/artisticswimming.ca\/fr\/emily-armstrong-se-classe-6e-en-solo-libre-aux-championnats-du-monde-junior-de-natation-artistique-de-la-fina\/\" \/>\n<meta property=\"og:site_name\" content=\"Natation Artistique Canada\" \/>\n<meta property=\"article:published_time\" content=\"2018-07-18T22:01:09+00:00\" \/>\n<meta name=\"author\" content=\"Myriam Cote\" \/>\n<meta name=\"twitter:card\" content=\"summary_large_image\" \/>\n<meta name=\"twitter:label1\" content=\"\u00c9crit par\" \/>\n\t<meta name=\"twitter:data1\" content=\"Myriam Cote\" \/>\n\t<meta name=\"twitter:label2\" content=\"Dur\u00e9e de lecture estim\u00e9e\" \/>\n\t<meta name=\"twitter:data2\" content=\"2 minutes\" \/>\n<script type=\"application\/ld+json\" class=\"yoast-schema-graph\">{\"@context\":\"https:\/\/schema.org\",\"@graph\":[{\"@type\":\"Article\",\"@id\":\"https:\/\/artisticswimming.ca\/fr\/emily-armstrong-se-classe-6e-en-solo-libre-aux-championnats-du-monde-junior-de-natation-artistique-de-la-fina\/#article\",\"isPartOf\":{\"@id\":\"https:\/\/artisticswimming.ca\/fr\/emily-armstrong-se-classe-6e-en-solo-libre-aux-championnats-du-monde-junior-de-natation-artistique-de-la-fina\/\"},\"author\":{\"name\":\"Myriam Cote\",\"@id\":\"https:\/\/artisticswimming.ca\/fr\/#\/schema\/person\/76d6c2c9954d56641f9210cc7427bc76\"},\"headline\":\"Emily Armstrong se classe 6e en solo libre aux Championnats du monde junior de natation artistique de la FINA\",\"datePublished\":\"2018-07-18T22:01:09+00:00\",\"mainEntityOfPage\":{\"@id\":\"https:\/\/artisticswimming.ca\/fr\/emily-armstrong-se-classe-6e-en-solo-libre-aux-championnats-du-monde-junior-de-natation-artistique-de-la-fina\/\"},\"wordCount\":389,\"commentCount\":0,\"articleSection\":[\"Comp\u00e9tition\",\"\u00c9quipe Nationale Junior\",\"Nouvelles\"],\"inLanguage\":\"fr-FR\",\"potentialAction\":[{\"@type\":\"CommentAction\",\"name\":\"Comment\",\"target\":[\"https:\/\/artisticswimming.ca\/fr\/emily-armstrong-se-classe-6e-en-solo-libre-aux-championnats-du-monde-junior-de-natation-artistique-de-la-fina\/#respond\"]}]},{\"@type\":\"WebPage\",\"@id\":\"https:\/\/artisticswimming.ca\/fr\/emily-armstrong-se-classe-6e-en-solo-libre-aux-championnats-du-monde-junior-de-natation-artistique-de-la-fina\/\",\"url\":\"https:\/\/artisticswimming.ca\/fr\/emily-armstrong-se-classe-6e-en-solo-libre-aux-championnats-du-monde-junior-de-natation-artistique-de-la-fina\/\",\"name\":\"Emily Armstrong se classe 6e en solo libre aux Championnats du monde junior de natation artistique de la FINA - Natation Artistique Canada\",\"isPartOf\":{\"@id\":\"https:\/\/artisticswimming.ca\/fr\/#website\"},\"datePublished\":\"2018-07-18T22:01:09+00:00\",\"author\":{\"@id\":\"https:\/\/artisticswimming.ca\/fr\/#\/schema\/person\/76d6c2c9954d56641f9210cc7427bc76\"},\"breadcrumb\":{\"@id\":\"https:\/\/artisticswimming.ca\/fr\/emily-armstrong-se-classe-6e-en-solo-libre-aux-championnats-du-monde-junior-de-natation-artistique-de-la-fina\/#breadcrumb\"},\"inLanguage\":\"fr-FR\",\"potentialAction\":[{\"@type\":\"ReadAction\",\"target\":[\"https:\/\/artisticswimming.ca\/fr\/emily-armstrong-se-classe-6e-en-solo-libre-aux-championnats-du-monde-junior-de-natation-artistique-de-la-fina\/\"]}]},{\"@type\":\"BreadcrumbList\",\"@id\":\"https:\/\/artisticswimming.ca\/fr\/emily-armstrong-se-classe-6e-en-solo-libre-aux-championnats-du-monde-junior-de-natation-artistique-de-la-fina\/#breadcrumb\",\"itemListElement\":[{\"@type\":\"ListItem\",\"position\":1,\"name\":\"Home\",\"item\":\"https:\/\/artisticswimming.ca\/fr\/\"},{\"@type\":\"ListItem\",\"position\":2,\"name\":\"Emily Armstrong se classe 6e en solo libre aux Championnats du monde junior de natation artistique de la FINA\"}]},{\"@type\":\"WebSite\",\"@id\":\"https:\/\/artisticswimming.ca\/fr\/#website\",\"url\":\"https:\/\/artisticswimming.ca\/fr\/\",\"name\":\"Natation Artistique Canada\",\"description\":\"\",\"potentialAction\":[{\"@type\":\"SearchAction\",\"target\":{\"@type\":\"EntryPoint\",\"urlTemplate\":\"https:\/\/artisticswimming.ca\/fr\/?s={search_term_string}\"},\"query-input\":{\"@type\":\"PropertyValueSpecification\",\"valueRequired\":true,\"valueName\":\"search_term_string\"}}],\"inLanguage\":\"fr-FR\"},{\"@type\":\"Person\",\"@id\":\"https:\/\/artisticswimming.ca\/fr\/#\/schema\/person\/76d6c2c9954d56641f9210cc7427bc76\",\"name\":\"Myriam Cote\",\"image\":{\"@type\":\"ImageObject\",\"inLanguage\":\"fr-FR\",\"@id\":\"https:\/\/secure.gravatar.com\/avatar\/9636d581f11fe1ce5c868617703e52ebeddf65bc5ba83eda388709ba9ad9da61?s=96&d=mm&r=g\",\"url\":\"https:\/\/secure.gravatar.com\/avatar\/9636d581f11fe1ce5c868617703e52ebeddf65bc5ba83eda388709ba9ad9da61?s=96&d=mm&r=g\",\"contentUrl\":\"https:\/\/secure.gravatar.com\/avatar\/9636d581f11fe1ce5c868617703e52ebeddf65bc5ba83eda388709ba9ad9da61?s=96&d=mm&r=g\",\"caption\":\"Myriam Cote\"},\"url\":\"https:\/\/artisticswimming.ca\/fr\/author\/myriam\/\"}]}<\/script>\n<!-- \/ Yoast SEO plugin. -->","yoast_head_json":{"title":"Emily Armstrong se classe 6e en solo libre aux Championnats du monde junior de natation artistique de la FINA - Natation Artistique Canada","robots":{"index":"index","follow":"follow","max-snippet":"max-snippet:-1","max-image-preview":"max-image-preview:large","max-video-preview":"max-video-preview:-1"},"canonical":"https:\/\/artisticswimming.ca\/fr\/emily-armstrong-se-classe-6e-en-solo-libre-aux-championnats-du-monde-junior-de-natation-artistique-de-la-fina\/","og_locale":"fr_FR","og_type":"article","og_title":"Emily Armstrong se classe 6e en solo libre aux Championnats du monde junior de natation artistique de la FINA - Natation Artistique Canada","og_description":"Budapest, HUN &#8211; Emily Armstrong, de Toronto (Ontario), a \u00e9t\u00e9 la premi\u00e8re Canadienne \u00e0 sauter \u00e0 l\u2019eau aux Championnats du monde junior de natation artistique de 2018 \u00e0 Budapest, en Hongrie. Participant \u00e0 la fois \u00e0 l\u2019\u00e9preuve technique et \u00e0 l\u2019\u00e9preuve [...]","og_url":"https:\/\/artisticswimming.ca\/fr\/emily-armstrong-se-classe-6e-en-solo-libre-aux-championnats-du-monde-junior-de-natation-artistique-de-la-fina\/","og_site_name":"Natation Artistique Canada","article_published_time":"2018-07-18T22:01:09+00:00","author":"Myriam Cote","twitter_card":"summary_large_image","twitter_misc":{"\u00c9crit par":"Myriam Cote","Dur\u00e9e de lecture estim\u00e9e":"2 minutes"},"schema":{"@context":"https:\/\/schema.org","@graph":[{"@type":"Article","@id":"https:\/\/artisticswimming.ca\/fr\/emily-armstrong-se-classe-6e-en-solo-libre-aux-championnats-du-monde-junior-de-natation-artistique-de-la-fina\/#article","isPartOf":{"@id":"https:\/\/artisticswimming.ca\/fr\/emily-armstrong-se-classe-6e-en-solo-libre-aux-championnats-du-monde-junior-de-natation-artistique-de-la-fina\/"},"author":{"name":"Myriam Cote","@id":"https:\/\/artisticswimming.ca\/fr\/#\/schema\/person\/76d6c2c9954d56641f9210cc7427bc76"},"headline":"Emily Armstrong se classe 6e en solo libre aux Championnats du monde junior de natation artistique de la FINA","datePublished":"2018-07-18T22:01:09+00:00","mainEntityOfPage":{"@id":"https:\/\/artisticswimming.ca\/fr\/emily-armstrong-se-classe-6e-en-solo-libre-aux-championnats-du-monde-junior-de-natation-artistique-de-la-fina\/"},"wordCount":389,"commentCount":0,"articleSection":["Comp\u00e9tition","\u00c9quipe Nationale Junior","Nouvelles"],"inLanguage":"fr-FR","potentialAction":[{"@type":"CommentAction","name":"Comment","target":["https:\/\/artisticswimming.ca\/fr\/emily-armstrong-se-classe-6e-en-solo-libre-aux-championnats-du-monde-junior-de-natation-artistique-de-la-fina\/#respond"]}]},{"@type":"WebPage","@id":"https:\/\/artisticswimming.ca\/fr\/emily-armstrong-se-classe-6e-en-solo-libre-aux-championnats-du-monde-junior-de-natation-artistique-de-la-fina\/","url":"https:\/\/artisticswimming.ca\/fr\/emily-armstrong-se-classe-6e-en-solo-libre-aux-championnats-du-monde-junior-de-natation-artistique-de-la-fina\/","name":"Emily Armstrong se classe 6e en solo libre aux Championnats du monde junior de natation artistique de la FINA - Natation Artistique Canada","isPartOf":{"@id":"https:\/\/artisticswimming.ca\/fr\/#website"},"datePublished":"2018-07-18T22:01:09+00:00","author":{"@id":"https:\/\/artisticswimming.ca\/fr\/#\/schema\/person\/76d6c2c9954d56641f9210cc7427bc76"},"breadcrumb":{"@id":"https:\/\/artisticswimming.ca\/fr\/emily-armstrong-se-classe-6e-en-solo-libre-aux-championnats-du-monde-junior-de-natation-artistique-de-la-fina\/#breadcrumb"},"inLanguage":"fr-FR","potentialAction":[{"@type":"ReadAction","target":["https:\/\/artisticswimming.ca\/fr\/emily-armstrong-se-classe-6e-en-solo-libre-aux-championnats-du-monde-junior-de-natation-artistique-de-la-fina\/"]}]},{"@type":"BreadcrumbList","@id":"https:\/\/artisticswimming.ca\/fr\/emily-armstrong-se-classe-6e-en-solo-libre-aux-championnats-du-monde-junior-de-natation-artistique-de-la-fina\/#breadcrumb","itemListElement":[{"@type":"ListItem","position":1,"name":"Home","item":"https:\/\/artisticswimming.ca\/fr\/"},{"@type":"ListItem","position":2,"name":"Emily Armstrong se classe 6e en solo libre aux Championnats du monde junior de natation artistique de la FINA"}]},{"@type":"WebSite","@id":"https:\/\/artisticswimming.ca\/fr\/#website","url":"https:\/\/artisticswimming.ca\/fr\/","name":"Natation Artistique Canada","description":"","potentialAction":[{"@type":"SearchAction","target":{"@type":"EntryPoint","urlTemplate":"https:\/\/artisticswimming.ca\/fr\/?s={search_term_string}"},"query-input":{"@type":"PropertyValueSpecification","valueRequired":true,"valueName":"search_term_string"}}],"inLanguage":"fr-FR"},{"@type":"Person","@id":"https:\/\/artisticswimming.ca\/fr\/#\/schema\/person\/76d6c2c9954d56641f9210cc7427bc76","name":"Myriam Cote","image":{"@type":"ImageObject","inLanguage":"fr-FR","@id":"https:\/\/secure.gravatar.com\/avatar\/9636d581f11fe1ce5c868617703e52ebeddf65bc5ba83eda388709ba9ad9da61?s=96&d=mm&r=g","url":"https:\/\/secure.gravatar.com\/avatar\/9636d581f11fe1ce5c868617703e52ebeddf65bc5ba83eda388709ba9ad9da61?s=96&d=mm&r=g","contentUrl":"https:\/\/secure.gravatar.com\/avatar\/9636d581f11fe1ce5c868617703e52ebeddf65bc5ba83eda388709ba9ad9da61?s=96&d=mm&r=g","caption":"Myriam Cote"},"url":"https:\/\/artisticswimming.ca\/fr\/author\/myriam\/"}]}},"_links":{"self":[{"href":"https:\/\/artisticswimming.ca\/fr\/wp-json\/wp\/v2\/posts\/5276","targetHints":{"allow":["GET"]}}],"collection":[{"href":"https:\/\/artisticswimming.ca\/fr\/wp-json\/wp\/v2\/posts"}],"about":[{"href":"https:\/\/artisticswimming.ca\/fr\/wp-json\/wp\/v2\/types\/post"}],"author":[{"embeddable":true,"href":"https:\/\/artisticswimming.ca\/fr\/wp-json\/wp\/v2\/users\/3"}],"replies":[{"embeddable":true,"href":"https:\/\/artisticswimming.ca\/fr\/wp-json\/wp\/v2\/comments?post=5276"}],"version-history":[{"count":0,"href":"https:\/\/artisticswimming.ca\/fr\/wp-json\/wp\/v2\/posts\/5276\/revisions"}],"wp:attachment":[{"href":"https:\/\/artisticswimming.ca\/fr\/wp-json\/wp\/v2\/media?parent=5276"}],"wp:term":[{"taxonomy":"category","embeddable":true,"href":"https:\/\/artisticswimming.ca\/fr\/wp-json\/wp\/v2\/categories?post=5276"},{"taxonomy":"post_tag","embeddable":true,"href":"https:\/\/artisticswimming.ca\/fr\/wp-json\/wp\/v2\/tags?post=5276"}],"curies":[{"name":"wp","href":"https:\/\/api.w.org\/{rel}","templated":true}]}}