{"id":5334,"date":"2018-07-26T20:12:31","date_gmt":"2018-07-27T00:12:31","guid":{"rendered":"http:\/\/artisticswim.wpengine.com\/?p=5334"},"modified":"2020-01-03T17:46:43","modified_gmt":"2020-01-03T22:46:43","slug":"la-communaute-de-nage-synchronisee-pleure-la-perte-de-julianna-kozis","status":"publish","type":"post","link":"https:\/\/artisticswimming.ca\/fr\/la-communaute-de-nage-synchronisee-pleure-la-perte-de-julianna-kozis\/","title":{"rendered":"La communaut\u00e9 de nage synchronis\u00e9e pleure la perte de Julianna Kozis"},"content":{"rendered":"<p><a href=\"http:\/\/artisticswim.wpengine.com\/wp-content\/uploads\/2018\/07\/Statement-Julianna-Kozis-final-fr.pdf\" target=\"_blank\" rel=\"noopener noreferrer\">&gt; T\u00e9l\u00e9charger le communiqu\u00e9 conjoint de Markham Synchro Club, Synchro Swim Ontario et Synchro Canada<\/a><\/p>\n<p>Toute la communaut\u00e9 de nage synchronis\u00e9e est en deuil apr\u00e8s la mort tragique de <strong>Julianna Kozis<\/strong>, 10 ans, le dimanche 22 juillet dernier, lors de la fusillade de Danforth. Julianna \u00e9tait une belle jeune athl\u00e8te qui en \u00e9tait \u00e0 sa troisi\u00e8me ann\u00e9e dans notre sport. Elle a nag\u00e9 la saison derni\u00e8re avec le <strong>Markham Synchro Club<\/strong> en tant qu&rsquo;athl\u00e8te comp\u00e9titive provinciale de la cat\u00e9gorie d\u2019\u00e2ge 10 ans et moins.<\/p>\n<p>\u00ab Il n&rsquo;y a pas de mots pour exprimer notre tristesse. Notre club est comme une famille et nous avons perdu l&rsquo;une des n\u00f4tres \u00bb, a d\u00e9clar\u00e9 la pr\u00e9sidente du Markham Synchro Club, <strong>Alacoe MacTavish<\/strong>. \u00ab Nos plus sinc\u00e8res condol\u00e9ances ont \u00e9t\u00e9 offertes \u00e0 la famille et aux amis de Julianna et nous travaillons en tant que club pour s&rsquo;assurer que les co\u00e9quipi\u00e8res de Julianna ont le soutien dont elles ont besoin. \u00bb<\/p>\n<p>Le <strong>Markham Synchro Club<\/strong>, <strong>Synchro Swim Ontario<\/strong> et <strong>Synchro Canada<\/strong> ont travaill\u00e9 \u00e0 identifier les meilleures ressources et approches possibles pour g\u00e9rer et att\u00e9nuer les traumatismes suppl\u00e9mentaires pour les co\u00e9quipi\u00e8res de Julianna. Les organisations travaillent avec des conseillers en traumatologie de <strong>Morneau Shepell<\/strong> et ont mis en place une r\u00e9ponse de premier soins psychologiques incluant du counseling de groupe, du counseling individuel, une s\u00e9ance d&rsquo;information pour les membres, des ressources pour les parents et d\u2019autres points de contact pour la communaut\u00e9 \u00e9tendue de synchro. Tous les membres du club ont \u00e9t\u00e9 contact\u00e9s et la r\u00e9ponse de la communaut\u00e9 de synchro a \u00e9t\u00e9 profond\u00e9ment touchante.<\/p>\n<p>\u00ab La plupart des co\u00e9quipi\u00e8res de Julianna sont tr\u00e8s jeunes et nous savons que les \u00e9v\u00e9nements traumatisants doivent \u00eatre g\u00e9r\u00e9s avec soin pour soutenir les personnes les plus touch\u00e9es par cet \u00e9v\u00e9nement tragique \u00bb, a d\u00e9clar\u00e9 <strong>Mary Dwyer<\/strong>, directrice g\u00e9n\u00e9rale de Synchro Swim Ontario. \u00ab Nous sommes reconnaissants vis-\u00e0-vis tous ceux et celles qui travaillent avec nous dans les coulisses pour s\u2019assurer que nous naviguons dans le processus de deuil d&rsquo;une mani\u00e8re saine et holistique. \u00bb<\/p>\n<p>L&rsquo;effusion de chagrin et les offres de soutien sont grandement appr\u00e9ci\u00e9es par les membres de la communaut\u00e9 \u00e9tendue de synchro. Ce qui suit est un lien vers la campagne GoFundMe que nous endossons, pour les personnes qui sont int\u00e9ress\u00e9es \u00e0 soutenir la famille directement: <a href=\"https:\/\/www.gofundme.com\/julianna-kozis-memorial-fund\">https:\/\/www.gofundme.com\/julianna-kozis-memorial-fund<\/a><\/p>\n<p>Mise \u00e0 part cette d\u00e9claration, les organisations ne m\u00e8neront pas d&rsquo;entrevues avec les m\u00e9dias pour le moment, car nous mettons l&rsquo;accent sur le soutien aux athl\u00e8tes et \u00e0 nos membres.<\/p>\n<p><strong>Pour plus d&rsquo;informations:<\/strong> <a href=\"mailto:mediarequests@synchroontario.com\">mediarequests@synchroontario.com<\/a><\/p>\n<p>&nbsp;<\/p>\n<p><strong><em>\u00c0 propos de Markham Synchro Club<\/em><\/strong><\/p>\n<p>Le Markham Synchro Club, fond\u00e9 dans les ann\u00e9es 1970, est reconnu comme l&rsquo;un des meilleurs clubs de nage synchronis\u00e9e en Ontario. Nos programmes r\u00e9cr\u00e9atifs et comp\u00e9titifs de qualit\u00e9 sont offerts par un personnel d&rsquo;encadrement hautement qualifi\u00e9 et professionnel. Notre club est un programme de nage synchronis\u00e9e priv\u00e9 et sans but lucratif qui dessert des athl\u00e8tes de 5 ans et plus des r\u00e9gions de York et de North York. Il est dirig\u00e9 par une \u00e9quipe ex\u00e9cutive de parents b\u00e9n\u00e9voles. L&rsquo;objectif du programme est de promouvoir la participation sportive \u00e0 long terme chez les jeunes et un d\u00e9veloppement sain chez les jeunes.<\/p>\n<p><strong><em>\u00c0 propos de Synchro Ontario<\/em><\/strong><\/p>\n<p>Synchro Swim Ontario, l&rsquo;Organisme provincial du sport (OPS), est l&rsquo;organisme sportif qui supervise la nage synchronis\u00e9e dans la province de l&rsquo;Ontario. Nos clubs membres offrent des programmes r\u00e9cr\u00e9atifs ainsi que des programmes comp\u00e9titifs novices, provinciaux et nationaux. Nos partenaires communautaires offrent des programmes d&rsquo;initiation \u00ab Nage Synchro \u00bb et r\u00e9cr\u00e9atifs. Les programmes <em>Master Club<\/em> et <em>Varsity League<\/em> sont \u00e9galement disponibles.<\/p>\n<p><strong><em>\u00c0 propos de Synchro Canada<\/em><\/strong><\/p>\n<p>Synchro Canada est une organisation qui encourage la poursuite de l&rsquo;excellence tout en d\u00e9veloppant des athl\u00e8tes, des citoyens et des ambassadeurs du sport de la nage synchronis\u00e9e \u00e0 tous les niveaux. Depuis ses d\u00e9buts \u00e0 Montr\u00e9al en 1924, la nage synchronis\u00e9e est maintenant pratiqu\u00e9e dans plus de 70 pays. Le Canada se place avec fiert\u00e9 parmi les meilleures de ces nations.<\/p>\n","protected":false},"excerpt":{"rendered":"<p>&gt; T\u00e9l\u00e9charger le communiqu\u00e9 conjoint de Markham Synchro Club, Synchro Swim Ontario et Synchro Canada Toute la communaut\u00e9 de nage synchronis\u00e9e est en deuil apr\u00e8s la mort tragique de Julianna Kozis, 10 ans, le dimanche 22 juillet dernier, lors de la <a href=\"https:\/\/artisticswimming.ca\/fr\/la-communaute-de-nage-synchronisee-pleure-la-perte-de-julianna-kozis\/\"> [&#8230;]<\/a><\/p>\n","protected":false},"author":2,"featured_media":5190,"comment_status":"open","ping_status":"open","sticky":false,"template":"","format":"standard","meta":{"_acf_changed":false,"footnotes":""},"categories":[73],"tags":[],"class_list":["post-5334","post","type-post","status-publish","format-standard","has-post-thumbnail","hentry","category-nouvelles"],"acf":[],"yoast_head":"<!-- This site is optimized with the Yoast SEO plugin v27.2 - https:\/\/yoast.com\/product\/yoast-seo-wordpress\/ -->\n<title>La communaut\u00e9 de nage synchronis\u00e9e pleure la perte de Julianna Kozis - Natation Artistique Canada<\/title>\n<meta name=\"robots\" content=\"index, follow, max-snippet:-1, max-image-preview:large, max-video-preview:-1\" \/>\n<link rel=\"canonical\" href=\"https:\/\/artisticswimming.ca\/fr\/la-communaute-de-nage-synchronisee-pleure-la-perte-de-julianna-kozis\/\" \/>\n<meta property=\"og:locale\" content=\"fr_FR\" \/>\n<meta property=\"og:type\" content=\"article\" \/>\n<meta property=\"og:title\" content=\"La communaut\u00e9 de nage synchronis\u00e9e pleure la perte de Julianna Kozis - Natation Artistique Canada\" \/>\n<meta property=\"og:description\" content=\"&gt; T\u00e9l\u00e9charger le communiqu\u00e9 conjoint de Markham Synchro Club, Synchro Swim Ontario et Synchro Canada Toute la communaut\u00e9 de nage synchronis\u00e9e est en deuil apr\u00e8s la mort tragique de Julianna Kozis, 10 ans, le dimanche 22 juillet dernier, lors de la [...]\" \/>\n<meta property=\"og:url\" content=\"https:\/\/artisticswimming.ca\/fr\/la-communaute-de-nage-synchronisee-pleure-la-perte-de-julianna-kozis\/\" \/>\n<meta property=\"og:site_name\" content=\"Natation Artistique Canada\" \/>\n<meta property=\"article:published_time\" content=\"2018-07-27T00:12:31+00:00\" \/>\n<meta property=\"article:modified_time\" content=\"2020-01-03T22:46:43+00:00\" \/>\n<meta property=\"og:image\" content=\"https:\/\/artisticswimming.ca\/wp-content\/uploads\/2018\/06\/generic-radial-gradient-blue-white-background.jpg\" \/>\n\t<meta property=\"og:image:width\" content=\"2400\" \/>\n\t<meta property=\"og:image:height\" content=\"1000\" \/>\n\t<meta property=\"og:image:type\" content=\"image\/jpeg\" \/>\n<meta name=\"author\" content=\"synchro\" \/>\n<meta name=\"twitter:card\" content=\"summary_large_image\" \/>\n<meta name=\"twitter:label1\" content=\"\u00c9crit par\" \/>\n\t<meta name=\"twitter:data1\" content=\"synchro\" \/>\n\t<meta name=\"twitter:label2\" content=\"Dur\u00e9e de lecture estim\u00e9e\" \/>\n\t<meta name=\"twitter:data2\" content=\"4 minutes\" \/>\n<script type=\"application\/ld+json\" class=\"yoast-schema-graph\">{\"@context\":\"https:\/\/schema.org\",\"@graph\":[{\"@type\":\"Article\",\"@id\":\"https:\/\/artisticswimming.ca\/fr\/la-communaute-de-nage-synchronisee-pleure-la-perte-de-julianna-kozis\/#article\",\"isPartOf\":{\"@id\":\"https:\/\/artisticswimming.ca\/fr\/la-communaute-de-nage-synchronisee-pleure-la-perte-de-julianna-kozis\/\"},\"author\":{\"name\":\"synchro\",\"@id\":\"https:\/\/artisticswimming.ca\/fr\/#\/schema\/person\/7d2ab10f01ba748d0dac4f1fbc7df175\"},\"headline\":\"La communaut\u00e9 de nage synchronis\u00e9e pleure la perte de Julianna Kozis\",\"datePublished\":\"2018-07-27T00:12:31+00:00\",\"dateModified\":\"2020-01-03T22:46:43+00:00\",\"mainEntityOfPage\":{\"@id\":\"https:\/\/artisticswimming.ca\/fr\/la-communaute-de-nage-synchronisee-pleure-la-perte-de-julianna-kozis\/\"},\"wordCount\":720,\"commentCount\":0,\"image\":{\"@id\":\"https:\/\/artisticswimming.ca\/fr\/la-communaute-de-nage-synchronisee-pleure-la-perte-de-julianna-kozis\/#primaryimage\"},\"thumbnailUrl\":\"https:\/\/artisticswimming.ca\/wp-content\/uploads\/2018\/06\/generic-radial-gradient-blue-white-background.jpg\",\"articleSection\":[\"Nouvelles\"],\"inLanguage\":\"fr-FR\",\"potentialAction\":[{\"@type\":\"CommentAction\",\"name\":\"Comment\",\"target\":[\"https:\/\/artisticswimming.ca\/fr\/la-communaute-de-nage-synchronisee-pleure-la-perte-de-julianna-kozis\/#respond\"]}]},{\"@type\":\"WebPage\",\"@id\":\"https:\/\/artisticswimming.ca\/fr\/la-communaute-de-nage-synchronisee-pleure-la-perte-de-julianna-kozis\/\",\"url\":\"https:\/\/artisticswimming.ca\/fr\/la-communaute-de-nage-synchronisee-pleure-la-perte-de-julianna-kozis\/\",\"name\":\"La communaut\u00e9 de nage synchronis\u00e9e pleure la perte de Julianna Kozis - Natation Artistique Canada\",\"isPartOf\":{\"@id\":\"https:\/\/artisticswimming.ca\/fr\/#website\"},\"primaryImageOfPage\":{\"@id\":\"https:\/\/artisticswimming.ca\/fr\/la-communaute-de-nage-synchronisee-pleure-la-perte-de-julianna-kozis\/#primaryimage\"},\"image\":{\"@id\":\"https:\/\/artisticswimming.ca\/fr\/la-communaute-de-nage-synchronisee-pleure-la-perte-de-julianna-kozis\/#primaryimage\"},\"thumbnailUrl\":\"https:\/\/artisticswimming.ca\/wp-content\/uploads\/2018\/06\/generic-radial-gradient-blue-white-background.jpg\",\"datePublished\":\"2018-07-27T00:12:31+00:00\",\"dateModified\":\"2020-01-03T22:46:43+00:00\",\"author\":{\"@id\":\"https:\/\/artisticswimming.ca\/fr\/#\/schema\/person\/7d2ab10f01ba748d0dac4f1fbc7df175\"},\"breadcrumb\":{\"@id\":\"https:\/\/artisticswimming.ca\/fr\/la-communaute-de-nage-synchronisee-pleure-la-perte-de-julianna-kozis\/#breadcrumb\"},\"inLanguage\":\"fr-FR\",\"potentialAction\":[{\"@type\":\"ReadAction\",\"target\":[\"https:\/\/artisticswimming.ca\/fr\/la-communaute-de-nage-synchronisee-pleure-la-perte-de-julianna-kozis\/\"]}]},{\"@type\":\"ImageObject\",\"inLanguage\":\"fr-FR\",\"@id\":\"https:\/\/artisticswimming.ca\/fr\/la-communaute-de-nage-synchronisee-pleure-la-perte-de-julianna-kozis\/#primaryimage\",\"url\":\"https:\/\/artisticswimming.ca\/wp-content\/uploads\/2018\/06\/generic-radial-gradient-blue-white-background.jpg\",\"contentUrl\":\"https:\/\/artisticswimming.ca\/wp-content\/uploads\/2018\/06\/generic-radial-gradient-blue-white-background.jpg\",\"width\":2400,\"height\":1000},{\"@type\":\"BreadcrumbList\",\"@id\":\"https:\/\/artisticswimming.ca\/fr\/la-communaute-de-nage-synchronisee-pleure-la-perte-de-julianna-kozis\/#breadcrumb\",\"itemListElement\":[{\"@type\":\"ListItem\",\"position\":1,\"name\":\"Home\",\"item\":\"https:\/\/artisticswimming.ca\/fr\/\"},{\"@type\":\"ListItem\",\"position\":2,\"name\":\"La communaut\u00e9 de nage synchronis\u00e9e pleure la perte de Julianna Kozis\"}]},{\"@type\":\"WebSite\",\"@id\":\"https:\/\/artisticswimming.ca\/fr\/#website\",\"url\":\"https:\/\/artisticswimming.ca\/fr\/\",\"name\":\"Natation Artistique Canada\",\"description\":\"\",\"potentialAction\":[{\"@type\":\"SearchAction\",\"target\":{\"@type\":\"EntryPoint\",\"urlTemplate\":\"https:\/\/artisticswimming.ca\/fr\/?s={search_term_string}\"},\"query-input\":{\"@type\":\"PropertyValueSpecification\",\"valueRequired\":true,\"valueName\":\"search_term_string\"}}],\"inLanguage\":\"fr-FR\"},{\"@type\":\"Person\",\"@id\":\"https:\/\/artisticswimming.ca\/fr\/#\/schema\/person\/7d2ab10f01ba748d0dac4f1fbc7df175\",\"name\":\"synchro\",\"image\":{\"@type\":\"ImageObject\",\"inLanguage\":\"fr-FR\",\"@id\":\"https:\/\/secure.gravatar.com\/avatar\/4f24abe719ecc22eef668a9e15d4025dca4fa935812f917fcc233935f5e1db5e?s=96&d=mm&r=g\",\"url\":\"https:\/\/secure.gravatar.com\/avatar\/4f24abe719ecc22eef668a9e15d4025dca4fa935812f917fcc233935f5e1db5e?s=96&d=mm&r=g\",\"contentUrl\":\"https:\/\/secure.gravatar.com\/avatar\/4f24abe719ecc22eef668a9e15d4025dca4fa935812f917fcc233935f5e1db5e?s=96&d=mm&r=g\",\"caption\":\"synchro\"},\"sameAs\":[\"http:\/\/synchro.wpengine.com\"],\"url\":\"https:\/\/artisticswimming.ca\/fr\/author\/synchro\/\"}]}<\/script>\n<!-- \/ Yoast SEO plugin. -->","yoast_head_json":{"title":"La communaut\u00e9 de nage synchronis\u00e9e pleure la perte de Julianna Kozis - Natation Artistique Canada","robots":{"index":"index","follow":"follow","max-snippet":"max-snippet:-1","max-image-preview":"max-image-preview:large","max-video-preview":"max-video-preview:-1"},"canonical":"https:\/\/artisticswimming.ca\/fr\/la-communaute-de-nage-synchronisee-pleure-la-perte-de-julianna-kozis\/","og_locale":"fr_FR","og_type":"article","og_title":"La communaut\u00e9 de nage synchronis\u00e9e pleure la perte de Julianna Kozis - Natation Artistique Canada","og_description":"&gt; T\u00e9l\u00e9charger le communiqu\u00e9 conjoint de Markham Synchro Club, Synchro Swim Ontario et Synchro Canada Toute la communaut\u00e9 de nage synchronis\u00e9e est en deuil apr\u00e8s la mort tragique de Julianna Kozis, 10 ans, le dimanche 22 juillet dernier, lors de la [...]","og_url":"https:\/\/artisticswimming.ca\/fr\/la-communaute-de-nage-synchronisee-pleure-la-perte-de-julianna-kozis\/","og_site_name":"Natation Artistique Canada","article_published_time":"2018-07-27T00:12:31+00:00","article_modified_time":"2020-01-03T22:46:43+00:00","og_image":[{"width":2400,"height":1000,"url":"https:\/\/artisticswimming.ca\/wp-content\/uploads\/2018\/06\/generic-radial-gradient-blue-white-background.jpg","type":"image\/jpeg"}],"author":"synchro","twitter_card":"summary_large_image","twitter_misc":{"\u00c9crit par":"synchro","Dur\u00e9e de lecture estim\u00e9e":"4 minutes"},"schema":{"@context":"https:\/\/schema.org","@graph":[{"@type":"Article","@id":"https:\/\/artisticswimming.ca\/fr\/la-communaute-de-nage-synchronisee-pleure-la-perte-de-julianna-kozis\/#article","isPartOf":{"@id":"https:\/\/artisticswimming.ca\/fr\/la-communaute-de-nage-synchronisee-pleure-la-perte-de-julianna-kozis\/"},"author":{"name":"synchro","@id":"https:\/\/artisticswimming.ca\/fr\/#\/schema\/person\/7d2ab10f01ba748d0dac4f1fbc7df175"},"headline":"La communaut\u00e9 de nage synchronis\u00e9e pleure la perte de Julianna Kozis","datePublished":"2018-07-27T00:12:31+00:00","dateModified":"2020-01-03T22:46:43+00:00","mainEntityOfPage":{"@id":"https:\/\/artisticswimming.ca\/fr\/la-communaute-de-nage-synchronisee-pleure-la-perte-de-julianna-kozis\/"},"wordCount":720,"commentCount":0,"image":{"@id":"https:\/\/artisticswimming.ca\/fr\/la-communaute-de-nage-synchronisee-pleure-la-perte-de-julianna-kozis\/#primaryimage"},"thumbnailUrl":"https:\/\/artisticswimming.ca\/wp-content\/uploads\/2018\/06\/generic-radial-gradient-blue-white-background.jpg","articleSection":["Nouvelles"],"inLanguage":"fr-FR","potentialAction":[{"@type":"CommentAction","name":"Comment","target":["https:\/\/artisticswimming.ca\/fr\/la-communaute-de-nage-synchronisee-pleure-la-perte-de-julianna-kozis\/#respond"]}]},{"@type":"WebPage","@id":"https:\/\/artisticswimming.ca\/fr\/la-communaute-de-nage-synchronisee-pleure-la-perte-de-julianna-kozis\/","url":"https:\/\/artisticswimming.ca\/fr\/la-communaute-de-nage-synchronisee-pleure-la-perte-de-julianna-kozis\/","name":"La communaut\u00e9 de nage synchronis\u00e9e pleure la perte de Julianna Kozis - Natation Artistique Canada","isPartOf":{"@id":"https:\/\/artisticswimming.ca\/fr\/#website"},"primaryImageOfPage":{"@id":"https:\/\/artisticswimming.ca\/fr\/la-communaute-de-nage-synchronisee-pleure-la-perte-de-julianna-kozis\/#primaryimage"},"image":{"@id":"https:\/\/artisticswimming.ca\/fr\/la-communaute-de-nage-synchronisee-pleure-la-perte-de-julianna-kozis\/#primaryimage"},"thumbnailUrl":"https:\/\/artisticswimming.ca\/wp-content\/uploads\/2018\/06\/generic-radial-gradient-blue-white-background.jpg","datePublished":"2018-07-27T00:12:31+00:00","dateModified":"2020-01-03T22:46:43+00:00","author":{"@id":"https:\/\/artisticswimming.ca\/fr\/#\/schema\/person\/7d2ab10f01ba748d0dac4f1fbc7df175"},"breadcrumb":{"@id":"https:\/\/artisticswimming.ca\/fr\/la-communaute-de-nage-synchronisee-pleure-la-perte-de-julianna-kozis\/#breadcrumb"},"inLanguage":"fr-FR","potentialAction":[{"@type":"ReadAction","target":["https:\/\/artisticswimming.ca\/fr\/la-communaute-de-nage-synchronisee-pleure-la-perte-de-julianna-kozis\/"]}]},{"@type":"ImageObject","inLanguage":"fr-FR","@id":"https:\/\/artisticswimming.ca\/fr\/la-communaute-de-nage-synchronisee-pleure-la-perte-de-julianna-kozis\/#primaryimage","url":"https:\/\/artisticswimming.ca\/wp-content\/uploads\/2018\/06\/generic-radial-gradient-blue-white-background.jpg","contentUrl":"https:\/\/artisticswimming.ca\/wp-content\/uploads\/2018\/06\/generic-radial-gradient-blue-white-background.jpg","width":2400,"height":1000},{"@type":"BreadcrumbList","@id":"https:\/\/artisticswimming.ca\/fr\/la-communaute-de-nage-synchronisee-pleure-la-perte-de-julianna-kozis\/#breadcrumb","itemListElement":[{"@type":"ListItem","position":1,"name":"Home","item":"https:\/\/artisticswimming.ca\/fr\/"},{"@type":"ListItem","position":2,"name":"La communaut\u00e9 de nage synchronis\u00e9e pleure la perte de Julianna Kozis"}]},{"@type":"WebSite","@id":"https:\/\/artisticswimming.ca\/fr\/#website","url":"https:\/\/artisticswimming.ca\/fr\/","name":"Natation Artistique Canada","description":"","potentialAction":[{"@type":"SearchAction","target":{"@type":"EntryPoint","urlTemplate":"https:\/\/artisticswimming.ca\/fr\/?s={search_term_string}"},"query-input":{"@type":"PropertyValueSpecification","valueRequired":true,"valueName":"search_term_string"}}],"inLanguage":"fr-FR"},{"@type":"Person","@id":"https:\/\/artisticswimming.ca\/fr\/#\/schema\/person\/7d2ab10f01ba748d0dac4f1fbc7df175","name":"synchro","image":{"@type":"ImageObject","inLanguage":"fr-FR","@id":"https:\/\/secure.gravatar.com\/avatar\/4f24abe719ecc22eef668a9e15d4025dca4fa935812f917fcc233935f5e1db5e?s=96&d=mm&r=g","url":"https:\/\/secure.gravatar.com\/avatar\/4f24abe719ecc22eef668a9e15d4025dca4fa935812f917fcc233935f5e1db5e?s=96&d=mm&r=g","contentUrl":"https:\/\/secure.gravatar.com\/avatar\/4f24abe719ecc22eef668a9e15d4025dca4fa935812f917fcc233935f5e1db5e?s=96&d=mm&r=g","caption":"synchro"},"sameAs":["http:\/\/synchro.wpengine.com"],"url":"https:\/\/artisticswimming.ca\/fr\/author\/synchro\/"}]}},"_links":{"self":[{"href":"https:\/\/artisticswimming.ca\/fr\/wp-json\/wp\/v2\/posts\/5334","targetHints":{"allow":["GET"]}}],"collection":[{"href":"https:\/\/artisticswimming.ca\/fr\/wp-json\/wp\/v2\/posts"}],"about":[{"href":"https:\/\/artisticswimming.ca\/fr\/wp-json\/wp\/v2\/types\/post"}],"author":[{"embeddable":true,"href":"https:\/\/artisticswimming.ca\/fr\/wp-json\/wp\/v2\/users\/2"}],"replies":[{"embeddable":true,"href":"https:\/\/artisticswimming.ca\/fr\/wp-json\/wp\/v2\/comments?post=5334"}],"version-history":[{"count":0,"href":"https:\/\/artisticswimming.ca\/fr\/wp-json\/wp\/v2\/posts\/5334\/revisions"}],"wp:featuredmedia":[{"embeddable":true,"href":"https:\/\/artisticswimming.ca\/fr\/wp-json\/wp\/v2\/media\/5190"}],"wp:attachment":[{"href":"https:\/\/artisticswimming.ca\/fr\/wp-json\/wp\/v2\/media?parent=5334"}],"wp:term":[{"taxonomy":"category","embeddable":true,"href":"https:\/\/artisticswimming.ca\/fr\/wp-json\/wp\/v2\/categories?post=5334"},{"taxonomy":"post_tag","embeddable":true,"href":"https:\/\/artisticswimming.ca\/fr\/wp-json\/wp\/v2\/tags?post=5334"}],"curies":[{"name":"wp","href":"https:\/\/api.w.org\/{rel}","templated":true}]}}