{"id":542,"date":"2015-01-08T09:42:36","date_gmt":"2015-01-08T09:42:36","guid":{"rendered":"http:\/\/synchro.wpengine.com\/?p=542&#038;lang=fr"},"modified":"2016-09-08T14:22:20","modified_gmt":"2016-09-08T14:22:20","slug":"synchro-canada-presente-les-athletes-de-son-centre-dexcellence-2015","status":"publish","type":"post","link":"https:\/\/artisticswimming.ca\/fr\/synchro-canada-presente-les-athletes-de-son-centre-dexcellence-2015\/","title":{"rendered":"Synchro Canada pr\u00e9sente les athl\u00e8tes de son Centre d&rsquo;excellence 2015"},"content":{"rendered":"<p style=\"text-align: justify;\"><span style=\"font-weight: 400;\"><strong>Ottawa, le 8 janvier 2015<\/strong> \u2013 Synchro Canada est heureuse de pr\u00e9senter les membres de son \u00e9quipe nationale senior pour la saison 2015 qui d\u00e9butaient leur entra\u00eenement au Centre d\u2019excellence de Montr\u00e9al hier.<\/span><\/p>\n<p style=\"text-align: justify;\"><span style=\"font-weight: 400;\">Ces athl\u00e8tes ont \u00e9t\u00e9 choisies \u00e0 la suite d\u2019un camp de s\u00e9lection qui a eu lieu \u00e0 Montr\u00e9al en novembre dernier.<\/span><\/p>\n<p style=\"text-align: justify;\"><span style=\"font-weight: 400;\">Les athl\u00e8tes du Centre d\u2019excellence 2015 de Synchro Canada seront supervis\u00e9es par l\u2019entra\u00eeneure en chef de l\u2019\u00e9quipe nationale senior <strong>Meng Chen<\/strong>, assist\u00e9e par <strong>Anastasia Goutseva<\/strong> et <strong>Lyne Pich\u00e9<\/strong>.<\/span><\/p>\n<p style=\"text-align: justify;\"><span style=\"font-weight: 400;\">Voici les membres de l\u2019\u00e9quipe nationale senior qui s\u2019entra\u00eeneront au Centre d\u2019excellence en 2015:<\/span><\/p>\n<p><b>BALL, Janelle<\/b><span style=\"font-weight: 400;\"> (Dollard-des-Ormeaux, QC)<\/span><\/p>\n<p><span style=\"font-weight: 400;\">*<\/span><b>BOISVERT, Gabrielle<\/b><span style=\"font-weight: 400;\"> (Qu\u00e9bec, QC)<\/span><\/p>\n<p><b>BRISSON, Gabriella<\/b><span style=\"font-weight: 400;\"> (Calgary, AB)<\/span><\/p>\n<p><b>FRAPPIER, Annabelle<\/b><span style=\"font-weight: 400;\"> (Mont-Saint-Hilaire, QC)<\/span><\/p>\n<p><b>GILL, Sandy<\/b><span style=\"font-weight: 400;\"> (Coquitlam, C.-B.)<\/span><\/p>\n<p><span style=\"font-weight: 400;\">*<\/span><b>HARROWER, Rebecca<\/b><span style=\"font-weight: 400;\"> (Edmonton, AB)<\/span><\/p>\n<p><b>HOLZNER, Claudia<\/b><span style=\"font-weight: 400;\"> (Calgary, AB)<\/span><\/p>\n<p><b>MAULE, Rebecca<\/b><span style=\"font-weight: 400;\"> (Guelph, ON)<\/span><\/p>\n<p><b>MIKELBERG, Lisa<\/b><span style=\"font-weight: 400;\"> (Hampstead, QC)<\/span><\/p>\n<p><b>MORIN, Marie-Lou<\/b><span style=\"font-weight: 400;\"> (Westmount, QC)<\/span><\/p>\n<p><span style=\"font-weight: 400;\">*<\/span><b>MORNEAU-CARRIER, Roxanne<\/b><span style=\"font-weight: 400;\"> (Qu\u00e9bec, QC)<\/span><\/p>\n<p><b>NEALON, Samantha<\/b><span style=\"font-weight: 400;\"> (Morriston, ON)<\/span><\/p>\n<p><b>SANDERS, Lisa<\/b><span style=\"font-weight: 400;\"> (Gormley, ON)<\/span><\/p>\n<p><span style=\"font-weight: 400;\">*<\/span><b>SAVARD, Elizabeth<\/b><span style=\"font-weight: 400;\"> (Laval, QC)<\/span><\/p>\n<p><b>SIMONEAU, Jacqueline<\/b><span style=\"font-weight: 400;\"> \u00a0(Montreal, borough Saint-Laurent, QC)<\/span><\/p>\n<p><b>THOMAS, Karine<\/b><span style=\"font-weight: 400;\"> (Gatineau, QC)<\/span><\/p>\n<p><span style=\"font-weight: 400;\">* <\/span><i><span style=\"font-weight: 400;\">Nouvelle membre au Centre d\u2019excellence<\/span><\/i><\/p>\n<p style=\"text-align: justify;\"><span style=\"font-weight: 400;\">\u00ab Nous sommes tr\u00e8s fi\u00e8res de l&rsquo;\u00e9quipe que nous avons assembl\u00e9e au Centre d\u2019excellence cette ann\u00e9e \u00bb, a d\u00e9clar\u00e9 l\u2019entra\u00eeneure en chef de l\u2019\u00e9quipe nationale senior, Meng Chen. \u00ab Au cours des essais, ces athl\u00e8tes ont d\u00e9montr\u00e9 qu\u2019elles \u00e9taient pr\u00eates \u00e0 repr\u00e9senter fi\u00e8rement le Canada et ont d\u00e9montr\u00e9 ce que l\u2019on attend d\u2019athl\u00e8tes de haute performance recherchant l\u2019excellence. J\u2019aimerais \u00e9galement en profiter pour remercier toutes les athl\u00e8tes qui ont particip\u00e9 aux essais. J\u2019esp\u00e8re que celles qui n\u2019ont pas \u00e9t\u00e9 s\u00e9lectionn\u00e9es cette ann\u00e9e poursuivront leur carri\u00e8re afin que les portes du Centre d\u2019excellence s\u2019ouvrent pour elles dans le futur. \u00bb<\/span><\/p>\n<p style=\"text-align: justify;\"><span style=\"font-weight: 400;\">\u00ab Nous pensons que l&rsquo;addition de 4 recrues cr\u00e9era un environnement id\u00e9al pour le d\u00e9veloppement de ces athl\u00e8tes alors que nous travaillons toujours vers notre objectif \u00e0 long terme d\u2019avoir une \u00e9quipe nationale encore plus forte techniquement avec des athl\u00e8tes plus complets et ce, avec le style canadien reconnu \u00e0 l\u2019\u00e9chelle internationale \u00bb, a ajout\u00e9 Chen. \u00a0\u00ab Avec cette \u00e9quipe, nous abordons l&rsquo;ann\u00e9e 2015 avec enthousiasme alors que nous nous commen\u00e7ons notre pr\u00e9paration pour nos Championnats nationaux et les Jeux panam\u00e9ricains \u00e0 Toronto ainsi que les Championnats du monde de la FINA en Russie.<\/span><\/p>\n<p><span style=\"font-weight: 400;\">La chef de la direction de Synchro Canada <strong>Jackie Buckingham<\/strong> a poursuivi dans le m\u00eame sens que Meng Chen :<\/span><\/p>\n<p style=\"text-align: justify;\"><span style=\"font-weight: 400;\">\u00ab Synchro Canada est tr\u00e8s enthousiaste \u00e0 l&rsquo;id\u00e9e d&rsquo;avoir une \u00e9quipe si jeune dont la plupart des membres ont le potentiel de continuer \u00e0 nager pour les deux prochains cycles olympiques. \u00a0Nos recrues viendront bien compl\u00e9menter notre base existante de 12 talentueuses athl\u00e8tes et nous sommes extr\u00eamement optimistes quant au futur prometteur de cette \u00e9quipe au niveau international. \u00bb<\/span><\/p>\n<p><span style=\"font-weight: 400;\">Des d\u00e9tails suppl\u00e9mentaires sur les athl\u00e8tes membres du Centre d\u2019excellence sont disponibles au <\/span><a href=\"http:\/\/artisticswim.wpengine.com\/\" target=\"_blank\"><b>www.synchro.ca<\/b><\/a><span style=\"font-weight: 400;\">.<\/span><\/p>\n<p>&nbsp;<\/p>\n<p><b>\u00c0 propos de Synchro Canada<\/b><\/p>\n<p style=\"text-align: justify;\"><span style=\"font-weight: 400;\">Synchro Canada est l\u2019organisme national qui r\u00e9git le sport de la nage synchronis\u00e9e au Canada. \u00a0Il repr\u00e9sente dix associations provinciales et une association territoriale ainsi que pr\u00e8s de 150 clubs et plus de 12 000 membres \u00e0 travers le Canada. Membre de la FINA, l\u2019organisme mondial directeur des sports aquatiques, Synchro Canada favorise la poursuite del\u2019excellence tout en d\u00e9veloppant des athl\u00e8tes, des citoyens et des ambassadeurs du sport de la nage synchronis\u00e9e \u00e0 tous les niveaux.<\/span><\/p>\n<p><span style=\"font-weight: 400;\">Synchro Canada d\u00e9sire remercier ses commanditaires et partenaires :<\/span><\/p>\n<p><b>Partenaires de ses programmes : <\/b><span style=\"font-weight: 400;\">Sport Canada, \u00c0 nous le podium, l\u2019Institut national du sport du Qu\u00e9bec<\/span><\/p>\n<p><b>Fournisseur officiel aquatique : <\/b><span style=\"font-weight: 400;\">Speedo Canada<\/span><\/p>\n<p><b>Maquillage officiel : <\/b><span style=\"font-weight: 400;\">MAKE UP FOREVER<\/span><\/p>\n<p><b>Fournisseurs officiels : <\/b><span style=\"font-weight: 400;\">Knox Gelatine, AdUp, National Car Rental<\/span><\/p>\n<p><b>H\u00f4tel officiel : <\/b><span style=\"font-weight: 400;\">Hilton Worldwide<\/span><\/p>\n<p style=\"text-align: justify;\">Pour plus de renseignements, consultez le site Internet de Synchro Canada au www.synchro.ca ou abonnez-vous aux m\u00e9dias sociaux de Synchro Canada : Twitter, Facebook et YouTube.<\/p>\n<p style=\"text-align: center;\"><span style=\"font-weight: 400;\">&#8211; 30 &#8211;<\/span><\/p>\n<p><b>Pour information : <\/b><\/p>\n<p><span style=\"font-weight: 400;\">St\u00e9phane C\u00f4t\u00e9<\/span><\/p>\n<p><span style=\"font-weight: 400;\">Synchro Canada<\/span><\/p>\n<p><span style=\"font-weight: 400;\">Coordonnateur des communications<\/span><\/p>\n<p><span style=\"font-weight: 400;\">Courriel : \u00a0<\/span><b>stephane@synchro.ca<\/b><\/p>\n<p><span style=\"font-weight: 400;\">T\u00e9l\u00e9phone : 418 420-2125<\/span><\/p>\n<p><span style=\"font-weight: 400;\">Site Internet : <\/span><b>www.synchro.ca<\/b><span style=\"font-weight: 400;\"> \u00a0\u00a0<\/span><\/p>\n<p><span style=\"font-weight: 400;\">Facebook : <\/span><a href=\"http:\/\/www.facebook.com\/synchrocanada\"><b>www.facebook.com\/synchrocanada<\/b><\/a><span style=\"font-weight: 400;\"> \u00a0<\/span><\/p>\n<p><span style=\"font-weight: 400;\">Twitter : <\/span><a href=\"http:\/\/www.twitter.com\/synchrocanada\"><b>www.twitter.com\/synchrocanada<\/b><\/a><\/p>\n","protected":false},"excerpt":{"rendered":"<p>Ottawa, le 8 janvier 2015 \u2013 Synchro Canada est heureuse de pr\u00e9senter les membres de son \u00e9quipe nationale senior pour la saison 2015 qui d\u00e9butaient leur entra\u00eenement au Centre d\u2019excellence de Montr\u00e9al hier. Ces athl\u00e8tes ont \u00e9t\u00e9 choisies \u00e0 la suite <a href=\"https:\/\/artisticswimming.ca\/fr\/synchro-canada-presente-les-athletes-de-son-centre-dexcellence-2015\/\"> [&#8230;]<\/a><\/p>\n","protected":false},"author":3,"featured_media":0,"comment_status":"open","ping_status":"open","sticky":false,"template":"","format":"standard","meta":{"_acf_changed":false,"footnotes":""},"categories":[79,73],"tags":[],"class_list":["post-542","post","type-post","status-publish","format-standard","hentry","category-equipe-nationale-senior","category-nouvelles"],"acf":[],"yoast_head":"<!-- This site is optimized with the Yoast SEO plugin v27.2 - https:\/\/yoast.com\/product\/yoast-seo-wordpress\/ -->\n<title>Synchro Canada pr\u00e9sente les athl\u00e8tes de son Centre d&#039;excellence 2015 - Natation Artistique Canada<\/title>\n<meta name=\"robots\" content=\"index, follow, max-snippet:-1, max-image-preview:large, max-video-preview:-1\" \/>\n<link rel=\"canonical\" href=\"https:\/\/artisticswimming.ca\/fr\/synchro-canada-presente-les-athletes-de-son-centre-dexcellence-2015\/\" \/>\n<meta property=\"og:locale\" content=\"fr_FR\" \/>\n<meta property=\"og:type\" content=\"article\" \/>\n<meta property=\"og:title\" content=\"Synchro Canada pr\u00e9sente les athl\u00e8tes de son Centre d&#039;excellence 2015 - Natation Artistique Canada\" \/>\n<meta property=\"og:description\" content=\"Ottawa, le 8 janvier 2015 \u2013 Synchro Canada est heureuse de pr\u00e9senter les membres de son \u00e9quipe nationale senior pour la saison 2015 qui d\u00e9butaient leur entra\u00eenement au Centre d\u2019excellence de Montr\u00e9al hier. Ces athl\u00e8tes ont \u00e9t\u00e9 choisies \u00e0 la suite [...]\" \/>\n<meta property=\"og:url\" content=\"https:\/\/artisticswimming.ca\/fr\/synchro-canada-presente-les-athletes-de-son-centre-dexcellence-2015\/\" \/>\n<meta property=\"og:site_name\" content=\"Natation Artistique Canada\" \/>\n<meta property=\"article:published_time\" content=\"2015-01-08T09:42:36+00:00\" \/>\n<meta property=\"article:modified_time\" content=\"2016-09-08T14:22:20+00:00\" \/>\n<meta name=\"author\" content=\"Myriam Cote\" \/>\n<meta name=\"twitter:card\" content=\"summary_large_image\" \/>\n<meta name=\"twitter:label1\" content=\"\u00c9crit par\" \/>\n\t<meta name=\"twitter:data1\" content=\"Myriam Cote\" \/>\n\t<meta name=\"twitter:label2\" content=\"Dur\u00e9e de lecture estim\u00e9e\" \/>\n\t<meta name=\"twitter:data2\" content=\"4 minutes\" \/>\n<script type=\"application\/ld+json\" class=\"yoast-schema-graph\">{\"@context\":\"https:\/\/schema.org\",\"@graph\":[{\"@type\":\"Article\",\"@id\":\"https:\/\/artisticswimming.ca\/fr\/synchro-canada-presente-les-athletes-de-son-centre-dexcellence-2015\/#article\",\"isPartOf\":{\"@id\":\"https:\/\/artisticswimming.ca\/fr\/synchro-canada-presente-les-athletes-de-son-centre-dexcellence-2015\/\"},\"author\":{\"name\":\"Myriam Cote\",\"@id\":\"https:\/\/artisticswimming.ca\/fr\/#\/schema\/person\/76d6c2c9954d56641f9210cc7427bc76\"},\"headline\":\"Synchro Canada pr\u00e9sente les athl\u00e8tes de son Centre d&rsquo;excellence 2015\",\"datePublished\":\"2015-01-08T09:42:36+00:00\",\"dateModified\":\"2016-09-08T14:22:20+00:00\",\"mainEntityOfPage\":{\"@id\":\"https:\/\/artisticswimming.ca\/fr\/synchro-canada-presente-les-athletes-de-son-centre-dexcellence-2015\/\"},\"wordCount\":715,\"commentCount\":0,\"articleSection\":[\"\u00c9quipe nationale senior\",\"Nouvelles\"],\"inLanguage\":\"fr-FR\",\"potentialAction\":[{\"@type\":\"CommentAction\",\"name\":\"Comment\",\"target\":[\"https:\/\/artisticswimming.ca\/fr\/synchro-canada-presente-les-athletes-de-son-centre-dexcellence-2015\/#respond\"]}]},{\"@type\":\"WebPage\",\"@id\":\"https:\/\/artisticswimming.ca\/fr\/synchro-canada-presente-les-athletes-de-son-centre-dexcellence-2015\/\",\"url\":\"https:\/\/artisticswimming.ca\/fr\/synchro-canada-presente-les-athletes-de-son-centre-dexcellence-2015\/\",\"name\":\"Synchro Canada pr\u00e9sente les athl\u00e8tes de son Centre d'excellence 2015 - Natation Artistique Canada\",\"isPartOf\":{\"@id\":\"https:\/\/artisticswimming.ca\/fr\/#website\"},\"datePublished\":\"2015-01-08T09:42:36+00:00\",\"dateModified\":\"2016-09-08T14:22:20+00:00\",\"author\":{\"@id\":\"https:\/\/artisticswimming.ca\/fr\/#\/schema\/person\/76d6c2c9954d56641f9210cc7427bc76\"},\"breadcrumb\":{\"@id\":\"https:\/\/artisticswimming.ca\/fr\/synchro-canada-presente-les-athletes-de-son-centre-dexcellence-2015\/#breadcrumb\"},\"inLanguage\":\"fr-FR\",\"potentialAction\":[{\"@type\":\"ReadAction\",\"target\":[\"https:\/\/artisticswimming.ca\/fr\/synchro-canada-presente-les-athletes-de-son-centre-dexcellence-2015\/\"]}]},{\"@type\":\"BreadcrumbList\",\"@id\":\"https:\/\/artisticswimming.ca\/fr\/synchro-canada-presente-les-athletes-de-son-centre-dexcellence-2015\/#breadcrumb\",\"itemListElement\":[{\"@type\":\"ListItem\",\"position\":1,\"name\":\"Home\",\"item\":\"https:\/\/artisticswimming.ca\/fr\/\"},{\"@type\":\"ListItem\",\"position\":2,\"name\":\"Synchro Canada pr\u00e9sente les athl\u00e8tes de son Centre d&#8217;excellence 2015\"}]},{\"@type\":\"WebSite\",\"@id\":\"https:\/\/artisticswimming.ca\/fr\/#website\",\"url\":\"https:\/\/artisticswimming.ca\/fr\/\",\"name\":\"Natation Artistique Canada\",\"description\":\"\",\"potentialAction\":[{\"@type\":\"SearchAction\",\"target\":{\"@type\":\"EntryPoint\",\"urlTemplate\":\"https:\/\/artisticswimming.ca\/fr\/?s={search_term_string}\"},\"query-input\":{\"@type\":\"PropertyValueSpecification\",\"valueRequired\":true,\"valueName\":\"search_term_string\"}}],\"inLanguage\":\"fr-FR\"},{\"@type\":\"Person\",\"@id\":\"https:\/\/artisticswimming.ca\/fr\/#\/schema\/person\/76d6c2c9954d56641f9210cc7427bc76\",\"name\":\"Myriam Cote\",\"image\":{\"@type\":\"ImageObject\",\"inLanguage\":\"fr-FR\",\"@id\":\"https:\/\/secure.gravatar.com\/avatar\/9636d581f11fe1ce5c868617703e52ebeddf65bc5ba83eda388709ba9ad9da61?s=96&d=mm&r=g\",\"url\":\"https:\/\/secure.gravatar.com\/avatar\/9636d581f11fe1ce5c868617703e52ebeddf65bc5ba83eda388709ba9ad9da61?s=96&d=mm&r=g\",\"contentUrl\":\"https:\/\/secure.gravatar.com\/avatar\/9636d581f11fe1ce5c868617703e52ebeddf65bc5ba83eda388709ba9ad9da61?s=96&d=mm&r=g\",\"caption\":\"Myriam Cote\"},\"url\":\"https:\/\/artisticswimming.ca\/fr\/author\/myriam\/\"}]}<\/script>\n<!-- \/ Yoast SEO plugin. -->","yoast_head_json":{"title":"Synchro Canada pr\u00e9sente les athl\u00e8tes de son Centre d'excellence 2015 - Natation Artistique Canada","robots":{"index":"index","follow":"follow","max-snippet":"max-snippet:-1","max-image-preview":"max-image-preview:large","max-video-preview":"max-video-preview:-1"},"canonical":"https:\/\/artisticswimming.ca\/fr\/synchro-canada-presente-les-athletes-de-son-centre-dexcellence-2015\/","og_locale":"fr_FR","og_type":"article","og_title":"Synchro Canada pr\u00e9sente les athl\u00e8tes de son Centre d'excellence 2015 - Natation Artistique Canada","og_description":"Ottawa, le 8 janvier 2015 \u2013 Synchro Canada est heureuse de pr\u00e9senter les membres de son \u00e9quipe nationale senior pour la saison 2015 qui d\u00e9butaient leur entra\u00eenement au Centre d\u2019excellence de Montr\u00e9al hier. Ces athl\u00e8tes ont \u00e9t\u00e9 choisies \u00e0 la suite [...]","og_url":"https:\/\/artisticswimming.ca\/fr\/synchro-canada-presente-les-athletes-de-son-centre-dexcellence-2015\/","og_site_name":"Natation Artistique Canada","article_published_time":"2015-01-08T09:42:36+00:00","article_modified_time":"2016-09-08T14:22:20+00:00","author":"Myriam Cote","twitter_card":"summary_large_image","twitter_misc":{"\u00c9crit par":"Myriam Cote","Dur\u00e9e de lecture estim\u00e9e":"4 minutes"},"schema":{"@context":"https:\/\/schema.org","@graph":[{"@type":"Article","@id":"https:\/\/artisticswimming.ca\/fr\/synchro-canada-presente-les-athletes-de-son-centre-dexcellence-2015\/#article","isPartOf":{"@id":"https:\/\/artisticswimming.ca\/fr\/synchro-canada-presente-les-athletes-de-son-centre-dexcellence-2015\/"},"author":{"name":"Myriam Cote","@id":"https:\/\/artisticswimming.ca\/fr\/#\/schema\/person\/76d6c2c9954d56641f9210cc7427bc76"},"headline":"Synchro Canada pr\u00e9sente les athl\u00e8tes de son Centre d&rsquo;excellence 2015","datePublished":"2015-01-08T09:42:36+00:00","dateModified":"2016-09-08T14:22:20+00:00","mainEntityOfPage":{"@id":"https:\/\/artisticswimming.ca\/fr\/synchro-canada-presente-les-athletes-de-son-centre-dexcellence-2015\/"},"wordCount":715,"commentCount":0,"articleSection":["\u00c9quipe nationale senior","Nouvelles"],"inLanguage":"fr-FR","potentialAction":[{"@type":"CommentAction","name":"Comment","target":["https:\/\/artisticswimming.ca\/fr\/synchro-canada-presente-les-athletes-de-son-centre-dexcellence-2015\/#respond"]}]},{"@type":"WebPage","@id":"https:\/\/artisticswimming.ca\/fr\/synchro-canada-presente-les-athletes-de-son-centre-dexcellence-2015\/","url":"https:\/\/artisticswimming.ca\/fr\/synchro-canada-presente-les-athletes-de-son-centre-dexcellence-2015\/","name":"Synchro Canada pr\u00e9sente les athl\u00e8tes de son Centre d'excellence 2015 - Natation Artistique Canada","isPartOf":{"@id":"https:\/\/artisticswimming.ca\/fr\/#website"},"datePublished":"2015-01-08T09:42:36+00:00","dateModified":"2016-09-08T14:22:20+00:00","author":{"@id":"https:\/\/artisticswimming.ca\/fr\/#\/schema\/person\/76d6c2c9954d56641f9210cc7427bc76"},"breadcrumb":{"@id":"https:\/\/artisticswimming.ca\/fr\/synchro-canada-presente-les-athletes-de-son-centre-dexcellence-2015\/#breadcrumb"},"inLanguage":"fr-FR","potentialAction":[{"@type":"ReadAction","target":["https:\/\/artisticswimming.ca\/fr\/synchro-canada-presente-les-athletes-de-son-centre-dexcellence-2015\/"]}]},{"@type":"BreadcrumbList","@id":"https:\/\/artisticswimming.ca\/fr\/synchro-canada-presente-les-athletes-de-son-centre-dexcellence-2015\/#breadcrumb","itemListElement":[{"@type":"ListItem","position":1,"name":"Home","item":"https:\/\/artisticswimming.ca\/fr\/"},{"@type":"ListItem","position":2,"name":"Synchro Canada pr\u00e9sente les athl\u00e8tes de son Centre d&#8217;excellence 2015"}]},{"@type":"WebSite","@id":"https:\/\/artisticswimming.ca\/fr\/#website","url":"https:\/\/artisticswimming.ca\/fr\/","name":"Natation Artistique Canada","description":"","potentialAction":[{"@type":"SearchAction","target":{"@type":"EntryPoint","urlTemplate":"https:\/\/artisticswimming.ca\/fr\/?s={search_term_string}"},"query-input":{"@type":"PropertyValueSpecification","valueRequired":true,"valueName":"search_term_string"}}],"inLanguage":"fr-FR"},{"@type":"Person","@id":"https:\/\/artisticswimming.ca\/fr\/#\/schema\/person\/76d6c2c9954d56641f9210cc7427bc76","name":"Myriam Cote","image":{"@type":"ImageObject","inLanguage":"fr-FR","@id":"https:\/\/secure.gravatar.com\/avatar\/9636d581f11fe1ce5c868617703e52ebeddf65bc5ba83eda388709ba9ad9da61?s=96&d=mm&r=g","url":"https:\/\/secure.gravatar.com\/avatar\/9636d581f11fe1ce5c868617703e52ebeddf65bc5ba83eda388709ba9ad9da61?s=96&d=mm&r=g","contentUrl":"https:\/\/secure.gravatar.com\/avatar\/9636d581f11fe1ce5c868617703e52ebeddf65bc5ba83eda388709ba9ad9da61?s=96&d=mm&r=g","caption":"Myriam Cote"},"url":"https:\/\/artisticswimming.ca\/fr\/author\/myriam\/"}]}},"_links":{"self":[{"href":"https:\/\/artisticswimming.ca\/fr\/wp-json\/wp\/v2\/posts\/542","targetHints":{"allow":["GET"]}}],"collection":[{"href":"https:\/\/artisticswimming.ca\/fr\/wp-json\/wp\/v2\/posts"}],"about":[{"href":"https:\/\/artisticswimming.ca\/fr\/wp-json\/wp\/v2\/types\/post"}],"author":[{"embeddable":true,"href":"https:\/\/artisticswimming.ca\/fr\/wp-json\/wp\/v2\/users\/3"}],"replies":[{"embeddable":true,"href":"https:\/\/artisticswimming.ca\/fr\/wp-json\/wp\/v2\/comments?post=542"}],"version-history":[{"count":0,"href":"https:\/\/artisticswimming.ca\/fr\/wp-json\/wp\/v2\/posts\/542\/revisions"}],"wp:attachment":[{"href":"https:\/\/artisticswimming.ca\/fr\/wp-json\/wp\/v2\/media?parent=542"}],"wp:term":[{"taxonomy":"category","embeddable":true,"href":"https:\/\/artisticswimming.ca\/fr\/wp-json\/wp\/v2\/categories?post=542"},{"taxonomy":"post_tag","embeddable":true,"href":"https:\/\/artisticswimming.ca\/fr\/wp-json\/wp\/v2\/tags?post=542"}],"curies":[{"name":"wp","href":"https:\/\/api.w.org\/{rel}","templated":true}]}}