{"id":550,"date":"2014-12-11T10:07:00","date_gmt":"2014-12-11T10:07:00","guid":{"rendered":"http:\/\/synchro.wpengine.com\/?p=550&#038;lang=fr"},"modified":"2016-09-08T14:22:45","modified_gmt":"2016-09-08T14:22:45","slug":"synchro-canada-represente-par-une-equipe-de-11-athletes-au-trophee-mondial-de-la-fina-2014","status":"publish","type":"post","link":"https:\/\/artisticswimming.ca\/fr\/synchro-canada-represente-par-une-equipe-de-11-athletes-au-trophee-mondial-de-la-fina-2014\/","title":{"rendered":"Synchro Canada repr\u00e9sent\u00e9 par une \u00e9quipe de 11 athl\u00e8tes au Troph\u00e9e mondial de la FINA 2014"},"content":{"rendered":"<p style=\"text-align: justify;\"><span style=\"font-weight: 400;\"><strong>Ottawa, le 12 d\u00e9cembre 2014<\/strong> \u2013 Synchro Canada enverra une \u00e9quipe de 11 nageuses au Troph\u00e9e mondial de la FINA 2014 qui aura lieu les 13 et 14 d\u00e9cembre \u00e0 P\u00e9kin, en Chine.<\/span><\/p>\n<p style=\"text-align: justify;\"><span style=\"font-weight: 400;\">Le Troph\u00e9e mondial de la FINA, qui en sera \u00e0 sa 9e \u00e9dition, est la comp\u00e9tition la plus originale dans le calendrier international de nage synchronis\u00e9e. \u00a0\u00a0Elle propose 4 \u00e9v\u00e9nements : l\u2019\u00e9quipe acrobatique, le combo ainsi que le duo et l\u2019\u00e9quipe th\u00e9matiques. \u00a0Les athl\u00e8tes peuvent y utiliser des maillots originaux et des accessoires alors que certains r\u00e8glements sont modifi\u00e9s pour permettre de pr\u00e9senter des routines in\u00e9dites qui plaisent \u00e0 la foule \u00e0 tout coup.<\/span><\/p>\n<p style=\"text-align: justify;\"><span style=\"font-weight: 400;\">\u00ab Le Troph\u00e9e mondial a une place toute sp\u00e9ciale dans nos coeurs, car c\u2019est une \u00e9preuve o\u00f9 nous pouvons vraiment nous exprimer \u00bb, mentionne <strong>Karine Thomas<\/strong>.<\/span><\/p>\n<p style=\"text-align: justify;\"><span style=\"font-weight: 400;\">Les athl\u00e8tes qui repr\u00e9senteront le Canada \u00e0 cette comp\u00e9tition sont :<\/span><\/p>\n<p style=\"text-align: justify;\"><b>Janelle Ball<\/b><span style=\"font-weight: 400;\"> (Dollard-des-Ormeaux, QC)<\/span><\/p>\n<p style=\"text-align: justify;\"><b>Gabriella Brisson<\/b><span style=\"font-weight: 400;\"> (Calgary, AB)<\/span><\/p>\n<p style=\"text-align: justify;\"><b>Annabelle Frappier<\/b><span style=\"font-weight: 400;\"> (Mont-Saint-Hilaire, QC)<\/span><\/p>\n<p style=\"text-align: justify;\"><b>Sandy Gill<\/b><span style=\"font-weight: 400;\"> (Coquitlam, BC)<\/span><\/p>\n<p style=\"text-align: justify;\"><b>Claudia Holzner<\/b><span style=\"font-weight: 400;\"> (Calgary, AB)<\/span><\/p>\n<p style=\"text-align: justify;\"><b>Rebecca Maule<\/b><span style=\"font-weight: 400;\"> (Guelph, ON)<\/span><\/p>\n<p style=\"text-align: justify;\"><b>Marie-Lou Morin<\/b><span style=\"font-weight: 400;\"> (Montr\u00e9al, QC)<\/span><\/p>\n<p style=\"text-align: justify;\"><b>Samantha Nealon<\/b><span style=\"font-weight: 400;\"> (Morriston, ON)<\/span><\/p>\n<p style=\"text-align: justify;\"><b>Lisa Sanders<\/b><span style=\"font-weight: 400;\"> (Gormley, ON)<\/span><\/p>\n<p style=\"text-align: justify;\"><b>Jacqueline Simoneau<\/b><span style=\"font-weight: 400;\"> (Montr\u00e9al, QC)<\/span><\/p>\n<p style=\"text-align: justify;\"><b>Karine Thomas<\/b><span style=\"font-weight: 400;\"> (Gatineau, Qc)<\/span><\/p>\n<p style=\"text-align: justify;\"><span style=\"font-weight: 400;\"><strong>Meng Chen<\/strong> et <strong>Lilianne Grenier<\/strong> sont les entra\u00eeneures de l\u2019\u00e9quipe. \u00a0<strong>Lisa Schott<\/strong>, la pr\u00e9sidente d\u2019Aquatics Canada, ainsi que la physioth\u00e9rapeute <strong>Katie Smith<\/strong> et la gestionnaire de la haute performance de Synchro Canada,\u00a0<strong>Isabelle Lecompte<\/strong>, compl\u00e8tent la d\u00e9l\u00e9gation canadienne.<\/span><\/p>\n<p style=\"text-align: justify;\"><span style=\"font-weight: 400;\">Le Canada pr\u00e9sentera le programme d\u2019\u00e9quipe acrobatique qui a m\u00e9rit\u00e9 la m\u00e9daille d\u2019argent lors de la Coupe du monde pr\u00e9sent\u00e9 \u00e0 Qu\u00e9bec en octobre dernier ainsi que des programmes d\u2019\u00e9quipe et de combo imaginatifs. \u00a0<strong>Jacqueline Simoneau<\/strong> et <strong>Karine Thomas<\/strong> pr\u00e9senteront un duo th\u00e9matique dynamique et innovateur alors que <strong>Simoneau<\/strong> participera \u00e0 la d\u00e9monstration de solos du samedi.<\/span><\/p>\n<p>&nbsp;<\/p>\n<p><b>\u00c0 propos de Synchro Canada<\/b><\/p>\n<p style=\"text-align: justify;\"><span style=\"font-weight: 400;\">Synchro Canada est l\u2019organisme national qui r\u00e9git le sport de la nage synchronis\u00e9e au Canada. \u00a0Il repr\u00e9sente dix associations provinciales et une association territoriale ainsi que pr\u00e8s de 150 clubs et plus de 12 000 membres \u00e0 travers le Canada. Membre de la FINA, l\u2019organisme mondial directeur des sports aquatiques, Synchro Canada favorise la poursuite del\u2019excellence tout en d\u00e9veloppant des athl\u00e8tes, des citoyens et des ambassadeurs du sport de la nage synchronis\u00e9e \u00e0 tous les niveaux.<\/span><\/p>\n<p><span style=\"font-weight: 400;\">Synchro Canada d\u00e9sire remercier ses commanditaires et partenaires :<\/span><\/p>\n<p><b>Partenaires de ses programmes : <\/b><span style=\"font-weight: 400;\">Sport Canada, \u00c0 nous le podium, l\u2019Institut national du sport du Qu\u00e9bec<\/span><\/p>\n<p><b>Fournisseur officiel aquatique : <\/b><span style=\"font-weight: 400;\">Speedo Canada<\/span><\/p>\n<p><b>Maquillage officiel : <\/b><span style=\"font-weight: 400;\">MAKE UP FOREVER<\/span><\/p>\n<p><b>Fournisseurs officiels : <\/b><span style=\"font-weight: 400;\">Knox Gelatine, AdUp, National Car Rental<\/span><\/p>\n<p><b>H\u00f4tel officiel : <\/b><span style=\"font-weight: 400;\">Hilton Worldwide<\/span><\/p>\n<p><span style=\"font-weight: 400;\">Pour plus de renseignements, consultez le site Internet de Synchro Canada au www.synchro.ca ou abonnez-vous aux m\u00e9dias sociaux de Synchro Canada : Twitter, Facebook et YouTube.<\/span><\/p>\n<p style=\"text-align: center;\"><span style=\"font-weight: 400;\">&#8211; 30 &#8211;<\/span><\/p>\n<p><b>Pour information : <\/b><\/p>\n<p><span style=\"font-weight: 400;\">St\u00e9phane C\u00f4t\u00e9<\/span><\/p>\n<p><span style=\"font-weight: 400;\">Synchro Canada<\/span><\/p>\n<p><span style=\"font-weight: 400;\">Coordonnateur des communications<\/span><\/p>\n<p><span style=\"font-weight: 400;\">Courriel : \u00a0<\/span><b>stephane@synchro.ca<\/b><\/p>\n<p><span style=\"font-weight: 400;\">T\u00e9l\u00e9phone : 418 420-2125<\/span><\/p>\n<p><span style=\"font-weight: 400;\">Site Internet : <\/span><b>www.synchro.ca<\/b><span style=\"font-weight: 400;\"> \u00a0\u00a0<\/span><\/p>\n<p><span style=\"font-weight: 400;\">Facebook : <\/span><a href=\"http:\/\/www.facebook.com\/synchrocanada\"><b>www.facebook.com\/synchrocanada<\/b><\/a><span style=\"font-weight: 400;\"> \u00a0<\/span><\/p>\n<p><span style=\"font-weight: 400;\">Twitter : <\/span><a href=\"http:\/\/www.twitter.com\/synchrocanada\"><b>www.twitter.com\/synchrocanada<\/b><\/a><\/p>\n","protected":false},"excerpt":{"rendered":"<p>Ottawa, le 12 d\u00e9cembre 2014 \u2013 Synchro Canada enverra une \u00e9quipe de 11 nageuses au Troph\u00e9e mondial de la FINA 2014 qui aura lieu les 13 et 14 d\u00e9cembre \u00e0 P\u00e9kin, en Chine. Le Troph\u00e9e mondial de la FINA, qui en <a href=\"https:\/\/artisticswimming.ca\/fr\/synchro-canada-represente-par-une-equipe-de-11-athletes-au-trophee-mondial-de-la-fina-2014\/\"> [&#8230;]<\/a><\/p>\n","protected":false},"author":3,"featured_media":0,"comment_status":"open","ping_status":"open","sticky":false,"template":"","format":"standard","meta":{"_acf_changed":false,"footnotes":""},"categories":[87,79],"tags":[],"class_list":["post-550","post","type-post","status-publish","format-standard","hentry","category-competition-fr","category-equipe-nationale-senior"],"acf":[],"yoast_head":"<!-- This site is optimized with the Yoast SEO plugin v27.2 - https:\/\/yoast.com\/product\/yoast-seo-wordpress\/ -->\n<title>Synchro Canada repr\u00e9sent\u00e9 par une \u00e9quipe de 11 athl\u00e8tes au Troph\u00e9e mondial de la FINA 2014 - Natation Artistique Canada<\/title>\n<meta name=\"robots\" content=\"index, follow, max-snippet:-1, max-image-preview:large, max-video-preview:-1\" \/>\n<link rel=\"canonical\" href=\"https:\/\/artisticswimming.ca\/fr\/synchro-canada-represente-par-une-equipe-de-11-athletes-au-trophee-mondial-de-la-fina-2014\/\" \/>\n<meta property=\"og:locale\" content=\"fr_FR\" \/>\n<meta property=\"og:type\" content=\"article\" \/>\n<meta property=\"og:title\" content=\"Synchro Canada repr\u00e9sent\u00e9 par une \u00e9quipe de 11 athl\u00e8tes au Troph\u00e9e mondial de la FINA 2014 - Natation Artistique Canada\" \/>\n<meta property=\"og:description\" content=\"Ottawa, le 12 d\u00e9cembre 2014 \u2013 Synchro Canada enverra une \u00e9quipe de 11 nageuses au Troph\u00e9e mondial de la FINA 2014 qui aura lieu les 13 et 14 d\u00e9cembre \u00e0 P\u00e9kin, en Chine. Le Troph\u00e9e mondial de la FINA, qui en [...]\" \/>\n<meta property=\"og:url\" content=\"https:\/\/artisticswimming.ca\/fr\/synchro-canada-represente-par-une-equipe-de-11-athletes-au-trophee-mondial-de-la-fina-2014\/\" \/>\n<meta property=\"og:site_name\" content=\"Natation Artistique Canada\" \/>\n<meta property=\"article:published_time\" content=\"2014-12-11T10:07:00+00:00\" \/>\n<meta property=\"article:modified_time\" content=\"2016-09-08T14:22:45+00:00\" \/>\n<meta name=\"author\" content=\"Myriam Cote\" \/>\n<meta name=\"twitter:card\" content=\"summary_large_image\" \/>\n<meta name=\"twitter:label1\" content=\"\u00c9crit par\" \/>\n\t<meta name=\"twitter:data1\" content=\"Myriam Cote\" \/>\n\t<meta name=\"twitter:label2\" content=\"Dur\u00e9e de lecture estim\u00e9e\" \/>\n\t<meta name=\"twitter:data2\" content=\"3 minutes\" \/>\n<script type=\"application\/ld+json\" class=\"yoast-schema-graph\">{\"@context\":\"https:\/\/schema.org\",\"@graph\":[{\"@type\":\"Article\",\"@id\":\"https:\/\/artisticswimming.ca\/fr\/synchro-canada-represente-par-une-equipe-de-11-athletes-au-trophee-mondial-de-la-fina-2014\/#article\",\"isPartOf\":{\"@id\":\"https:\/\/artisticswimming.ca\/fr\/synchro-canada-represente-par-une-equipe-de-11-athletes-au-trophee-mondial-de-la-fina-2014\/\"},\"author\":{\"name\":\"Myriam Cote\",\"@id\":\"https:\/\/artisticswimming.ca\/fr\/#\/schema\/person\/76d6c2c9954d56641f9210cc7427bc76\"},\"headline\":\"Synchro Canada repr\u00e9sent\u00e9 par une \u00e9quipe de 11 athl\u00e8tes au Troph\u00e9e mondial de la FINA 2014\",\"datePublished\":\"2014-12-11T10:07:00+00:00\",\"dateModified\":\"2016-09-08T14:22:45+00:00\",\"mainEntityOfPage\":{\"@id\":\"https:\/\/artisticswimming.ca\/fr\/synchro-canada-represente-par-une-equipe-de-11-athletes-au-trophee-mondial-de-la-fina-2014\/\"},\"wordCount\":523,\"commentCount\":0,\"articleSection\":[\"Comp\u00e9tition\",\"\u00c9quipe nationale senior\"],\"inLanguage\":\"fr-FR\",\"potentialAction\":[{\"@type\":\"CommentAction\",\"name\":\"Comment\",\"target\":[\"https:\/\/artisticswimming.ca\/fr\/synchro-canada-represente-par-une-equipe-de-11-athletes-au-trophee-mondial-de-la-fina-2014\/#respond\"]}]},{\"@type\":\"WebPage\",\"@id\":\"https:\/\/artisticswimming.ca\/fr\/synchro-canada-represente-par-une-equipe-de-11-athletes-au-trophee-mondial-de-la-fina-2014\/\",\"url\":\"https:\/\/artisticswimming.ca\/fr\/synchro-canada-represente-par-une-equipe-de-11-athletes-au-trophee-mondial-de-la-fina-2014\/\",\"name\":\"Synchro Canada repr\u00e9sent\u00e9 par une \u00e9quipe de 11 athl\u00e8tes au Troph\u00e9e mondial de la FINA 2014 - Natation Artistique Canada\",\"isPartOf\":{\"@id\":\"https:\/\/artisticswimming.ca\/fr\/#website\"},\"datePublished\":\"2014-12-11T10:07:00+00:00\",\"dateModified\":\"2016-09-08T14:22:45+00:00\",\"author\":{\"@id\":\"https:\/\/artisticswimming.ca\/fr\/#\/schema\/person\/76d6c2c9954d56641f9210cc7427bc76\"},\"breadcrumb\":{\"@id\":\"https:\/\/artisticswimming.ca\/fr\/synchro-canada-represente-par-une-equipe-de-11-athletes-au-trophee-mondial-de-la-fina-2014\/#breadcrumb\"},\"inLanguage\":\"fr-FR\",\"potentialAction\":[{\"@type\":\"ReadAction\",\"target\":[\"https:\/\/artisticswimming.ca\/fr\/synchro-canada-represente-par-une-equipe-de-11-athletes-au-trophee-mondial-de-la-fina-2014\/\"]}]},{\"@type\":\"BreadcrumbList\",\"@id\":\"https:\/\/artisticswimming.ca\/fr\/synchro-canada-represente-par-une-equipe-de-11-athletes-au-trophee-mondial-de-la-fina-2014\/#breadcrumb\",\"itemListElement\":[{\"@type\":\"ListItem\",\"position\":1,\"name\":\"Home\",\"item\":\"https:\/\/artisticswimming.ca\/fr\/\"},{\"@type\":\"ListItem\",\"position\":2,\"name\":\"Synchro Canada repr\u00e9sent\u00e9 par une \u00e9quipe de 11 athl\u00e8tes au Troph\u00e9e mondial de la FINA 2014\"}]},{\"@type\":\"WebSite\",\"@id\":\"https:\/\/artisticswimming.ca\/fr\/#website\",\"url\":\"https:\/\/artisticswimming.ca\/fr\/\",\"name\":\"Natation Artistique Canada\",\"description\":\"\",\"potentialAction\":[{\"@type\":\"SearchAction\",\"target\":{\"@type\":\"EntryPoint\",\"urlTemplate\":\"https:\/\/artisticswimming.ca\/fr\/?s={search_term_string}\"},\"query-input\":{\"@type\":\"PropertyValueSpecification\",\"valueRequired\":true,\"valueName\":\"search_term_string\"}}],\"inLanguage\":\"fr-FR\"},{\"@type\":\"Person\",\"@id\":\"https:\/\/artisticswimming.ca\/fr\/#\/schema\/person\/76d6c2c9954d56641f9210cc7427bc76\",\"name\":\"Myriam Cote\",\"image\":{\"@type\":\"ImageObject\",\"inLanguage\":\"fr-FR\",\"@id\":\"https:\/\/secure.gravatar.com\/avatar\/9636d581f11fe1ce5c868617703e52ebeddf65bc5ba83eda388709ba9ad9da61?s=96&d=mm&r=g\",\"url\":\"https:\/\/secure.gravatar.com\/avatar\/9636d581f11fe1ce5c868617703e52ebeddf65bc5ba83eda388709ba9ad9da61?s=96&d=mm&r=g\",\"contentUrl\":\"https:\/\/secure.gravatar.com\/avatar\/9636d581f11fe1ce5c868617703e52ebeddf65bc5ba83eda388709ba9ad9da61?s=96&d=mm&r=g\",\"caption\":\"Myriam Cote\"},\"url\":\"https:\/\/artisticswimming.ca\/fr\/author\/myriam\/\"}]}<\/script>\n<!-- \/ Yoast SEO plugin. -->","yoast_head_json":{"title":"Synchro Canada repr\u00e9sent\u00e9 par une \u00e9quipe de 11 athl\u00e8tes au Troph\u00e9e mondial de la FINA 2014 - Natation Artistique Canada","robots":{"index":"index","follow":"follow","max-snippet":"max-snippet:-1","max-image-preview":"max-image-preview:large","max-video-preview":"max-video-preview:-1"},"canonical":"https:\/\/artisticswimming.ca\/fr\/synchro-canada-represente-par-une-equipe-de-11-athletes-au-trophee-mondial-de-la-fina-2014\/","og_locale":"fr_FR","og_type":"article","og_title":"Synchro Canada repr\u00e9sent\u00e9 par une \u00e9quipe de 11 athl\u00e8tes au Troph\u00e9e mondial de la FINA 2014 - Natation Artistique Canada","og_description":"Ottawa, le 12 d\u00e9cembre 2014 \u2013 Synchro Canada enverra une \u00e9quipe de 11 nageuses au Troph\u00e9e mondial de la FINA 2014 qui aura lieu les 13 et 14 d\u00e9cembre \u00e0 P\u00e9kin, en Chine. Le Troph\u00e9e mondial de la FINA, qui en [...]","og_url":"https:\/\/artisticswimming.ca\/fr\/synchro-canada-represente-par-une-equipe-de-11-athletes-au-trophee-mondial-de-la-fina-2014\/","og_site_name":"Natation Artistique Canada","article_published_time":"2014-12-11T10:07:00+00:00","article_modified_time":"2016-09-08T14:22:45+00:00","author":"Myriam Cote","twitter_card":"summary_large_image","twitter_misc":{"\u00c9crit par":"Myriam Cote","Dur\u00e9e de lecture estim\u00e9e":"3 minutes"},"schema":{"@context":"https:\/\/schema.org","@graph":[{"@type":"Article","@id":"https:\/\/artisticswimming.ca\/fr\/synchro-canada-represente-par-une-equipe-de-11-athletes-au-trophee-mondial-de-la-fina-2014\/#article","isPartOf":{"@id":"https:\/\/artisticswimming.ca\/fr\/synchro-canada-represente-par-une-equipe-de-11-athletes-au-trophee-mondial-de-la-fina-2014\/"},"author":{"name":"Myriam Cote","@id":"https:\/\/artisticswimming.ca\/fr\/#\/schema\/person\/76d6c2c9954d56641f9210cc7427bc76"},"headline":"Synchro Canada repr\u00e9sent\u00e9 par une \u00e9quipe de 11 athl\u00e8tes au Troph\u00e9e mondial de la FINA 2014","datePublished":"2014-12-11T10:07:00+00:00","dateModified":"2016-09-08T14:22:45+00:00","mainEntityOfPage":{"@id":"https:\/\/artisticswimming.ca\/fr\/synchro-canada-represente-par-une-equipe-de-11-athletes-au-trophee-mondial-de-la-fina-2014\/"},"wordCount":523,"commentCount":0,"articleSection":["Comp\u00e9tition","\u00c9quipe nationale senior"],"inLanguage":"fr-FR","potentialAction":[{"@type":"CommentAction","name":"Comment","target":["https:\/\/artisticswimming.ca\/fr\/synchro-canada-represente-par-une-equipe-de-11-athletes-au-trophee-mondial-de-la-fina-2014\/#respond"]}]},{"@type":"WebPage","@id":"https:\/\/artisticswimming.ca\/fr\/synchro-canada-represente-par-une-equipe-de-11-athletes-au-trophee-mondial-de-la-fina-2014\/","url":"https:\/\/artisticswimming.ca\/fr\/synchro-canada-represente-par-une-equipe-de-11-athletes-au-trophee-mondial-de-la-fina-2014\/","name":"Synchro Canada repr\u00e9sent\u00e9 par une \u00e9quipe de 11 athl\u00e8tes au Troph\u00e9e mondial de la FINA 2014 - Natation Artistique Canada","isPartOf":{"@id":"https:\/\/artisticswimming.ca\/fr\/#website"},"datePublished":"2014-12-11T10:07:00+00:00","dateModified":"2016-09-08T14:22:45+00:00","author":{"@id":"https:\/\/artisticswimming.ca\/fr\/#\/schema\/person\/76d6c2c9954d56641f9210cc7427bc76"},"breadcrumb":{"@id":"https:\/\/artisticswimming.ca\/fr\/synchro-canada-represente-par-une-equipe-de-11-athletes-au-trophee-mondial-de-la-fina-2014\/#breadcrumb"},"inLanguage":"fr-FR","potentialAction":[{"@type":"ReadAction","target":["https:\/\/artisticswimming.ca\/fr\/synchro-canada-represente-par-une-equipe-de-11-athletes-au-trophee-mondial-de-la-fina-2014\/"]}]},{"@type":"BreadcrumbList","@id":"https:\/\/artisticswimming.ca\/fr\/synchro-canada-represente-par-une-equipe-de-11-athletes-au-trophee-mondial-de-la-fina-2014\/#breadcrumb","itemListElement":[{"@type":"ListItem","position":1,"name":"Home","item":"https:\/\/artisticswimming.ca\/fr\/"},{"@type":"ListItem","position":2,"name":"Synchro Canada repr\u00e9sent\u00e9 par une \u00e9quipe de 11 athl\u00e8tes au Troph\u00e9e mondial de la FINA 2014"}]},{"@type":"WebSite","@id":"https:\/\/artisticswimming.ca\/fr\/#website","url":"https:\/\/artisticswimming.ca\/fr\/","name":"Natation Artistique Canada","description":"","potentialAction":[{"@type":"SearchAction","target":{"@type":"EntryPoint","urlTemplate":"https:\/\/artisticswimming.ca\/fr\/?s={search_term_string}"},"query-input":{"@type":"PropertyValueSpecification","valueRequired":true,"valueName":"search_term_string"}}],"inLanguage":"fr-FR"},{"@type":"Person","@id":"https:\/\/artisticswimming.ca\/fr\/#\/schema\/person\/76d6c2c9954d56641f9210cc7427bc76","name":"Myriam Cote","image":{"@type":"ImageObject","inLanguage":"fr-FR","@id":"https:\/\/secure.gravatar.com\/avatar\/9636d581f11fe1ce5c868617703e52ebeddf65bc5ba83eda388709ba9ad9da61?s=96&d=mm&r=g","url":"https:\/\/secure.gravatar.com\/avatar\/9636d581f11fe1ce5c868617703e52ebeddf65bc5ba83eda388709ba9ad9da61?s=96&d=mm&r=g","contentUrl":"https:\/\/secure.gravatar.com\/avatar\/9636d581f11fe1ce5c868617703e52ebeddf65bc5ba83eda388709ba9ad9da61?s=96&d=mm&r=g","caption":"Myriam Cote"},"url":"https:\/\/artisticswimming.ca\/fr\/author\/myriam\/"}]}},"_links":{"self":[{"href":"https:\/\/artisticswimming.ca\/fr\/wp-json\/wp\/v2\/posts\/550","targetHints":{"allow":["GET"]}}],"collection":[{"href":"https:\/\/artisticswimming.ca\/fr\/wp-json\/wp\/v2\/posts"}],"about":[{"href":"https:\/\/artisticswimming.ca\/fr\/wp-json\/wp\/v2\/types\/post"}],"author":[{"embeddable":true,"href":"https:\/\/artisticswimming.ca\/fr\/wp-json\/wp\/v2\/users\/3"}],"replies":[{"embeddable":true,"href":"https:\/\/artisticswimming.ca\/fr\/wp-json\/wp\/v2\/comments?post=550"}],"version-history":[{"count":0,"href":"https:\/\/artisticswimming.ca\/fr\/wp-json\/wp\/v2\/posts\/550\/revisions"}],"wp:attachment":[{"href":"https:\/\/artisticswimming.ca\/fr\/wp-json\/wp\/v2\/media?parent=550"}],"wp:term":[{"taxonomy":"category","embeddable":true,"href":"https:\/\/artisticswimming.ca\/fr\/wp-json\/wp\/v2\/categories?post=550"},{"taxonomy":"post_tag","embeddable":true,"href":"https:\/\/artisticswimming.ca\/fr\/wp-json\/wp\/v2\/tags?post=550"}],"curies":[{"name":"wp","href":"https:\/\/api.w.org\/{rel}","templated":true}]}}