{"id":555,"date":"2014-12-04T10:13:17","date_gmt":"2014-12-04T10:13:17","guid":{"rendered":"http:\/\/synchro.wpengine.com\/?p=555&#038;lang=fr"},"modified":"2017-09-18T15:27:02","modified_gmt":"2017-09-18T15:27:02","slug":"chloe-isaac-annonce-sa-retraite","status":"publish","type":"post","link":"https:\/\/artisticswimming.ca\/fr\/chloe-isaac-annonce-sa-retraite\/","title":{"rendered":"Chlo\u00e9 Isaac annonce sa retraite"},"content":{"rendered":"<p style=\"text-align: justify;\"><span style=\"font-weight: 400;\"><strong>Ottawa, 5 d\u00e9cembre 2014<\/strong> &#8211; Synchro Canada tient \u00e0 remercier <a href=\"http:\/\/synchro.wpengine.com\/wp-content\/uploads\/2016\/08\/Chloe-Isaac.png\"><img decoding=\"async\" class=\"alignright size-full wp-image-553\" src=\"http:\/\/synchro.wpengine.com\/wp-content\/uploads\/2016\/08\/Chloe-Isaac.png\" alt=\"Chloe Isaac\" width=\"284\" height=\"387\" srcset=\"https:\/\/artisticswimming.ca\/wp-content\/uploads\/2016\/08\/Chloe-Isaac-200x273.png 200w, https:\/\/artisticswimming.ca\/wp-content\/uploads\/2016\/08\/Chloe-Isaac-220x300.png 220w, https:\/\/artisticswimming.ca\/wp-content\/uploads\/2016\/08\/Chloe-Isaac.png 284w\" sizes=\"(max-width: 284px) 100vw, 284px\" \/><\/a>et \u00e0 f\u00e9liciter <strong>Chlo\u00e9 Isaac<\/strong> (Brossard, Qc) qui annonce officiellement sa retraite de la nage synchronis\u00e9e aujourd&rsquo;hui.<\/span><\/p>\n<p style=\"text-align: justify;\"><span style=\"font-weight: 400;\">Chlo\u00e9 Isaac a d\u00e9but\u00e9 la nage synchronis\u00e9e \u00e0 l\u2019\u00e2ge de sept ans en 1998. Aimant s\u2019amuser l\u2019\u00e9t\u00e9 avec ses amies dans la piscine familiale, l\u2019athl\u00e8te n\u00e9e \u00e0 Montivilliers en France a re\u00e7u un jour un d\u00e9pliant promotionnel du club local \u00e0 Laval, ce qui lui a donn\u00e9 le go\u00fbt d\u2019essayer ce sport.<\/span><\/p>\n<p style=\"text-align: justify;\"><span style=\"font-weight: 400;\">Aujourd\u2019hui r\u00e9sidente de Brossard, QC, Chlo\u00e9 Isaac fait partie de l\u2019\u00e9quipe nationale senior de Synchro Canada depuis 2009 et est devenue depuis un symbole d&rsquo;excellence en nage synchronis\u00e9e au pays.<\/span><\/p>\n<p style=\"text-align: justify;\"><span style=\"font-weight: 400;\">En 2008 aux Championnats mondiaux juniors de la FINA, elle a m\u00e9rit\u00e9 la m\u00e9daille d&rsquo;argent en solo et de bronze en duo, ainsi qu&rsquo;une quatri\u00e8me position en figures. \u00a0En 2012, elle faisait partie de l&rsquo;\u00e9quipe olympique canadienne qui a termin\u00e9 quatri\u00e8me \u00e0 Londres.<\/span><\/p>\n<p style=\"text-align: justify;\"><span style=\"font-weight: 400;\">Elle a repr\u00e9sent\u00e9 le Canada aux Championnats mondiaux aquatiques de la FINA en 2009, 2011 et 2013, y m\u00e9ritant 2 fois le bronze en combo. \u00a0En 2010, elle a remport\u00e9 l&rsquo;or en duo aux Jeux du Commonwealth ainsi que l&rsquo;argent en duo et le bronze en \u00e9quipe et en combo \u00e0 la Coupe du monde de la FINA. Elle \u00e9tait aussi membre de l&rsquo;\u00e9quipe canadienne championne du Troph\u00e9e mondial de la FINA 2009.<\/span><\/p>\n<p style=\"text-align: justify;\"><span style=\"font-weight: 400;\">\u00ab\u00a0Aujourd&rsquo;hui, j&rsquo;annonce ma retraite de la nage synchronis\u00e9e. Je me retire du sport avec une grande satisfaction, m\u00eame si je n&rsquo;ai pas n\u00e9cessairement r\u00e9alis\u00e9 tous les objectifs tr\u00e8s \u00e9lev\u00e9s que je m&rsquo;\u00e9tais donn\u00e9s. J&rsquo;ai travaill\u00e9 tr\u00e8s fort ces derni\u00e8res ann\u00e9es je tiens \u00e0 remercier tout ceux qui m&rsquo;ont soutenu, en particulier mes parents. \u00bb<\/span><\/p>\n<p style=\"text-align: justify;\"><span style=\"font-weight: 400;\">\u00ab\u00a0Aujourd\u2019hui, je suis tr\u00e8s heureuse d\u2019\u00e9tudier \u00e0 temps plein \u00e0 l\u2019universit\u00e9 du Qu\u00e9bec \u00e0 Montr\u00e9al en Design de l\u2019environnement. \u00a0Le sport m\u2019a \u00e9norm\u00e9ment enseign\u00e9 et j\u2019en suis tr\u00e8s reconnaissante. \u00bb<\/span><\/p>\n<p style=\"text-align: justify;\"><span style=\"font-weight: 400;\">\u00ab\u00a0Nous tenons \u00e0 f\u00e9liciter \u00e0 remercier Chlo\u00e9 pour sa carri\u00e8re extraordinaire de nageuse synchronis\u00e9e d&rsquo;\u00e9lite au Canada \u00bb, a dit la Chef de la direction de Synchro Canada, <strong>Jackie Buckingham<\/strong>. \u00a0\u00ab Chloe est une \u00e9toile particuli\u00e8rement brillante dans la liste de nos comp\u00e9titrices nationales d&rsquo;exception et nous nous souviendrons longtemps de ses nombreuses performances \u00e9tincelantes. \u00bb<\/span><\/p>\n<p>&nbsp;<\/p>\n<p><b>\u00c0 propos de Synchro Canada<\/b><\/p>\n<p style=\"text-align: justify;\"><span style=\"font-weight: 400;\">Synchro Canada est l\u2019organisme national qui r\u00e9git le sport de la nage synchronis\u00e9e au Canada. \u00a0Il repr\u00e9sente dix associations provinciales et une association territoriale ainsi que pr\u00e8s de 150 clubs et plus de 12 000 membres \u00e0 travers le Canada. Membre de la FINA, l\u2019organisme mondial directeur des sports aquatiques, Synchro Canada favorise la poursuite del\u2019excellence tout en d\u00e9veloppant des athl\u00e8tes, des citoyens et des ambassadeurs du sport de la nage synchronis\u00e9e \u00e0 tous les niveaux.<\/span><\/p>\n<p><span style=\"font-weight: 400;\">Synchro Canada d\u00e9sire remercier ses commanditaires et partenaires :<\/span><\/p>\n<p><b>Partenaires de ses programmes : <\/b><span style=\"font-weight: 400;\">Sport Canada, \u00c0 nous le podium, l\u2019Institut national du sport du Qu\u00e9bec<\/span><\/p>\n<p><b>Fournisseur officiel aquatique : <\/b><span style=\"font-weight: 400;\">Speedo Canada<\/span><\/p>\n<p><b>Maquillage officiel : <\/b><span style=\"font-weight: 400;\">MAKE UP FOREVER<\/span><\/p>\n<p><b>Fournisseurs officiels : <\/b><span style=\"font-weight: 400;\">Knox Gelatine, AdUp, National Car Rental<\/span><\/p>\n<p><b>H\u00f4tel officiel : <\/b><span style=\"font-weight: 400;\">Hilton Worldwide<\/span><\/p>\n<p style=\"text-align: justify;\"><span style=\"font-weight: 400;\">Pour plus de renseignements, consultez le site Internet de Synchro Canada au www.synchro.ca ou abonnez-vous aux m\u00e9dias sociaux de Synchro Canada : Twitter, Facebook et YouTube.<\/span><\/p>\n<p style=\"text-align: center;\"><span style=\"font-weight: 400;\">&#8211; 30 &#8211;<\/span><\/p>\n<p><b>Pour information : <\/b><\/p>\n<p><span style=\"font-weight: 400;\">St\u00e9phane C\u00f4t\u00e9<\/span><\/p>\n<p><span style=\"font-weight: 400;\">Synchro Canada<\/span><\/p>\n<p><span style=\"font-weight: 400;\">Coordonnateur des communications<\/span><\/p>\n<p><span style=\"font-weight: 400;\">Courriel : \u00a0<\/span><b>stephane@synchro.ca<\/b><\/p>\n<p><span style=\"font-weight: 400;\">T\u00e9l\u00e9phone : 418 420-2125<\/span><\/p>\n<p><span style=\"font-weight: 400;\">Site Internet : <\/span><b>www.synchro.ca<\/b><span style=\"font-weight: 400;\"> \u00a0\u00a0<\/span><\/p>\n<p><span style=\"font-weight: 400;\">Facebook : <\/span><a href=\"http:\/\/www.facebook.com\/synchrocanada\"><b>www.facebook.com\/synchrocanada<\/b><\/a><span style=\"font-weight: 400;\"> \u00a0<\/span><\/p>\n<p><span style=\"font-weight: 400;\">Twitter : <\/span><a href=\"http:\/\/www.twitter.com\/synchrocanada\"><b>www.twitter.com\/synchrocanada<\/b><\/a><\/p>\n","protected":false},"excerpt":{"rendered":"<p>Ottawa, 5 d\u00e9cembre 2014 &#8211; Synchro Canada tient \u00e0 remercier et \u00e0 f\u00e9liciter Chlo\u00e9 Isaac (Brossard, Qc) qui annonce officiellement sa retraite de la nage synchronis\u00e9e aujourd&rsquo;hui. Chlo\u00e9 Isaac a d\u00e9but\u00e9 la nage synchronis\u00e9e \u00e0 l\u2019\u00e2ge de sept ans en 1998. <a href=\"https:\/\/artisticswimming.ca\/fr\/chloe-isaac-annonce-sa-retraite\/\"> [&#8230;]<\/a><\/p>\n","protected":false},"author":3,"featured_media":0,"comment_status":"open","ping_status":"open","sticky":false,"template":"","format":"standard","meta":{"_acf_changed":false,"footnotes":""},"categories":[79,73,1],"tags":[],"class_list":["post-555","post","type-post","status-publish","format-standard","hentry","category-equipe-nationale-senior","category-nouvelles","category-uncategorized"],"acf":[],"yoast_head":"<!-- This site is optimized with the Yoast SEO plugin v27.2 - https:\/\/yoast.com\/product\/yoast-seo-wordpress\/ -->\n<title>Chlo\u00e9 Isaac annonce sa retraite - Natation Artistique Canada<\/title>\n<meta name=\"robots\" content=\"index, follow, max-snippet:-1, max-image-preview:large, max-video-preview:-1\" \/>\n<link rel=\"canonical\" href=\"https:\/\/artisticswimming.ca\/fr\/chloe-isaac-annonce-sa-retraite\/\" \/>\n<meta property=\"og:locale\" content=\"fr_FR\" \/>\n<meta property=\"og:type\" content=\"article\" \/>\n<meta property=\"og:title\" content=\"Chlo\u00e9 Isaac annonce sa retraite - Natation Artistique Canada\" \/>\n<meta property=\"og:description\" content=\"Ottawa, 5 d\u00e9cembre 2014 &#8211; Synchro Canada tient \u00e0 remercier et \u00e0 f\u00e9liciter Chlo\u00e9 Isaac (Brossard, Qc) qui annonce officiellement sa retraite de la nage synchronis\u00e9e aujourd&rsquo;hui. Chlo\u00e9 Isaac a d\u00e9but\u00e9 la nage synchronis\u00e9e \u00e0 l\u2019\u00e2ge de sept ans en 1998. [...]\" \/>\n<meta property=\"og:url\" content=\"https:\/\/artisticswimming.ca\/fr\/chloe-isaac-annonce-sa-retraite\/\" \/>\n<meta property=\"og:site_name\" content=\"Natation Artistique Canada\" \/>\n<meta property=\"article:published_time\" content=\"2014-12-04T10:13:17+00:00\" \/>\n<meta property=\"article:modified_time\" content=\"2017-09-18T15:27:02+00:00\" \/>\n<meta property=\"og:image\" content=\"http:\/\/synchro.wpengine.com\/wp-content\/uploads\/2016\/08\/Chloe-Isaac.png\" \/>\n<meta name=\"author\" content=\"Myriam Cote\" \/>\n<meta name=\"twitter:card\" content=\"summary_large_image\" \/>\n<meta name=\"twitter:label1\" content=\"\u00c9crit par\" \/>\n\t<meta name=\"twitter:data1\" content=\"Myriam Cote\" \/>\n\t<meta name=\"twitter:label2\" content=\"Dur\u00e9e de lecture estim\u00e9e\" \/>\n\t<meta name=\"twitter:data2\" content=\"3 minutes\" \/>\n<script type=\"application\/ld+json\" class=\"yoast-schema-graph\">{\"@context\":\"https:\/\/schema.org\",\"@graph\":[{\"@type\":\"Article\",\"@id\":\"https:\/\/artisticswimming.ca\/fr\/chloe-isaac-annonce-sa-retraite\/#article\",\"isPartOf\":{\"@id\":\"https:\/\/artisticswimming.ca\/fr\/chloe-isaac-annonce-sa-retraite\/\"},\"author\":{\"name\":\"Myriam Cote\",\"@id\":\"https:\/\/artisticswimming.ca\/fr\/#\/schema\/person\/76d6c2c9954d56641f9210cc7427bc76\"},\"headline\":\"Chlo\u00e9 Isaac annonce sa retraite\",\"datePublished\":\"2014-12-04T10:13:17+00:00\",\"dateModified\":\"2017-09-18T15:27:02+00:00\",\"mainEntityOfPage\":{\"@id\":\"https:\/\/artisticswimming.ca\/fr\/chloe-isaac-annonce-sa-retraite\/\"},\"wordCount\":595,\"commentCount\":0,\"image\":{\"@id\":\"https:\/\/artisticswimming.ca\/fr\/chloe-isaac-annonce-sa-retraite\/#primaryimage\"},\"thumbnailUrl\":\"http:\/\/synchro.wpengine.com\/wp-content\/uploads\/2016\/08\/Chloe-Isaac.png\",\"articleSection\":[\"\u00c9quipe nationale senior\",\"Nouvelles\",\"Uncategorized\"],\"inLanguage\":\"fr-FR\",\"potentialAction\":[{\"@type\":\"CommentAction\",\"name\":\"Comment\",\"target\":[\"https:\/\/artisticswimming.ca\/fr\/chloe-isaac-annonce-sa-retraite\/#respond\"]}]},{\"@type\":\"WebPage\",\"@id\":\"https:\/\/artisticswimming.ca\/fr\/chloe-isaac-annonce-sa-retraite\/\",\"url\":\"https:\/\/artisticswimming.ca\/fr\/chloe-isaac-annonce-sa-retraite\/\",\"name\":\"Chlo\u00e9 Isaac annonce sa retraite - Natation Artistique Canada\",\"isPartOf\":{\"@id\":\"https:\/\/artisticswimming.ca\/fr\/#website\"},\"primaryImageOfPage\":{\"@id\":\"https:\/\/artisticswimming.ca\/fr\/chloe-isaac-annonce-sa-retraite\/#primaryimage\"},\"image\":{\"@id\":\"https:\/\/artisticswimming.ca\/fr\/chloe-isaac-annonce-sa-retraite\/#primaryimage\"},\"thumbnailUrl\":\"http:\/\/synchro.wpengine.com\/wp-content\/uploads\/2016\/08\/Chloe-Isaac.png\",\"datePublished\":\"2014-12-04T10:13:17+00:00\",\"dateModified\":\"2017-09-18T15:27:02+00:00\",\"author\":{\"@id\":\"https:\/\/artisticswimming.ca\/fr\/#\/schema\/person\/76d6c2c9954d56641f9210cc7427bc76\"},\"breadcrumb\":{\"@id\":\"https:\/\/artisticswimming.ca\/fr\/chloe-isaac-annonce-sa-retraite\/#breadcrumb\"},\"inLanguage\":\"fr-FR\",\"potentialAction\":[{\"@type\":\"ReadAction\",\"target\":[\"https:\/\/artisticswimming.ca\/fr\/chloe-isaac-annonce-sa-retraite\/\"]}]},{\"@type\":\"ImageObject\",\"inLanguage\":\"fr-FR\",\"@id\":\"https:\/\/artisticswimming.ca\/fr\/chloe-isaac-annonce-sa-retraite\/#primaryimage\",\"url\":\"http:\/\/synchro.wpengine.com\/wp-content\/uploads\/2016\/08\/Chloe-Isaac.png\",\"contentUrl\":\"http:\/\/synchro.wpengine.com\/wp-content\/uploads\/2016\/08\/Chloe-Isaac.png\"},{\"@type\":\"BreadcrumbList\",\"@id\":\"https:\/\/artisticswimming.ca\/fr\/chloe-isaac-annonce-sa-retraite\/#breadcrumb\",\"itemListElement\":[{\"@type\":\"ListItem\",\"position\":1,\"name\":\"Home\",\"item\":\"https:\/\/artisticswimming.ca\/fr\/\"},{\"@type\":\"ListItem\",\"position\":2,\"name\":\"Chlo\u00e9 Isaac annonce sa retraite\"}]},{\"@type\":\"WebSite\",\"@id\":\"https:\/\/artisticswimming.ca\/fr\/#website\",\"url\":\"https:\/\/artisticswimming.ca\/fr\/\",\"name\":\"Natation Artistique Canada\",\"description\":\"\",\"potentialAction\":[{\"@type\":\"SearchAction\",\"target\":{\"@type\":\"EntryPoint\",\"urlTemplate\":\"https:\/\/artisticswimming.ca\/fr\/?s={search_term_string}\"},\"query-input\":{\"@type\":\"PropertyValueSpecification\",\"valueRequired\":true,\"valueName\":\"search_term_string\"}}],\"inLanguage\":\"fr-FR\"},{\"@type\":\"Person\",\"@id\":\"https:\/\/artisticswimming.ca\/fr\/#\/schema\/person\/76d6c2c9954d56641f9210cc7427bc76\",\"name\":\"Myriam Cote\",\"image\":{\"@type\":\"ImageObject\",\"inLanguage\":\"fr-FR\",\"@id\":\"https:\/\/secure.gravatar.com\/avatar\/9636d581f11fe1ce5c868617703e52ebeddf65bc5ba83eda388709ba9ad9da61?s=96&d=mm&r=g\",\"url\":\"https:\/\/secure.gravatar.com\/avatar\/9636d581f11fe1ce5c868617703e52ebeddf65bc5ba83eda388709ba9ad9da61?s=96&d=mm&r=g\",\"contentUrl\":\"https:\/\/secure.gravatar.com\/avatar\/9636d581f11fe1ce5c868617703e52ebeddf65bc5ba83eda388709ba9ad9da61?s=96&d=mm&r=g\",\"caption\":\"Myriam Cote\"},\"url\":\"https:\/\/artisticswimming.ca\/fr\/author\/myriam\/\"}]}<\/script>\n<!-- \/ Yoast SEO plugin. -->","yoast_head_json":{"title":"Chlo\u00e9 Isaac annonce sa retraite - Natation Artistique Canada","robots":{"index":"index","follow":"follow","max-snippet":"max-snippet:-1","max-image-preview":"max-image-preview:large","max-video-preview":"max-video-preview:-1"},"canonical":"https:\/\/artisticswimming.ca\/fr\/chloe-isaac-annonce-sa-retraite\/","og_locale":"fr_FR","og_type":"article","og_title":"Chlo\u00e9 Isaac annonce sa retraite - Natation Artistique Canada","og_description":"Ottawa, 5 d\u00e9cembre 2014 &#8211; Synchro Canada tient \u00e0 remercier et \u00e0 f\u00e9liciter Chlo\u00e9 Isaac (Brossard, Qc) qui annonce officiellement sa retraite de la nage synchronis\u00e9e aujourd&rsquo;hui. Chlo\u00e9 Isaac a d\u00e9but\u00e9 la nage synchronis\u00e9e \u00e0 l\u2019\u00e2ge de sept ans en 1998. [...]","og_url":"https:\/\/artisticswimming.ca\/fr\/chloe-isaac-annonce-sa-retraite\/","og_site_name":"Natation Artistique Canada","article_published_time":"2014-12-04T10:13:17+00:00","article_modified_time":"2017-09-18T15:27:02+00:00","og_image":[{"url":"http:\/\/synchro.wpengine.com\/wp-content\/uploads\/2016\/08\/Chloe-Isaac.png","type":"","width":"","height":""}],"author":"Myriam Cote","twitter_card":"summary_large_image","twitter_misc":{"\u00c9crit par":"Myriam Cote","Dur\u00e9e de lecture estim\u00e9e":"3 minutes"},"schema":{"@context":"https:\/\/schema.org","@graph":[{"@type":"Article","@id":"https:\/\/artisticswimming.ca\/fr\/chloe-isaac-annonce-sa-retraite\/#article","isPartOf":{"@id":"https:\/\/artisticswimming.ca\/fr\/chloe-isaac-annonce-sa-retraite\/"},"author":{"name":"Myriam Cote","@id":"https:\/\/artisticswimming.ca\/fr\/#\/schema\/person\/76d6c2c9954d56641f9210cc7427bc76"},"headline":"Chlo\u00e9 Isaac annonce sa retraite","datePublished":"2014-12-04T10:13:17+00:00","dateModified":"2017-09-18T15:27:02+00:00","mainEntityOfPage":{"@id":"https:\/\/artisticswimming.ca\/fr\/chloe-isaac-annonce-sa-retraite\/"},"wordCount":595,"commentCount":0,"image":{"@id":"https:\/\/artisticswimming.ca\/fr\/chloe-isaac-annonce-sa-retraite\/#primaryimage"},"thumbnailUrl":"http:\/\/synchro.wpengine.com\/wp-content\/uploads\/2016\/08\/Chloe-Isaac.png","articleSection":["\u00c9quipe nationale senior","Nouvelles","Uncategorized"],"inLanguage":"fr-FR","potentialAction":[{"@type":"CommentAction","name":"Comment","target":["https:\/\/artisticswimming.ca\/fr\/chloe-isaac-annonce-sa-retraite\/#respond"]}]},{"@type":"WebPage","@id":"https:\/\/artisticswimming.ca\/fr\/chloe-isaac-annonce-sa-retraite\/","url":"https:\/\/artisticswimming.ca\/fr\/chloe-isaac-annonce-sa-retraite\/","name":"Chlo\u00e9 Isaac annonce sa retraite - Natation Artistique Canada","isPartOf":{"@id":"https:\/\/artisticswimming.ca\/fr\/#website"},"primaryImageOfPage":{"@id":"https:\/\/artisticswimming.ca\/fr\/chloe-isaac-annonce-sa-retraite\/#primaryimage"},"image":{"@id":"https:\/\/artisticswimming.ca\/fr\/chloe-isaac-annonce-sa-retraite\/#primaryimage"},"thumbnailUrl":"http:\/\/synchro.wpengine.com\/wp-content\/uploads\/2016\/08\/Chloe-Isaac.png","datePublished":"2014-12-04T10:13:17+00:00","dateModified":"2017-09-18T15:27:02+00:00","author":{"@id":"https:\/\/artisticswimming.ca\/fr\/#\/schema\/person\/76d6c2c9954d56641f9210cc7427bc76"},"breadcrumb":{"@id":"https:\/\/artisticswimming.ca\/fr\/chloe-isaac-annonce-sa-retraite\/#breadcrumb"},"inLanguage":"fr-FR","potentialAction":[{"@type":"ReadAction","target":["https:\/\/artisticswimming.ca\/fr\/chloe-isaac-annonce-sa-retraite\/"]}]},{"@type":"ImageObject","inLanguage":"fr-FR","@id":"https:\/\/artisticswimming.ca\/fr\/chloe-isaac-annonce-sa-retraite\/#primaryimage","url":"http:\/\/synchro.wpengine.com\/wp-content\/uploads\/2016\/08\/Chloe-Isaac.png","contentUrl":"http:\/\/synchro.wpengine.com\/wp-content\/uploads\/2016\/08\/Chloe-Isaac.png"},{"@type":"BreadcrumbList","@id":"https:\/\/artisticswimming.ca\/fr\/chloe-isaac-annonce-sa-retraite\/#breadcrumb","itemListElement":[{"@type":"ListItem","position":1,"name":"Home","item":"https:\/\/artisticswimming.ca\/fr\/"},{"@type":"ListItem","position":2,"name":"Chlo\u00e9 Isaac annonce sa retraite"}]},{"@type":"WebSite","@id":"https:\/\/artisticswimming.ca\/fr\/#website","url":"https:\/\/artisticswimming.ca\/fr\/","name":"Natation Artistique Canada","description":"","potentialAction":[{"@type":"SearchAction","target":{"@type":"EntryPoint","urlTemplate":"https:\/\/artisticswimming.ca\/fr\/?s={search_term_string}"},"query-input":{"@type":"PropertyValueSpecification","valueRequired":true,"valueName":"search_term_string"}}],"inLanguage":"fr-FR"},{"@type":"Person","@id":"https:\/\/artisticswimming.ca\/fr\/#\/schema\/person\/76d6c2c9954d56641f9210cc7427bc76","name":"Myriam Cote","image":{"@type":"ImageObject","inLanguage":"fr-FR","@id":"https:\/\/secure.gravatar.com\/avatar\/9636d581f11fe1ce5c868617703e52ebeddf65bc5ba83eda388709ba9ad9da61?s=96&d=mm&r=g","url":"https:\/\/secure.gravatar.com\/avatar\/9636d581f11fe1ce5c868617703e52ebeddf65bc5ba83eda388709ba9ad9da61?s=96&d=mm&r=g","contentUrl":"https:\/\/secure.gravatar.com\/avatar\/9636d581f11fe1ce5c868617703e52ebeddf65bc5ba83eda388709ba9ad9da61?s=96&d=mm&r=g","caption":"Myriam Cote"},"url":"https:\/\/artisticswimming.ca\/fr\/author\/myriam\/"}]}},"_links":{"self":[{"href":"https:\/\/artisticswimming.ca\/fr\/wp-json\/wp\/v2\/posts\/555","targetHints":{"allow":["GET"]}}],"collection":[{"href":"https:\/\/artisticswimming.ca\/fr\/wp-json\/wp\/v2\/posts"}],"about":[{"href":"https:\/\/artisticswimming.ca\/fr\/wp-json\/wp\/v2\/types\/post"}],"author":[{"embeddable":true,"href":"https:\/\/artisticswimming.ca\/fr\/wp-json\/wp\/v2\/users\/3"}],"replies":[{"embeddable":true,"href":"https:\/\/artisticswimming.ca\/fr\/wp-json\/wp\/v2\/comments?post=555"}],"version-history":[{"count":0,"href":"https:\/\/artisticswimming.ca\/fr\/wp-json\/wp\/v2\/posts\/555\/revisions"}],"wp:attachment":[{"href":"https:\/\/artisticswimming.ca\/fr\/wp-json\/wp\/v2\/media?parent=555"}],"wp:term":[{"taxonomy":"category","embeddable":true,"href":"https:\/\/artisticswimming.ca\/fr\/wp-json\/wp\/v2\/categories?post=555"},{"taxonomy":"post_tag","embeddable":true,"href":"https:\/\/artisticswimming.ca\/fr\/wp-json\/wp\/v2\/tags?post=555"}],"curies":[{"name":"wp","href":"https:\/\/api.w.org\/{rel}","templated":true}]}}