{"id":558,"date":"2014-11-28T10:18:58","date_gmt":"2014-11-28T10:18:58","guid":{"rendered":"http:\/\/synchro.wpengine.com\/?p=558&#038;lang=fr"},"modified":"2016-09-08T14:23:06","modified_gmt":"2016-09-08T14:23:06","slug":"les-meilleures-nageuses-synchronisee-du-pays-a-montreal-pour-les-selections-du-centre-dexcellence","status":"publish","type":"post","link":"https:\/\/artisticswimming.ca\/fr\/les-meilleures-nageuses-synchronisee-du-pays-a-montreal-pour-les-selections-du-centre-dexcellence\/","title":{"rendered":"Les meilleures nageuses synchronis\u00e9e du pays \u00e0 Montr\u00e9al pour les s\u00e9lections du Centre d&rsquo;excellence"},"content":{"rendered":"<p style=\"text-align: justify;\"><span style=\"font-weight: 400;\"><strong>Montr\u00e9al, 27 novembre 2014<\/strong> &#8211; L\u2019\u00e9lite de la nage synchronis\u00e9e canadienne est \u00e0 Montr\u00e9al cette fin de semaine pour les s\u00e9lections du Centre d\u2019excellence de Synchro Canada. Des membres actuelles de l\u2019\u00e9quipe ainsi que plusieurs athl\u00e8tes provenant de partout au pays prennent part \u00e0 un processus de s\u00e9lection intensif de trois jours comprenant des tests dans et hors de l\u2019eau.<\/span><\/p>\n<p style=\"text-align: justify;\"><span style=\"font-weight: 400;\">La composition de l\u2019\u00e9quipe du Centre d\u2019excellence sera d\u00e9voil\u00e9e avant la fin de 2014 et les athl\u00e8tes s\u00e9lectionn\u00e9es commenceront \u00e0 s\u2019entra\u00eener \u00e0 Montr\u00e9al d\u00e8s le d\u00e9but 2015. La nouvelle \u00e9quipe aura une saison de comp\u00e9tition charg\u00e9e car les Jeux Panam\u00e9ricains de Toronto et les Championnats du monde de la FINA figurent tout deux au calendrier 2015.<\/span><\/p>\n<p>&nbsp;<\/p>\n<p><b>\u00c0 propos de Synchro Canada<\/b><\/p>\n<p style=\"text-align: justify;\"><span style=\"font-weight: 400;\">Synchro Canada est l\u2019organisme national qui r\u00e9git le sport de la nage synchronis\u00e9e au Canada. \u00a0Il repr\u00e9sente dix associations provinciales et une association territoriale ainsi que pr\u00e8s de 150 clubs et plus de 12 000 membres \u00e0 travers le Canada. Membre de la FINA, l\u2019organisme mondial directeur des sports aquatiques, Synchro Canada favorise la poursuite del\u2019excellence tout en d\u00e9veloppant des athl\u00e8tes, des citoyens et des ambassadeurs du sport de la nage synchronis\u00e9e \u00e0 tous les niveaux.<\/span><\/p>\n<p><span style=\"font-weight: 400;\">Synchro Canada d\u00e9sire remercier ses commanditaires et partenaires :<\/span><\/p>\n<p><b>Partenaires de ses programmes : <\/b><span style=\"font-weight: 400;\">Sport Canada, \u00c0 nous le podium, l\u2019Institut national du sport du Qu\u00e9bec<\/span><\/p>\n<p><b>Fournisseur officiel aquatique : <\/b><span style=\"font-weight: 400;\">Speedo Canada<\/span><\/p>\n<p><b>Maquillage officiel : <\/b><span style=\"font-weight: 400;\">MAKE UP FOREVER<\/span><\/p>\n<p><b>Fournisseurs officiels : <\/b><span style=\"font-weight: 400;\">Knox Gelatine, AdUp, National Car Rental<\/span><\/p>\n<p><b>H\u00f4tel officiel : <\/b><span style=\"font-weight: 400;\">Hilton Worldwide<\/span><\/p>\n<p>Pour plus de renseignements, consultez le site Internet de Synchro Canada au www.synchro.ca ou abonnez-vous aux m\u00e9dias sociaux de Synchro Canada : Twitter, Facebook et YouTube.<\/p>\n<p style=\"text-align: center;\"><span style=\"font-weight: 400;\">&#8211; 30 &#8211;<\/span><\/p>\n<p><b>Pour information : <\/b><\/p>\n<p><span style=\"font-weight: 400;\">St\u00e9phane C\u00f4t\u00e9<\/span><\/p>\n<p><span style=\"font-weight: 400;\">Synchro Canada<\/span><\/p>\n<p><span style=\"font-weight: 400;\">Coordonnateur des communications<\/span><\/p>\n<p><span style=\"font-weight: 400;\">Courriel : \u00a0<\/span><b>stephane@synchro.ca<\/b><\/p>\n<p><span style=\"font-weight: 400;\">T\u00e9l\u00e9phone : 418 420-2125<\/span><\/p>\n<p><span style=\"font-weight: 400;\">Site Internet : <\/span><b>www.synchro.ca<\/b><span style=\"font-weight: 400;\"> \u00a0\u00a0<\/span><\/p>\n<p><span style=\"font-weight: 400;\">Facebook : <\/span><a href=\"http:\/\/www.facebook.com\/synchrocanada\"><b>www.facebook.com\/synchrocanada<\/b><\/a><span style=\"font-weight: 400;\"> \u00a0<\/span><\/p>\n<p><span style=\"font-weight: 400;\">Twitter : <\/span><a href=\"http:\/\/www.twitter.com\/synchrocanada\"><b>www.twitter.com\/synchrocanada<\/b><\/a><\/p>\n","protected":false},"excerpt":{"rendered":"<p>Montr\u00e9al, 27 novembre 2014 &#8211; L\u2019\u00e9lite de la nage synchronis\u00e9e canadienne est \u00e0 Montr\u00e9al cette fin de semaine pour les s\u00e9lections du Centre d\u2019excellence de Synchro Canada. Des membres actuelles de l\u2019\u00e9quipe ainsi que plusieurs athl\u00e8tes provenant de partout au pays <a href=\"https:\/\/artisticswimming.ca\/fr\/les-meilleures-nageuses-synchronisee-du-pays-a-montreal-pour-les-selections-du-centre-dexcellence\/\"> [&#8230;]<\/a><\/p>\n","protected":false},"author":3,"featured_media":0,"comment_status":"open","ping_status":"open","sticky":false,"template":"","format":"standard","meta":{"_acf_changed":false,"footnotes":""},"categories":[79,73],"tags":[],"class_list":["post-558","post","type-post","status-publish","format-standard","hentry","category-equipe-nationale-senior","category-nouvelles"],"acf":[],"yoast_head":"<!-- This site is optimized with the Yoast SEO plugin v27.2 - https:\/\/yoast.com\/product\/yoast-seo-wordpress\/ -->\n<title>Les meilleures nageuses synchronis\u00e9e du pays \u00e0 Montr\u00e9al pour les s\u00e9lections du Centre d&#039;excellence - Natation Artistique Canada<\/title>\n<meta name=\"robots\" content=\"index, follow, max-snippet:-1, max-image-preview:large, max-video-preview:-1\" \/>\n<link rel=\"canonical\" href=\"https:\/\/artisticswimming.ca\/fr\/les-meilleures-nageuses-synchronisee-du-pays-a-montreal-pour-les-selections-du-centre-dexcellence\/\" \/>\n<meta property=\"og:locale\" content=\"fr_FR\" \/>\n<meta property=\"og:type\" content=\"article\" \/>\n<meta property=\"og:title\" content=\"Les meilleures nageuses synchronis\u00e9e du pays \u00e0 Montr\u00e9al pour les s\u00e9lections du Centre d&#039;excellence - Natation Artistique Canada\" \/>\n<meta property=\"og:description\" content=\"Montr\u00e9al, 27 novembre 2014 &#8211; L\u2019\u00e9lite de la nage synchronis\u00e9e canadienne est \u00e0 Montr\u00e9al cette fin de semaine pour les s\u00e9lections du Centre d\u2019excellence de Synchro Canada. Des membres actuelles de l\u2019\u00e9quipe ainsi que plusieurs athl\u00e8tes provenant de partout au pays [...]\" \/>\n<meta property=\"og:url\" content=\"https:\/\/artisticswimming.ca\/fr\/les-meilleures-nageuses-synchronisee-du-pays-a-montreal-pour-les-selections-du-centre-dexcellence\/\" \/>\n<meta property=\"og:site_name\" content=\"Natation Artistique Canada\" \/>\n<meta property=\"article:published_time\" content=\"2014-11-28T10:18:58+00:00\" \/>\n<meta property=\"article:modified_time\" content=\"2016-09-08T14:23:06+00:00\" \/>\n<meta name=\"author\" content=\"Myriam Cote\" \/>\n<meta name=\"twitter:card\" content=\"summary_large_image\" \/>\n<meta name=\"twitter:label1\" content=\"\u00c9crit par\" \/>\n\t<meta name=\"twitter:data1\" content=\"Myriam Cote\" \/>\n\t<meta name=\"twitter:label2\" content=\"Dur\u00e9e de lecture estim\u00e9e\" \/>\n\t<meta name=\"twitter:data2\" content=\"2 minutes\" \/>\n<script type=\"application\/ld+json\" class=\"yoast-schema-graph\">{\"@context\":\"https:\/\/schema.org\",\"@graph\":[{\"@type\":\"Article\",\"@id\":\"https:\/\/artisticswimming.ca\/fr\/les-meilleures-nageuses-synchronisee-du-pays-a-montreal-pour-les-selections-du-centre-dexcellence\/#article\",\"isPartOf\":{\"@id\":\"https:\/\/artisticswimming.ca\/fr\/les-meilleures-nageuses-synchronisee-du-pays-a-montreal-pour-les-selections-du-centre-dexcellence\/\"},\"author\":{\"name\":\"Myriam Cote\",\"@id\":\"https:\/\/artisticswimming.ca\/fr\/#\/schema\/person\/76d6c2c9954d56641f9210cc7427bc76\"},\"headline\":\"Les meilleures nageuses synchronis\u00e9e du pays \u00e0 Montr\u00e9al pour les s\u00e9lections du Centre d&rsquo;excellence\",\"datePublished\":\"2014-11-28T10:18:58+00:00\",\"dateModified\":\"2016-09-08T14:23:06+00:00\",\"mainEntityOfPage\":{\"@id\":\"https:\/\/artisticswimming.ca\/fr\/les-meilleures-nageuses-synchronisee-du-pays-a-montreal-pour-les-selections-du-centre-dexcellence\/\"},\"wordCount\":347,\"commentCount\":0,\"articleSection\":[\"\u00c9quipe nationale senior\",\"Nouvelles\"],\"inLanguage\":\"fr-FR\",\"potentialAction\":[{\"@type\":\"CommentAction\",\"name\":\"Comment\",\"target\":[\"https:\/\/artisticswimming.ca\/fr\/les-meilleures-nageuses-synchronisee-du-pays-a-montreal-pour-les-selections-du-centre-dexcellence\/#respond\"]}]},{\"@type\":\"WebPage\",\"@id\":\"https:\/\/artisticswimming.ca\/fr\/les-meilleures-nageuses-synchronisee-du-pays-a-montreal-pour-les-selections-du-centre-dexcellence\/\",\"url\":\"https:\/\/artisticswimming.ca\/fr\/les-meilleures-nageuses-synchronisee-du-pays-a-montreal-pour-les-selections-du-centre-dexcellence\/\",\"name\":\"Les meilleures nageuses synchronis\u00e9e du pays \u00e0 Montr\u00e9al pour les s\u00e9lections du Centre d'excellence - Natation Artistique Canada\",\"isPartOf\":{\"@id\":\"https:\/\/artisticswimming.ca\/fr\/#website\"},\"datePublished\":\"2014-11-28T10:18:58+00:00\",\"dateModified\":\"2016-09-08T14:23:06+00:00\",\"author\":{\"@id\":\"https:\/\/artisticswimming.ca\/fr\/#\/schema\/person\/76d6c2c9954d56641f9210cc7427bc76\"},\"breadcrumb\":{\"@id\":\"https:\/\/artisticswimming.ca\/fr\/les-meilleures-nageuses-synchronisee-du-pays-a-montreal-pour-les-selections-du-centre-dexcellence\/#breadcrumb\"},\"inLanguage\":\"fr-FR\",\"potentialAction\":[{\"@type\":\"ReadAction\",\"target\":[\"https:\/\/artisticswimming.ca\/fr\/les-meilleures-nageuses-synchronisee-du-pays-a-montreal-pour-les-selections-du-centre-dexcellence\/\"]}]},{\"@type\":\"BreadcrumbList\",\"@id\":\"https:\/\/artisticswimming.ca\/fr\/les-meilleures-nageuses-synchronisee-du-pays-a-montreal-pour-les-selections-du-centre-dexcellence\/#breadcrumb\",\"itemListElement\":[{\"@type\":\"ListItem\",\"position\":1,\"name\":\"Home\",\"item\":\"https:\/\/artisticswimming.ca\/fr\/\"},{\"@type\":\"ListItem\",\"position\":2,\"name\":\"Les meilleures nageuses synchronis\u00e9e du pays \u00e0 Montr\u00e9al pour les s\u00e9lections du Centre d&#8217;excellence\"}]},{\"@type\":\"WebSite\",\"@id\":\"https:\/\/artisticswimming.ca\/fr\/#website\",\"url\":\"https:\/\/artisticswimming.ca\/fr\/\",\"name\":\"Natation Artistique Canada\",\"description\":\"\",\"potentialAction\":[{\"@type\":\"SearchAction\",\"target\":{\"@type\":\"EntryPoint\",\"urlTemplate\":\"https:\/\/artisticswimming.ca\/fr\/?s={search_term_string}\"},\"query-input\":{\"@type\":\"PropertyValueSpecification\",\"valueRequired\":true,\"valueName\":\"search_term_string\"}}],\"inLanguage\":\"fr-FR\"},{\"@type\":\"Person\",\"@id\":\"https:\/\/artisticswimming.ca\/fr\/#\/schema\/person\/76d6c2c9954d56641f9210cc7427bc76\",\"name\":\"Myriam Cote\",\"image\":{\"@type\":\"ImageObject\",\"inLanguage\":\"fr-FR\",\"@id\":\"https:\/\/secure.gravatar.com\/avatar\/9636d581f11fe1ce5c868617703e52ebeddf65bc5ba83eda388709ba9ad9da61?s=96&d=mm&r=g\",\"url\":\"https:\/\/secure.gravatar.com\/avatar\/9636d581f11fe1ce5c868617703e52ebeddf65bc5ba83eda388709ba9ad9da61?s=96&d=mm&r=g\",\"contentUrl\":\"https:\/\/secure.gravatar.com\/avatar\/9636d581f11fe1ce5c868617703e52ebeddf65bc5ba83eda388709ba9ad9da61?s=96&d=mm&r=g\",\"caption\":\"Myriam Cote\"},\"url\":\"https:\/\/artisticswimming.ca\/fr\/author\/myriam\/\"}]}<\/script>\n<!-- \/ Yoast SEO plugin. -->","yoast_head_json":{"title":"Les meilleures nageuses synchronis\u00e9e du pays \u00e0 Montr\u00e9al pour les s\u00e9lections du Centre d'excellence - Natation Artistique Canada","robots":{"index":"index","follow":"follow","max-snippet":"max-snippet:-1","max-image-preview":"max-image-preview:large","max-video-preview":"max-video-preview:-1"},"canonical":"https:\/\/artisticswimming.ca\/fr\/les-meilleures-nageuses-synchronisee-du-pays-a-montreal-pour-les-selections-du-centre-dexcellence\/","og_locale":"fr_FR","og_type":"article","og_title":"Les meilleures nageuses synchronis\u00e9e du pays \u00e0 Montr\u00e9al pour les s\u00e9lections du Centre d'excellence - Natation Artistique Canada","og_description":"Montr\u00e9al, 27 novembre 2014 &#8211; L\u2019\u00e9lite de la nage synchronis\u00e9e canadienne est \u00e0 Montr\u00e9al cette fin de semaine pour les s\u00e9lections du Centre d\u2019excellence de Synchro Canada. Des membres actuelles de l\u2019\u00e9quipe ainsi que plusieurs athl\u00e8tes provenant de partout au pays [...]","og_url":"https:\/\/artisticswimming.ca\/fr\/les-meilleures-nageuses-synchronisee-du-pays-a-montreal-pour-les-selections-du-centre-dexcellence\/","og_site_name":"Natation Artistique Canada","article_published_time":"2014-11-28T10:18:58+00:00","article_modified_time":"2016-09-08T14:23:06+00:00","author":"Myriam Cote","twitter_card":"summary_large_image","twitter_misc":{"\u00c9crit par":"Myriam Cote","Dur\u00e9e de lecture estim\u00e9e":"2 minutes"},"schema":{"@context":"https:\/\/schema.org","@graph":[{"@type":"Article","@id":"https:\/\/artisticswimming.ca\/fr\/les-meilleures-nageuses-synchronisee-du-pays-a-montreal-pour-les-selections-du-centre-dexcellence\/#article","isPartOf":{"@id":"https:\/\/artisticswimming.ca\/fr\/les-meilleures-nageuses-synchronisee-du-pays-a-montreal-pour-les-selections-du-centre-dexcellence\/"},"author":{"name":"Myriam Cote","@id":"https:\/\/artisticswimming.ca\/fr\/#\/schema\/person\/76d6c2c9954d56641f9210cc7427bc76"},"headline":"Les meilleures nageuses synchronis\u00e9e du pays \u00e0 Montr\u00e9al pour les s\u00e9lections du Centre d&rsquo;excellence","datePublished":"2014-11-28T10:18:58+00:00","dateModified":"2016-09-08T14:23:06+00:00","mainEntityOfPage":{"@id":"https:\/\/artisticswimming.ca\/fr\/les-meilleures-nageuses-synchronisee-du-pays-a-montreal-pour-les-selections-du-centre-dexcellence\/"},"wordCount":347,"commentCount":0,"articleSection":["\u00c9quipe nationale senior","Nouvelles"],"inLanguage":"fr-FR","potentialAction":[{"@type":"CommentAction","name":"Comment","target":["https:\/\/artisticswimming.ca\/fr\/les-meilleures-nageuses-synchronisee-du-pays-a-montreal-pour-les-selections-du-centre-dexcellence\/#respond"]}]},{"@type":"WebPage","@id":"https:\/\/artisticswimming.ca\/fr\/les-meilleures-nageuses-synchronisee-du-pays-a-montreal-pour-les-selections-du-centre-dexcellence\/","url":"https:\/\/artisticswimming.ca\/fr\/les-meilleures-nageuses-synchronisee-du-pays-a-montreal-pour-les-selections-du-centre-dexcellence\/","name":"Les meilleures nageuses synchronis\u00e9e du pays \u00e0 Montr\u00e9al pour les s\u00e9lections du Centre d'excellence - Natation Artistique Canada","isPartOf":{"@id":"https:\/\/artisticswimming.ca\/fr\/#website"},"datePublished":"2014-11-28T10:18:58+00:00","dateModified":"2016-09-08T14:23:06+00:00","author":{"@id":"https:\/\/artisticswimming.ca\/fr\/#\/schema\/person\/76d6c2c9954d56641f9210cc7427bc76"},"breadcrumb":{"@id":"https:\/\/artisticswimming.ca\/fr\/les-meilleures-nageuses-synchronisee-du-pays-a-montreal-pour-les-selections-du-centre-dexcellence\/#breadcrumb"},"inLanguage":"fr-FR","potentialAction":[{"@type":"ReadAction","target":["https:\/\/artisticswimming.ca\/fr\/les-meilleures-nageuses-synchronisee-du-pays-a-montreal-pour-les-selections-du-centre-dexcellence\/"]}]},{"@type":"BreadcrumbList","@id":"https:\/\/artisticswimming.ca\/fr\/les-meilleures-nageuses-synchronisee-du-pays-a-montreal-pour-les-selections-du-centre-dexcellence\/#breadcrumb","itemListElement":[{"@type":"ListItem","position":1,"name":"Home","item":"https:\/\/artisticswimming.ca\/fr\/"},{"@type":"ListItem","position":2,"name":"Les meilleures nageuses synchronis\u00e9e du pays \u00e0 Montr\u00e9al pour les s\u00e9lections du Centre d&#8217;excellence"}]},{"@type":"WebSite","@id":"https:\/\/artisticswimming.ca\/fr\/#website","url":"https:\/\/artisticswimming.ca\/fr\/","name":"Natation Artistique Canada","description":"","potentialAction":[{"@type":"SearchAction","target":{"@type":"EntryPoint","urlTemplate":"https:\/\/artisticswimming.ca\/fr\/?s={search_term_string}"},"query-input":{"@type":"PropertyValueSpecification","valueRequired":true,"valueName":"search_term_string"}}],"inLanguage":"fr-FR"},{"@type":"Person","@id":"https:\/\/artisticswimming.ca\/fr\/#\/schema\/person\/76d6c2c9954d56641f9210cc7427bc76","name":"Myriam Cote","image":{"@type":"ImageObject","inLanguage":"fr-FR","@id":"https:\/\/secure.gravatar.com\/avatar\/9636d581f11fe1ce5c868617703e52ebeddf65bc5ba83eda388709ba9ad9da61?s=96&d=mm&r=g","url":"https:\/\/secure.gravatar.com\/avatar\/9636d581f11fe1ce5c868617703e52ebeddf65bc5ba83eda388709ba9ad9da61?s=96&d=mm&r=g","contentUrl":"https:\/\/secure.gravatar.com\/avatar\/9636d581f11fe1ce5c868617703e52ebeddf65bc5ba83eda388709ba9ad9da61?s=96&d=mm&r=g","caption":"Myriam Cote"},"url":"https:\/\/artisticswimming.ca\/fr\/author\/myriam\/"}]}},"_links":{"self":[{"href":"https:\/\/artisticswimming.ca\/fr\/wp-json\/wp\/v2\/posts\/558","targetHints":{"allow":["GET"]}}],"collection":[{"href":"https:\/\/artisticswimming.ca\/fr\/wp-json\/wp\/v2\/posts"}],"about":[{"href":"https:\/\/artisticswimming.ca\/fr\/wp-json\/wp\/v2\/types\/post"}],"author":[{"embeddable":true,"href":"https:\/\/artisticswimming.ca\/fr\/wp-json\/wp\/v2\/users\/3"}],"replies":[{"embeddable":true,"href":"https:\/\/artisticswimming.ca\/fr\/wp-json\/wp\/v2\/comments?post=558"}],"version-history":[{"count":0,"href":"https:\/\/artisticswimming.ca\/fr\/wp-json\/wp\/v2\/posts\/558\/revisions"}],"wp:attachment":[{"href":"https:\/\/artisticswimming.ca\/fr\/wp-json\/wp\/v2\/media?parent=558"}],"wp:term":[{"taxonomy":"category","embeddable":true,"href":"https:\/\/artisticswimming.ca\/fr\/wp-json\/wp\/v2\/categories?post=558"},{"taxonomy":"post_tag","embeddable":true,"href":"https:\/\/artisticswimming.ca\/fr\/wp-json\/wp\/v2\/tags?post=558"}],"curies":[{"name":"wp","href":"https:\/\/api.w.org\/{rel}","templated":true}]}}