{"id":568,"date":"2014-11-20T10:33:15","date_gmt":"2014-11-20T10:33:15","guid":{"rendered":"http:\/\/synchro.wpengine.com\/?p=568&#038;lang=fr"},"modified":"2017-09-18T15:27:03","modified_gmt":"2017-09-18T15:27:03","slug":"sarah-brunin-brouillette-annonce-sa-retraite","status":"publish","type":"post","link":"https:\/\/artisticswimming.ca\/fr\/sarah-brunin-brouillette-annonce-sa-retraite\/","title":{"rendered":"Sarah Brunin-Brouillette annonce sa retraite"},"content":{"rendered":"<p style=\"text-align: justify;\"><span style=\"font-weight: 400;\"><strong>Ottawa, 21 novembre 2014<\/strong> &#8211; Synchro Canada tient \u00e0 remercier et <a href=\"http:\/\/synchro.wpengine.com\/wp-content\/uploads\/2016\/08\/Sarah-Brunin-Brouillette.png\"><img decoding=\"async\" class=\"alignright size-full wp-image-566\" src=\"http:\/\/synchro.wpengine.com\/wp-content\/uploads\/2016\/08\/Sarah-Brunin-Brouillette.png\" alt=\"Sarah Brunin-Brouillette\" width=\"232\" height=\"290\" srcset=\"https:\/\/artisticswimming.ca\/wp-content\/uploads\/2016\/08\/Sarah-Brunin-Brouillette-200x250.png 200w, https:\/\/artisticswimming.ca\/wp-content\/uploads\/2016\/08\/Sarah-Brunin-Brouillette.png 232w\" sizes=\"(max-width: 232px) 100vw, 232px\" \/><\/a>\u00e0 f\u00e9liciter <strong>Sarah Brunin-Brouillette<\/strong> (Laval, Qc) qui annonce officiellement sa retraite de la nage synchronis\u00e9e aujourd&rsquo;hui.<\/span><\/p>\n<p style=\"text-align: justify;\"><span style=\"font-weight: 400;\">Sarah s&rsquo;est initi\u00e9e \u00e0 la nage synchronis\u00e9e \u00e0 l\u2019\u00e2ge de six ans \u00e0 la suggestion de sa m\u00e8re.<br \/>\n\u00ab D\u00e8s que mon entra\u00eeneur m&rsquo;a permis de me mettre la t\u00eate \u00e0 l&rsquo;envers et les jambes en l&rsquo;air, j\u2019\u00e9tais en amour avec le sport! \u00bb Treize ans plus tard, l&rsquo;athl\u00e8te de Laval, QC, s&rsquo;est qualifi\u00e9e au sein de l&rsquo;\u00e9quipe nationale senior de Synchro Canada.<\/span><\/p>\n<p style=\"text-align: justify;\"><span style=\"font-weight: 400;\">Faisant preuve de d\u00e9termination et de pers\u00e9v\u00e9rance remarquables, Sarah s\u2019est remis d\u2019une blessure \u00e0 la hanche qui a n\u00e9cessit\u00e9 une arthroscopie et qui l\u2019a tenue loin de la comp\u00e9tition en 2011 et en 2012, pour finalement se tailler une place sur l\u2019\u00e9quipe nationale en 2013.<br \/>\n\u00ab Un des plus beaux jours de ma vie a \u00e9t\u00e9 le 19 septembre lorsque j\u2019ai re\u00e7u l\u2019appel confirmant ma s\u00e9lection. \u00a0C\u2019\u00e9tait le meilleur cadeau possible pour moi apr\u00e8s tous les hauts et le bas des ann\u00e9es ant\u00e9rieures. \u00bb<\/span><\/p>\n<p style=\"text-align: justify;\"><span style=\"font-weight: 400;\">En fin de compte, c\u2019est cette m\u00eame blessure \u00e0 la hanche qui force Sarah \u00e0 la retraite. \u00a0\u00ab Soyez assur\u00e9s \u00bb, affirme-t-elle, \u00ab que je continuerais \u00e0 nager pendant encore plusieurs ann\u00e9es si ce n\u2019\u00e9tait de mon probl\u00e8me de sant\u00e9. \u00bb<\/span><\/p>\n<p style=\"text-align: justify;\"><span style=\"font-weight: 400;\">Membre de l\u2019\u00e9quipe nationale junior en 2010 et 2011, elle a notamment repr\u00e9sent\u00e9 le pays aux Championnats mondiaux juniors de la FINA 2010 o\u00f9 elle a remport\u00e9 le bronze en \u00e9quipe. Elle a \u00e9galement \u00e9t\u00e9 membre de l\u2019\u00e9quipe nationale des 13-15 ans avec laquelle elle a gagn\u00e9 l\u2019or en 2008 et le bronze en 2009 dans l\u2019\u00e9preuve en \u00e9quipe.<\/span><\/p>\n<p style=\"text-align: justify;\"><span style=\"font-weight: 400;\">\u00ab M\u00eame si je prends ma retraite, je d\u00e9sire continuer \u00e0 transmettre mon amour et ma passion pour ce sport aux jeunes athl\u00e8tes\u00bb, a ajout\u00e9 Sarah. \u00ab J\u2019ai tellement appris sur mon sport et sur moi-m\u00eame pendant ma carri\u00e8re. J\u2019ai non seulement appris quel genre d\u2019athl\u00e8te je d\u00e9sirais \u00eatre, mais aussi quel genre de personne je d\u00e9sirais devenir. \u00bb<\/span><\/p>\n<p style=\"text-align: justify;\"><span style=\"font-weight: 400;\">Elle tenait \u00e9galement \u00e0 remercier beaucoup de gens : \u00ab Je suis vraiment chanceuse d\u2019avoir rencontr\u00e9 tant de gens aussi d\u00e9vou\u00e9s. \u00a0J\u2019aimerais remercier sinc\u00e8rement les entra\u00eeneurs de Synchro Canada qui ont cru en moi jusqu\u2019\u00e0 la fin. \u00a0Un merci sp\u00e9cial \u00e9galement \u00e0 l\u2019INS, au Dr Manon C\u00f4t\u00e9, \u00e0 Julie Gardiner, Alain Delorme, Jo\u00e9 Mainville Tessier, Marie-Claude Lapointe et John Pradier. \u00a0Chacun d\u2019entre eux m\u2019a aid\u00e9 \u00e0 travers mes \u00e9preuves et a su m\u2019aider \u00e0 conserver l\u2019espoir. \u00bb<\/span><\/p>\n<p style=\"text-align: justify;\"><span style=\"font-weight: 400;\">\u00ab De la part de tous les membres de Synchro Canada, je tiens \u00e0 remercier Sarah pour sa contribution \u00e0 la nage synchronis\u00e9e canadienne \u00bb, a dit l&rsquo;entra\u00eeneure en chef de l&rsquo;\u00e9quipe nationale senior, <strong>Meng Chen.<\/strong> \u00ab Son historique avec nous prouve qu\u2019avec de la passion et de la d\u00e9termination, tout est possible! \u00bb<\/span><\/p>\n<p>&nbsp;<\/p>\n<p><b>\u00c0 propos de Synchro Canada<\/b><\/p>\n<p style=\"text-align: justify;\"><span style=\"font-weight: 400;\">Synchro Canada est l\u2019organisme national qui r\u00e9git le sport de la nage synchronis\u00e9e au Canada. \u00a0Il repr\u00e9sente dix associations provinciales et une association territoriale ainsi que pr\u00e8s de 150 clubs et plus de 12 000 membres \u00e0 travers le Canada. Membre de la FINA, l\u2019organisme mondial directeur des sports aquatiques, Synchro Canada favorise la poursuite del\u2019excellence tout en d\u00e9veloppant des athl\u00e8tes, des citoyens et des ambassadeurs du sport de la nage synchronis\u00e9e \u00e0 tous les niveaux.<\/span><\/p>\n<p><span style=\"font-weight: 400;\">Synchro Canada d\u00e9sire remercier ses commanditaires et partenaires :<\/span><\/p>\n<p><b>Partenaires de ses programmes : <\/b><span style=\"font-weight: 400;\">Sport Canada, \u00c0 nous le podium, l\u2019Institut national du sport du Qu\u00e9bec<\/span><\/p>\n<p><b>Fournisseur officiel aquatique : <\/b><span style=\"font-weight: 400;\">Speedo Canada<\/span><\/p>\n<p><b>Maquillage officiel : <\/b><span style=\"font-weight: 400;\">MAKE UP FOREVER<\/span><\/p>\n<p><b>Fournisseurs officiels : <\/b><span style=\"font-weight: 400;\">Knox Gelatine, AdUp, National Car Rental<\/span><\/p>\n<p><b>H\u00f4tel officiel : <\/b><span style=\"font-weight: 400;\">Hilton Worldwide<\/span><\/p>\n<p style=\"text-align: justify;\"><span style=\"font-weight: 400;\">Pour plus de renseignements, consultez le site Internet de Synchro Canada au www.synchro.ca ou abonnez-vous aux m\u00e9dias sociaux de Synchro Canada : Twitter, Facebook et YouTube.<\/span><\/p>\n<p style=\"text-align: center;\"><span style=\"font-weight: 400;\">&#8211; 30 &#8211;<\/span><\/p>\n<p><b>Pour information : <\/b><\/p>\n<p><span style=\"font-weight: 400;\">St\u00e9phane C\u00f4t\u00e9<\/span><\/p>\n<p><span style=\"font-weight: 400;\">Synchro Canada<\/span><\/p>\n<p><span style=\"font-weight: 400;\">Coordonnateur des communications<\/span><\/p>\n<p><span style=\"font-weight: 400;\">Courriel : \u00a0<\/span><b>stephane@synchro.ca<\/b><\/p>\n<p><span style=\"font-weight: 400;\">T\u00e9l\u00e9phone : 418 420-2125<\/span><\/p>\n<p><span style=\"font-weight: 400;\">Site Internet : <\/span><b>www.synchro.ca<\/b><span style=\"font-weight: 400;\"> \u00a0\u00a0<\/span><\/p>\n<p><span style=\"font-weight: 400;\">Facebook : <\/span><a href=\"http:\/\/www.facebook.com\/synchrocanada\"><b>www.facebook.com\/synchrocanada<\/b><\/a><span style=\"font-weight: 400;\"> \u00a0<\/span><\/p>\n<p><span style=\"font-weight: 400;\">Twitter : <\/span><a href=\"http:\/\/www.twitter.com\/synchrocanada\"><b>www.twitter.com\/synchrocanada<\/b><\/a><\/p>\n","protected":false},"excerpt":{"rendered":"<p>Ottawa, 21 novembre 2014 &#8211; Synchro Canada tient \u00e0 remercier et \u00e0 f\u00e9liciter Sarah Brunin-Brouillette (Laval, Qc) qui annonce officiellement sa retraite de la nage synchronis\u00e9e aujourd&rsquo;hui. Sarah s&rsquo;est initi\u00e9e \u00e0 la nage synchronis\u00e9e \u00e0 l\u2019\u00e2ge de six ans \u00e0 la <a href=\"https:\/\/artisticswimming.ca\/fr\/sarah-brunin-brouillette-annonce-sa-retraite\/\"> [&#8230;]<\/a><\/p>\n","protected":false},"author":3,"featured_media":0,"comment_status":"open","ping_status":"open","sticky":false,"template":"","format":"standard","meta":{"_acf_changed":false,"footnotes":""},"categories":[79,73,1],"tags":[],"class_list":["post-568","post","type-post","status-publish","format-standard","hentry","category-equipe-nationale-senior","category-nouvelles","category-uncategorized"],"acf":[],"yoast_head":"<!-- This site is optimized with the Yoast SEO plugin v27.2 - https:\/\/yoast.com\/product\/yoast-seo-wordpress\/ -->\n<title>Sarah Brunin-Brouillette annonce sa retraite - Natation Artistique Canada<\/title>\n<meta name=\"robots\" content=\"index, follow, max-snippet:-1, max-image-preview:large, max-video-preview:-1\" \/>\n<link rel=\"canonical\" href=\"https:\/\/artisticswimming.ca\/fr\/sarah-brunin-brouillette-annonce-sa-retraite\/\" \/>\n<meta property=\"og:locale\" content=\"fr_FR\" \/>\n<meta property=\"og:type\" content=\"article\" \/>\n<meta property=\"og:title\" content=\"Sarah Brunin-Brouillette annonce sa retraite - Natation Artistique Canada\" \/>\n<meta property=\"og:description\" content=\"Ottawa, 21 novembre 2014 &#8211; Synchro Canada tient \u00e0 remercier et \u00e0 f\u00e9liciter Sarah Brunin-Brouillette (Laval, Qc) qui annonce officiellement sa retraite de la nage synchronis\u00e9e aujourd&rsquo;hui. Sarah s&rsquo;est initi\u00e9e \u00e0 la nage synchronis\u00e9e \u00e0 l\u2019\u00e2ge de six ans \u00e0 la [...]\" \/>\n<meta property=\"og:url\" content=\"https:\/\/artisticswimming.ca\/fr\/sarah-brunin-brouillette-annonce-sa-retraite\/\" \/>\n<meta property=\"og:site_name\" content=\"Natation Artistique Canada\" \/>\n<meta property=\"article:published_time\" content=\"2014-11-20T10:33:15+00:00\" \/>\n<meta property=\"article:modified_time\" content=\"2017-09-18T15:27:03+00:00\" \/>\n<meta property=\"og:image\" content=\"http:\/\/synchro.wpengine.com\/wp-content\/uploads\/2016\/08\/Sarah-Brunin-Brouillette.png\" \/>\n<meta name=\"author\" content=\"Myriam Cote\" \/>\n<meta name=\"twitter:card\" content=\"summary_large_image\" \/>\n<meta name=\"twitter:label1\" content=\"\u00c9crit par\" \/>\n\t<meta name=\"twitter:data1\" content=\"Myriam Cote\" \/>\n\t<meta name=\"twitter:label2\" content=\"Dur\u00e9e de lecture estim\u00e9e\" \/>\n\t<meta name=\"twitter:data2\" content=\"3 minutes\" \/>\n<script type=\"application\/ld+json\" class=\"yoast-schema-graph\">{\"@context\":\"https:\/\/schema.org\",\"@graph\":[{\"@type\":\"Article\",\"@id\":\"https:\/\/artisticswimming.ca\/fr\/sarah-brunin-brouillette-annonce-sa-retraite\/#article\",\"isPartOf\":{\"@id\":\"https:\/\/artisticswimming.ca\/fr\/sarah-brunin-brouillette-annonce-sa-retraite\/\"},\"author\":{\"name\":\"Myriam Cote\",\"@id\":\"https:\/\/artisticswimming.ca\/fr\/#\/schema\/person\/76d6c2c9954d56641f9210cc7427bc76\"},\"headline\":\"Sarah Brunin-Brouillette annonce sa retraite\",\"datePublished\":\"2014-11-20T10:33:15+00:00\",\"dateModified\":\"2017-09-18T15:27:03+00:00\",\"mainEntityOfPage\":{\"@id\":\"https:\/\/artisticswimming.ca\/fr\/sarah-brunin-brouillette-annonce-sa-retraite\/\"},\"wordCount\":691,\"commentCount\":0,\"image\":{\"@id\":\"https:\/\/artisticswimming.ca\/fr\/sarah-brunin-brouillette-annonce-sa-retraite\/#primaryimage\"},\"thumbnailUrl\":\"http:\/\/synchro.wpengine.com\/wp-content\/uploads\/2016\/08\/Sarah-Brunin-Brouillette.png\",\"articleSection\":[\"\u00c9quipe nationale senior\",\"Nouvelles\",\"Uncategorized\"],\"inLanguage\":\"fr-FR\",\"potentialAction\":[{\"@type\":\"CommentAction\",\"name\":\"Comment\",\"target\":[\"https:\/\/artisticswimming.ca\/fr\/sarah-brunin-brouillette-annonce-sa-retraite\/#respond\"]}]},{\"@type\":\"WebPage\",\"@id\":\"https:\/\/artisticswimming.ca\/fr\/sarah-brunin-brouillette-annonce-sa-retraite\/\",\"url\":\"https:\/\/artisticswimming.ca\/fr\/sarah-brunin-brouillette-annonce-sa-retraite\/\",\"name\":\"Sarah Brunin-Brouillette annonce sa retraite - Natation Artistique Canada\",\"isPartOf\":{\"@id\":\"https:\/\/artisticswimming.ca\/fr\/#website\"},\"primaryImageOfPage\":{\"@id\":\"https:\/\/artisticswimming.ca\/fr\/sarah-brunin-brouillette-annonce-sa-retraite\/#primaryimage\"},\"image\":{\"@id\":\"https:\/\/artisticswimming.ca\/fr\/sarah-brunin-brouillette-annonce-sa-retraite\/#primaryimage\"},\"thumbnailUrl\":\"http:\/\/synchro.wpengine.com\/wp-content\/uploads\/2016\/08\/Sarah-Brunin-Brouillette.png\",\"datePublished\":\"2014-11-20T10:33:15+00:00\",\"dateModified\":\"2017-09-18T15:27:03+00:00\",\"author\":{\"@id\":\"https:\/\/artisticswimming.ca\/fr\/#\/schema\/person\/76d6c2c9954d56641f9210cc7427bc76\"},\"breadcrumb\":{\"@id\":\"https:\/\/artisticswimming.ca\/fr\/sarah-brunin-brouillette-annonce-sa-retraite\/#breadcrumb\"},\"inLanguage\":\"fr-FR\",\"potentialAction\":[{\"@type\":\"ReadAction\",\"target\":[\"https:\/\/artisticswimming.ca\/fr\/sarah-brunin-brouillette-annonce-sa-retraite\/\"]}]},{\"@type\":\"ImageObject\",\"inLanguage\":\"fr-FR\",\"@id\":\"https:\/\/artisticswimming.ca\/fr\/sarah-brunin-brouillette-annonce-sa-retraite\/#primaryimage\",\"url\":\"http:\/\/synchro.wpengine.com\/wp-content\/uploads\/2016\/08\/Sarah-Brunin-Brouillette.png\",\"contentUrl\":\"http:\/\/synchro.wpengine.com\/wp-content\/uploads\/2016\/08\/Sarah-Brunin-Brouillette.png\"},{\"@type\":\"BreadcrumbList\",\"@id\":\"https:\/\/artisticswimming.ca\/fr\/sarah-brunin-brouillette-annonce-sa-retraite\/#breadcrumb\",\"itemListElement\":[{\"@type\":\"ListItem\",\"position\":1,\"name\":\"Home\",\"item\":\"https:\/\/artisticswimming.ca\/fr\/\"},{\"@type\":\"ListItem\",\"position\":2,\"name\":\"Sarah Brunin-Brouillette annonce sa retraite\"}]},{\"@type\":\"WebSite\",\"@id\":\"https:\/\/artisticswimming.ca\/fr\/#website\",\"url\":\"https:\/\/artisticswimming.ca\/fr\/\",\"name\":\"Natation Artistique Canada\",\"description\":\"\",\"potentialAction\":[{\"@type\":\"SearchAction\",\"target\":{\"@type\":\"EntryPoint\",\"urlTemplate\":\"https:\/\/artisticswimming.ca\/fr\/?s={search_term_string}\"},\"query-input\":{\"@type\":\"PropertyValueSpecification\",\"valueRequired\":true,\"valueName\":\"search_term_string\"}}],\"inLanguage\":\"fr-FR\"},{\"@type\":\"Person\",\"@id\":\"https:\/\/artisticswimming.ca\/fr\/#\/schema\/person\/76d6c2c9954d56641f9210cc7427bc76\",\"name\":\"Myriam Cote\",\"image\":{\"@type\":\"ImageObject\",\"inLanguage\":\"fr-FR\",\"@id\":\"https:\/\/secure.gravatar.com\/avatar\/9636d581f11fe1ce5c868617703e52ebeddf65bc5ba83eda388709ba9ad9da61?s=96&d=mm&r=g\",\"url\":\"https:\/\/secure.gravatar.com\/avatar\/9636d581f11fe1ce5c868617703e52ebeddf65bc5ba83eda388709ba9ad9da61?s=96&d=mm&r=g\",\"contentUrl\":\"https:\/\/secure.gravatar.com\/avatar\/9636d581f11fe1ce5c868617703e52ebeddf65bc5ba83eda388709ba9ad9da61?s=96&d=mm&r=g\",\"caption\":\"Myriam Cote\"},\"url\":\"https:\/\/artisticswimming.ca\/fr\/author\/myriam\/\"}]}<\/script>\n<!-- \/ Yoast SEO plugin. -->","yoast_head_json":{"title":"Sarah Brunin-Brouillette annonce sa retraite - Natation Artistique Canada","robots":{"index":"index","follow":"follow","max-snippet":"max-snippet:-1","max-image-preview":"max-image-preview:large","max-video-preview":"max-video-preview:-1"},"canonical":"https:\/\/artisticswimming.ca\/fr\/sarah-brunin-brouillette-annonce-sa-retraite\/","og_locale":"fr_FR","og_type":"article","og_title":"Sarah Brunin-Brouillette annonce sa retraite - Natation Artistique Canada","og_description":"Ottawa, 21 novembre 2014 &#8211; Synchro Canada tient \u00e0 remercier et \u00e0 f\u00e9liciter Sarah Brunin-Brouillette (Laval, Qc) qui annonce officiellement sa retraite de la nage synchronis\u00e9e aujourd&rsquo;hui. Sarah s&rsquo;est initi\u00e9e \u00e0 la nage synchronis\u00e9e \u00e0 l\u2019\u00e2ge de six ans \u00e0 la [...]","og_url":"https:\/\/artisticswimming.ca\/fr\/sarah-brunin-brouillette-annonce-sa-retraite\/","og_site_name":"Natation Artistique Canada","article_published_time":"2014-11-20T10:33:15+00:00","article_modified_time":"2017-09-18T15:27:03+00:00","og_image":[{"url":"http:\/\/synchro.wpengine.com\/wp-content\/uploads\/2016\/08\/Sarah-Brunin-Brouillette.png","type":"","width":"","height":""}],"author":"Myriam Cote","twitter_card":"summary_large_image","twitter_misc":{"\u00c9crit par":"Myriam Cote","Dur\u00e9e de lecture estim\u00e9e":"3 minutes"},"schema":{"@context":"https:\/\/schema.org","@graph":[{"@type":"Article","@id":"https:\/\/artisticswimming.ca\/fr\/sarah-brunin-brouillette-annonce-sa-retraite\/#article","isPartOf":{"@id":"https:\/\/artisticswimming.ca\/fr\/sarah-brunin-brouillette-annonce-sa-retraite\/"},"author":{"name":"Myriam Cote","@id":"https:\/\/artisticswimming.ca\/fr\/#\/schema\/person\/76d6c2c9954d56641f9210cc7427bc76"},"headline":"Sarah Brunin-Brouillette annonce sa retraite","datePublished":"2014-11-20T10:33:15+00:00","dateModified":"2017-09-18T15:27:03+00:00","mainEntityOfPage":{"@id":"https:\/\/artisticswimming.ca\/fr\/sarah-brunin-brouillette-annonce-sa-retraite\/"},"wordCount":691,"commentCount":0,"image":{"@id":"https:\/\/artisticswimming.ca\/fr\/sarah-brunin-brouillette-annonce-sa-retraite\/#primaryimage"},"thumbnailUrl":"http:\/\/synchro.wpengine.com\/wp-content\/uploads\/2016\/08\/Sarah-Brunin-Brouillette.png","articleSection":["\u00c9quipe nationale senior","Nouvelles","Uncategorized"],"inLanguage":"fr-FR","potentialAction":[{"@type":"CommentAction","name":"Comment","target":["https:\/\/artisticswimming.ca\/fr\/sarah-brunin-brouillette-annonce-sa-retraite\/#respond"]}]},{"@type":"WebPage","@id":"https:\/\/artisticswimming.ca\/fr\/sarah-brunin-brouillette-annonce-sa-retraite\/","url":"https:\/\/artisticswimming.ca\/fr\/sarah-brunin-brouillette-annonce-sa-retraite\/","name":"Sarah Brunin-Brouillette annonce sa retraite - Natation Artistique Canada","isPartOf":{"@id":"https:\/\/artisticswimming.ca\/fr\/#website"},"primaryImageOfPage":{"@id":"https:\/\/artisticswimming.ca\/fr\/sarah-brunin-brouillette-annonce-sa-retraite\/#primaryimage"},"image":{"@id":"https:\/\/artisticswimming.ca\/fr\/sarah-brunin-brouillette-annonce-sa-retraite\/#primaryimage"},"thumbnailUrl":"http:\/\/synchro.wpengine.com\/wp-content\/uploads\/2016\/08\/Sarah-Brunin-Brouillette.png","datePublished":"2014-11-20T10:33:15+00:00","dateModified":"2017-09-18T15:27:03+00:00","author":{"@id":"https:\/\/artisticswimming.ca\/fr\/#\/schema\/person\/76d6c2c9954d56641f9210cc7427bc76"},"breadcrumb":{"@id":"https:\/\/artisticswimming.ca\/fr\/sarah-brunin-brouillette-annonce-sa-retraite\/#breadcrumb"},"inLanguage":"fr-FR","potentialAction":[{"@type":"ReadAction","target":["https:\/\/artisticswimming.ca\/fr\/sarah-brunin-brouillette-annonce-sa-retraite\/"]}]},{"@type":"ImageObject","inLanguage":"fr-FR","@id":"https:\/\/artisticswimming.ca\/fr\/sarah-brunin-brouillette-annonce-sa-retraite\/#primaryimage","url":"http:\/\/synchro.wpengine.com\/wp-content\/uploads\/2016\/08\/Sarah-Brunin-Brouillette.png","contentUrl":"http:\/\/synchro.wpengine.com\/wp-content\/uploads\/2016\/08\/Sarah-Brunin-Brouillette.png"},{"@type":"BreadcrumbList","@id":"https:\/\/artisticswimming.ca\/fr\/sarah-brunin-brouillette-annonce-sa-retraite\/#breadcrumb","itemListElement":[{"@type":"ListItem","position":1,"name":"Home","item":"https:\/\/artisticswimming.ca\/fr\/"},{"@type":"ListItem","position":2,"name":"Sarah Brunin-Brouillette annonce sa retraite"}]},{"@type":"WebSite","@id":"https:\/\/artisticswimming.ca\/fr\/#website","url":"https:\/\/artisticswimming.ca\/fr\/","name":"Natation Artistique Canada","description":"","potentialAction":[{"@type":"SearchAction","target":{"@type":"EntryPoint","urlTemplate":"https:\/\/artisticswimming.ca\/fr\/?s={search_term_string}"},"query-input":{"@type":"PropertyValueSpecification","valueRequired":true,"valueName":"search_term_string"}}],"inLanguage":"fr-FR"},{"@type":"Person","@id":"https:\/\/artisticswimming.ca\/fr\/#\/schema\/person\/76d6c2c9954d56641f9210cc7427bc76","name":"Myriam Cote","image":{"@type":"ImageObject","inLanguage":"fr-FR","@id":"https:\/\/secure.gravatar.com\/avatar\/9636d581f11fe1ce5c868617703e52ebeddf65bc5ba83eda388709ba9ad9da61?s=96&d=mm&r=g","url":"https:\/\/secure.gravatar.com\/avatar\/9636d581f11fe1ce5c868617703e52ebeddf65bc5ba83eda388709ba9ad9da61?s=96&d=mm&r=g","contentUrl":"https:\/\/secure.gravatar.com\/avatar\/9636d581f11fe1ce5c868617703e52ebeddf65bc5ba83eda388709ba9ad9da61?s=96&d=mm&r=g","caption":"Myriam Cote"},"url":"https:\/\/artisticswimming.ca\/fr\/author\/myriam\/"}]}},"_links":{"self":[{"href":"https:\/\/artisticswimming.ca\/fr\/wp-json\/wp\/v2\/posts\/568","targetHints":{"allow":["GET"]}}],"collection":[{"href":"https:\/\/artisticswimming.ca\/fr\/wp-json\/wp\/v2\/posts"}],"about":[{"href":"https:\/\/artisticswimming.ca\/fr\/wp-json\/wp\/v2\/types\/post"}],"author":[{"embeddable":true,"href":"https:\/\/artisticswimming.ca\/fr\/wp-json\/wp\/v2\/users\/3"}],"replies":[{"embeddable":true,"href":"https:\/\/artisticswimming.ca\/fr\/wp-json\/wp\/v2\/comments?post=568"}],"version-history":[{"count":0,"href":"https:\/\/artisticswimming.ca\/fr\/wp-json\/wp\/v2\/posts\/568\/revisions"}],"wp:attachment":[{"href":"https:\/\/artisticswimming.ca\/fr\/wp-json\/wp\/v2\/media?parent=568"}],"wp:term":[{"taxonomy":"category","embeddable":true,"href":"https:\/\/artisticswimming.ca\/fr\/wp-json\/wp\/v2\/categories?post=568"},{"taxonomy":"post_tag","embeddable":true,"href":"https:\/\/artisticswimming.ca\/fr\/wp-json\/wp\/v2\/tags?post=568"}],"curies":[{"name":"wp","href":"https:\/\/api.w.org\/{rel}","templated":true}]}}