{"id":594,"date":"2014-10-01T13:38:30","date_gmt":"2014-10-01T13:38:30","guid":{"rendered":"http:\/\/synchro.wpengine.com\/?p=594&#038;lang=fr"},"modified":"2017-09-18T15:27:05","modified_gmt":"2017-09-18T15:27:05","slug":"quebec-accueille-la-premiere-coupe-du-monde-de-nage-synchronisee-au-pays","status":"publish","type":"post","link":"https:\/\/artisticswimming.ca\/fr\/quebec-accueille-la-premiere-coupe-du-monde-de-nage-synchronisee-au-pays\/","title":{"rendered":"Qu\u00e9bec accueille la premi\u00e8re Coupe du monde de nage synchronis\u00e9e au pays"},"content":{"rendered":"<p style=\"text-align: justify;\"><span style=\"font-weight: 400;\"><strong>Qu\u00e9bec, le lundi 29 septembre 2014<\/strong> \u2013 Une nouvelle page d\u2019histoire se tournera cette semaine alors que le PEPS de l\u2019Universit\u00e9 Laval accueillera la 13e Coupe du monde FINA de nage synchronis\u00e9e pr\u00e9sent\u00e9e par RBC, pour la toute premi\u00e8re fois en sol canadien. D\u00e9j\u00e0 plusieurs \u00e9quipes des 17 pays participants sont arriv\u00e9es \u00e0 Qu\u00e9bec depuis la semaine derni\u00e8re afin de prendre connaissance des lieux de comp\u00e9titions et surtout pour d\u00e9buter leurs entra\u00eenements en vue du grand jour. D\u00e8s demain, le public est donc invit\u00e9 \u00e0 venir encourager les meilleures nageuses au monde lors des pratiques, mais surtout lors des s\u00e9ances de qualifications et des grandes finales qui permettront de d\u00e9couvrir cette discipline tr\u00e8s exigeante et complexe pour les athl\u00e8tes. \u00a0\u00a0<\/span><\/p>\n<p style=\"text-align: justify;\"><b>Une vitrine unique pour le Canada<\/b><\/p>\n<p style=\"text-align: justify;\"><span style=\"font-weight: 400;\">Des 250 membres des \u00e9quipes nationales qui seront sur place, 107 athl\u00e8tes seront en action lors des quatre jours de comp\u00e9tition. Duo technique et libre, \u00e9quipe technique et libre, combin\u00e9 libre et la toute nouvelle \u00e9preuve en \u00e9quipe acrobatique en mettront plein la vue aux spectateurs. \u00ab Il s\u2019agit d\u2019une \u00e9tape tr\u00e8s importante pour les \u00e9quipes en vue des Jeux olympiques de 2016 \u00bb, explique <strong>Henry Scheil<\/strong>, nouveau pr\u00e9sident de Synchro Canada. \u00ab Ce sera une occasion unique pour le Canada d\u2019\u00e9tablir sa r\u00e9putation \u00e0 l\u2019\u00e9chelle internationale. \u00bb Ayant fait des progr\u00e8s remarquables en duo et en \u00e9quipe au cours de la saison, l\u2019\u00e9quipe canadienne a de bonnes chances de monter sur le podium \u00e0 quelques reprises le weekend prochain. Le duo compos\u00e9 de <strong>Karine Thomas<\/strong> (Gatineau), pr\u00e9sente aux Jeux de Londres en 2012, et la nouvelle recrue <strong>Jacqueline Simoneau<\/strong> (Montr\u00e9al) sera sans aucun doute \u00e0 surveiller.<\/span><\/p>\n<p style=\"text-align: justify;\"><span style=\"font-weight: 400;\">Selon la pr\u00e9sidente d\u2019honneur de l\u2019\u00e9v\u00e9nement, <strong>Sylvie Fr\u00e9chette<\/strong>, l\u2019\u00e9preuve acrobatique qui sera au programme d\u2019une Coupe du monde pour la toute premi\u00e8re fois \u00e0 Qu\u00e9bec en mettra aussi plein la vue. \u00ab C\u2019est vraiment une discipline impressionnante \u00e0 regarder \u00bb, explique la double m\u00e9daill\u00e9e olympique. \u00ab Chaque programme comporte un minimum de quatre pouss\u00e9es acrobatiques ex\u00e9cut\u00e9es par toutes les membres de l&rsquo;\u00e9quipe alors ce sera un spectacle assur\u00e9! \u00bb La grande finale de l\u2019\u00e9preuve acrobatique aura lieu le dimanche pour clore les comp\u00e9titions alors que les qualifications se d\u00e9rouleront ce vendredi.<\/span><\/p>\n<p style=\"text-align: justify;\"><span style=\"font-weight: 400;\">Pour tous les d\u00e9tails du programme, rendez-vous sur le <\/span><a href=\"http:\/\/www.finasynchroquebec2014.com\/\" target=\"_blank\"><b>finasynchroquebec2014.com<\/b><\/a><span style=\"font-weight: 400;\"> .<\/span><\/p>\n<p style=\"text-align: justify;\"><b>La billetterie toujours ouverte au public<\/b><\/p>\n<p style=\"text-align: justify;\"><span style=\"font-weight: 400;\">Afin de voir les nageuses \u00e0 l\u2019\u0153uvre, deux options s\u2019offrent aux spectateurs : le forfait \u00e9v\u00e9nement ou encore le billet journalier. En effet, le Forfait \u00e9v\u00e9nement offre un billet valide du mardi 30 septembre au dimanche 5 octobre inclusivement au prix de 200$, incluant un 10% de rabais \u00e0 la boutique officielle de l\u2019\u00e9v\u00e9nement. Et pour ceux et celles qui aimeraient se pr\u00e9senter au<\/span><\/p>\n<p style=\"text-align: justify;\"><span style=\"font-weight: 400;\">centre aquatique du PEPS lors d\u2019une s\u00e9ance d\u2019entra\u00eenement ou mieux encore, lors des comp\u00e9titions, des billets journaliers sont aussi disponibles \u00e0 partir de 5$ pour les entra\u00eenements du mardi et mercredi et \u00e0 partir de 45$ pour les comp\u00e9titions.<\/span><\/p>\n<p style=\"text-align: justify;\"><b>\u00c0 propos de la FINA<\/b><\/p>\n<p style=\"text-align: justify;\"><span style=\"font-weight: 400;\">Fond\u00e9e en 1908, la <em>F\u00e9d\u00e9ration internationale de Natation<\/em> est l&rsquo;organisme mondial directeur des sports aquatiques. Les cinq disciplines de la FINA \u2013 natation, natation en eau libre, plongeon, water-polo et nage synchronis\u00e9e \u2013 sont incluses au programme olympique alors que le plongeon de haut vol a fait sa premi\u00e8re apparition aux Championnats mondiaux de la FINA de 2013. La FINA compte 204 f\u00e9d\u00e9rations nationales affili\u00e9es \u00a0sur les cinq continents. Elle a ses quartiers g\u00e9n\u00e9raux \u00e0 Lausanne (SUI).<\/span><\/p>\n<p style=\"text-align: justify;\"><b>\u00c0 propos de Synchro Canada<\/b><\/p>\n<p style=\"text-align: justify;\"><span style=\"font-weight: 400;\"><em>Synchro Canada<\/em> favorise la poursuite de l\u2019excellence tout en d\u00e9veloppant des athl\u00e8tes, des citoyens et des ambassadeurs du sport de la nage synchronis\u00e9e \u00e0 tous les niveaux. Depuis ses d\u00e9buts en 1924 \u00e0 Montr\u00e9al, la nage synchronis\u00e9e a \u00e9t\u00e9 pratiqu\u00e9e de mani\u00e8re active par plus de 70 pays dans le monde. Le Canada se classe fi\u00e8rement parmi les meneurs de ces pays.<\/span><\/p>\n<p style=\"text-align: justify;\"><b>\u00c0 propos de RBC<\/b><\/p>\n<p style=\"text-align: justify;\"><span style=\"font-weight: 400;\">La <em>Banque Royale du Canada<\/em> est la plus importante banque au Canada, et l\u2019une des plus importantes banques \u00e0 l\u2019\u00e9chelle mondiale, au chapitre de la capitalisation boursi\u00e8re. Elle est l\u2019une des principales soci\u00e9t\u00e9s de services financiers diversifi\u00e9s en Am\u00e9rique du Nord et offre, \u00e0 l\u2019\u00e9chelle mondiale, des produits et services bancaires aux particuliers et aux entreprises, de gestion de patrimoine, d\u2019assurance, aux investisseurs et li\u00e9s aux march\u00e9s des capitaux. Nous comptons environ 79 000 employ\u00e9s \u00e0 temps plein et \u00e0 temps partiel au service de plus de 16 millions de particuliers, d\u2019entreprises, de clients du secteur public et de clients institutionnels au Canada, aux \u00c9tats-Unis et dans 40 autres pays. Pour de plus amples renseignements, visitez le site rbc.com. RBC appuie une grande diversit\u00e9 d\u2019initiatives communautaires par des dons, des commandites et le travail b\u00e9n\u00e9vole de ses employ\u00e9s. En 2013, RBC a vers\u00e9 plus de 104 millions de dollars \u00e0 des initiatives communautaires partout dans le monde, dont plus de 69 millions de dollars en dons et 35 millions de dollars sous forme de commandites. Pour en savoir plus, allez \u00e0 <a href=\"http:\/\/www.rbc.com\/collectivites-durabilite\" target=\"_blank\">www.rbc.com\/collectivites-durabilite<\/a>.<\/span><\/p>\n<p style=\"text-align: justify;\"><b>\u00c0 propos de Gestev<\/b><\/p>\n<p style=\"text-align: justify;\"><span style=\"font-weight: 400;\">Cr\u00e9\u00e9e en 1992, <em>Gestev<\/em> est une firme sp\u00e9cialis\u00e9e dans l\u2019organisation et la cr\u00e9ation de concepts \u00e9v\u00e9nementiels qui se sont d\u00e9marqu\u00e9s tant au Qu\u00e9bec qu\u2019\u00e0 l\u2019\u00e9chelle internationale. Gestev a su, au fil des ans, rehausser les standards en organisation et production d\u2019\u00e9v\u00e9nements. Le Snowboard Jamboree, le Red Bull Crashed Ice, le V\u00e9lirium, le Sprint Qu\u00e9bec et la Transat Qu\u00e9bec Saint-Malo ne sont que quelques exemples de projets d\u2019envergure men\u00e9s \u00e0 bien par la firme qui s\u2019occupe aussi de la gestion de la Baie de Beauport. Gestev est certifi\u00e9e responsable selon la norme BNQ 9700-253. <\/span><\/p>\n<p style=\"text-align: center;\"><span style=\"font-weight: 400;\">&#8211; 30 &#8211;<\/span><\/p>\n<p><b>Pour information : <\/b><\/p>\n<p><span style=\"font-weight: 400;\">St\u00e9phane C\u00f4t\u00e9<\/span><\/p>\n<p><span style=\"font-weight: 400;\">Synchro Canada<\/span><\/p>\n<p><span style=\"font-weight: 400;\">Coordonnateur des communications<\/span><\/p>\n<p><span style=\"font-weight: 400;\">Courriel : \u00a0<\/span><b>stephane@synchro.ca<\/b><\/p>\n<p><span style=\"font-weight: 400;\">T\u00e9l\u00e9phone : 418 420-2125<\/span><\/p>\n<p><span style=\"font-weight: 400;\">Site Internet : <\/span><b>www.synchro.ca<\/b><span style=\"font-weight: 400;\"> \u00a0\u00a0<\/span><\/p>\n<p><span style=\"font-weight: 400;\">Facebook : <\/span><a href=\"http:\/\/www.facebook.com\/synchrocanada\" target=\"_blank\"><b>www.facebook.com\/synchrocanada<\/b><\/a><span style=\"font-weight: 400;\"> \u00a0<\/span><\/p>\n<p><span style=\"font-weight: 400;\">Twitter : <\/span><a href=\"http:\/\/www.twitter.com\/synchrocanada\" target=\"_blank\"><b>www.twitter.com\/synchrocanada<\/b><\/a><\/p>\n","protected":false},"excerpt":{"rendered":"<p>Qu\u00e9bec, le lundi 29 septembre 2014 \u2013 Une nouvelle page d\u2019histoire se tournera cette semaine alors que le PEPS de l\u2019Universit\u00e9 Laval accueillera la 13e Coupe du monde FINA de nage synchronis\u00e9e pr\u00e9sent\u00e9e par RBC, pour la toute premi\u00e8re fois en <a href=\"https:\/\/artisticswimming.ca\/fr\/quebec-accueille-la-premiere-coupe-du-monde-de-nage-synchronisee-au-pays\/\"> [&#8230;]<\/a><\/p>\n","protected":false},"author":3,"featured_media":0,"comment_status":"open","ping_status":"open","sticky":false,"template":"","format":"standard","meta":{"_acf_changed":false,"footnotes":""},"categories":[87,73,1],"tags":[],"class_list":["post-594","post","type-post","status-publish","format-standard","hentry","category-competition-fr","category-nouvelles","category-uncategorized"],"acf":[],"yoast_head":"<!-- This site is optimized with the Yoast SEO plugin v27.2 - https:\/\/yoast.com\/product\/yoast-seo-wordpress\/ -->\n<title>Qu\u00e9bec accueille la premi\u00e8re Coupe du monde de nage synchronis\u00e9e au pays - Natation Artistique Canada<\/title>\n<meta name=\"robots\" content=\"index, follow, max-snippet:-1, max-image-preview:large, max-video-preview:-1\" \/>\n<link rel=\"canonical\" href=\"https:\/\/artisticswimming.ca\/fr\/quebec-accueille-la-premiere-coupe-du-monde-de-nage-synchronisee-au-pays\/\" \/>\n<meta property=\"og:locale\" content=\"fr_FR\" \/>\n<meta property=\"og:type\" content=\"article\" \/>\n<meta property=\"og:title\" content=\"Qu\u00e9bec accueille la premi\u00e8re Coupe du monde de nage synchronis\u00e9e au pays - Natation Artistique Canada\" \/>\n<meta property=\"og:description\" content=\"Qu\u00e9bec, le lundi 29 septembre 2014 \u2013 Une nouvelle page d\u2019histoire se tournera cette semaine alors que le PEPS de l\u2019Universit\u00e9 Laval accueillera la 13e Coupe du monde FINA de nage synchronis\u00e9e pr\u00e9sent\u00e9e par RBC, pour la toute premi\u00e8re fois en [...]\" \/>\n<meta property=\"og:url\" content=\"https:\/\/artisticswimming.ca\/fr\/quebec-accueille-la-premiere-coupe-du-monde-de-nage-synchronisee-au-pays\/\" \/>\n<meta property=\"og:site_name\" content=\"Natation Artistique Canada\" \/>\n<meta property=\"article:published_time\" content=\"2014-10-01T13:38:30+00:00\" \/>\n<meta property=\"article:modified_time\" content=\"2017-09-18T15:27:05+00:00\" \/>\n<meta name=\"author\" content=\"Myriam Cote\" \/>\n<meta name=\"twitter:card\" content=\"summary_large_image\" \/>\n<meta name=\"twitter:label1\" content=\"\u00c9crit par\" \/>\n\t<meta name=\"twitter:data1\" content=\"Myriam Cote\" \/>\n\t<meta name=\"twitter:label2\" content=\"Dur\u00e9e de lecture estim\u00e9e\" \/>\n\t<meta name=\"twitter:data2\" content=\"5 minutes\" \/>\n<script type=\"application\/ld+json\" class=\"yoast-schema-graph\">{\"@context\":\"https:\/\/schema.org\",\"@graph\":[{\"@type\":\"Article\",\"@id\":\"https:\/\/artisticswimming.ca\/fr\/quebec-accueille-la-premiere-coupe-du-monde-de-nage-synchronisee-au-pays\/#article\",\"isPartOf\":{\"@id\":\"https:\/\/artisticswimming.ca\/fr\/quebec-accueille-la-premiere-coupe-du-monde-de-nage-synchronisee-au-pays\/\"},\"author\":{\"name\":\"Myriam Cote\",\"@id\":\"https:\/\/artisticswimming.ca\/fr\/#\/schema\/person\/76d6c2c9954d56641f9210cc7427bc76\"},\"headline\":\"Qu\u00e9bec accueille la premi\u00e8re Coupe du monde de nage synchronis\u00e9e au pays\",\"datePublished\":\"2014-10-01T13:38:30+00:00\",\"dateModified\":\"2017-09-18T15:27:05+00:00\",\"mainEntityOfPage\":{\"@id\":\"https:\/\/artisticswimming.ca\/fr\/quebec-accueille-la-premiere-coupe-du-monde-de-nage-synchronisee-au-pays\/\"},\"wordCount\":1029,\"commentCount\":0,\"articleSection\":[\"Comp\u00e9tition\",\"Nouvelles\",\"Uncategorized\"],\"inLanguage\":\"fr-FR\",\"potentialAction\":[{\"@type\":\"CommentAction\",\"name\":\"Comment\",\"target\":[\"https:\/\/artisticswimming.ca\/fr\/quebec-accueille-la-premiere-coupe-du-monde-de-nage-synchronisee-au-pays\/#respond\"]}]},{\"@type\":\"WebPage\",\"@id\":\"https:\/\/artisticswimming.ca\/fr\/quebec-accueille-la-premiere-coupe-du-monde-de-nage-synchronisee-au-pays\/\",\"url\":\"https:\/\/artisticswimming.ca\/fr\/quebec-accueille-la-premiere-coupe-du-monde-de-nage-synchronisee-au-pays\/\",\"name\":\"Qu\u00e9bec accueille la premi\u00e8re Coupe du monde de nage synchronis\u00e9e au pays - Natation Artistique Canada\",\"isPartOf\":{\"@id\":\"https:\/\/artisticswimming.ca\/fr\/#website\"},\"datePublished\":\"2014-10-01T13:38:30+00:00\",\"dateModified\":\"2017-09-18T15:27:05+00:00\",\"author\":{\"@id\":\"https:\/\/artisticswimming.ca\/fr\/#\/schema\/person\/76d6c2c9954d56641f9210cc7427bc76\"},\"breadcrumb\":{\"@id\":\"https:\/\/artisticswimming.ca\/fr\/quebec-accueille-la-premiere-coupe-du-monde-de-nage-synchronisee-au-pays\/#breadcrumb\"},\"inLanguage\":\"fr-FR\",\"potentialAction\":[{\"@type\":\"ReadAction\",\"target\":[\"https:\/\/artisticswimming.ca\/fr\/quebec-accueille-la-premiere-coupe-du-monde-de-nage-synchronisee-au-pays\/\"]}]},{\"@type\":\"BreadcrumbList\",\"@id\":\"https:\/\/artisticswimming.ca\/fr\/quebec-accueille-la-premiere-coupe-du-monde-de-nage-synchronisee-au-pays\/#breadcrumb\",\"itemListElement\":[{\"@type\":\"ListItem\",\"position\":1,\"name\":\"Home\",\"item\":\"https:\/\/artisticswimming.ca\/fr\/\"},{\"@type\":\"ListItem\",\"position\":2,\"name\":\"Qu\u00e9bec accueille la premi\u00e8re Coupe du monde de nage synchronis\u00e9e au pays\"}]},{\"@type\":\"WebSite\",\"@id\":\"https:\/\/artisticswimming.ca\/fr\/#website\",\"url\":\"https:\/\/artisticswimming.ca\/fr\/\",\"name\":\"Natation Artistique Canada\",\"description\":\"\",\"potentialAction\":[{\"@type\":\"SearchAction\",\"target\":{\"@type\":\"EntryPoint\",\"urlTemplate\":\"https:\/\/artisticswimming.ca\/fr\/?s={search_term_string}\"},\"query-input\":{\"@type\":\"PropertyValueSpecification\",\"valueRequired\":true,\"valueName\":\"search_term_string\"}}],\"inLanguage\":\"fr-FR\"},{\"@type\":\"Person\",\"@id\":\"https:\/\/artisticswimming.ca\/fr\/#\/schema\/person\/76d6c2c9954d56641f9210cc7427bc76\",\"name\":\"Myriam Cote\",\"image\":{\"@type\":\"ImageObject\",\"inLanguage\":\"fr-FR\",\"@id\":\"https:\/\/secure.gravatar.com\/avatar\/9636d581f11fe1ce5c868617703e52ebeddf65bc5ba83eda388709ba9ad9da61?s=96&d=mm&r=g\",\"url\":\"https:\/\/secure.gravatar.com\/avatar\/9636d581f11fe1ce5c868617703e52ebeddf65bc5ba83eda388709ba9ad9da61?s=96&d=mm&r=g\",\"contentUrl\":\"https:\/\/secure.gravatar.com\/avatar\/9636d581f11fe1ce5c868617703e52ebeddf65bc5ba83eda388709ba9ad9da61?s=96&d=mm&r=g\",\"caption\":\"Myriam Cote\"},\"url\":\"https:\/\/artisticswimming.ca\/fr\/author\/myriam\/\"}]}<\/script>\n<!-- \/ Yoast SEO plugin. -->","yoast_head_json":{"title":"Qu\u00e9bec accueille la premi\u00e8re Coupe du monde de nage synchronis\u00e9e au pays - Natation Artistique Canada","robots":{"index":"index","follow":"follow","max-snippet":"max-snippet:-1","max-image-preview":"max-image-preview:large","max-video-preview":"max-video-preview:-1"},"canonical":"https:\/\/artisticswimming.ca\/fr\/quebec-accueille-la-premiere-coupe-du-monde-de-nage-synchronisee-au-pays\/","og_locale":"fr_FR","og_type":"article","og_title":"Qu\u00e9bec accueille la premi\u00e8re Coupe du monde de nage synchronis\u00e9e au pays - Natation Artistique Canada","og_description":"Qu\u00e9bec, le lundi 29 septembre 2014 \u2013 Une nouvelle page d\u2019histoire se tournera cette semaine alors que le PEPS de l\u2019Universit\u00e9 Laval accueillera la 13e Coupe du monde FINA de nage synchronis\u00e9e pr\u00e9sent\u00e9e par RBC, pour la toute premi\u00e8re fois en [...]","og_url":"https:\/\/artisticswimming.ca\/fr\/quebec-accueille-la-premiere-coupe-du-monde-de-nage-synchronisee-au-pays\/","og_site_name":"Natation Artistique Canada","article_published_time":"2014-10-01T13:38:30+00:00","article_modified_time":"2017-09-18T15:27:05+00:00","author":"Myriam Cote","twitter_card":"summary_large_image","twitter_misc":{"\u00c9crit par":"Myriam Cote","Dur\u00e9e de lecture estim\u00e9e":"5 minutes"},"schema":{"@context":"https:\/\/schema.org","@graph":[{"@type":"Article","@id":"https:\/\/artisticswimming.ca\/fr\/quebec-accueille-la-premiere-coupe-du-monde-de-nage-synchronisee-au-pays\/#article","isPartOf":{"@id":"https:\/\/artisticswimming.ca\/fr\/quebec-accueille-la-premiere-coupe-du-monde-de-nage-synchronisee-au-pays\/"},"author":{"name":"Myriam Cote","@id":"https:\/\/artisticswimming.ca\/fr\/#\/schema\/person\/76d6c2c9954d56641f9210cc7427bc76"},"headline":"Qu\u00e9bec accueille la premi\u00e8re Coupe du monde de nage synchronis\u00e9e au pays","datePublished":"2014-10-01T13:38:30+00:00","dateModified":"2017-09-18T15:27:05+00:00","mainEntityOfPage":{"@id":"https:\/\/artisticswimming.ca\/fr\/quebec-accueille-la-premiere-coupe-du-monde-de-nage-synchronisee-au-pays\/"},"wordCount":1029,"commentCount":0,"articleSection":["Comp\u00e9tition","Nouvelles","Uncategorized"],"inLanguage":"fr-FR","potentialAction":[{"@type":"CommentAction","name":"Comment","target":["https:\/\/artisticswimming.ca\/fr\/quebec-accueille-la-premiere-coupe-du-monde-de-nage-synchronisee-au-pays\/#respond"]}]},{"@type":"WebPage","@id":"https:\/\/artisticswimming.ca\/fr\/quebec-accueille-la-premiere-coupe-du-monde-de-nage-synchronisee-au-pays\/","url":"https:\/\/artisticswimming.ca\/fr\/quebec-accueille-la-premiere-coupe-du-monde-de-nage-synchronisee-au-pays\/","name":"Qu\u00e9bec accueille la premi\u00e8re Coupe du monde de nage synchronis\u00e9e au pays - Natation Artistique Canada","isPartOf":{"@id":"https:\/\/artisticswimming.ca\/fr\/#website"},"datePublished":"2014-10-01T13:38:30+00:00","dateModified":"2017-09-18T15:27:05+00:00","author":{"@id":"https:\/\/artisticswimming.ca\/fr\/#\/schema\/person\/76d6c2c9954d56641f9210cc7427bc76"},"breadcrumb":{"@id":"https:\/\/artisticswimming.ca\/fr\/quebec-accueille-la-premiere-coupe-du-monde-de-nage-synchronisee-au-pays\/#breadcrumb"},"inLanguage":"fr-FR","potentialAction":[{"@type":"ReadAction","target":["https:\/\/artisticswimming.ca\/fr\/quebec-accueille-la-premiere-coupe-du-monde-de-nage-synchronisee-au-pays\/"]}]},{"@type":"BreadcrumbList","@id":"https:\/\/artisticswimming.ca\/fr\/quebec-accueille-la-premiere-coupe-du-monde-de-nage-synchronisee-au-pays\/#breadcrumb","itemListElement":[{"@type":"ListItem","position":1,"name":"Home","item":"https:\/\/artisticswimming.ca\/fr\/"},{"@type":"ListItem","position":2,"name":"Qu\u00e9bec accueille la premi\u00e8re Coupe du monde de nage synchronis\u00e9e au pays"}]},{"@type":"WebSite","@id":"https:\/\/artisticswimming.ca\/fr\/#website","url":"https:\/\/artisticswimming.ca\/fr\/","name":"Natation Artistique Canada","description":"","potentialAction":[{"@type":"SearchAction","target":{"@type":"EntryPoint","urlTemplate":"https:\/\/artisticswimming.ca\/fr\/?s={search_term_string}"},"query-input":{"@type":"PropertyValueSpecification","valueRequired":true,"valueName":"search_term_string"}}],"inLanguage":"fr-FR"},{"@type":"Person","@id":"https:\/\/artisticswimming.ca\/fr\/#\/schema\/person\/76d6c2c9954d56641f9210cc7427bc76","name":"Myriam Cote","image":{"@type":"ImageObject","inLanguage":"fr-FR","@id":"https:\/\/secure.gravatar.com\/avatar\/9636d581f11fe1ce5c868617703e52ebeddf65bc5ba83eda388709ba9ad9da61?s=96&d=mm&r=g","url":"https:\/\/secure.gravatar.com\/avatar\/9636d581f11fe1ce5c868617703e52ebeddf65bc5ba83eda388709ba9ad9da61?s=96&d=mm&r=g","contentUrl":"https:\/\/secure.gravatar.com\/avatar\/9636d581f11fe1ce5c868617703e52ebeddf65bc5ba83eda388709ba9ad9da61?s=96&d=mm&r=g","caption":"Myriam Cote"},"url":"https:\/\/artisticswimming.ca\/fr\/author\/myriam\/"}]}},"_links":{"self":[{"href":"https:\/\/artisticswimming.ca\/fr\/wp-json\/wp\/v2\/posts\/594","targetHints":{"allow":["GET"]}}],"collection":[{"href":"https:\/\/artisticswimming.ca\/fr\/wp-json\/wp\/v2\/posts"}],"about":[{"href":"https:\/\/artisticswimming.ca\/fr\/wp-json\/wp\/v2\/types\/post"}],"author":[{"embeddable":true,"href":"https:\/\/artisticswimming.ca\/fr\/wp-json\/wp\/v2\/users\/3"}],"replies":[{"embeddable":true,"href":"https:\/\/artisticswimming.ca\/fr\/wp-json\/wp\/v2\/comments?post=594"}],"version-history":[{"count":0,"href":"https:\/\/artisticswimming.ca\/fr\/wp-json\/wp\/v2\/posts\/594\/revisions"}],"wp:attachment":[{"href":"https:\/\/artisticswimming.ca\/fr\/wp-json\/wp\/v2\/media?parent=594"}],"wp:term":[{"taxonomy":"category","embeddable":true,"href":"https:\/\/artisticswimming.ca\/fr\/wp-json\/wp\/v2\/categories?post=594"},{"taxonomy":"post_tag","embeddable":true,"href":"https:\/\/artisticswimming.ca\/fr\/wp-json\/wp\/v2\/tags?post=594"}],"curies":[{"name":"wp","href":"https:\/\/api.w.org\/{rel}","templated":true}]}}