{"id":602,"date":"2014-09-21T13:51:20","date_gmt":"2014-09-21T13:51:20","guid":{"rendered":"http:\/\/synchro.wpengine.com\/?p=602&#038;lang=fr"},"modified":"2017-09-18T15:27:06","modified_gmt":"2017-09-18T15:27:06","slug":"henry-scheil-nomme-nouveau-president-de-synchro-canada","status":"publish","type":"post","link":"https:\/\/artisticswimming.ca\/fr\/henry-scheil-nomme-nouveau-president-de-synchro-canada\/","title":{"rendered":"Henry Scheil nomm\u00e9 nouveau pr\u00e9sident de Synchro Canada"},"content":{"rendered":"<p style=\"text-align: justify;\"><span style=\"font-weight: 400;\"><strong><a href=\"http:\/\/synchro.wpengine.com\/wp-content\/uploads\/2016\/08\/Henry-Sheild.png\"><img decoding=\"async\" class=\"alignleft size-full wp-image-600\" src=\"http:\/\/synchro.wpengine.com\/wp-content\/uploads\/2016\/08\/Henry-Sheild.png\" alt=\"Henry Sheild\" width=\"123\" height=\"123\" srcset=\"https:\/\/artisticswimming.ca\/wp-content\/uploads\/2016\/08\/Henry-Sheild-66x66.png 66w, https:\/\/artisticswimming.ca\/wp-content\/uploads\/2016\/08\/Henry-Sheild.png 123w\" sizes=\"(max-width: 123px) 100vw, 123px\" \/><\/a>Ottawa, le 21 septembre 2014<\/strong> \u2013 Synchro Canada a un nouveau pr\u00e9sident avec la nomination de <strong>Henry Scheil<\/strong> (Calgary, AB) \u00e0 la t\u00eate du conseil d\u2019administration de la f\u00e9d\u00e9ration nationale de nage synchronis\u00e9e. <\/span><\/p>\n<p style=\"text-align: justify;\"><span style=\"font-weight: 400;\">La nomination a eu lieu cette fin de semaine lors de l\u2019assembl\u00e9e g\u00e9n\u00e9rale annuelle de Synchro Canada pr\u00e9sent\u00e9e \u00e0 Ottawa, Ontario.<\/span><\/p>\n<p style=\"text-align: justify;\"><span style=\"font-weight: 400;\">Le conseil d\u2019administration 2014-2015 de Synchro Canada sera compl\u00e9t\u00e9 par :<\/span><\/p>\n<p style=\"text-align: justify;\"><span style=\"font-weight: 400;\"><strong>Gail Donahue<\/strong> (North Vancouver, C.-B., nouvelle membre pour un mandat de deux ans)<\/span><\/p>\n<p style=\"text-align: justify;\"><span style=\"font-weight: 400;\"><strong>Janice McLaughlin<\/strong> (Grafton, ON, continue son mandat de deux ans)<\/span><\/p>\n<p style=\"text-align: justify;\"><span style=\"font-weight: 400;\"><strong>Louise Newburry<\/strong> (Calgary, AB, continue son mandat de deux ans)<\/span><\/p>\n<p style=\"text-align: justify;\"><span style=\"font-weight: 400;\"><strong>Lorna Proudfoot<\/strong> (St-John\u2019s, TN, r\u00e9\u00e9lue pour deux ans)<\/span><\/p>\n<p style=\"text-align: justify;\"><span style=\"font-weight: 400;\"><strong>Joel Sanders<\/strong> (Gormley, ON, nouveau membre pour un mandat de deux ans)<\/span><\/p>\n<p style=\"text-align: justify;\"><span style=\"font-weight: 400;\"><strong>Courtney Brown<\/strong> (London, ON, pr\u00e9sidente du Conseil des athl\u00e8tes)<\/span><\/p>\n<p style=\"text-align: justify;\"><span style=\"font-weight: 400;\">Henry Scheil est un comptable agr\u00e9e oeuvrant dans le secteur priv\u00e9 \u00e0 Calgary. Il est membre du conseil d\u2019administration de Synchro Canada et son tr\u00e9sorier depuis 2009.<\/span><\/p>\n<p style=\"text-align: justify;\">M. Scheil succ\u00e8de ainsi \u00e0 <strong>Mario Welsh<\/strong> qui vient de terminer son mandat \u00e0 la t\u00eate de Synchro Canada. M. Welsh \u00e9tait membre du conseil d\u2019administration de Synchro Canada depuis 2006 et son pr\u00e9sident depuis 2011.<\/p>\n<p style=\"text-align: justify;\"><span style=\"font-weight: 400;\">Lors de la rencontre, Synchro Canada a exprim\u00e9 ses remerciements et son appr\u00e9ciation \u00e0 M. Welsh pour son implication au cours des derni\u00e8res ann\u00e9es au sein du conseil d\u2019administration de Synchro Canada. <\/span><\/p>\n<p>&nbsp;<\/p>\n<p><b>\u00c0 propos de Synchro Canada<\/b><\/p>\n<p style=\"text-align: justify;\"><span style=\"font-weight: 400;\">Synchro Canada est l\u2019organisme national qui r\u00e9git le sport de la nage synchronis\u00e9e au Canada. \u00a0Il repr\u00e9sente dix associations provinciales et une association territoriale ainsi que pr\u00e8s de 150 clubs et plus de 12 000 membres \u00e0 travers le Canada. Membre de la FINA, l\u2019organisme mondial directeur des sports aquatiques, Synchro Canada favorise la poursuite del\u2019excellence tout en d\u00e9veloppant des athl\u00e8tes, des citoyens et des ambassadeurs du sport de la nage synchronis\u00e9e \u00e0 tous les niveaux.<\/span><\/p>\n<p><span style=\"font-weight: 400;\">Synchro Canada d\u00e9sire remercier ses commanditaires et partenaires :<\/span><\/p>\n<p><b>Partenaires de ses programmes : <\/b><span style=\"font-weight: 400;\">Sport Canada, \u00c0 nous le podium, l\u2019Institut national du sport du Qu\u00e9bec<\/span><\/p>\n<p><b>Fournisseur officiel aquatique : <\/b><span style=\"font-weight: 400;\">Speedo Canada<\/span><\/p>\n<p><b>Maquillage officiel : <\/b><span style=\"font-weight: 400;\">MAKE UP FOREVER<\/span><\/p>\n<p><b>Fournisseurs officiels : <\/b><span style=\"font-weight: 400;\">Knox Gelatine, AdUp, National Car Rental<\/span><\/p>\n<p><b>H\u00f4tel officiel : <\/b><span style=\"font-weight: 400;\">Hilton Worldwide<\/span><\/p>\n<p style=\"text-align: justify;\"><span style=\"font-weight: 400;\">Pour plus de renseignements, consultez le site Internet de Synchro Canada au www.synchro.ca ou abonnez-vous aux m\u00e9dias sociaux de Synchro Canada : Twitter, Facebook et YouTube.<\/span><\/p>\n<p style=\"text-align: center;\"><span style=\"font-weight: 400;\">&#8211; 30 &#8211;<\/span><\/p>\n<p><b>Pour information : <\/b><\/p>\n<p><span style=\"font-weight: 400;\">St\u00e9phane C\u00f4t\u00e9<\/span><\/p>\n<p><span style=\"font-weight: 400;\">Synchro Canada<\/span><\/p>\n<p><span style=\"font-weight: 400;\">Coordonnateur des communications<\/span><\/p>\n<p><span style=\"font-weight: 400;\">Courriel : \u00a0<\/span><b>stephane@synchro.ca<\/b><\/p>\n<p><span style=\"font-weight: 400;\">T\u00e9l\u00e9phone : 418 420-2125<\/span><\/p>\n<p><span style=\"font-weight: 400;\">Site Internet : <\/span><b>www.synchro.ca<\/b><span style=\"font-weight: 400;\"> \u00a0\u00a0<\/span><\/p>\n<p><span style=\"font-weight: 400;\">Facebook : <\/span><a href=\"http:\/\/www.facebook.com\/synchrocanada\"><b>www.facebook.com\/synchrocanada<\/b><\/a><span style=\"font-weight: 400;\"> \u00a0<\/span><\/p>\n<p><span style=\"font-weight: 400;\">Twitter : <\/span><a href=\"http:\/\/www.twitter.com\/synchrocanada\"><b>www.twitter.com\/synchrocanada<\/b><\/a><\/p>\n","protected":false},"excerpt":{"rendered":"<p>Ottawa, le 21 septembre 2014 \u2013 Synchro Canada a un nouveau pr\u00e9sident avec la nomination de Henry Scheil (Calgary, AB) \u00e0 la t\u00eate du conseil d\u2019administration de la f\u00e9d\u00e9ration nationale de nage synchronis\u00e9e. La nomination a eu lieu cette fin de <a href=\"https:\/\/artisticswimming.ca\/fr\/henry-scheil-nomme-nouveau-president-de-synchro-canada\/\"> [&#8230;]<\/a><\/p>\n","protected":false},"author":3,"featured_media":0,"comment_status":"open","ping_status":"open","sticky":false,"template":"","format":"standard","meta":{"_acf_changed":false,"footnotes":""},"categories":[73,1],"tags":[],"class_list":["post-602","post","type-post","status-publish","format-standard","hentry","category-nouvelles","category-uncategorized"],"acf":[],"yoast_head":"<!-- This site is optimized with the Yoast SEO plugin v27.2 - https:\/\/yoast.com\/product\/yoast-seo-wordpress\/ -->\n<title>Henry Scheil nomm\u00e9 nouveau pr\u00e9sident de Synchro Canada - Natation Artistique Canada<\/title>\n<meta name=\"robots\" content=\"index, follow, max-snippet:-1, max-image-preview:large, max-video-preview:-1\" \/>\n<link rel=\"canonical\" href=\"https:\/\/artisticswimming.ca\/fr\/henry-scheil-nomme-nouveau-president-de-synchro-canada\/\" \/>\n<meta property=\"og:locale\" content=\"fr_FR\" \/>\n<meta property=\"og:type\" content=\"article\" \/>\n<meta property=\"og:title\" content=\"Henry Scheil nomm\u00e9 nouveau pr\u00e9sident de Synchro Canada - Natation Artistique Canada\" \/>\n<meta property=\"og:description\" content=\"Ottawa, le 21 septembre 2014 \u2013 Synchro Canada a un nouveau pr\u00e9sident avec la nomination de Henry Scheil (Calgary, AB) \u00e0 la t\u00eate du conseil d\u2019administration de la f\u00e9d\u00e9ration nationale de nage synchronis\u00e9e. La nomination a eu lieu cette fin de [...]\" \/>\n<meta property=\"og:url\" content=\"https:\/\/artisticswimming.ca\/fr\/henry-scheil-nomme-nouveau-president-de-synchro-canada\/\" \/>\n<meta property=\"og:site_name\" content=\"Natation Artistique Canada\" \/>\n<meta property=\"article:published_time\" content=\"2014-09-21T13:51:20+00:00\" \/>\n<meta property=\"article:modified_time\" content=\"2017-09-18T15:27:06+00:00\" \/>\n<meta property=\"og:image\" content=\"http:\/\/synchro.wpengine.com\/wp-content\/uploads\/2016\/08\/Henry-Sheild.png\" \/>\n<meta name=\"author\" content=\"Myriam Cote\" \/>\n<meta name=\"twitter:card\" content=\"summary_large_image\" \/>\n<meta name=\"twitter:label1\" content=\"\u00c9crit par\" \/>\n\t<meta name=\"twitter:data1\" content=\"Myriam Cote\" \/>\n\t<meta name=\"twitter:label2\" content=\"Dur\u00e9e de lecture estim\u00e9e\" \/>\n\t<meta name=\"twitter:data2\" content=\"2 minutes\" \/>\n<script type=\"application\/ld+json\" class=\"yoast-schema-graph\">{\"@context\":\"https:\/\/schema.org\",\"@graph\":[{\"@type\":\"Article\",\"@id\":\"https:\/\/artisticswimming.ca\/fr\/henry-scheil-nomme-nouveau-president-de-synchro-canada\/#article\",\"isPartOf\":{\"@id\":\"https:\/\/artisticswimming.ca\/fr\/henry-scheil-nomme-nouveau-president-de-synchro-canada\/\"},\"author\":{\"name\":\"Myriam Cote\",\"@id\":\"https:\/\/artisticswimming.ca\/fr\/#\/schema\/person\/76d6c2c9954d56641f9210cc7427bc76\"},\"headline\":\"Henry Scheil nomm\u00e9 nouveau pr\u00e9sident de Synchro Canada\",\"datePublished\":\"2014-09-21T13:51:20+00:00\",\"dateModified\":\"2017-09-18T15:27:06+00:00\",\"mainEntityOfPage\":{\"@id\":\"https:\/\/artisticswimming.ca\/fr\/henry-scheil-nomme-nouveau-president-de-synchro-canada\/\"},\"wordCount\":447,\"commentCount\":0,\"image\":{\"@id\":\"https:\/\/artisticswimming.ca\/fr\/henry-scheil-nomme-nouveau-president-de-synchro-canada\/#primaryimage\"},\"thumbnailUrl\":\"http:\/\/synchro.wpengine.com\/wp-content\/uploads\/2016\/08\/Henry-Sheild.png\",\"articleSection\":[\"Nouvelles\",\"Uncategorized\"],\"inLanguage\":\"fr-FR\",\"potentialAction\":[{\"@type\":\"CommentAction\",\"name\":\"Comment\",\"target\":[\"https:\/\/artisticswimming.ca\/fr\/henry-scheil-nomme-nouveau-president-de-synchro-canada\/#respond\"]}]},{\"@type\":\"WebPage\",\"@id\":\"https:\/\/artisticswimming.ca\/fr\/henry-scheil-nomme-nouveau-president-de-synchro-canada\/\",\"url\":\"https:\/\/artisticswimming.ca\/fr\/henry-scheil-nomme-nouveau-president-de-synchro-canada\/\",\"name\":\"Henry Scheil nomm\u00e9 nouveau pr\u00e9sident de Synchro Canada - Natation Artistique Canada\",\"isPartOf\":{\"@id\":\"https:\/\/artisticswimming.ca\/fr\/#website\"},\"primaryImageOfPage\":{\"@id\":\"https:\/\/artisticswimming.ca\/fr\/henry-scheil-nomme-nouveau-president-de-synchro-canada\/#primaryimage\"},\"image\":{\"@id\":\"https:\/\/artisticswimming.ca\/fr\/henry-scheil-nomme-nouveau-president-de-synchro-canada\/#primaryimage\"},\"thumbnailUrl\":\"http:\/\/synchro.wpengine.com\/wp-content\/uploads\/2016\/08\/Henry-Sheild.png\",\"datePublished\":\"2014-09-21T13:51:20+00:00\",\"dateModified\":\"2017-09-18T15:27:06+00:00\",\"author\":{\"@id\":\"https:\/\/artisticswimming.ca\/fr\/#\/schema\/person\/76d6c2c9954d56641f9210cc7427bc76\"},\"breadcrumb\":{\"@id\":\"https:\/\/artisticswimming.ca\/fr\/henry-scheil-nomme-nouveau-president-de-synchro-canada\/#breadcrumb\"},\"inLanguage\":\"fr-FR\",\"potentialAction\":[{\"@type\":\"ReadAction\",\"target\":[\"https:\/\/artisticswimming.ca\/fr\/henry-scheil-nomme-nouveau-president-de-synchro-canada\/\"]}]},{\"@type\":\"ImageObject\",\"inLanguage\":\"fr-FR\",\"@id\":\"https:\/\/artisticswimming.ca\/fr\/henry-scheil-nomme-nouveau-president-de-synchro-canada\/#primaryimage\",\"url\":\"http:\/\/synchro.wpengine.com\/wp-content\/uploads\/2016\/08\/Henry-Sheild.png\",\"contentUrl\":\"http:\/\/synchro.wpengine.com\/wp-content\/uploads\/2016\/08\/Henry-Sheild.png\"},{\"@type\":\"BreadcrumbList\",\"@id\":\"https:\/\/artisticswimming.ca\/fr\/henry-scheil-nomme-nouveau-president-de-synchro-canada\/#breadcrumb\",\"itemListElement\":[{\"@type\":\"ListItem\",\"position\":1,\"name\":\"Home\",\"item\":\"https:\/\/artisticswimming.ca\/fr\/\"},{\"@type\":\"ListItem\",\"position\":2,\"name\":\"Henry Scheil nomm\u00e9 nouveau pr\u00e9sident de Synchro Canada\"}]},{\"@type\":\"WebSite\",\"@id\":\"https:\/\/artisticswimming.ca\/fr\/#website\",\"url\":\"https:\/\/artisticswimming.ca\/fr\/\",\"name\":\"Natation Artistique Canada\",\"description\":\"\",\"potentialAction\":[{\"@type\":\"SearchAction\",\"target\":{\"@type\":\"EntryPoint\",\"urlTemplate\":\"https:\/\/artisticswimming.ca\/fr\/?s={search_term_string}\"},\"query-input\":{\"@type\":\"PropertyValueSpecification\",\"valueRequired\":true,\"valueName\":\"search_term_string\"}}],\"inLanguage\":\"fr-FR\"},{\"@type\":\"Person\",\"@id\":\"https:\/\/artisticswimming.ca\/fr\/#\/schema\/person\/76d6c2c9954d56641f9210cc7427bc76\",\"name\":\"Myriam Cote\",\"image\":{\"@type\":\"ImageObject\",\"inLanguage\":\"fr-FR\",\"@id\":\"https:\/\/secure.gravatar.com\/avatar\/9636d581f11fe1ce5c868617703e52ebeddf65bc5ba83eda388709ba9ad9da61?s=96&d=mm&r=g\",\"url\":\"https:\/\/secure.gravatar.com\/avatar\/9636d581f11fe1ce5c868617703e52ebeddf65bc5ba83eda388709ba9ad9da61?s=96&d=mm&r=g\",\"contentUrl\":\"https:\/\/secure.gravatar.com\/avatar\/9636d581f11fe1ce5c868617703e52ebeddf65bc5ba83eda388709ba9ad9da61?s=96&d=mm&r=g\",\"caption\":\"Myriam Cote\"},\"url\":\"https:\/\/artisticswimming.ca\/fr\/author\/myriam\/\"}]}<\/script>\n<!-- \/ Yoast SEO plugin. -->","yoast_head_json":{"title":"Henry Scheil nomm\u00e9 nouveau pr\u00e9sident de Synchro Canada - Natation Artistique Canada","robots":{"index":"index","follow":"follow","max-snippet":"max-snippet:-1","max-image-preview":"max-image-preview:large","max-video-preview":"max-video-preview:-1"},"canonical":"https:\/\/artisticswimming.ca\/fr\/henry-scheil-nomme-nouveau-president-de-synchro-canada\/","og_locale":"fr_FR","og_type":"article","og_title":"Henry Scheil nomm\u00e9 nouveau pr\u00e9sident de Synchro Canada - Natation Artistique Canada","og_description":"Ottawa, le 21 septembre 2014 \u2013 Synchro Canada a un nouveau pr\u00e9sident avec la nomination de Henry Scheil (Calgary, AB) \u00e0 la t\u00eate du conseil d\u2019administration de la f\u00e9d\u00e9ration nationale de nage synchronis\u00e9e. La nomination a eu lieu cette fin de [...]","og_url":"https:\/\/artisticswimming.ca\/fr\/henry-scheil-nomme-nouveau-president-de-synchro-canada\/","og_site_name":"Natation Artistique Canada","article_published_time":"2014-09-21T13:51:20+00:00","article_modified_time":"2017-09-18T15:27:06+00:00","og_image":[{"url":"http:\/\/synchro.wpengine.com\/wp-content\/uploads\/2016\/08\/Henry-Sheild.png","type":"","width":"","height":""}],"author":"Myriam Cote","twitter_card":"summary_large_image","twitter_misc":{"\u00c9crit par":"Myriam Cote","Dur\u00e9e de lecture estim\u00e9e":"2 minutes"},"schema":{"@context":"https:\/\/schema.org","@graph":[{"@type":"Article","@id":"https:\/\/artisticswimming.ca\/fr\/henry-scheil-nomme-nouveau-president-de-synchro-canada\/#article","isPartOf":{"@id":"https:\/\/artisticswimming.ca\/fr\/henry-scheil-nomme-nouveau-president-de-synchro-canada\/"},"author":{"name":"Myriam Cote","@id":"https:\/\/artisticswimming.ca\/fr\/#\/schema\/person\/76d6c2c9954d56641f9210cc7427bc76"},"headline":"Henry Scheil nomm\u00e9 nouveau pr\u00e9sident de Synchro Canada","datePublished":"2014-09-21T13:51:20+00:00","dateModified":"2017-09-18T15:27:06+00:00","mainEntityOfPage":{"@id":"https:\/\/artisticswimming.ca\/fr\/henry-scheil-nomme-nouveau-president-de-synchro-canada\/"},"wordCount":447,"commentCount":0,"image":{"@id":"https:\/\/artisticswimming.ca\/fr\/henry-scheil-nomme-nouveau-president-de-synchro-canada\/#primaryimage"},"thumbnailUrl":"http:\/\/synchro.wpengine.com\/wp-content\/uploads\/2016\/08\/Henry-Sheild.png","articleSection":["Nouvelles","Uncategorized"],"inLanguage":"fr-FR","potentialAction":[{"@type":"CommentAction","name":"Comment","target":["https:\/\/artisticswimming.ca\/fr\/henry-scheil-nomme-nouveau-president-de-synchro-canada\/#respond"]}]},{"@type":"WebPage","@id":"https:\/\/artisticswimming.ca\/fr\/henry-scheil-nomme-nouveau-president-de-synchro-canada\/","url":"https:\/\/artisticswimming.ca\/fr\/henry-scheil-nomme-nouveau-president-de-synchro-canada\/","name":"Henry Scheil nomm\u00e9 nouveau pr\u00e9sident de Synchro Canada - Natation Artistique Canada","isPartOf":{"@id":"https:\/\/artisticswimming.ca\/fr\/#website"},"primaryImageOfPage":{"@id":"https:\/\/artisticswimming.ca\/fr\/henry-scheil-nomme-nouveau-president-de-synchro-canada\/#primaryimage"},"image":{"@id":"https:\/\/artisticswimming.ca\/fr\/henry-scheil-nomme-nouveau-president-de-synchro-canada\/#primaryimage"},"thumbnailUrl":"http:\/\/synchro.wpengine.com\/wp-content\/uploads\/2016\/08\/Henry-Sheild.png","datePublished":"2014-09-21T13:51:20+00:00","dateModified":"2017-09-18T15:27:06+00:00","author":{"@id":"https:\/\/artisticswimming.ca\/fr\/#\/schema\/person\/76d6c2c9954d56641f9210cc7427bc76"},"breadcrumb":{"@id":"https:\/\/artisticswimming.ca\/fr\/henry-scheil-nomme-nouveau-president-de-synchro-canada\/#breadcrumb"},"inLanguage":"fr-FR","potentialAction":[{"@type":"ReadAction","target":["https:\/\/artisticswimming.ca\/fr\/henry-scheil-nomme-nouveau-president-de-synchro-canada\/"]}]},{"@type":"ImageObject","inLanguage":"fr-FR","@id":"https:\/\/artisticswimming.ca\/fr\/henry-scheil-nomme-nouveau-president-de-synchro-canada\/#primaryimage","url":"http:\/\/synchro.wpengine.com\/wp-content\/uploads\/2016\/08\/Henry-Sheild.png","contentUrl":"http:\/\/synchro.wpengine.com\/wp-content\/uploads\/2016\/08\/Henry-Sheild.png"},{"@type":"BreadcrumbList","@id":"https:\/\/artisticswimming.ca\/fr\/henry-scheil-nomme-nouveau-president-de-synchro-canada\/#breadcrumb","itemListElement":[{"@type":"ListItem","position":1,"name":"Home","item":"https:\/\/artisticswimming.ca\/fr\/"},{"@type":"ListItem","position":2,"name":"Henry Scheil nomm\u00e9 nouveau pr\u00e9sident de Synchro Canada"}]},{"@type":"WebSite","@id":"https:\/\/artisticswimming.ca\/fr\/#website","url":"https:\/\/artisticswimming.ca\/fr\/","name":"Natation Artistique Canada","description":"","potentialAction":[{"@type":"SearchAction","target":{"@type":"EntryPoint","urlTemplate":"https:\/\/artisticswimming.ca\/fr\/?s={search_term_string}"},"query-input":{"@type":"PropertyValueSpecification","valueRequired":true,"valueName":"search_term_string"}}],"inLanguage":"fr-FR"},{"@type":"Person","@id":"https:\/\/artisticswimming.ca\/fr\/#\/schema\/person\/76d6c2c9954d56641f9210cc7427bc76","name":"Myriam Cote","image":{"@type":"ImageObject","inLanguage":"fr-FR","@id":"https:\/\/secure.gravatar.com\/avatar\/9636d581f11fe1ce5c868617703e52ebeddf65bc5ba83eda388709ba9ad9da61?s=96&d=mm&r=g","url":"https:\/\/secure.gravatar.com\/avatar\/9636d581f11fe1ce5c868617703e52ebeddf65bc5ba83eda388709ba9ad9da61?s=96&d=mm&r=g","contentUrl":"https:\/\/secure.gravatar.com\/avatar\/9636d581f11fe1ce5c868617703e52ebeddf65bc5ba83eda388709ba9ad9da61?s=96&d=mm&r=g","caption":"Myriam Cote"},"url":"https:\/\/artisticswimming.ca\/fr\/author\/myriam\/"}]}},"_links":{"self":[{"href":"https:\/\/artisticswimming.ca\/fr\/wp-json\/wp\/v2\/posts\/602","targetHints":{"allow":["GET"]}}],"collection":[{"href":"https:\/\/artisticswimming.ca\/fr\/wp-json\/wp\/v2\/posts"}],"about":[{"href":"https:\/\/artisticswimming.ca\/fr\/wp-json\/wp\/v2\/types\/post"}],"author":[{"embeddable":true,"href":"https:\/\/artisticswimming.ca\/fr\/wp-json\/wp\/v2\/users\/3"}],"replies":[{"embeddable":true,"href":"https:\/\/artisticswimming.ca\/fr\/wp-json\/wp\/v2\/comments?post=602"}],"version-history":[{"count":0,"href":"https:\/\/artisticswimming.ca\/fr\/wp-json\/wp\/v2\/posts\/602\/revisions"}],"wp:attachment":[{"href":"https:\/\/artisticswimming.ca\/fr\/wp-json\/wp\/v2\/media?parent=602"}],"wp:term":[{"taxonomy":"category","embeddable":true,"href":"https:\/\/artisticswimming.ca\/fr\/wp-json\/wp\/v2\/categories?post=602"},{"taxonomy":"post_tag","embeddable":true,"href":"https:\/\/artisticswimming.ca\/fr\/wp-json\/wp\/v2\/tags?post=602"}],"curies":[{"name":"wp","href":"https:\/\/api.w.org\/{rel}","templated":true}]}}