{"id":6642,"date":"2019-04-26T20:53:50","date_gmt":"2019-04-27T00:53:50","guid":{"rendered":"http:\/\/artisticswimming.ca\/?p=6642"},"modified":"2019-04-26T21:00:11","modified_gmt":"2019-04-27T01:00:11","slug":"canadian-artistic-swimmers-ready-for-next-fina-world-series-event-in-japan","status":"publish","type":"post","link":"https:\/\/artisticswimming.ca\/fr\/canadian-artistic-swimmers-ready-for-next-fina-world-series-event-in-japan\/","title":{"rendered":"Les Canadiennes pr\u00eates pour la prochaine \u00e9dition de la S\u00e9rie mondiale FINA au Japon"},"content":{"rendered":"<p><a href=\"https:\/\/artisticswimming.ca\/fr\/equipes-nationales\/equipes-nationales-senior\/\"><strong>L&rsquo;\u00c9quipe nationale senior canadienne<\/strong><\/a> de natation artistique fait de solides d\u00e9buts en Gr\u00e8ce pour la saison 2019 et est pr\u00eate pour sa deuxi\u00e8me comp\u00e9tition majeure de l&rsquo;ann\u00e9e.<\/p>\n<p>Les Canadiennes ont d\u00e9but\u00e9 leur saison de comp\u00e9tition lors de la deuxi\u00e8me \u00e9tape de la <strong>S\u00e9rie mondiale<\/strong> <strong>de natation artistique de la FINA 2019<\/strong> \u00e0 Alexandroupoli, en Gr\u00e8ce. L&rsquo;\u00e9quipe canadienne a remport\u00e9 7 m\u00e9dailles \u00e0 cette comp\u00e9tition qui se d\u00e9roulait du 4 au 7 avril au AXD Aquatic Center.<\/p>\n<p>En \u00e9quipe acrobatique, l&rsquo;\u00e9quipe de 10 a remport\u00e9 la m\u00e9daille d&rsquo;argent gr\u00e2ce \u00e0 une tr\u00e8s bonne performance. L&rsquo;\u00e9quipe de 8 a ensuite remport\u00e9 une autre m\u00e9daille d&rsquo;argent dans l&rsquo;\u00e9preuve d&rsquo;\u00e9quipe technique et une m\u00e9daille d&rsquo;or dans l&rsquo;\u00e9preuve \u00e9quipe libre.<\/p>\n<p>Dans le duo technique, la paire form\u00e9e de <strong>Jacqueline Simoneau<\/strong> et <strong>Claudia Holzner<\/strong> a remport\u00e9 la m\u00e9daille de bronze, puis a \u00e9t\u00e9 devanc\u00e9e de moins d&rsquo;un point par rapport \u00e0 l&rsquo;argent dans le duo libre. Dans les \u00e9preuves en solo, Simoneau a d\u00e9croch\u00e9 la m\u00e9daille d&rsquo;or dans le programme technique et la m\u00e9daille de bronze dans le programme libre.<\/p>\n<p>Apr\u00e8s la comp\u00e9tition, l&rsquo;\u00e9quipe a pass\u00e9 une semaine intensive d&rsquo;entra\u00eenement en Gr\u00e8ce o\u00f9 elle a retrouv\u00e9 la m\u00e9daill\u00e9e d&rsquo;or olympique et chor\u00e9graphe russe <strong>Anastasia Ermakova<\/strong>. Ensuite, elles se sont rendues au Japon, o\u00f9 elles ont compl\u00e9t\u00e9 un autre camp d&rsquo;entra\u00eenement rigoureux sous la direction de l&rsquo;entra\u00eeneur-chef <strong>G\u00e1bor Szauder<\/strong> et de l&rsquo;entra\u00eeneure adjointe <strong>Kasia Kulesza<\/strong>. Ce camp a \u00e9t\u00e9 organis\u00e9 par la ville de Suzuka et la pr\u00e9fecture de Mie, et sera le lieu du camp de pr\u00e9paration olympique de NAC en 2020, ce qui a donn\u00e9 \u00e0 l&rsquo;\u00e9quipe l&rsquo;occasion de se familiariser avec les installations et les environs. En plus de leur entra\u00eenement, les membres de l&rsquo;\u00e9quipe se sont engag\u00e9s aupr\u00e8s de la communaut\u00e9 en organisant la formation de jeunes \u00e9quipes locales de natation artistique et en participant \u00e0 des visites scolaires.<\/p>\n<p>Selon l&rsquo;entra\u00eeneur-chef Szauder, \u00a0\u00bb avoir l&rsquo;\u00e9quipe ensemble en Gr\u00e8ce et au Japon a \u00e9t\u00e9 une p\u00e9riode tr\u00e8s productive. Elles ont eu d&rsquo;excellentes s\u00e9ances d&rsquo;entra\u00eenement, ont peaufin\u00e9 la chor\u00e9graphie et ont renforc\u00e9 leur esprit d&rsquo;\u00e9quipe. Nous nous sentons en pleine forme et confiants \u00e0 l&rsquo;approche de la comp\u00e9tition au Japon, alors que nous continuons notre pr\u00e9paration en vue des Jeux panam\u00e9ricains de Lima.\u00a0\u00bb<\/p>\n<p>Lors de la 4e \u00e9preuve de la s\u00e9rie FINA qui se d\u00e9roulera du 27 au 29 avril au Tokyo Tatsumi International Swimming Center, le Canada participera aux \u00e9preuves solo technique, solo libre, duo technique et duo libre, ainsi qu&rsquo;en \u00e9quipe dans les \u00e9preuves technique, libre et acrobatique. Des concurrentes de 24 pays diff\u00e9rents participeront \u00e0 la comp\u00e9tition de Tokyo.<\/p>\n<p>Les ordre de passage et r\u00e9sultats seront disponibles ici : http:\/\/swim.seiko.co.jp\/artistic\/2019\/01\/en\/index.html.<\/p>\n","protected":false},"excerpt":{"rendered":"<p>L&rsquo;\u00c9quipe nationale senior canadienne de natation artistique fait de solides d\u00e9buts en Gr\u00e8ce pour la saison 2019 et est pr\u00eate pour sa deuxi\u00e8me comp\u00e9tition majeure de l&rsquo;ann\u00e9e. Les Canadiennes ont d\u00e9but\u00e9 leur saison de comp\u00e9tition lors de la deuxi\u00e8me \u00e9tape de <a href=\"https:\/\/artisticswimming.ca\/fr\/canadian-artistic-swimmers-ready-for-next-fina-world-series-event-in-japan\/\"> [&#8230;]<\/a><\/p>\n","protected":false},"author":2,"featured_media":6641,"comment_status":"open","ping_status":"open","sticky":false,"template":"","format":"standard","meta":{"_acf_changed":false,"footnotes":""},"categories":[79,199],"tags":[],"class_list":["post-6642","post","type-post","status-publish","format-standard","has-post-thumbnail","hentry","category-equipe-nationale-senior","category-synchronised-swimming-world-series-fr"],"acf":[],"yoast_head":"<!-- This site is optimized with the Yoast SEO plugin v27.2 - https:\/\/yoast.com\/product\/yoast-seo-wordpress\/ -->\n<title>Les Canadiennes pr\u00eates pour la prochaine \u00e9dition de la S\u00e9rie mondiale FINA au Japon - Natation Artistique Canada<\/title>\n<meta name=\"robots\" content=\"index, follow, max-snippet:-1, max-image-preview:large, max-video-preview:-1\" \/>\n<link rel=\"canonical\" href=\"https:\/\/artisticswimming.ca\/fr\/canadian-artistic-swimmers-ready-for-next-fina-world-series-event-in-japan\/\" \/>\n<meta property=\"og:locale\" content=\"fr_FR\" \/>\n<meta property=\"og:type\" content=\"article\" \/>\n<meta property=\"og:title\" content=\"Les Canadiennes pr\u00eates pour la prochaine \u00e9dition de la S\u00e9rie mondiale FINA au Japon - Natation Artistique Canada\" \/>\n<meta property=\"og:description\" content=\"L&rsquo;\u00c9quipe nationale senior canadienne de natation artistique fait de solides d\u00e9buts en Gr\u00e8ce pour la saison 2019 et est pr\u00eate pour sa deuxi\u00e8me comp\u00e9tition majeure de l&rsquo;ann\u00e9e. Les Canadiennes ont d\u00e9but\u00e9 leur saison de comp\u00e9tition lors de la deuxi\u00e8me \u00e9tape de [...]\" \/>\n<meta property=\"og:url\" content=\"https:\/\/artisticswimming.ca\/fr\/canadian-artistic-swimmers-ready-for-next-fina-world-series-event-in-japan\/\" \/>\n<meta property=\"og:site_name\" content=\"Natation Artistique Canada\" \/>\n<meta property=\"article:published_time\" content=\"2019-04-27T00:53:50+00:00\" \/>\n<meta property=\"article:modified_time\" content=\"2019-04-27T01:00:11+00:00\" \/>\n<meta property=\"og:image\" content=\"https:\/\/artisticswimming.ca\/wp-content\/uploads\/2019\/04\/Capture-d\u2019e\u0301cran-2019-04-26-a\u0300-20.00.09-1024x584.png\" \/>\n\t<meta property=\"og:image:width\" content=\"1024\" \/>\n\t<meta property=\"og:image:height\" content=\"584\" \/>\n\t<meta property=\"og:image:type\" content=\"image\/png\" \/>\n<meta name=\"author\" content=\"synchro\" \/>\n<meta name=\"twitter:card\" content=\"summary_large_image\" \/>\n<meta name=\"twitter:label1\" content=\"\u00c9crit par\" \/>\n\t<meta name=\"twitter:data1\" content=\"synchro\" \/>\n\t<meta name=\"twitter:label2\" content=\"Dur\u00e9e de lecture estim\u00e9e\" \/>\n\t<meta name=\"twitter:data2\" content=\"2 minutes\" \/>\n<script type=\"application\/ld+json\" class=\"yoast-schema-graph\">{\"@context\":\"https:\/\/schema.org\",\"@graph\":[{\"@type\":\"Article\",\"@id\":\"https:\/\/artisticswimming.ca\/fr\/canadian-artistic-swimmers-ready-for-next-fina-world-series-event-in-japan\/#article\",\"isPartOf\":{\"@id\":\"https:\/\/artisticswimming.ca\/fr\/canadian-artistic-swimmers-ready-for-next-fina-world-series-event-in-japan\/\"},\"author\":{\"name\":\"synchro\",\"@id\":\"https:\/\/artisticswimming.ca\/fr\/#\/schema\/person\/7d2ab10f01ba748d0dac4f1fbc7df175\"},\"headline\":\"Les Canadiennes pr\u00eates pour la prochaine \u00e9dition de la S\u00e9rie mondiale FINA au Japon\",\"datePublished\":\"2019-04-27T00:53:50+00:00\",\"dateModified\":\"2019-04-27T01:00:11+00:00\",\"mainEntityOfPage\":{\"@id\":\"https:\/\/artisticswimming.ca\/fr\/canadian-artistic-swimmers-ready-for-next-fina-world-series-event-in-japan\/\"},\"wordCount\":510,\"commentCount\":0,\"image\":{\"@id\":\"https:\/\/artisticswimming.ca\/fr\/canadian-artistic-swimmers-ready-for-next-fina-world-series-event-in-japan\/#primaryimage\"},\"thumbnailUrl\":\"https:\/\/artisticswimming.ca\/wp-content\/uploads\/2019\/04\/Capture-d\u2019e\u0301cran-2019-04-26-a\u0300-20.00.09.png\",\"articleSection\":[\"\u00c9quipe nationale senior\",\"S\u00e9ries Mondiales de natation artistique\"],\"inLanguage\":\"fr-FR\",\"potentialAction\":[{\"@type\":\"CommentAction\",\"name\":\"Comment\",\"target\":[\"https:\/\/artisticswimming.ca\/fr\/canadian-artistic-swimmers-ready-for-next-fina-world-series-event-in-japan\/#respond\"]}]},{\"@type\":\"WebPage\",\"@id\":\"https:\/\/artisticswimming.ca\/fr\/canadian-artistic-swimmers-ready-for-next-fina-world-series-event-in-japan\/\",\"url\":\"https:\/\/artisticswimming.ca\/fr\/canadian-artistic-swimmers-ready-for-next-fina-world-series-event-in-japan\/\",\"name\":\"Les Canadiennes pr\u00eates pour la prochaine \u00e9dition de la S\u00e9rie mondiale FINA au Japon - Natation Artistique Canada\",\"isPartOf\":{\"@id\":\"https:\/\/artisticswimming.ca\/fr\/#website\"},\"primaryImageOfPage\":{\"@id\":\"https:\/\/artisticswimming.ca\/fr\/canadian-artistic-swimmers-ready-for-next-fina-world-series-event-in-japan\/#primaryimage\"},\"image\":{\"@id\":\"https:\/\/artisticswimming.ca\/fr\/canadian-artistic-swimmers-ready-for-next-fina-world-series-event-in-japan\/#primaryimage\"},\"thumbnailUrl\":\"https:\/\/artisticswimming.ca\/wp-content\/uploads\/2019\/04\/Capture-d\u2019e\u0301cran-2019-04-26-a\u0300-20.00.09.png\",\"datePublished\":\"2019-04-27T00:53:50+00:00\",\"dateModified\":\"2019-04-27T01:00:11+00:00\",\"author\":{\"@id\":\"https:\/\/artisticswimming.ca\/fr\/#\/schema\/person\/7d2ab10f01ba748d0dac4f1fbc7df175\"},\"breadcrumb\":{\"@id\":\"https:\/\/artisticswimming.ca\/fr\/canadian-artistic-swimmers-ready-for-next-fina-world-series-event-in-japan\/#breadcrumb\"},\"inLanguage\":\"fr-FR\",\"potentialAction\":[{\"@type\":\"ReadAction\",\"target\":[\"https:\/\/artisticswimming.ca\/fr\/canadian-artistic-swimmers-ready-for-next-fina-world-series-event-in-japan\/\"]}]},{\"@type\":\"ImageObject\",\"inLanguage\":\"fr-FR\",\"@id\":\"https:\/\/artisticswimming.ca\/fr\/canadian-artistic-swimmers-ready-for-next-fina-world-series-event-in-japan\/#primaryimage\",\"url\":\"https:\/\/artisticswimming.ca\/wp-content\/uploads\/2019\/04\/Capture-d\u2019e\u0301cran-2019-04-26-a\u0300-20.00.09.png\",\"contentUrl\":\"https:\/\/artisticswimming.ca\/wp-content\/uploads\/2019\/04\/Capture-d\u2019e\u0301cran-2019-04-26-a\u0300-20.00.09.png\",\"width\":2156,\"height\":1230},{\"@type\":\"BreadcrumbList\",\"@id\":\"https:\/\/artisticswimming.ca\/fr\/canadian-artistic-swimmers-ready-for-next-fina-world-series-event-in-japan\/#breadcrumb\",\"itemListElement\":[{\"@type\":\"ListItem\",\"position\":1,\"name\":\"Home\",\"item\":\"https:\/\/artisticswimming.ca\/fr\/\"},{\"@type\":\"ListItem\",\"position\":2,\"name\":\"Les Canadiennes pr\u00eates pour la prochaine \u00e9dition de la S\u00e9rie mondiale FINA au Japon\"}]},{\"@type\":\"WebSite\",\"@id\":\"https:\/\/artisticswimming.ca\/fr\/#website\",\"url\":\"https:\/\/artisticswimming.ca\/fr\/\",\"name\":\"Natation Artistique Canada\",\"description\":\"\",\"potentialAction\":[{\"@type\":\"SearchAction\",\"target\":{\"@type\":\"EntryPoint\",\"urlTemplate\":\"https:\/\/artisticswimming.ca\/fr\/?s={search_term_string}\"},\"query-input\":{\"@type\":\"PropertyValueSpecification\",\"valueRequired\":true,\"valueName\":\"search_term_string\"}}],\"inLanguage\":\"fr-FR\"},{\"@type\":\"Person\",\"@id\":\"https:\/\/artisticswimming.ca\/fr\/#\/schema\/person\/7d2ab10f01ba748d0dac4f1fbc7df175\",\"name\":\"synchro\",\"image\":{\"@type\":\"ImageObject\",\"inLanguage\":\"fr-FR\",\"@id\":\"https:\/\/secure.gravatar.com\/avatar\/4f24abe719ecc22eef668a9e15d4025dca4fa935812f917fcc233935f5e1db5e?s=96&d=mm&r=g\",\"url\":\"https:\/\/secure.gravatar.com\/avatar\/4f24abe719ecc22eef668a9e15d4025dca4fa935812f917fcc233935f5e1db5e?s=96&d=mm&r=g\",\"contentUrl\":\"https:\/\/secure.gravatar.com\/avatar\/4f24abe719ecc22eef668a9e15d4025dca4fa935812f917fcc233935f5e1db5e?s=96&d=mm&r=g\",\"caption\":\"synchro\"},\"sameAs\":[\"http:\/\/synchro.wpengine.com\"],\"url\":\"https:\/\/artisticswimming.ca\/fr\/author\/synchro\/\"}]}<\/script>\n<!-- \/ Yoast SEO plugin. -->","yoast_head_json":{"title":"Les Canadiennes pr\u00eates pour la prochaine \u00e9dition de la S\u00e9rie mondiale FINA au Japon - Natation Artistique Canada","robots":{"index":"index","follow":"follow","max-snippet":"max-snippet:-1","max-image-preview":"max-image-preview:large","max-video-preview":"max-video-preview:-1"},"canonical":"https:\/\/artisticswimming.ca\/fr\/canadian-artistic-swimmers-ready-for-next-fina-world-series-event-in-japan\/","og_locale":"fr_FR","og_type":"article","og_title":"Les Canadiennes pr\u00eates pour la prochaine \u00e9dition de la S\u00e9rie mondiale FINA au Japon - Natation Artistique Canada","og_description":"L&rsquo;\u00c9quipe nationale senior canadienne de natation artistique fait de solides d\u00e9buts en Gr\u00e8ce pour la saison 2019 et est pr\u00eate pour sa deuxi\u00e8me comp\u00e9tition majeure de l&rsquo;ann\u00e9e. Les Canadiennes ont d\u00e9but\u00e9 leur saison de comp\u00e9tition lors de la deuxi\u00e8me \u00e9tape de [...]","og_url":"https:\/\/artisticswimming.ca\/fr\/canadian-artistic-swimmers-ready-for-next-fina-world-series-event-in-japan\/","og_site_name":"Natation Artistique Canada","article_published_time":"2019-04-27T00:53:50+00:00","article_modified_time":"2019-04-27T01:00:11+00:00","og_image":[{"width":1024,"height":584,"url":"https:\/\/artisticswimming.ca\/wp-content\/uploads\/2019\/04\/Capture-d\u2019e\u0301cran-2019-04-26-a\u0300-20.00.09-1024x584.png","type":"image\/png"}],"author":"synchro","twitter_card":"summary_large_image","twitter_misc":{"\u00c9crit par":"synchro","Dur\u00e9e de lecture estim\u00e9e":"2 minutes"},"schema":{"@context":"https:\/\/schema.org","@graph":[{"@type":"Article","@id":"https:\/\/artisticswimming.ca\/fr\/canadian-artistic-swimmers-ready-for-next-fina-world-series-event-in-japan\/#article","isPartOf":{"@id":"https:\/\/artisticswimming.ca\/fr\/canadian-artistic-swimmers-ready-for-next-fina-world-series-event-in-japan\/"},"author":{"name":"synchro","@id":"https:\/\/artisticswimming.ca\/fr\/#\/schema\/person\/7d2ab10f01ba748d0dac4f1fbc7df175"},"headline":"Les Canadiennes pr\u00eates pour la prochaine \u00e9dition de la S\u00e9rie mondiale FINA au Japon","datePublished":"2019-04-27T00:53:50+00:00","dateModified":"2019-04-27T01:00:11+00:00","mainEntityOfPage":{"@id":"https:\/\/artisticswimming.ca\/fr\/canadian-artistic-swimmers-ready-for-next-fina-world-series-event-in-japan\/"},"wordCount":510,"commentCount":0,"image":{"@id":"https:\/\/artisticswimming.ca\/fr\/canadian-artistic-swimmers-ready-for-next-fina-world-series-event-in-japan\/#primaryimage"},"thumbnailUrl":"https:\/\/artisticswimming.ca\/wp-content\/uploads\/2019\/04\/Capture-d\u2019e\u0301cran-2019-04-26-a\u0300-20.00.09.png","articleSection":["\u00c9quipe nationale senior","S\u00e9ries Mondiales de natation artistique"],"inLanguage":"fr-FR","potentialAction":[{"@type":"CommentAction","name":"Comment","target":["https:\/\/artisticswimming.ca\/fr\/canadian-artistic-swimmers-ready-for-next-fina-world-series-event-in-japan\/#respond"]}]},{"@type":"WebPage","@id":"https:\/\/artisticswimming.ca\/fr\/canadian-artistic-swimmers-ready-for-next-fina-world-series-event-in-japan\/","url":"https:\/\/artisticswimming.ca\/fr\/canadian-artistic-swimmers-ready-for-next-fina-world-series-event-in-japan\/","name":"Les Canadiennes pr\u00eates pour la prochaine \u00e9dition de la S\u00e9rie mondiale FINA au Japon - Natation Artistique Canada","isPartOf":{"@id":"https:\/\/artisticswimming.ca\/fr\/#website"},"primaryImageOfPage":{"@id":"https:\/\/artisticswimming.ca\/fr\/canadian-artistic-swimmers-ready-for-next-fina-world-series-event-in-japan\/#primaryimage"},"image":{"@id":"https:\/\/artisticswimming.ca\/fr\/canadian-artistic-swimmers-ready-for-next-fina-world-series-event-in-japan\/#primaryimage"},"thumbnailUrl":"https:\/\/artisticswimming.ca\/wp-content\/uploads\/2019\/04\/Capture-d\u2019e\u0301cran-2019-04-26-a\u0300-20.00.09.png","datePublished":"2019-04-27T00:53:50+00:00","dateModified":"2019-04-27T01:00:11+00:00","author":{"@id":"https:\/\/artisticswimming.ca\/fr\/#\/schema\/person\/7d2ab10f01ba748d0dac4f1fbc7df175"},"breadcrumb":{"@id":"https:\/\/artisticswimming.ca\/fr\/canadian-artistic-swimmers-ready-for-next-fina-world-series-event-in-japan\/#breadcrumb"},"inLanguage":"fr-FR","potentialAction":[{"@type":"ReadAction","target":["https:\/\/artisticswimming.ca\/fr\/canadian-artistic-swimmers-ready-for-next-fina-world-series-event-in-japan\/"]}]},{"@type":"ImageObject","inLanguage":"fr-FR","@id":"https:\/\/artisticswimming.ca\/fr\/canadian-artistic-swimmers-ready-for-next-fina-world-series-event-in-japan\/#primaryimage","url":"https:\/\/artisticswimming.ca\/wp-content\/uploads\/2019\/04\/Capture-d\u2019e\u0301cran-2019-04-26-a\u0300-20.00.09.png","contentUrl":"https:\/\/artisticswimming.ca\/wp-content\/uploads\/2019\/04\/Capture-d\u2019e\u0301cran-2019-04-26-a\u0300-20.00.09.png","width":2156,"height":1230},{"@type":"BreadcrumbList","@id":"https:\/\/artisticswimming.ca\/fr\/canadian-artistic-swimmers-ready-for-next-fina-world-series-event-in-japan\/#breadcrumb","itemListElement":[{"@type":"ListItem","position":1,"name":"Home","item":"https:\/\/artisticswimming.ca\/fr\/"},{"@type":"ListItem","position":2,"name":"Les Canadiennes pr\u00eates pour la prochaine \u00e9dition de la S\u00e9rie mondiale FINA au Japon"}]},{"@type":"WebSite","@id":"https:\/\/artisticswimming.ca\/fr\/#website","url":"https:\/\/artisticswimming.ca\/fr\/","name":"Natation Artistique Canada","description":"","potentialAction":[{"@type":"SearchAction","target":{"@type":"EntryPoint","urlTemplate":"https:\/\/artisticswimming.ca\/fr\/?s={search_term_string}"},"query-input":{"@type":"PropertyValueSpecification","valueRequired":true,"valueName":"search_term_string"}}],"inLanguage":"fr-FR"},{"@type":"Person","@id":"https:\/\/artisticswimming.ca\/fr\/#\/schema\/person\/7d2ab10f01ba748d0dac4f1fbc7df175","name":"synchro","image":{"@type":"ImageObject","inLanguage":"fr-FR","@id":"https:\/\/secure.gravatar.com\/avatar\/4f24abe719ecc22eef668a9e15d4025dca4fa935812f917fcc233935f5e1db5e?s=96&d=mm&r=g","url":"https:\/\/secure.gravatar.com\/avatar\/4f24abe719ecc22eef668a9e15d4025dca4fa935812f917fcc233935f5e1db5e?s=96&d=mm&r=g","contentUrl":"https:\/\/secure.gravatar.com\/avatar\/4f24abe719ecc22eef668a9e15d4025dca4fa935812f917fcc233935f5e1db5e?s=96&d=mm&r=g","caption":"synchro"},"sameAs":["http:\/\/synchro.wpengine.com"],"url":"https:\/\/artisticswimming.ca\/fr\/author\/synchro\/"}]}},"_links":{"self":[{"href":"https:\/\/artisticswimming.ca\/fr\/wp-json\/wp\/v2\/posts\/6642","targetHints":{"allow":["GET"]}}],"collection":[{"href":"https:\/\/artisticswimming.ca\/fr\/wp-json\/wp\/v2\/posts"}],"about":[{"href":"https:\/\/artisticswimming.ca\/fr\/wp-json\/wp\/v2\/types\/post"}],"author":[{"embeddable":true,"href":"https:\/\/artisticswimming.ca\/fr\/wp-json\/wp\/v2\/users\/2"}],"replies":[{"embeddable":true,"href":"https:\/\/artisticswimming.ca\/fr\/wp-json\/wp\/v2\/comments?post=6642"}],"version-history":[{"count":0,"href":"https:\/\/artisticswimming.ca\/fr\/wp-json\/wp\/v2\/posts\/6642\/revisions"}],"wp:featuredmedia":[{"embeddable":true,"href":"https:\/\/artisticswimming.ca\/fr\/wp-json\/wp\/v2\/media\/6641"}],"wp:attachment":[{"href":"https:\/\/artisticswimming.ca\/fr\/wp-json\/wp\/v2\/media?parent=6642"}],"wp:term":[{"taxonomy":"category","embeddable":true,"href":"https:\/\/artisticswimming.ca\/fr\/wp-json\/wp\/v2\/categories?post=6642"},{"taxonomy":"post_tag","embeddable":true,"href":"https:\/\/artisticswimming.ca\/fr\/wp-json\/wp\/v2\/tags?post=6642"}],"curies":[{"name":"wp","href":"https:\/\/api.w.org\/{rel}","templated":true}]}}