{"id":6825,"date":"2019-05-11T13:54:54","date_gmt":"2019-05-11T17:54:54","guid":{"rendered":"http:\/\/artisticswimming.ca\/canada-artistic-swimming-names-coaches-for-13-15-national-team\/"},"modified":"2019-05-11T14:54:14","modified_gmt":"2019-05-11T18:54:14","slug":"canada-artistic-swimming-names-coaches-for-13-15-national-team","status":"publish","type":"post","link":"https:\/\/artisticswimming.ca\/fr\/canada-artistic-swimming-names-coaches-for-13-15-national-team\/","title":{"rendered":"Natation Artistique Canada nomme les entraineures pour l&rsquo;\u00e9quipe nationale 13-15 ans"},"content":{"rendered":"<p>Natation Artistique Canada (NAC) est heureuse d&rsquo;annoncer les entraineures qui dirigeront l&rsquo;\u00e9quipe nationale 13-15 ans du Canada pour participer aux tout premiers Championnats du monde Groupe d\u2019\u00e2ge 13-15 ans FINA 2019 de natation artistique. L&rsquo;\u00e9v\u00e9nement aura lieu du 28 ao\u00fbt au 1er septembre \u00e0 Samorin, en Slovaquie.<\/p>\n<p><strong>Elena Podolsky<\/strong>, de Kitchener en Ontario, sera l&rsquo;entraineure-chef de l&rsquo;\u00e9quipe nationale 13-15 ans du Canada. Originaire de Moscou, en Russie, Elena a entra\u00een\u00e9 de nombreuses athl\u00e8tes internationales, dont le duo grec, en collaboration avec l&rsquo;entraineure-chef, aux Jeux olympiques de Sydney en 2000. Elle a aid\u00e9 \u00e0 pr\u00e9parer l&rsquo;\u00e9quipe de Gr\u00e8ce pour les Jeux olympiques de 2004 \u00e0 Ath\u00e8nes et a travaill\u00e9 avec l&rsquo;entraineure-chef Olga Vasilchenko pendant les Jeux. Elle est entraineure dans les programmes de l&rsquo;\u00e9quipe nationale du Canada depuis 15 ans. Entra\u00eeneure adjointe aux Championnats du monde juniors 2004, 2006 et 2014, entraineure-chef aux Championnats du monde juniors 2008 de la FINA et, plus r\u00e9cemment, chef d&rsquo;\u00e9quipe du Canada aux Championnats du monde juniors de la FINA. Podolsky a \u00e9galement \u00e9t\u00e9 entraineure adjointe de l&rsquo;\u00e9quipe nationale 13-15 ans \u00e0 trois reprises et entraineure-chef de l&rsquo;\u00e9quipe nationale 13-15 ans en 2010, 2011 et 2013. Podolsky est experte technique pour Ontario Artistic Swimming pour les volets Apprendre \u00e0 s\u2019entra\u00eener et s\u2019entra\u00eener \u00e0 s\u2019entra\u00eener du programme de d\u00e9veloppement \u00e0 long terme de l&rsquo;athl\u00e8te. Elle travaille en vue d&rsquo;obtenir sa certification de niveau 4 du PNCE et est \u00e9galement juge de natation artistique certifi\u00e9e de niveau I.\u00a0 Podolsky est actuellement entraineure-chef du Waterloo Regional Synchronized Swimming Club.<\/p>\n<p>\u00ab\u00a0Je suis tr\u00e8s fi\u00e8re d&rsquo;avoir \u00e9t\u00e9 choisie pour mener le Canada aux premiers Championnats du monde Groupe d\u2019\u00e2ge 13-15 ans FINA 2019 de natation artistique \u00ab\u00a0, a d\u00e9clar\u00e9 Podolsky. \u00ab\u00a0Je sais que toutes les athl\u00e8tes, leurs entra\u00eeneurs et les officiels ont travaill\u00e9 tr\u00e8s fort pour les mener o\u00f9 elles sont. Il reste encore beaucoup de travail \u00e0 faire et je suis absolument convaincue que nous sommes tous aptes \u00e0 relever le d\u00e9fi.\u00a0\u00bb<\/p>\n<p><strong>Manny Wu<\/strong>, de Ajax, en Ontario, sera entraineure adjointe pour le programme des 13-15 ans. Ayant grandie en Chine, Wu a repr\u00e9sent\u00e9 son pays au sein de l&rsquo;\u00e9quipe nationale \u00e0 plusieurs championnats du monde et aux Jeux olympiques d&rsquo;\u00e9t\u00e9 de 2004. Elle a commenc\u00e9 sa carri\u00e8re d&rsquo;entraineure en Chine, puis est arriv\u00e9e au Canada en 2008. Wu est entraineure dans les programmes nationaux du Canada depuis 2015. Elle a \u00e9t\u00e9 entraineure adjointe de l&rsquo;\u00e9quipe nationale junior en 2015 aux Championnats panam\u00e9ricains de l&rsquo;UANA et en 2016 aux Championnats du monde juniors de la FINA. Elle a \u00e9t\u00e9 l&rsquo;entraineure-chef du programme national junior \u00e0 l&rsquo;\u00e9t\u00e9 2017 et en 2018, Wu \u00e9tait aussi entraineure-chef de l&rsquo;\u00e9quipe nationale 13-15 ans du Canada, gagnant l&rsquo;or dans chaque \u00e9preuve au Championnat panam\u00e9ricain artistique de natation UANA 2018 \u00e0 Riverside, en Californie. Elle a obtenu sa qualification de niveau 4 du PNCE en 2017. Elle est actuellement l&rsquo;entra\u00eeneure-chef du RTC-Ontario.<\/p>\n<p>Les entraineures de l&rsquo;\u00e9quipe nationale 13-15 ans \u00e9taient sur place \u00e0 Kamloops lors des Championnats canadiens 2019 pour terminer le processus d&rsquo;identification des talents qui a d\u00e9but\u00e9 lors des qualifications de 2019 afin de choisir les athl\u00e8tes qui seront invit\u00e9es \u00e0 la s\u00e9lection pour le camp des \u00e9quipes nationales 13-15 ans. Elle se d\u00e9roulera du 7 au 14 juin, \u00e0 Montr\u00e9al, \u00e0 l&rsquo;Institut National du Sport du Qu\u00e9bec, o\u00f9 l&rsquo;\u00e9quipe qui repr\u00e9sentera le Canada sera s\u00e9lectionn\u00e9e. Elles m\u00e8neront ensuite l&rsquo;\u00e9quipe \u00e0 travers deux camps d&rsquo;entra\u00eenement du 24 juillet au 20 ao\u00fbt au Canada et du 21 au 25 ao\u00fbt en Slovaquie en pr\u00e9paration pour les Championnats du monde.<\/p>\n<p>\u00ab\u00a0La s\u00e9lection d&rsquo;Elena et de Manny au sein du personnel d&rsquo;entraineures de l&rsquo;\u00e9quipe nationale 13-15 ans nous permet de former une \u00e9quipe solide pour diriger notre programme 13-15 ans\u00a0\u00bb, a d\u00e9clar\u00e9 <strong>Julie Healy<\/strong>, Directrice du sport chez Natation Artistique Canada.\u00a0 C&rsquo;est toujours excitant de repr\u00e9senter le Canada sur la sc\u00e8ne internationale et nous croyons que ces entraineures mettront \u00e0 profit leur exp\u00e9rience professionnelle et internationale pour offrir un leadership exceptionnel \u00e0 l&rsquo;\u00e9quipe de cette ann\u00e9e.\u00a0\u00bb<\/p>\n<p>Natation Artistique Canada ajoutera une troisi\u00e8me entraineure au personnel d&rsquo;entra\u00eeneur(e)s de l&rsquo;\u00e9quipe nationale 13-15 ans apr\u00e8s la fin du camp de s\u00e9lection en juin.<\/p>\n","protected":false},"excerpt":{"rendered":"<p>Natation Artistique Canada (NAC) est heureuse d&rsquo;annoncer les entraineures qui dirigeront l&rsquo;\u00e9quipe nationale 13-15 ans du Canada pour participer aux tout premiers Championnats du monde Groupe d\u2019\u00e2ge 13-15 ans FINA 2019 de natation artistique. L&rsquo;\u00e9v\u00e9nement aura lieu du 28 ao\u00fbt au <a href=\"https:\/\/artisticswimming.ca\/fr\/canada-artistic-swimming-names-coaches-for-13-15-national-team\/\"> [&#8230;]<\/a><\/p>\n","protected":false},"author":2,"featured_media":6824,"comment_status":"open","ping_status":"open","sticky":false,"template":"","format":"standard","meta":{"_acf_changed":false,"footnotes":""},"categories":[155],"tags":[],"class_list":["post-6825","post","type-post","status-publish","format-standard","has-post-thumbnail","hentry","category-equipe-nationale-13-15"],"acf":[],"yoast_head":"<!-- This site is optimized with the Yoast SEO plugin v27.2 - https:\/\/yoast.com\/product\/yoast-seo-wordpress\/ -->\n<title>Natation Artistique Canada nomme les entraineures pour l&#039;\u00e9quipe nationale 13-15 ans - Natation Artistique Canada<\/title>\n<meta name=\"robots\" content=\"index, follow, max-snippet:-1, max-image-preview:large, max-video-preview:-1\" \/>\n<link rel=\"canonical\" href=\"https:\/\/artisticswimming.ca\/fr\/canada-artistic-swimming-names-coaches-for-13-15-national-team\/\" \/>\n<meta property=\"og:locale\" content=\"fr_FR\" \/>\n<meta property=\"og:type\" content=\"article\" \/>\n<meta property=\"og:title\" content=\"Natation Artistique Canada nomme les entraineures pour l&#039;\u00e9quipe nationale 13-15 ans - Natation Artistique Canada\" \/>\n<meta property=\"og:description\" content=\"Natation Artistique Canada (NAC) est heureuse d&rsquo;annoncer les entraineures qui dirigeront l&rsquo;\u00e9quipe nationale 13-15 ans du Canada pour participer aux tout premiers Championnats du monde Groupe d\u2019\u00e2ge 13-15 ans FINA 2019 de natation artistique. L&rsquo;\u00e9v\u00e9nement aura lieu du 28 ao\u00fbt au [...]\" \/>\n<meta property=\"og:url\" content=\"https:\/\/artisticswimming.ca\/fr\/canada-artistic-swimming-names-coaches-for-13-15-national-team\/\" \/>\n<meta property=\"og:site_name\" content=\"Natation Artistique Canada\" \/>\n<meta property=\"article:published_time\" content=\"2019-05-11T17:54:54+00:00\" \/>\n<meta property=\"article:modified_time\" content=\"2019-05-11T18:54:14+00:00\" \/>\n<meta property=\"og:image\" content=\"https:\/\/artisticswimming.ca\/wp-content\/uploads\/2019\/05\/13-15-coaches-slider.jpg\" \/>\n\t<meta property=\"og:image:width\" content=\"1800\" \/>\n\t<meta property=\"og:image:height\" content=\"750\" \/>\n\t<meta property=\"og:image:type\" content=\"image\/jpeg\" \/>\n<meta name=\"author\" content=\"synchro\" \/>\n<meta name=\"twitter:card\" content=\"summary_large_image\" \/>\n<meta name=\"twitter:label1\" content=\"\u00c9crit par\" \/>\n\t<meta name=\"twitter:data1\" content=\"synchro\" \/>\n\t<meta name=\"twitter:label2\" content=\"Dur\u00e9e de lecture estim\u00e9e\" \/>\n\t<meta name=\"twitter:data2\" content=\"4 minutes\" \/>\n<script type=\"application\/ld+json\" class=\"yoast-schema-graph\">{\"@context\":\"https:\/\/schema.org\",\"@graph\":[{\"@type\":\"Article\",\"@id\":\"https:\/\/artisticswimming.ca\/fr\/canada-artistic-swimming-names-coaches-for-13-15-national-team\/#article\",\"isPartOf\":{\"@id\":\"https:\/\/artisticswimming.ca\/fr\/canada-artistic-swimming-names-coaches-for-13-15-national-team\/\"},\"author\":{\"name\":\"synchro\",\"@id\":\"https:\/\/artisticswimming.ca\/fr\/#\/schema\/person\/7d2ab10f01ba748d0dac4f1fbc7df175\"},\"headline\":\"Natation Artistique Canada nomme les entraineures pour l&rsquo;\u00e9quipe nationale 13-15 ans\",\"datePublished\":\"2019-05-11T17:54:54+00:00\",\"dateModified\":\"2019-05-11T18:54:14+00:00\",\"mainEntityOfPage\":{\"@id\":\"https:\/\/artisticswimming.ca\/fr\/canada-artistic-swimming-names-coaches-for-13-15-national-team\/\"},\"wordCount\":723,\"commentCount\":0,\"image\":{\"@id\":\"https:\/\/artisticswimming.ca\/fr\/canada-artistic-swimming-names-coaches-for-13-15-national-team\/#primaryimage\"},\"thumbnailUrl\":\"https:\/\/artisticswimming.ca\/wp-content\/uploads\/2019\/05\/13-15-coaches-slider.jpg\",\"articleSection\":[\"\u00c9quipe Nationale 13-15\"],\"inLanguage\":\"fr-FR\",\"potentialAction\":[{\"@type\":\"CommentAction\",\"name\":\"Comment\",\"target\":[\"https:\/\/artisticswimming.ca\/fr\/canada-artistic-swimming-names-coaches-for-13-15-national-team\/#respond\"]}]},{\"@type\":\"WebPage\",\"@id\":\"https:\/\/artisticswimming.ca\/fr\/canada-artistic-swimming-names-coaches-for-13-15-national-team\/\",\"url\":\"https:\/\/artisticswimming.ca\/fr\/canada-artistic-swimming-names-coaches-for-13-15-national-team\/\",\"name\":\"Natation Artistique Canada nomme les entraineures pour l'\u00e9quipe nationale 13-15 ans - Natation Artistique Canada\",\"isPartOf\":{\"@id\":\"https:\/\/artisticswimming.ca\/fr\/#website\"},\"primaryImageOfPage\":{\"@id\":\"https:\/\/artisticswimming.ca\/fr\/canada-artistic-swimming-names-coaches-for-13-15-national-team\/#primaryimage\"},\"image\":{\"@id\":\"https:\/\/artisticswimming.ca\/fr\/canada-artistic-swimming-names-coaches-for-13-15-national-team\/#primaryimage\"},\"thumbnailUrl\":\"https:\/\/artisticswimming.ca\/wp-content\/uploads\/2019\/05\/13-15-coaches-slider.jpg\",\"datePublished\":\"2019-05-11T17:54:54+00:00\",\"dateModified\":\"2019-05-11T18:54:14+00:00\",\"author\":{\"@id\":\"https:\/\/artisticswimming.ca\/fr\/#\/schema\/person\/7d2ab10f01ba748d0dac4f1fbc7df175\"},\"breadcrumb\":{\"@id\":\"https:\/\/artisticswimming.ca\/fr\/canada-artistic-swimming-names-coaches-for-13-15-national-team\/#breadcrumb\"},\"inLanguage\":\"fr-FR\",\"potentialAction\":[{\"@type\":\"ReadAction\",\"target\":[\"https:\/\/artisticswimming.ca\/fr\/canada-artistic-swimming-names-coaches-for-13-15-national-team\/\"]}]},{\"@type\":\"ImageObject\",\"inLanguage\":\"fr-FR\",\"@id\":\"https:\/\/artisticswimming.ca\/fr\/canada-artistic-swimming-names-coaches-for-13-15-national-team\/#primaryimage\",\"url\":\"https:\/\/artisticswimming.ca\/wp-content\/uploads\/2019\/05\/13-15-coaches-slider.jpg\",\"contentUrl\":\"https:\/\/artisticswimming.ca\/wp-content\/uploads\/2019\/05\/13-15-coaches-slider.jpg\",\"width\":1800,\"height\":750},{\"@type\":\"BreadcrumbList\",\"@id\":\"https:\/\/artisticswimming.ca\/fr\/canada-artistic-swimming-names-coaches-for-13-15-national-team\/#breadcrumb\",\"itemListElement\":[{\"@type\":\"ListItem\",\"position\":1,\"name\":\"Home\",\"item\":\"https:\/\/artisticswimming.ca\/fr\/\"},{\"@type\":\"ListItem\",\"position\":2,\"name\":\"Natation Artistique Canada nomme les entraineures pour l&#8217;\u00e9quipe nationale 13-15 ans\"}]},{\"@type\":\"WebSite\",\"@id\":\"https:\/\/artisticswimming.ca\/fr\/#website\",\"url\":\"https:\/\/artisticswimming.ca\/fr\/\",\"name\":\"Natation Artistique Canada\",\"description\":\"\",\"potentialAction\":[{\"@type\":\"SearchAction\",\"target\":{\"@type\":\"EntryPoint\",\"urlTemplate\":\"https:\/\/artisticswimming.ca\/fr\/?s={search_term_string}\"},\"query-input\":{\"@type\":\"PropertyValueSpecification\",\"valueRequired\":true,\"valueName\":\"search_term_string\"}}],\"inLanguage\":\"fr-FR\"},{\"@type\":\"Person\",\"@id\":\"https:\/\/artisticswimming.ca\/fr\/#\/schema\/person\/7d2ab10f01ba748d0dac4f1fbc7df175\",\"name\":\"synchro\",\"image\":{\"@type\":\"ImageObject\",\"inLanguage\":\"fr-FR\",\"@id\":\"https:\/\/secure.gravatar.com\/avatar\/4f24abe719ecc22eef668a9e15d4025dca4fa935812f917fcc233935f5e1db5e?s=96&d=mm&r=g\",\"url\":\"https:\/\/secure.gravatar.com\/avatar\/4f24abe719ecc22eef668a9e15d4025dca4fa935812f917fcc233935f5e1db5e?s=96&d=mm&r=g\",\"contentUrl\":\"https:\/\/secure.gravatar.com\/avatar\/4f24abe719ecc22eef668a9e15d4025dca4fa935812f917fcc233935f5e1db5e?s=96&d=mm&r=g\",\"caption\":\"synchro\"},\"sameAs\":[\"http:\/\/synchro.wpengine.com\"],\"url\":\"https:\/\/artisticswimming.ca\/fr\/author\/synchro\/\"}]}<\/script>\n<!-- \/ Yoast SEO plugin. -->","yoast_head_json":{"title":"Natation Artistique Canada nomme les entraineures pour l'\u00e9quipe nationale 13-15 ans - Natation Artistique Canada","robots":{"index":"index","follow":"follow","max-snippet":"max-snippet:-1","max-image-preview":"max-image-preview:large","max-video-preview":"max-video-preview:-1"},"canonical":"https:\/\/artisticswimming.ca\/fr\/canada-artistic-swimming-names-coaches-for-13-15-national-team\/","og_locale":"fr_FR","og_type":"article","og_title":"Natation Artistique Canada nomme les entraineures pour l'\u00e9quipe nationale 13-15 ans - Natation Artistique Canada","og_description":"Natation Artistique Canada (NAC) est heureuse d&rsquo;annoncer les entraineures qui dirigeront l&rsquo;\u00e9quipe nationale 13-15 ans du Canada pour participer aux tout premiers Championnats du monde Groupe d\u2019\u00e2ge 13-15 ans FINA 2019 de natation artistique. L&rsquo;\u00e9v\u00e9nement aura lieu du 28 ao\u00fbt au [...]","og_url":"https:\/\/artisticswimming.ca\/fr\/canada-artistic-swimming-names-coaches-for-13-15-national-team\/","og_site_name":"Natation Artistique Canada","article_published_time":"2019-05-11T17:54:54+00:00","article_modified_time":"2019-05-11T18:54:14+00:00","og_image":[{"width":1800,"height":750,"url":"https:\/\/artisticswimming.ca\/wp-content\/uploads\/2019\/05\/13-15-coaches-slider.jpg","type":"image\/jpeg"}],"author":"synchro","twitter_card":"summary_large_image","twitter_misc":{"\u00c9crit par":"synchro","Dur\u00e9e de lecture estim\u00e9e":"4 minutes"},"schema":{"@context":"https:\/\/schema.org","@graph":[{"@type":"Article","@id":"https:\/\/artisticswimming.ca\/fr\/canada-artistic-swimming-names-coaches-for-13-15-national-team\/#article","isPartOf":{"@id":"https:\/\/artisticswimming.ca\/fr\/canada-artistic-swimming-names-coaches-for-13-15-national-team\/"},"author":{"name":"synchro","@id":"https:\/\/artisticswimming.ca\/fr\/#\/schema\/person\/7d2ab10f01ba748d0dac4f1fbc7df175"},"headline":"Natation Artistique Canada nomme les entraineures pour l&rsquo;\u00e9quipe nationale 13-15 ans","datePublished":"2019-05-11T17:54:54+00:00","dateModified":"2019-05-11T18:54:14+00:00","mainEntityOfPage":{"@id":"https:\/\/artisticswimming.ca\/fr\/canada-artistic-swimming-names-coaches-for-13-15-national-team\/"},"wordCount":723,"commentCount":0,"image":{"@id":"https:\/\/artisticswimming.ca\/fr\/canada-artistic-swimming-names-coaches-for-13-15-national-team\/#primaryimage"},"thumbnailUrl":"https:\/\/artisticswimming.ca\/wp-content\/uploads\/2019\/05\/13-15-coaches-slider.jpg","articleSection":["\u00c9quipe Nationale 13-15"],"inLanguage":"fr-FR","potentialAction":[{"@type":"CommentAction","name":"Comment","target":["https:\/\/artisticswimming.ca\/fr\/canada-artistic-swimming-names-coaches-for-13-15-national-team\/#respond"]}]},{"@type":"WebPage","@id":"https:\/\/artisticswimming.ca\/fr\/canada-artistic-swimming-names-coaches-for-13-15-national-team\/","url":"https:\/\/artisticswimming.ca\/fr\/canada-artistic-swimming-names-coaches-for-13-15-national-team\/","name":"Natation Artistique Canada nomme les entraineures pour l'\u00e9quipe nationale 13-15 ans - Natation Artistique Canada","isPartOf":{"@id":"https:\/\/artisticswimming.ca\/fr\/#website"},"primaryImageOfPage":{"@id":"https:\/\/artisticswimming.ca\/fr\/canada-artistic-swimming-names-coaches-for-13-15-national-team\/#primaryimage"},"image":{"@id":"https:\/\/artisticswimming.ca\/fr\/canada-artistic-swimming-names-coaches-for-13-15-national-team\/#primaryimage"},"thumbnailUrl":"https:\/\/artisticswimming.ca\/wp-content\/uploads\/2019\/05\/13-15-coaches-slider.jpg","datePublished":"2019-05-11T17:54:54+00:00","dateModified":"2019-05-11T18:54:14+00:00","author":{"@id":"https:\/\/artisticswimming.ca\/fr\/#\/schema\/person\/7d2ab10f01ba748d0dac4f1fbc7df175"},"breadcrumb":{"@id":"https:\/\/artisticswimming.ca\/fr\/canada-artistic-swimming-names-coaches-for-13-15-national-team\/#breadcrumb"},"inLanguage":"fr-FR","potentialAction":[{"@type":"ReadAction","target":["https:\/\/artisticswimming.ca\/fr\/canada-artistic-swimming-names-coaches-for-13-15-national-team\/"]}]},{"@type":"ImageObject","inLanguage":"fr-FR","@id":"https:\/\/artisticswimming.ca\/fr\/canada-artistic-swimming-names-coaches-for-13-15-national-team\/#primaryimage","url":"https:\/\/artisticswimming.ca\/wp-content\/uploads\/2019\/05\/13-15-coaches-slider.jpg","contentUrl":"https:\/\/artisticswimming.ca\/wp-content\/uploads\/2019\/05\/13-15-coaches-slider.jpg","width":1800,"height":750},{"@type":"BreadcrumbList","@id":"https:\/\/artisticswimming.ca\/fr\/canada-artistic-swimming-names-coaches-for-13-15-national-team\/#breadcrumb","itemListElement":[{"@type":"ListItem","position":1,"name":"Home","item":"https:\/\/artisticswimming.ca\/fr\/"},{"@type":"ListItem","position":2,"name":"Natation Artistique Canada nomme les entraineures pour l&#8217;\u00e9quipe nationale 13-15 ans"}]},{"@type":"WebSite","@id":"https:\/\/artisticswimming.ca\/fr\/#website","url":"https:\/\/artisticswimming.ca\/fr\/","name":"Natation Artistique Canada","description":"","potentialAction":[{"@type":"SearchAction","target":{"@type":"EntryPoint","urlTemplate":"https:\/\/artisticswimming.ca\/fr\/?s={search_term_string}"},"query-input":{"@type":"PropertyValueSpecification","valueRequired":true,"valueName":"search_term_string"}}],"inLanguage":"fr-FR"},{"@type":"Person","@id":"https:\/\/artisticswimming.ca\/fr\/#\/schema\/person\/7d2ab10f01ba748d0dac4f1fbc7df175","name":"synchro","image":{"@type":"ImageObject","inLanguage":"fr-FR","@id":"https:\/\/secure.gravatar.com\/avatar\/4f24abe719ecc22eef668a9e15d4025dca4fa935812f917fcc233935f5e1db5e?s=96&d=mm&r=g","url":"https:\/\/secure.gravatar.com\/avatar\/4f24abe719ecc22eef668a9e15d4025dca4fa935812f917fcc233935f5e1db5e?s=96&d=mm&r=g","contentUrl":"https:\/\/secure.gravatar.com\/avatar\/4f24abe719ecc22eef668a9e15d4025dca4fa935812f917fcc233935f5e1db5e?s=96&d=mm&r=g","caption":"synchro"},"sameAs":["http:\/\/synchro.wpengine.com"],"url":"https:\/\/artisticswimming.ca\/fr\/author\/synchro\/"}]}},"_links":{"self":[{"href":"https:\/\/artisticswimming.ca\/fr\/wp-json\/wp\/v2\/posts\/6825","targetHints":{"allow":["GET"]}}],"collection":[{"href":"https:\/\/artisticswimming.ca\/fr\/wp-json\/wp\/v2\/posts"}],"about":[{"href":"https:\/\/artisticswimming.ca\/fr\/wp-json\/wp\/v2\/types\/post"}],"author":[{"embeddable":true,"href":"https:\/\/artisticswimming.ca\/fr\/wp-json\/wp\/v2\/users\/2"}],"replies":[{"embeddable":true,"href":"https:\/\/artisticswimming.ca\/fr\/wp-json\/wp\/v2\/comments?post=6825"}],"version-history":[{"count":0,"href":"https:\/\/artisticswimming.ca\/fr\/wp-json\/wp\/v2\/posts\/6825\/revisions"}],"wp:featuredmedia":[{"embeddable":true,"href":"https:\/\/artisticswimming.ca\/fr\/wp-json\/wp\/v2\/media\/6824"}],"wp:attachment":[{"href":"https:\/\/artisticswimming.ca\/fr\/wp-json\/wp\/v2\/media?parent=6825"}],"wp:term":[{"taxonomy":"category","embeddable":true,"href":"https:\/\/artisticswimming.ca\/fr\/wp-json\/wp\/v2\/categories?post=6825"},{"taxonomy":"post_tag","embeddable":true,"href":"https:\/\/artisticswimming.ca\/fr\/wp-json\/wp\/v2\/tags?post=6825"}],"curies":[{"name":"wp","href":"https:\/\/api.w.org\/{rel}","templated":true}]}}