{"id":704,"date":"2014-07-29T09:04:52","date_gmt":"2014-07-29T09:04:52","guid":{"rendered":"http:\/\/synchro.wpengine.com\/?p=704&#038;lang=fr"},"modified":"2016-09-08T14:26:48","modified_gmt":"2016-09-08T14:26:48","slug":"lequipe-nationale-junior-prete-pour-les-championnats-du-monde-juniors-de-la-fina-2014","status":"publish","type":"post","link":"https:\/\/artisticswimming.ca\/fr\/lequipe-nationale-junior-prete-pour-les-championnats-du-monde-juniors-de-la-fina-2014\/","title":{"rendered":"L&rsquo;\u00e9quipe nationale junior pr\u00eate pour les Championnats du monde juniors de la FINA 2014"},"content":{"rendered":"<p style=\"text-align: justify;\"><span style=\"font-weight: 400;\"><strong>Ottawa, 29 juillet 2014<\/strong> &#8211; Synchro Canada sera repr\u00e9sent\u00e9 par son \u00e9quipe nationale junior 2014 qui comprend 11 athl\u00e8tes et quatres entra\u00eeneures aux Championnats mondiaux juniors de nage synchronis\u00e9e de la FINA, pr\u00e9sent\u00e9s du 30 juillet au 3 ao\u00fbt \u00e0 Helsinki, en Finlande.<\/span><\/p>\n<p style=\"text-align: justify;\"><span style=\"font-weight: 400;\">Dans l\u2019\u00e9preuve de solo, la membre de l\u2019\u00e9quipe nationale senior <strong>Jacqueline Simoneau<\/strong>, encore d\u2019\u00e2ge junior \u00e0 17 ans, a de grandes attentes. \u00a0L\u2019athl\u00e8te de Montr\u00e9al, qui est entra\u00een\u00e9e par l\u2019entra\u00eeneure-chef de l\u2019\u00e9quipe nationale senior <strong>Meng Chen<\/strong>, avait captur\u00e9 le bronze en solo aux derniers Championnats du monde juniors en 2012 \u00e0 Volos, en Gr\u00e8ce. \u00a0Cette ann\u00e9e, elle aura comme but d&rsquo;am\u00e9liorer son r\u00e9sultat d&rsquo;il y a deux ans : \u00ab Mon premier objectif est d&rsquo;offrir la meilleure performance dont je suis capable, mais il est certain que je d\u00e9sire une haute place sur le podium. \u00a0Je sais que je la comp\u00e9tition sera forte avec la nageuse russe mais je suis d\u00e9termin\u00e9e \u00e0 tout donner pour atteindre mes objectifs. \u00bb<\/span><\/p>\n<p style=\"text-align: justify;\"><span style=\"font-weight: 400;\">L\u2019\u00e9quipe, qui est compos\u00e9e d\u2019athl\u00e8tes provenant de partout au pays, s\u2019entra\u00eene en vue de cette comp\u00e9tition depuis le printemps. \u00a0\u00ab Nous sommes ici pour faire notre travail et livrer la meilleure performance possible pour notre pays, \u00bb mentionne l\u2019entra\u00eeneure-chef <strong>Jenn Tregale<\/strong>, qui dirigeait \u00e9galement l\u2019\u00e9quipe junior de 2012. \u00a0\u00ab Nous avons h\u00e2te au d\u00e9but de la comp\u00e9tition pour voir jusque o\u00f9 cette \u00e9quipe tr\u00e8s talentueuse peut se rendre!\u00bb<\/span><\/p>\n<p style=\"text-align: justify;\"><span style=\"font-weight: 400;\"><strong>Clare McGovern<\/strong> de Toronto et <strong>Erica Slavin<\/strong> de Calgary (substitut: <strong>Wenjing Deng<\/strong>) ont \u00e9t\u00e9 s\u00e9lectionn\u00e9es pour repr\u00e9senter le Canada en duo. \u00a0Leur routine sur le th\u00e8me des d\u00e9esses de la guerre contient beaucoup de vitesse et d&rsquo;\u00e9l\u00e9ments compliqu\u00e9s. \u00a0\u00ab Erica et Clare forment une paire fantastique,\u00bb commente Tregale. \u00a0\u00ab Nous adorons ce duo d&rsquo;athl\u00e8tes. Elles travaillent tr\u00e8s bien ensemble et elles se motivent mutuellement \u00e0 devenir meilleures \u00e0 chaque jour.\u00bb<\/span><\/p>\n<p style=\"text-align: justify;\"><span style=\"font-weight: 400;\">Les championnats du monde juniors, qui ont lieu \u00e0 tous les deux ans, ont toujours \u00e9t\u00e9 un tremplin important pour les jeunes athl\u00e8tes de talent au pays.<\/span><\/p>\n<p style=\"text-align: justify;\"><span style=\"font-weight: 400;\">\u00ab Les championnats du monde junior constituent une \u00e9tape importante dans le d\u00e9veloppement de futures olympiennes. \u00a0Les membres de l\u2019\u00e9quipe nationale senior Gabriella Brisson, Claudia Holzner, Samantha Nealon, Lisa Sanders, Kaylene Scheil et Karine Thomas ont toutes d\u00e9j\u00e0 d\u00e9velopp\u00e9 leurs habilet\u00e9s en repr\u00e9sentant leur pays aux Championnats mondiaux juniors de la FINA. \u00a0Encore une fois, la comp\u00e9tition de cette ann\u00e9e sera une excellente exp\u00e9rience pour ce groupe d\u2019athl\u00e8tes qui nous repr\u00e9sentera \u00e0 de futures grandes comp\u00e9titions internationales incluant les Jeux olympiques de 2016 et 2020, \u00bb a d\u00e9clar\u00e9 la chef de la direction de Synchro Canada, <strong>Jackie Buckingham<\/strong>.<\/span><\/p>\n<p style=\"text-align: justify;\"><span style=\"font-weight: 400;\">Les membres de l\u2019\u00e9quipe nationale junior 2014 sont :<\/span><\/p>\n<p style=\"text-align: justify;\"><span style=\"font-weight: 400;\"><strong>C\u00d4T\u00c9, Andr\u00e9e-Anne<\/strong> (St-Georges, QC, Synchro\u00c9lite de Qu\u00e9bec)<\/span><\/p>\n<p style=\"text-align: justify;\"><span style=\"font-weight: 400;\"><strong>DENG, Wenjing<\/strong> (Whitby, ON, Granite Synchro)<\/span><\/p>\n<p style=\"text-align: justify;\"><span style=\"font-weight: 400;\"><strong>HARROWER, Rebecca <\/strong>(Edmonton, AB, Dollard Synchro)<\/span><\/p>\n<p style=\"text-align: justify;\"><span style=\"font-weight: 400;\"><strong>LEBLANC, Cossette<\/strong> (Toronto, ON, Burlington Olympium Synchro Club)<\/span><\/p>\n<p style=\"text-align: justify;\"><span style=\"font-weight: 400;\"><strong>MCGOVERN, Clare<\/strong> (Toronto, ON, Granite Synchro)<\/span><\/p>\n<p style=\"text-align: justify;\"><span style=\"font-weight: 400;\"><strong>PRATT, Halle<\/strong> (Calgary, AB, Aquabelles de Calgary)<\/span><\/p>\n<p style=\"text-align: justify;\"><span style=\"font-weight: 400;\"><strong>RUSSELL, Abby<\/strong> (Calgary, AB, Aquabelles de Calgary)<\/span><\/p>\n<p style=\"text-align: justify;\"><span style=\"font-weight: 400;\"><strong>SLAVIN, Erica<\/strong> (Calgary, AB, Aquabelles de Calgary)<\/span><\/p>\n<p style=\"text-align: justify;\"><span style=\"font-weight: 400;\"><strong>WALKER-BYRON, Madeline<\/strong> (Ottawa, ON, Granite Synchro)<\/span><\/p>\n<p style=\"text-align: justify;\"><span style=\"font-weight: 400;\"><strong>WONG, Kali<\/strong> (Calgary, AB, Aquabelles de Calgary)<\/span><\/p>\n<p style=\"text-align: justify;\"><span style=\"font-weight: 400;\">L\u2019\u00e9quipe sera sous la direction de l&rsquo;entra\u00eeneure en chef de la formation nationale junior 2014 de Synchro Canada Jenn Tregale (Calgary, Calgary Aquabelles), assist\u00e9e par <strong>Genevi\u00e8ve Beauregard-Ross<\/strong> (Laval, QC, Dollard Synchro) et <strong>Elena Podolsky<\/strong> (Toronto, ON, Olympium Synchro).<\/span><\/p>\n<p style=\"text-align: justify;\"><span style=\"font-weight: 400;\">En 2012, l\u2019\u00e9quipe nationale junior de Synchro Canada avait m\u00e9rit\u00e9 le bronze en solo, la 4e place en \u00e9quipe et la 6e place en duo.<\/span><\/p>\n<p style=\"text-align: justify;\"><span style=\"font-weight: 400;\">La comp\u00e9tition d\u00e9bute demain matin \u00e0 Helsinki avec les pr\u00e9liminaires de duo suivis des pr\u00e9liminaires en \u00e9quipe.<\/span><\/p>\n<p style=\"text-align: justify;\"><span style=\"font-weight: 400;\">Pour les horaires et r\u00e9sultats, consultez le site Internet de Synchro Canada au <\/span><a href=\"http:\/\/artisticswim.wpengine.com\/\" target=\"_blank\"><b>www.synchro.ca<\/b><\/a><span style=\"font-weight: 400;\">.<\/span><\/p>\n<p style=\"text-align: justify;\">\n<p style=\"text-align: justify;\"><b>\u00c0 propos de Synchro Canada<\/b><\/p>\n<p style=\"text-align: justify;\"><span style=\"font-weight: 400;\">Synchro Canada est l\u2019organisme national qui r\u00e9git le sport de la nage synchronis\u00e9e au Canada. \u00a0Il repr\u00e9sente dix associations provinciales et une association territoriale ainsi que pr\u00e8s de 150 clubs et plus de 12 000 membres \u00e0 travers le Canada. Membre de la FINA, l\u2019organisme mondial directeur des sports aquatiques, Synchro Canada favorise la poursuite del\u2019excellence tout en d\u00e9veloppant des athl\u00e8tes, des citoyens et des ambassadeurs du sport de la nage synchronis\u00e9e \u00e0 tous les niveaux.<\/span><\/p>\n<p style=\"text-align: justify;\"><span style=\"font-weight: 400;\">Synchro Canada d\u00e9sire remercier ses commanditaires et partenaires :<\/span><\/p>\n<p style=\"text-align: justify;\"><b>Partenaires de ses programmes : <\/b><span style=\"font-weight: 400;\">Sport Canada, \u00c0 nous le podium, l\u2019Institut national du sport du Qu\u00e9bec<\/span><\/p>\n<p style=\"text-align: justify;\"><b>Fournisseur officiel aquatique : <\/b><span style=\"font-weight: 400;\">Speedo Canada<\/span><\/p>\n<p style=\"text-align: justify;\"><b>Maquillage officiel : <\/b><span style=\"font-weight: 400;\">MAKE UP FOREVER<\/span><\/p>\n<p style=\"text-align: justify;\"><b>Fournisseurs officiels : <\/b><span style=\"font-weight: 400;\">Knox Gelatine, AdUp, National Car Rental<\/span><\/p>\n<p style=\"text-align: justify;\"><b>H\u00f4tel officiel : <\/b><span style=\"font-weight: 400;\">Hilton Worldwide<\/span><\/p>\n<p style=\"text-align: justify;\"><span style=\"font-weight: 400;\">Pour plus de renseignements, consultez le site Internet de Synchro Canada au www.synchro.ca ou abonnez-vous aux m\u00e9dias sociaux de Synchro Canada : Twitter, Facebook et YouTube.<\/span><\/p>\n<p style=\"text-align: center;\"><span style=\"font-weight: 400;\">&#8211; 30 &#8211;<\/span><\/p>\n<p style=\"text-align: justify;\"><b>Pour information : <\/b><\/p>\n<p style=\"text-align: justify;\"><span style=\"font-weight: 400;\">St\u00e9phane C\u00f4t\u00e9<\/span><\/p>\n<p style=\"text-align: justify;\"><span style=\"font-weight: 400;\">Synchro Canada<\/span><\/p>\n<p style=\"text-align: justify;\"><span style=\"font-weight: 400;\">Coordonnateur des communications<\/span><\/p>\n<p style=\"text-align: justify;\"><span style=\"font-weight: 400;\">Courriel : \u00a0<\/span><b>stephane@synchro.ca<\/b><\/p>\n<p style=\"text-align: justify;\"><span style=\"font-weight: 400;\">T\u00e9l\u00e9phone : 418 420-2125<\/span><\/p>\n<p style=\"text-align: justify;\"><span style=\"font-weight: 400;\">Site Internet : <\/span><b>www.synchro.ca<\/b><span style=\"font-weight: 400;\"> \u00a0\u00a0<\/span><\/p>\n<p style=\"text-align: justify;\"><span style=\"font-weight: 400;\">Facebook : <\/span><a href=\"http:\/\/www.facebook.com\/synchrocanada\"><b>www.facebook.com\/synchrocanada<\/b><\/a><span style=\"font-weight: 400;\"> \u00a0<\/span><\/p>\n<p style=\"text-align: justify;\"><span style=\"font-weight: 400;\">Twitter : <\/span><a href=\"http:\/\/www.twitter.com\/synchrocanada\"><b>www.twitter.com\/synchrocanada<\/b><\/a><\/p>\n","protected":false},"excerpt":{"rendered":"<p>Ottawa, 29 juillet 2014 &#8211; Synchro Canada sera repr\u00e9sent\u00e9 par son \u00e9quipe nationale junior 2014 qui comprend 11 athl\u00e8tes et quatres entra\u00eeneures aux Championnats mondiaux juniors de nage synchronis\u00e9e de la FINA, pr\u00e9sent\u00e9s du 30 juillet au 3 ao\u00fbt \u00e0 Helsinki, <a href=\"https:\/\/artisticswimming.ca\/fr\/lequipe-nationale-junior-prete-pour-les-championnats-du-monde-juniors-de-la-fina-2014\/\"> [&#8230;]<\/a><\/p>\n","protected":false},"author":3,"featured_media":0,"comment_status":"open","ping_status":"open","sticky":false,"template":"","format":"standard","meta":{"_acf_changed":false,"footnotes":""},"categories":[87,154],"tags":[],"class_list":["post-704","post","type-post","status-publish","format-standard","hentry","category-competition-fr","category-equipe-nationale-junior"],"acf":[],"yoast_head":"<!-- This site is optimized with the Yoast SEO plugin v27.2 - https:\/\/yoast.com\/product\/yoast-seo-wordpress\/ -->\n<title>L&#039;\u00e9quipe nationale junior pr\u00eate pour les Championnats du monde juniors de la FINA 2014 - Natation Artistique Canada<\/title>\n<meta name=\"robots\" content=\"index, follow, max-snippet:-1, max-image-preview:large, max-video-preview:-1\" \/>\n<link rel=\"canonical\" href=\"https:\/\/artisticswimming.ca\/fr\/lequipe-nationale-junior-prete-pour-les-championnats-du-monde-juniors-de-la-fina-2014\/\" \/>\n<meta property=\"og:locale\" content=\"fr_FR\" \/>\n<meta property=\"og:type\" content=\"article\" \/>\n<meta property=\"og:title\" content=\"L&#039;\u00e9quipe nationale junior pr\u00eate pour les Championnats du monde juniors de la FINA 2014 - Natation Artistique Canada\" \/>\n<meta property=\"og:description\" content=\"Ottawa, 29 juillet 2014 &#8211; Synchro Canada sera repr\u00e9sent\u00e9 par son \u00e9quipe nationale junior 2014 qui comprend 11 athl\u00e8tes et quatres entra\u00eeneures aux Championnats mondiaux juniors de nage synchronis\u00e9e de la FINA, pr\u00e9sent\u00e9s du 30 juillet au 3 ao\u00fbt \u00e0 Helsinki, [...]\" \/>\n<meta property=\"og:url\" content=\"https:\/\/artisticswimming.ca\/fr\/lequipe-nationale-junior-prete-pour-les-championnats-du-monde-juniors-de-la-fina-2014\/\" \/>\n<meta property=\"og:site_name\" content=\"Natation Artistique Canada\" \/>\n<meta property=\"article:published_time\" content=\"2014-07-29T09:04:52+00:00\" \/>\n<meta property=\"article:modified_time\" content=\"2016-09-08T14:26:48+00:00\" \/>\n<meta name=\"author\" content=\"Myriam Cote\" \/>\n<meta name=\"twitter:card\" content=\"summary_large_image\" \/>\n<meta name=\"twitter:label1\" content=\"\u00c9crit par\" \/>\n\t<meta name=\"twitter:data1\" content=\"Myriam Cote\" \/>\n\t<meta name=\"twitter:label2\" content=\"Dur\u00e9e de lecture estim\u00e9e\" \/>\n\t<meta name=\"twitter:data2\" content=\"4 minutes\" \/>\n<script type=\"application\/ld+json\" class=\"yoast-schema-graph\">{\"@context\":\"https:\/\/schema.org\",\"@graph\":[{\"@type\":\"Article\",\"@id\":\"https:\/\/artisticswimming.ca\/fr\/lequipe-nationale-junior-prete-pour-les-championnats-du-monde-juniors-de-la-fina-2014\/#article\",\"isPartOf\":{\"@id\":\"https:\/\/artisticswimming.ca\/fr\/lequipe-nationale-junior-prete-pour-les-championnats-du-monde-juniors-de-la-fina-2014\/\"},\"author\":{\"name\":\"Myriam Cote\",\"@id\":\"https:\/\/artisticswimming.ca\/fr\/#\/schema\/person\/76d6c2c9954d56641f9210cc7427bc76\"},\"headline\":\"L&rsquo;\u00e9quipe nationale junior pr\u00eate pour les Championnats du monde juniors de la FINA 2014\",\"datePublished\":\"2014-07-29T09:04:52+00:00\",\"dateModified\":\"2016-09-08T14:26:48+00:00\",\"mainEntityOfPage\":{\"@id\":\"https:\/\/artisticswimming.ca\/fr\/lequipe-nationale-junior-prete-pour-les-championnats-du-monde-juniors-de-la-fina-2014\/\"},\"wordCount\":857,\"commentCount\":0,\"articleSection\":[\"Comp\u00e9tition\",\"\u00c9quipe Nationale Junior\"],\"inLanguage\":\"fr-FR\",\"potentialAction\":[{\"@type\":\"CommentAction\",\"name\":\"Comment\",\"target\":[\"https:\/\/artisticswimming.ca\/fr\/lequipe-nationale-junior-prete-pour-les-championnats-du-monde-juniors-de-la-fina-2014\/#respond\"]}]},{\"@type\":\"WebPage\",\"@id\":\"https:\/\/artisticswimming.ca\/fr\/lequipe-nationale-junior-prete-pour-les-championnats-du-monde-juniors-de-la-fina-2014\/\",\"url\":\"https:\/\/artisticswimming.ca\/fr\/lequipe-nationale-junior-prete-pour-les-championnats-du-monde-juniors-de-la-fina-2014\/\",\"name\":\"L'\u00e9quipe nationale junior pr\u00eate pour les Championnats du monde juniors de la FINA 2014 - Natation Artistique Canada\",\"isPartOf\":{\"@id\":\"https:\/\/artisticswimming.ca\/fr\/#website\"},\"datePublished\":\"2014-07-29T09:04:52+00:00\",\"dateModified\":\"2016-09-08T14:26:48+00:00\",\"author\":{\"@id\":\"https:\/\/artisticswimming.ca\/fr\/#\/schema\/person\/76d6c2c9954d56641f9210cc7427bc76\"},\"breadcrumb\":{\"@id\":\"https:\/\/artisticswimming.ca\/fr\/lequipe-nationale-junior-prete-pour-les-championnats-du-monde-juniors-de-la-fina-2014\/#breadcrumb\"},\"inLanguage\":\"fr-FR\",\"potentialAction\":[{\"@type\":\"ReadAction\",\"target\":[\"https:\/\/artisticswimming.ca\/fr\/lequipe-nationale-junior-prete-pour-les-championnats-du-monde-juniors-de-la-fina-2014\/\"]}]},{\"@type\":\"BreadcrumbList\",\"@id\":\"https:\/\/artisticswimming.ca\/fr\/lequipe-nationale-junior-prete-pour-les-championnats-du-monde-juniors-de-la-fina-2014\/#breadcrumb\",\"itemListElement\":[{\"@type\":\"ListItem\",\"position\":1,\"name\":\"Home\",\"item\":\"https:\/\/artisticswimming.ca\/fr\/\"},{\"@type\":\"ListItem\",\"position\":2,\"name\":\"L&#8217;\u00e9quipe nationale junior pr\u00eate pour les Championnats du monde juniors de la FINA 2014\"}]},{\"@type\":\"WebSite\",\"@id\":\"https:\/\/artisticswimming.ca\/fr\/#website\",\"url\":\"https:\/\/artisticswimming.ca\/fr\/\",\"name\":\"Natation Artistique Canada\",\"description\":\"\",\"potentialAction\":[{\"@type\":\"SearchAction\",\"target\":{\"@type\":\"EntryPoint\",\"urlTemplate\":\"https:\/\/artisticswimming.ca\/fr\/?s={search_term_string}\"},\"query-input\":{\"@type\":\"PropertyValueSpecification\",\"valueRequired\":true,\"valueName\":\"search_term_string\"}}],\"inLanguage\":\"fr-FR\"},{\"@type\":\"Person\",\"@id\":\"https:\/\/artisticswimming.ca\/fr\/#\/schema\/person\/76d6c2c9954d56641f9210cc7427bc76\",\"name\":\"Myriam Cote\",\"image\":{\"@type\":\"ImageObject\",\"inLanguage\":\"fr-FR\",\"@id\":\"https:\/\/secure.gravatar.com\/avatar\/9636d581f11fe1ce5c868617703e52ebeddf65bc5ba83eda388709ba9ad9da61?s=96&d=mm&r=g\",\"url\":\"https:\/\/secure.gravatar.com\/avatar\/9636d581f11fe1ce5c868617703e52ebeddf65bc5ba83eda388709ba9ad9da61?s=96&d=mm&r=g\",\"contentUrl\":\"https:\/\/secure.gravatar.com\/avatar\/9636d581f11fe1ce5c868617703e52ebeddf65bc5ba83eda388709ba9ad9da61?s=96&d=mm&r=g\",\"caption\":\"Myriam Cote\"},\"url\":\"https:\/\/artisticswimming.ca\/fr\/author\/myriam\/\"}]}<\/script>\n<!-- \/ Yoast SEO plugin. -->","yoast_head_json":{"title":"L'\u00e9quipe nationale junior pr\u00eate pour les Championnats du monde juniors de la FINA 2014 - Natation Artistique Canada","robots":{"index":"index","follow":"follow","max-snippet":"max-snippet:-1","max-image-preview":"max-image-preview:large","max-video-preview":"max-video-preview:-1"},"canonical":"https:\/\/artisticswimming.ca\/fr\/lequipe-nationale-junior-prete-pour-les-championnats-du-monde-juniors-de-la-fina-2014\/","og_locale":"fr_FR","og_type":"article","og_title":"L'\u00e9quipe nationale junior pr\u00eate pour les Championnats du monde juniors de la FINA 2014 - Natation Artistique Canada","og_description":"Ottawa, 29 juillet 2014 &#8211; Synchro Canada sera repr\u00e9sent\u00e9 par son \u00e9quipe nationale junior 2014 qui comprend 11 athl\u00e8tes et quatres entra\u00eeneures aux Championnats mondiaux juniors de nage synchronis\u00e9e de la FINA, pr\u00e9sent\u00e9s du 30 juillet au 3 ao\u00fbt \u00e0 Helsinki, [...]","og_url":"https:\/\/artisticswimming.ca\/fr\/lequipe-nationale-junior-prete-pour-les-championnats-du-monde-juniors-de-la-fina-2014\/","og_site_name":"Natation Artistique Canada","article_published_time":"2014-07-29T09:04:52+00:00","article_modified_time":"2016-09-08T14:26:48+00:00","author":"Myriam Cote","twitter_card":"summary_large_image","twitter_misc":{"\u00c9crit par":"Myriam Cote","Dur\u00e9e de lecture estim\u00e9e":"4 minutes"},"schema":{"@context":"https:\/\/schema.org","@graph":[{"@type":"Article","@id":"https:\/\/artisticswimming.ca\/fr\/lequipe-nationale-junior-prete-pour-les-championnats-du-monde-juniors-de-la-fina-2014\/#article","isPartOf":{"@id":"https:\/\/artisticswimming.ca\/fr\/lequipe-nationale-junior-prete-pour-les-championnats-du-monde-juniors-de-la-fina-2014\/"},"author":{"name":"Myriam Cote","@id":"https:\/\/artisticswimming.ca\/fr\/#\/schema\/person\/76d6c2c9954d56641f9210cc7427bc76"},"headline":"L&rsquo;\u00e9quipe nationale junior pr\u00eate pour les Championnats du monde juniors de la FINA 2014","datePublished":"2014-07-29T09:04:52+00:00","dateModified":"2016-09-08T14:26:48+00:00","mainEntityOfPage":{"@id":"https:\/\/artisticswimming.ca\/fr\/lequipe-nationale-junior-prete-pour-les-championnats-du-monde-juniors-de-la-fina-2014\/"},"wordCount":857,"commentCount":0,"articleSection":["Comp\u00e9tition","\u00c9quipe Nationale Junior"],"inLanguage":"fr-FR","potentialAction":[{"@type":"CommentAction","name":"Comment","target":["https:\/\/artisticswimming.ca\/fr\/lequipe-nationale-junior-prete-pour-les-championnats-du-monde-juniors-de-la-fina-2014\/#respond"]}]},{"@type":"WebPage","@id":"https:\/\/artisticswimming.ca\/fr\/lequipe-nationale-junior-prete-pour-les-championnats-du-monde-juniors-de-la-fina-2014\/","url":"https:\/\/artisticswimming.ca\/fr\/lequipe-nationale-junior-prete-pour-les-championnats-du-monde-juniors-de-la-fina-2014\/","name":"L'\u00e9quipe nationale junior pr\u00eate pour les Championnats du monde juniors de la FINA 2014 - Natation Artistique Canada","isPartOf":{"@id":"https:\/\/artisticswimming.ca\/fr\/#website"},"datePublished":"2014-07-29T09:04:52+00:00","dateModified":"2016-09-08T14:26:48+00:00","author":{"@id":"https:\/\/artisticswimming.ca\/fr\/#\/schema\/person\/76d6c2c9954d56641f9210cc7427bc76"},"breadcrumb":{"@id":"https:\/\/artisticswimming.ca\/fr\/lequipe-nationale-junior-prete-pour-les-championnats-du-monde-juniors-de-la-fina-2014\/#breadcrumb"},"inLanguage":"fr-FR","potentialAction":[{"@type":"ReadAction","target":["https:\/\/artisticswimming.ca\/fr\/lequipe-nationale-junior-prete-pour-les-championnats-du-monde-juniors-de-la-fina-2014\/"]}]},{"@type":"BreadcrumbList","@id":"https:\/\/artisticswimming.ca\/fr\/lequipe-nationale-junior-prete-pour-les-championnats-du-monde-juniors-de-la-fina-2014\/#breadcrumb","itemListElement":[{"@type":"ListItem","position":1,"name":"Home","item":"https:\/\/artisticswimming.ca\/fr\/"},{"@type":"ListItem","position":2,"name":"L&#8217;\u00e9quipe nationale junior pr\u00eate pour les Championnats du monde juniors de la FINA 2014"}]},{"@type":"WebSite","@id":"https:\/\/artisticswimming.ca\/fr\/#website","url":"https:\/\/artisticswimming.ca\/fr\/","name":"Natation Artistique Canada","description":"","potentialAction":[{"@type":"SearchAction","target":{"@type":"EntryPoint","urlTemplate":"https:\/\/artisticswimming.ca\/fr\/?s={search_term_string}"},"query-input":{"@type":"PropertyValueSpecification","valueRequired":true,"valueName":"search_term_string"}}],"inLanguage":"fr-FR"},{"@type":"Person","@id":"https:\/\/artisticswimming.ca\/fr\/#\/schema\/person\/76d6c2c9954d56641f9210cc7427bc76","name":"Myriam Cote","image":{"@type":"ImageObject","inLanguage":"fr-FR","@id":"https:\/\/secure.gravatar.com\/avatar\/9636d581f11fe1ce5c868617703e52ebeddf65bc5ba83eda388709ba9ad9da61?s=96&d=mm&r=g","url":"https:\/\/secure.gravatar.com\/avatar\/9636d581f11fe1ce5c868617703e52ebeddf65bc5ba83eda388709ba9ad9da61?s=96&d=mm&r=g","contentUrl":"https:\/\/secure.gravatar.com\/avatar\/9636d581f11fe1ce5c868617703e52ebeddf65bc5ba83eda388709ba9ad9da61?s=96&d=mm&r=g","caption":"Myriam Cote"},"url":"https:\/\/artisticswimming.ca\/fr\/author\/myriam\/"}]}},"_links":{"self":[{"href":"https:\/\/artisticswimming.ca\/fr\/wp-json\/wp\/v2\/posts\/704","targetHints":{"allow":["GET"]}}],"collection":[{"href":"https:\/\/artisticswimming.ca\/fr\/wp-json\/wp\/v2\/posts"}],"about":[{"href":"https:\/\/artisticswimming.ca\/fr\/wp-json\/wp\/v2\/types\/post"}],"author":[{"embeddable":true,"href":"https:\/\/artisticswimming.ca\/fr\/wp-json\/wp\/v2\/users\/3"}],"replies":[{"embeddable":true,"href":"https:\/\/artisticswimming.ca\/fr\/wp-json\/wp\/v2\/comments?post=704"}],"version-history":[{"count":0,"href":"https:\/\/artisticswimming.ca\/fr\/wp-json\/wp\/v2\/posts\/704\/revisions"}],"wp:attachment":[{"href":"https:\/\/artisticswimming.ca\/fr\/wp-json\/wp\/v2\/media?parent=704"}],"wp:term":[{"taxonomy":"category","embeddable":true,"href":"https:\/\/artisticswimming.ca\/fr\/wp-json\/wp\/v2\/categories?post=704"},{"taxonomy":"post_tag","embeddable":true,"href":"https:\/\/artisticswimming.ca\/fr\/wp-json\/wp\/v2\/tags?post=704"}],"curies":[{"name":"wp","href":"https:\/\/api.w.org\/{rel}","templated":true}]}}