{"id":728,"date":"2014-06-05T09:49:25","date_gmt":"2014-06-05T09:49:25","guid":{"rendered":"http:\/\/synchro.wpengine.com\/?p=728&#038;lang=fr"},"modified":"2016-09-08T14:28:21","modified_gmt":"2016-09-08T14:28:21","slug":"halle-pratt-mene-au-classement-des-figures-aux-championnats-canadiens-espoir-2014","status":"publish","type":"post","link":"https:\/\/artisticswimming.ca\/fr\/halle-pratt-mene-au-classement-des-figures-aux-championnats-canadiens-espoir-2014\/","title":{"rendered":"Halle Pratt m\u00e8ne au classement des figures aux Championnats canadiens Espoir 2014"},"content":{"rendered":"<p style=\"text-align: justify;\"><span style=\"font-weight: 400;\"><strong>KAMLOOPS, C.-B., 4 juin 2014<\/strong> \u2013 <strong>Halle Pratt<\/strong>, des Aquabelles de Calgary, a entrepris sa derni\u00e8re participation aux Championnats canadiens Espoir de nage synchronis\u00e9e 2014, mercredi, en se classant premi\u00e8re dans le groupe des 13-15 ans dans l&rsquo;\u00e9preuve de figures.<\/span><\/p>\n<p style=\"text-align: justify;\"><span style=\"font-weight: 400;\">Pratt a domin\u00e9 un peloton de pr\u00e8s de 200 participantes avec 72,1250 points. \u00a0<strong>Emily Armstrong<\/strong>, du Variety Village Synchro Club de Toronto, s\u2019est class\u00e9e deuxi\u00e8me avec 70,8780 points et <strong>Paige Hopper<\/strong>, des Aquabelles, troisi\u00e8me avec 70,0570.<\/span><\/p>\n<p style=\"text-align: justify;\"><span style=\"font-weight: 400;\">Les 25 premi\u00e8res dans les figures chez les 13-15 ans se sont qualifi\u00e9es pour la phase 2, une deuxi\u00e8me \u00e9preuve de figures qui aura lieu vendredi. Les 20 premi\u00e8res athl\u00e8tes de la phase 2 s\u2019affronteront de nouveau dimanche dans les phases 3 et 4 quand une \u00e9quipe de 10 ou 11 membres sera choisie. \u00a0Cette \u00e9quipe participera \u00e0 la Coupe m\u00e9diterran\u00e9enne 2014 qui aura lieu en septembre en Gr\u00e8ce.<\/span><\/p>\n<p style=\"text-align: justify;\"><span style=\"font-weight: 400;\">Dans la ronde pr\u00e9liminaire en duo chez les 13-15 ans, Armstrong et <strong>Teghyn Gurney<\/strong>, du Variety Village, sont en t\u00eate avec 71,4236 points. <strong>Sabrina Barnes<\/strong> et <strong>Meaghan Ozikizler<\/strong>, de Granite Synchro \u00e0 Toronto, sont deuxi\u00e8mes avec 70,4296 et <strong>Charlotte Maheu-Savard<\/strong> et <strong>Rafaelle Valiquette<\/strong>, de Montr\u00e9al Synchro, troisi\u00e8mes avec 70,4002.<\/span><\/p>\n<p style=\"text-align: justify;\"><span style=\"font-weight: 400;\">La comp\u00e9tition est organis\u00e9e par les Sunrays de Kamloops et Synchro B.C. sous le leadership de Synchro Canada. Un total de 273 athl\u00e8tes de 23 clubs \u00e0 travers le Canada (Alberta, Colombie-Britannique, Manitoba, Nouveau-Brunswick, Terre-Neuve et Labrador, Ontario, Qu\u00e9bec et Saskatchewan) participent.<\/span><\/p>\n<p style=\"text-align: justify;\"><span style=\"font-weight: 400;\">La comp\u00e9tition se poursuivra jusqu\u2019\u00e0 samedi au Centre aquatique des Jeux du Canada.<\/span><\/p>\n<p style=\"text-align: justify;\"><span style=\"font-weight: 400;\">L\u2019horaire et les r\u00e9sultats des championnats canadiens espoirs 2014 sont disponibles en ligne \u00e0 <\/span><b>www.synchro.ca<\/b><span style=\"font-weight: 400;\">.<\/span><\/p>\n<p style=\"text-align: justify;\">\n<p style=\"text-align: justify;\"><b>\u00c0 propos de Synchro Canada<\/b><\/p>\n<p style=\"text-align: justify;\"><span style=\"font-weight: 400;\">Synchro Canada est l\u2019organisme national qui r\u00e9git le sport de la nage synchronis\u00e9e au Canada. \u00a0Il repr\u00e9sente dix associations provinciales et une association territoriale ainsi que pr\u00e8s de 150 clubs et plus de 12 000 membres \u00e0 travers le Canada. Membre de la FINA, l\u2019organisme mondial directeur des sports aquatiques, Synchro Canada favorise la poursuite de l\u2019excellence tout en d\u00e9veloppant des athl\u00e8tes, des citoyens et des ambassadeurs du sport de la nage synchronis\u00e9e \u00e0 tous les niveaux.<\/span><\/p>\n<p style=\"text-align: justify;\"><span style=\"font-weight: 400;\">Synchro Canada d\u00e9sire remercier ses commanditaires et partenaires :<\/span><\/p>\n<p style=\"text-align: justify;\"><b>Partenaires de ses programmes : <\/b><span style=\"font-weight: 400;\">Sport Canada, \u00c0 nous le podium, l\u2019Institut national du sport du Qu\u00e9bec<\/span><\/p>\n<p style=\"text-align: justify;\"><b>Fournisseur officiel aquatique : <\/b><span style=\"font-weight: 400;\">Speedo Canada<\/span><\/p>\n<p style=\"text-align: justify;\"><b>Maquillage officiel : <\/b><span style=\"font-weight: 400;\">MAKE UP FOREVER<\/span><\/p>\n<p style=\"text-align: justify;\"><b>Fournisseurs officiels : <\/b><span style=\"font-weight: 400;\">Knox Gelatine, AdUp, National Car Rental<\/span><\/p>\n<p style=\"text-align: justify;\"><b>H\u00f4tel officiel : <\/b><span style=\"font-weight: 400;\">Hilton Worldwide<\/span><\/p>\n<p style=\"text-align: justify;\"><span style=\"font-weight: 400;\">Pour plus de renseignements, consultez le site Internet de Synchro Canada au www.synchro.ca ou abonnez-vous aux m\u00e9dias sociaux de Synchro Canada : Twitter, Facebook et YouTube.<\/span><\/p>\n<p style=\"text-align: center;\"><span style=\"font-weight: 400;\">&#8211; 30 &#8211;<\/span><\/p>\n<p style=\"text-align: justify;\"><b>Pour information : <\/b><\/p>\n<p style=\"text-align: justify;\"><span style=\"font-weight: 400;\">St\u00e9phane C\u00f4t\u00e9<\/span><\/p>\n<p style=\"text-align: justify;\"><span style=\"font-weight: 400;\">Synchro Canada<\/span><\/p>\n<p style=\"text-align: justify;\"><span style=\"font-weight: 400;\">Coordonnateur des communications<\/span><\/p>\n<p style=\"text-align: justify;\"><span style=\"font-weight: 400;\">Courriel : \u00a0\u00a0\u00a0\u00a0<\/span><b>stephane@synchro.ca<\/b><\/p>\n<p style=\"text-align: justify;\"><span style=\"font-weight: 400;\">T\u00e9l\u00e9phone : 418 420-2125<\/span><\/p>\n<p style=\"text-align: justify;\"><span style=\"font-weight: 400;\">Site Internet : <\/span><a href=\"http:\/\/artisticswim.wpengine.com\/\"><b>www.synchro.ca<\/b><\/a><span style=\"font-weight: 400;\"> \u00a0\u00a0<\/span><\/p>\n<p style=\"text-align: justify;\"><span style=\"font-weight: 400;\">Facebook : <\/span><a href=\"http:\/\/www.facebook.com\/synchrocanada\"><b>www.facebook.com\/synchrocanada<\/b><\/a><span style=\"font-weight: 400;\"> \u00a0<\/span><\/p>\n<p style=\"text-align: justify;\"><span style=\"font-weight: 400;\">Twitter : <\/span><a href=\"http:\/\/www.twitter.com\/synchrocanada\"><b>www.twitter.com\/synchrocanada<\/b><\/a><\/p>\n","protected":false},"excerpt":{"rendered":"<p>KAMLOOPS, C.-B., 4 juin 2014 \u2013 Halle Pratt, des Aquabelles de Calgary, a entrepris sa derni\u00e8re participation aux Championnats canadiens Espoir de nage synchronis\u00e9e 2014, mercredi, en se classant premi\u00e8re dans le groupe des 13-15 ans dans l&rsquo;\u00e9preuve de figures. Pratt <a href=\"https:\/\/artisticswimming.ca\/fr\/halle-pratt-mene-au-classement-des-figures-aux-championnats-canadiens-espoir-2014\/\"> [&#8230;]<\/a><\/p>\n","protected":false},"author":3,"featured_media":0,"comment_status":"open","ping_status":"open","sticky":false,"template":"","format":"standard","meta":{"_acf_changed":false,"footnotes":""},"categories":[87],"tags":[],"class_list":["post-728","post","type-post","status-publish","format-standard","hentry","category-competition-fr"],"acf":[],"yoast_head":"<!-- This site is optimized with the Yoast SEO plugin v27.2 - https:\/\/yoast.com\/product\/yoast-seo-wordpress\/ -->\n<title>Halle Pratt m\u00e8ne au classement des figures aux Championnats canadiens Espoir 2014 - Natation Artistique Canada<\/title>\n<meta name=\"robots\" content=\"index, follow, max-snippet:-1, max-image-preview:large, max-video-preview:-1\" \/>\n<link rel=\"canonical\" href=\"https:\/\/artisticswimming.ca\/fr\/halle-pratt-mene-au-classement-des-figures-aux-championnats-canadiens-espoir-2014\/\" \/>\n<meta property=\"og:locale\" content=\"fr_FR\" \/>\n<meta property=\"og:type\" content=\"article\" \/>\n<meta property=\"og:title\" content=\"Halle Pratt m\u00e8ne au classement des figures aux Championnats canadiens Espoir 2014 - Natation Artistique Canada\" \/>\n<meta property=\"og:description\" content=\"KAMLOOPS, C.-B., 4 juin 2014 \u2013 Halle Pratt, des Aquabelles de Calgary, a entrepris sa derni\u00e8re participation aux Championnats canadiens Espoir de nage synchronis\u00e9e 2014, mercredi, en se classant premi\u00e8re dans le groupe des 13-15 ans dans l&rsquo;\u00e9preuve de figures. Pratt [...]\" \/>\n<meta property=\"og:url\" content=\"https:\/\/artisticswimming.ca\/fr\/halle-pratt-mene-au-classement-des-figures-aux-championnats-canadiens-espoir-2014\/\" \/>\n<meta property=\"og:site_name\" content=\"Natation Artistique Canada\" \/>\n<meta property=\"article:published_time\" content=\"2014-06-05T09:49:25+00:00\" \/>\n<meta property=\"article:modified_time\" content=\"2016-09-08T14:28:21+00:00\" \/>\n<meta name=\"author\" content=\"Myriam Cote\" \/>\n<meta name=\"twitter:card\" content=\"summary_large_image\" \/>\n<meta name=\"twitter:label1\" content=\"\u00c9crit par\" \/>\n\t<meta name=\"twitter:data1\" content=\"Myriam Cote\" \/>\n\t<meta name=\"twitter:label2\" content=\"Dur\u00e9e de lecture estim\u00e9e\" \/>\n\t<meta name=\"twitter:data2\" content=\"2 minutes\" \/>\n<script type=\"application\/ld+json\" class=\"yoast-schema-graph\">{\"@context\":\"https:\/\/schema.org\",\"@graph\":[{\"@type\":\"Article\",\"@id\":\"https:\/\/artisticswimming.ca\/fr\/halle-pratt-mene-au-classement-des-figures-aux-championnats-canadiens-espoir-2014\/#article\",\"isPartOf\":{\"@id\":\"https:\/\/artisticswimming.ca\/fr\/halle-pratt-mene-au-classement-des-figures-aux-championnats-canadiens-espoir-2014\/\"},\"author\":{\"name\":\"Myriam Cote\",\"@id\":\"https:\/\/artisticswimming.ca\/fr\/#\/schema\/person\/76d6c2c9954d56641f9210cc7427bc76\"},\"headline\":\"Halle Pratt m\u00e8ne au classement des figures aux Championnats canadiens Espoir 2014\",\"datePublished\":\"2014-06-05T09:49:25+00:00\",\"dateModified\":\"2016-09-08T14:28:21+00:00\",\"mainEntityOfPage\":{\"@id\":\"https:\/\/artisticswimming.ca\/fr\/halle-pratt-mene-au-classement-des-figures-aux-championnats-canadiens-espoir-2014\/\"},\"wordCount\":482,\"commentCount\":0,\"articleSection\":[\"Comp\u00e9tition\"],\"inLanguage\":\"fr-FR\",\"potentialAction\":[{\"@type\":\"CommentAction\",\"name\":\"Comment\",\"target\":[\"https:\/\/artisticswimming.ca\/fr\/halle-pratt-mene-au-classement-des-figures-aux-championnats-canadiens-espoir-2014\/#respond\"]}]},{\"@type\":\"WebPage\",\"@id\":\"https:\/\/artisticswimming.ca\/fr\/halle-pratt-mene-au-classement-des-figures-aux-championnats-canadiens-espoir-2014\/\",\"url\":\"https:\/\/artisticswimming.ca\/fr\/halle-pratt-mene-au-classement-des-figures-aux-championnats-canadiens-espoir-2014\/\",\"name\":\"Halle Pratt m\u00e8ne au classement des figures aux Championnats canadiens Espoir 2014 - Natation Artistique Canada\",\"isPartOf\":{\"@id\":\"https:\/\/artisticswimming.ca\/fr\/#website\"},\"datePublished\":\"2014-06-05T09:49:25+00:00\",\"dateModified\":\"2016-09-08T14:28:21+00:00\",\"author\":{\"@id\":\"https:\/\/artisticswimming.ca\/fr\/#\/schema\/person\/76d6c2c9954d56641f9210cc7427bc76\"},\"breadcrumb\":{\"@id\":\"https:\/\/artisticswimming.ca\/fr\/halle-pratt-mene-au-classement-des-figures-aux-championnats-canadiens-espoir-2014\/#breadcrumb\"},\"inLanguage\":\"fr-FR\",\"potentialAction\":[{\"@type\":\"ReadAction\",\"target\":[\"https:\/\/artisticswimming.ca\/fr\/halle-pratt-mene-au-classement-des-figures-aux-championnats-canadiens-espoir-2014\/\"]}]},{\"@type\":\"BreadcrumbList\",\"@id\":\"https:\/\/artisticswimming.ca\/fr\/halle-pratt-mene-au-classement-des-figures-aux-championnats-canadiens-espoir-2014\/#breadcrumb\",\"itemListElement\":[{\"@type\":\"ListItem\",\"position\":1,\"name\":\"Home\",\"item\":\"https:\/\/artisticswimming.ca\/fr\/\"},{\"@type\":\"ListItem\",\"position\":2,\"name\":\"Halle Pratt m\u00e8ne au classement des figures aux Championnats canadiens Espoir 2014\"}]},{\"@type\":\"WebSite\",\"@id\":\"https:\/\/artisticswimming.ca\/fr\/#website\",\"url\":\"https:\/\/artisticswimming.ca\/fr\/\",\"name\":\"Natation Artistique Canada\",\"description\":\"\",\"potentialAction\":[{\"@type\":\"SearchAction\",\"target\":{\"@type\":\"EntryPoint\",\"urlTemplate\":\"https:\/\/artisticswimming.ca\/fr\/?s={search_term_string}\"},\"query-input\":{\"@type\":\"PropertyValueSpecification\",\"valueRequired\":true,\"valueName\":\"search_term_string\"}}],\"inLanguage\":\"fr-FR\"},{\"@type\":\"Person\",\"@id\":\"https:\/\/artisticswimming.ca\/fr\/#\/schema\/person\/76d6c2c9954d56641f9210cc7427bc76\",\"name\":\"Myriam Cote\",\"image\":{\"@type\":\"ImageObject\",\"inLanguage\":\"fr-FR\",\"@id\":\"https:\/\/secure.gravatar.com\/avatar\/9636d581f11fe1ce5c868617703e52ebeddf65bc5ba83eda388709ba9ad9da61?s=96&d=mm&r=g\",\"url\":\"https:\/\/secure.gravatar.com\/avatar\/9636d581f11fe1ce5c868617703e52ebeddf65bc5ba83eda388709ba9ad9da61?s=96&d=mm&r=g\",\"contentUrl\":\"https:\/\/secure.gravatar.com\/avatar\/9636d581f11fe1ce5c868617703e52ebeddf65bc5ba83eda388709ba9ad9da61?s=96&d=mm&r=g\",\"caption\":\"Myriam Cote\"},\"url\":\"https:\/\/artisticswimming.ca\/fr\/author\/myriam\/\"}]}<\/script>\n<!-- \/ Yoast SEO plugin. -->","yoast_head_json":{"title":"Halle Pratt m\u00e8ne au classement des figures aux Championnats canadiens Espoir 2014 - Natation Artistique Canada","robots":{"index":"index","follow":"follow","max-snippet":"max-snippet:-1","max-image-preview":"max-image-preview:large","max-video-preview":"max-video-preview:-1"},"canonical":"https:\/\/artisticswimming.ca\/fr\/halle-pratt-mene-au-classement-des-figures-aux-championnats-canadiens-espoir-2014\/","og_locale":"fr_FR","og_type":"article","og_title":"Halle Pratt m\u00e8ne au classement des figures aux Championnats canadiens Espoir 2014 - Natation Artistique Canada","og_description":"KAMLOOPS, C.-B., 4 juin 2014 \u2013 Halle Pratt, des Aquabelles de Calgary, a entrepris sa derni\u00e8re participation aux Championnats canadiens Espoir de nage synchronis\u00e9e 2014, mercredi, en se classant premi\u00e8re dans le groupe des 13-15 ans dans l&rsquo;\u00e9preuve de figures. Pratt [...]","og_url":"https:\/\/artisticswimming.ca\/fr\/halle-pratt-mene-au-classement-des-figures-aux-championnats-canadiens-espoir-2014\/","og_site_name":"Natation Artistique Canada","article_published_time":"2014-06-05T09:49:25+00:00","article_modified_time":"2016-09-08T14:28:21+00:00","author":"Myriam Cote","twitter_card":"summary_large_image","twitter_misc":{"\u00c9crit par":"Myriam Cote","Dur\u00e9e de lecture estim\u00e9e":"2 minutes"},"schema":{"@context":"https:\/\/schema.org","@graph":[{"@type":"Article","@id":"https:\/\/artisticswimming.ca\/fr\/halle-pratt-mene-au-classement-des-figures-aux-championnats-canadiens-espoir-2014\/#article","isPartOf":{"@id":"https:\/\/artisticswimming.ca\/fr\/halle-pratt-mene-au-classement-des-figures-aux-championnats-canadiens-espoir-2014\/"},"author":{"name":"Myriam Cote","@id":"https:\/\/artisticswimming.ca\/fr\/#\/schema\/person\/76d6c2c9954d56641f9210cc7427bc76"},"headline":"Halle Pratt m\u00e8ne au classement des figures aux Championnats canadiens Espoir 2014","datePublished":"2014-06-05T09:49:25+00:00","dateModified":"2016-09-08T14:28:21+00:00","mainEntityOfPage":{"@id":"https:\/\/artisticswimming.ca\/fr\/halle-pratt-mene-au-classement-des-figures-aux-championnats-canadiens-espoir-2014\/"},"wordCount":482,"commentCount":0,"articleSection":["Comp\u00e9tition"],"inLanguage":"fr-FR","potentialAction":[{"@type":"CommentAction","name":"Comment","target":["https:\/\/artisticswimming.ca\/fr\/halle-pratt-mene-au-classement-des-figures-aux-championnats-canadiens-espoir-2014\/#respond"]}]},{"@type":"WebPage","@id":"https:\/\/artisticswimming.ca\/fr\/halle-pratt-mene-au-classement-des-figures-aux-championnats-canadiens-espoir-2014\/","url":"https:\/\/artisticswimming.ca\/fr\/halle-pratt-mene-au-classement-des-figures-aux-championnats-canadiens-espoir-2014\/","name":"Halle Pratt m\u00e8ne au classement des figures aux Championnats canadiens Espoir 2014 - Natation Artistique Canada","isPartOf":{"@id":"https:\/\/artisticswimming.ca\/fr\/#website"},"datePublished":"2014-06-05T09:49:25+00:00","dateModified":"2016-09-08T14:28:21+00:00","author":{"@id":"https:\/\/artisticswimming.ca\/fr\/#\/schema\/person\/76d6c2c9954d56641f9210cc7427bc76"},"breadcrumb":{"@id":"https:\/\/artisticswimming.ca\/fr\/halle-pratt-mene-au-classement-des-figures-aux-championnats-canadiens-espoir-2014\/#breadcrumb"},"inLanguage":"fr-FR","potentialAction":[{"@type":"ReadAction","target":["https:\/\/artisticswimming.ca\/fr\/halle-pratt-mene-au-classement-des-figures-aux-championnats-canadiens-espoir-2014\/"]}]},{"@type":"BreadcrumbList","@id":"https:\/\/artisticswimming.ca\/fr\/halle-pratt-mene-au-classement-des-figures-aux-championnats-canadiens-espoir-2014\/#breadcrumb","itemListElement":[{"@type":"ListItem","position":1,"name":"Home","item":"https:\/\/artisticswimming.ca\/fr\/"},{"@type":"ListItem","position":2,"name":"Halle Pratt m\u00e8ne au classement des figures aux Championnats canadiens Espoir 2014"}]},{"@type":"WebSite","@id":"https:\/\/artisticswimming.ca\/fr\/#website","url":"https:\/\/artisticswimming.ca\/fr\/","name":"Natation Artistique Canada","description":"","potentialAction":[{"@type":"SearchAction","target":{"@type":"EntryPoint","urlTemplate":"https:\/\/artisticswimming.ca\/fr\/?s={search_term_string}"},"query-input":{"@type":"PropertyValueSpecification","valueRequired":true,"valueName":"search_term_string"}}],"inLanguage":"fr-FR"},{"@type":"Person","@id":"https:\/\/artisticswimming.ca\/fr\/#\/schema\/person\/76d6c2c9954d56641f9210cc7427bc76","name":"Myriam Cote","image":{"@type":"ImageObject","inLanguage":"fr-FR","@id":"https:\/\/secure.gravatar.com\/avatar\/9636d581f11fe1ce5c868617703e52ebeddf65bc5ba83eda388709ba9ad9da61?s=96&d=mm&r=g","url":"https:\/\/secure.gravatar.com\/avatar\/9636d581f11fe1ce5c868617703e52ebeddf65bc5ba83eda388709ba9ad9da61?s=96&d=mm&r=g","contentUrl":"https:\/\/secure.gravatar.com\/avatar\/9636d581f11fe1ce5c868617703e52ebeddf65bc5ba83eda388709ba9ad9da61?s=96&d=mm&r=g","caption":"Myriam Cote"},"url":"https:\/\/artisticswimming.ca\/fr\/author\/myriam\/"}]}},"_links":{"self":[{"href":"https:\/\/artisticswimming.ca\/fr\/wp-json\/wp\/v2\/posts\/728","targetHints":{"allow":["GET"]}}],"collection":[{"href":"https:\/\/artisticswimming.ca\/fr\/wp-json\/wp\/v2\/posts"}],"about":[{"href":"https:\/\/artisticswimming.ca\/fr\/wp-json\/wp\/v2\/types\/post"}],"author":[{"embeddable":true,"href":"https:\/\/artisticswimming.ca\/fr\/wp-json\/wp\/v2\/users\/3"}],"replies":[{"embeddable":true,"href":"https:\/\/artisticswimming.ca\/fr\/wp-json\/wp\/v2\/comments?post=728"}],"version-history":[{"count":0,"href":"https:\/\/artisticswimming.ca\/fr\/wp-json\/wp\/v2\/posts\/728\/revisions"}],"wp:attachment":[{"href":"https:\/\/artisticswimming.ca\/fr\/wp-json\/wp\/v2\/media?parent=728"}],"wp:term":[{"taxonomy":"category","embeddable":true,"href":"https:\/\/artisticswimming.ca\/fr\/wp-json\/wp\/v2\/categories?post=728"},{"taxonomy":"post_tag","embeddable":true,"href":"https:\/\/artisticswimming.ca\/fr\/wp-json\/wp\/v2\/tags?post=728"}],"curies":[{"name":"wp","href":"https:\/\/api.w.org\/{rel}","templated":true}]}}