{"id":7368,"date":"2019-06-21T09:29:49","date_gmt":"2019-06-21T13:29:49","guid":{"rendered":"http:\/\/artisticswimming.ca\/?p=7368"},"modified":"2019-06-21T10:38:02","modified_gmt":"2019-06-21T14:38:02","slug":"natation-artistique-canada-devoile-son-equipe-nationale-des-13-15-ans-2019","status":"publish","type":"post","link":"https:\/\/artisticswimming.ca\/fr\/natation-artistique-canada-devoile-son-equipe-nationale-des-13-15-ans-2019\/","title":{"rendered":"Natation Artistique Canada d\u00e9voile son \u00e9quipe nationale des 13-15 ans 2019"},"content":{"rendered":"<h2 style=\"text-align: center;\"><b>10 athl\u00e8tes commenceront \u00e0 se pr\u00e9parer pour les Championnats du monde jeunesse 2019 de la FINA<\/b><\/h2>\n<p><span style=\"font-weight: 400;\">Natation Artistique Canada est fi\u00e8re de d\u00e9voiler les noms des athl\u00e8tes qui formeront son \u00c9quipe Nationale 13-15 ans en vue de participer aux tout premiers Championnats du monde jeunesse de la FINA \u00e0 la fin ao\u00fbt. <\/span><\/p>\n<p><span style=\"font-weight: 400;\">\u00c0 la suite du processus d\u2019identification de talent qui s\u2019est \u00e9chelonn\u00e9 sur toute la saison jusqu\u2019aux Championnats nationaux en mai, 24 athl\u00e8tes ont \u00e9t\u00e9 invit\u00e9es \u00e0 un camp de s\u00e9lection \u00e0 l\u2019INS-Qu\u00e9bec au Stade olympique de Montr\u00e9al du 7 au 14 juin. Organis\u00e9 par la Directrice du sport de NAC, <\/span><b>Julie Healy<\/b><span style=\"font-weight: 400;\">, et men\u00e9 par l\u2019entraineure-chef <\/span><b>Elena Podolsky <\/b><span style=\"font-weight: 400;\">ainsi que les entraineures adjointes <\/span><b>Manny Wu <\/b><span style=\"font-weight: 400;\">et plus r\u00e9cemment, <\/span><b>Genevi\u00e8ve Quesnel<\/b><span style=\"font-weight: 400;\">, le camp intensif comprenait de l\u2019entrainement dans et hors de l\u2019eau, des tests physiques et des exercices de <\/span><i><span style=\"font-weight: 400;\">team building<\/span><\/i><span style=\"font-weight: 400;\">. Les entraineures d\u2019exp\u00e9rience <\/span><b>Marie-H\u00e9l\u00e8ne Morneau<\/b><span style=\"font-weight: 400;\">,<\/span><b> Laura Swift<\/b><span style=\"font-weight: 400;\"> et <\/span><b>Johana Vasquez <\/b><span style=\"font-weight: 400;\">ont \u00e9galement particip\u00e9 au camp, de m\u00eame que l\u2019entraineure-apprentie et juge nationale <\/span><b>Nancy B\u00e9langer<\/b><span style=\"font-weight: 400;\">. <\/span><b>Denise Sauv\u00e9<\/b><span style=\"font-weight: 400;\">, experte de renomm\u00e9e mondiale, \u00e9tait \u00e9galement pr\u00e9sente pour diriger le d\u00e9veloppement de la chor\u00e9graphie de la routine de l\u2019\u00e9quipe, qui est inspir\u00e9e de la routine libre junior 2019 de Dollard Synchro.<\/span><\/p>\n<p><span style=\"font-weight: 400;\">L\u2019entraineure-chef Podolsky s\u2019est dit tr\u00e8s satisfaite du camp: \u00abLe processus de s\u00e9lection de cette ann\u00e9e a permis aux entraineures d\u2019observer les vingt-quatre meilleures athl\u00e8tes 13-15 ans au Canada, tant en comp\u00e9tition nationale qu\u2019au camp de s\u00e9lection. Tout au long du camp, nous avons \u00e9t\u00e9 impressionn\u00e9es par le travail acharn\u00e9 des 24 athl\u00e8tes pour se tailler une place dans l\u2019\u00e9quipe. \u00bb<\/span><\/p>\n<p><span style=\"font-weight: 400;\">\u00c0 la fin de la semaine, 10 athl\u00e8tes de 9 clubs diff\u00e9rents du Canada ont \u00e9t\u00e9 invit\u00e9es \u00e0 faire partie de l&rsquo;\u00e9quipe qui participera aux Championnats du monde jeunesse \u00e0 Samorin, en Slovaquie. \u00ab Nous sommes tr\u00e8s heureuses des r\u00e9sultats du camp et avons h\u00e2te de travailler avec des athl\u00e8tes aussi talentueuses \u00bb, a ajout\u00e9 l&rsquo;entraineure Podolsky. \u00ab Nous voudrions \u00e9galement remercier et f\u00e9liciter tous les clubs et entraineurs pour leur travail dans la pr\u00e9paration des athl\u00e8tes pour le camp. \u00bb<\/span><\/p>\n<p><span style=\"font-weight: 400;\">L&rsquo;\u00e9quipe commencera son camp de pr\u00e9paration le 27 juillet en Ontario et se rendra en Slovaquie le 20 ao\u00fbt, o\u00f9 elle aura un court camp pr\u00e9paratoire avec Team Slovakia du 21 au 25 ao\u00fbt, sur le site de la comp\u00e9tition.<\/span><\/p>\n<p><span style=\"font-weight: 400;\">Les athl\u00e8tes nomm\u00e9es pour l&rsquo;\u00c9quipe nationale canadienne de natation artistique 13-15 ans 2019 sont:<\/span><\/p>\n<table style=\"font-size: 12px; height: 234px; width: 100%;\" width=\"100%\" cellpadding=\"5px\">\n<tbody>\n<tr style=\"border-top: solid thin #AAAAAA; background-color: #444444; color: #ffffff;\">\n<td style=\"height: 18px;\">NOM<\/td>\n<td style=\"height: 18px;\">VILLE NATALE<\/td>\n<td style=\"height: 18px;\">CLUB<\/td>\n<\/tr>\n<tr style=\"border-top: solid thin #AAAAAA;\">\n<td style=\"height: 18px;\"><span style=\"font-weight: 400;\"> BATTISTA, Elizabeth<\/span><\/td>\n<td style=\"height: 18px;\"><span style=\"font-weight: 400;\">Calgary, AB<\/span><\/td>\n<td style=\"height: 18px;\"><span style=\"font-weight: 400;\">Calgary Aquabelles<\/span><\/td>\n<\/tr>\n<tr style=\"border-top: solid thin #AAAAAA;\">\n<td style=\"height: 18px;\"><span style=\"font-weight: 400;\"> BOILARD, Jeanne<\/span><\/td>\n<td style=\"height: 18px;\"><span style=\"font-weight: 400;\">Qu\u00e9bec, QC<\/span><\/td>\n<td style=\"height: 18px;\"><span style=\"font-weight: 400;\">Qu\u00e9bec Excellence Synchro<\/span><\/td>\n<\/tr>\n<tr style=\"border-top: solid thin #AAAAAA;\">\n<td style=\"height: 18px;\"><span style=\"font-weight: 400;\">CORBEIL, L\u00e9onie<\/span><\/td>\n<td style=\"height: 18px;\"><span style=\"font-weight: 400;\">Mirabel, QC<\/span><\/td>\n<td style=\"height: 18px;\"><span style=\"font-weight: 400;\">Montr\u00e9al Synchro<\/span><\/td>\n<\/tr>\n<tr style=\"border-top: solid thin #AAAAAA;\">\n<td style=\"height: 18px;\"><span style=\"font-weight: 400;\"> FORTIN, Mya<\/span><\/td>\n<td style=\"height: 18px;\"><span style=\"font-weight: 400;\">Gatineau, QC <\/span><\/td>\n<td style=\"height: 18px;\"><span style=\"font-weight: 400;\">Dollard Synchro<\/span><\/td>\n<\/tr>\n<tr style=\"border-top: solid thin #AAAAAA;\">\n<td style=\"height: 18px;\"><span style=\"font-weight: 400;\"> GRAY, Charlotte<\/span><\/td>\n<td style=\"height: 18px;\"><span style=\"font-weight: 400;\">Toronto, ON<\/span><\/td>\n<td style=\"height: 18px;\"><span style=\"font-weight: 400;\">Regional Training Centre &#8211; Ontario<\/span><\/td>\n<\/tr>\n<tr style=\"border-top: solid thin #AAAAAA;\">\n<td style=\"height: 18px;\"><span style=\"font-weight: 400;\">GOETTISHEIM, Tara<\/span><\/td>\n<td style=\"height: 18px;\"><span style=\"font-weight: 400;\">Hudson, QC<\/span><\/td>\n<td style=\"height: 18px;\"><span style=\"font-weight: 400;\">Dollard Synchro<\/span><\/td>\n<\/tr>\n<tr style=\"border-top: solid thin #AAAAAA;\">\n<td style=\"height: 18px;\"><span style=\"font-weight: 400;\"> IRVINE, Lauren<\/span><\/td>\n<td style=\"height: 18px;\"><span style=\"font-weight: 400;\">Guelph, ON<\/span><\/td>\n<td style=\"height: 18px;\"><span style=\"font-weight: 400;\">Waterloo Regional Synchro<\/span><\/td>\n<\/tr>\n<tr style=\"border-top: solid thin #AAAAAA;\">\n<td style=\"height: 18px;\"><span style=\"font-weight: 400;\">LAPIERRE, Meaghan<\/span><\/td>\n<td style=\"height: 18px;\"><span style=\"font-weight: 400;\">Ottawa, ON<\/span><\/td>\n<td style=\"height: 18px;\"><span style=\"font-weight: 400;\">GO Capital Synchro<\/span><\/td>\n<\/tr>\n<tr style=\"border-top: solid thin #AAAAAA;\">\n<td style=\"height: 18px;\"><span style=\"font-weight: 400;\"> LIU, Nancy (Yijia)<\/span><\/td>\n<td style=\"height: 18px;\"><span style=\"font-weight: 400;\">Richmond, BC<\/span><\/td>\n<td style=\"height: 18px;\"><span style=\"font-weight: 400;\">Pacific Wave Synchro<\/span><\/td>\n<\/tr>\n<tr style=\"border-top: solid thin #AAAAAA;\">\n<td style=\"height: 18px;\"><span style=\"font-weight: 400;\">NEWMAN, Jonnie<\/span><\/td>\n<td style=\"height: 18px;\"><span style=\"font-weight: 400;\">Calgary, AB<\/span><\/td>\n<td style=\"height: 18px;\"><span style=\"font-weight: 400;\">Calgary Elite Synchro<\/span><\/td>\n<\/tr>\n<\/tbody>\n<\/table>\n<h3><b>Genevi\u00e8ve Quesnel nomm\u00e9e entraineure adjointe <\/b><\/h3>\n<p><span style=\"font-weight: 400;\">Genevi\u00e8ve Quesnel, de Neptune Synchro, a \u00e9t\u00e9 nomm\u00e9e comme deuxi\u00e8me entraineure adjointe pour travailler avec l&rsquo;\u00e9quipe cet \u00e9t\u00e9 et voyager en Slovaquie pour la comp\u00e9tition. Quesnel est une entraineure certifi\u00e9e Comp-Dev de Blainville, Qu\u00e9bec, qui travaille comme entraineure depuis 2003. Elle a \u00e9t\u00e9 entraineure \u00e0 cinq reprises pour le programme de l&rsquo;\u00e9quipe provinciale du Qu\u00e9bec, o\u00f9 elle \u00e9tait entraineure-chef au cours des trois derniers \u00e9t\u00e9s.<\/span><\/p>\n","protected":false},"excerpt":{"rendered":"<p>10 athl\u00e8tes commenceront \u00e0 se pr\u00e9parer pour les Championnats du monde jeunesse 2019 de la FINA Natation Artistique Canada est fi\u00e8re de d\u00e9voiler les noms des athl\u00e8tes qui formeront son \u00c9quipe Nationale 13-15 ans en vue de participer aux tout premiers <a href=\"https:\/\/artisticswimming.ca\/fr\/natation-artistique-canada-devoile-son-equipe-nationale-des-13-15-ans-2019\/\"> [&#8230;]<\/a><\/p>\n","protected":false},"author":2,"featured_media":7367,"comment_status":"open","ping_status":"open","sticky":false,"template":"","format":"standard","meta":{"_acf_changed":false,"footnotes":""},"categories":[87,155,73],"tags":[],"class_list":["post-7368","post","type-post","status-publish","format-standard","has-post-thumbnail","hentry","category-competition-fr","category-equipe-nationale-13-15","category-nouvelles"],"acf":[],"yoast_head":"<!-- This site is optimized with the Yoast SEO plugin v27.2 - https:\/\/yoast.com\/product\/yoast-seo-wordpress\/ -->\n<title>Natation Artistique Canada d\u00e9voile son \u00e9quipe nationale des 13-15 ans 2019 - Natation Artistique Canada<\/title>\n<meta name=\"robots\" content=\"index, follow, max-snippet:-1, max-image-preview:large, max-video-preview:-1\" \/>\n<link rel=\"canonical\" href=\"https:\/\/artisticswimming.ca\/fr\/natation-artistique-canada-devoile-son-equipe-nationale-des-13-15-ans-2019\/\" \/>\n<meta property=\"og:locale\" content=\"fr_FR\" \/>\n<meta property=\"og:type\" content=\"article\" \/>\n<meta property=\"og:title\" content=\"Natation Artistique Canada d\u00e9voile son \u00e9quipe nationale des 13-15 ans 2019 - Natation Artistique Canada\" \/>\n<meta property=\"og:description\" content=\"10 athl\u00e8tes commenceront \u00e0 se pr\u00e9parer pour les Championnats du monde jeunesse 2019 de la FINA Natation Artistique Canada est fi\u00e8re de d\u00e9voiler les noms des athl\u00e8tes qui formeront son \u00c9quipe Nationale 13-15 ans en vue de participer aux tout premiers [...]\" \/>\n<meta property=\"og:url\" content=\"https:\/\/artisticswimming.ca\/fr\/natation-artistique-canada-devoile-son-equipe-nationale-des-13-15-ans-2019\/\" \/>\n<meta property=\"og:site_name\" content=\"Natation Artistique Canada\" \/>\n<meta property=\"article:published_time\" content=\"2019-06-21T13:29:49+00:00\" \/>\n<meta property=\"article:modified_time\" content=\"2019-06-21T14:38:02+00:00\" \/>\n<meta property=\"og:image\" content=\"https:\/\/artisticswimming.ca\/wp-content\/uploads\/2019\/06\/2019-13-15-NT-announcement.png\" \/>\n\t<meta property=\"og:image:width\" content=\"2400\" \/>\n\t<meta property=\"og:image:height\" content=\"1000\" \/>\n\t<meta property=\"og:image:type\" content=\"image\/png\" \/>\n<meta name=\"author\" content=\"synchro\" \/>\n<meta name=\"twitter:card\" content=\"summary_large_image\" \/>\n<meta name=\"twitter:label1\" content=\"\u00c9crit par\" \/>\n\t<meta name=\"twitter:data1\" content=\"synchro\" \/>\n\t<meta name=\"twitter:label2\" content=\"Dur\u00e9e de lecture estim\u00e9e\" \/>\n\t<meta name=\"twitter:data2\" content=\"3 minutes\" \/>\n<script type=\"application\/ld+json\" class=\"yoast-schema-graph\">{\"@context\":\"https:\/\/schema.org\",\"@graph\":[{\"@type\":\"Article\",\"@id\":\"https:\/\/artisticswimming.ca\/fr\/natation-artistique-canada-devoile-son-equipe-nationale-des-13-15-ans-2019\/#article\",\"isPartOf\":{\"@id\":\"https:\/\/artisticswimming.ca\/fr\/natation-artistique-canada-devoile-son-equipe-nationale-des-13-15-ans-2019\/\"},\"author\":{\"name\":\"synchro\",\"@id\":\"https:\/\/artisticswimming.ca\/fr\/#\/schema\/person\/7d2ab10f01ba748d0dac4f1fbc7df175\"},\"headline\":\"Natation Artistique Canada d\u00e9voile son \u00e9quipe nationale des 13-15 ans 2019\",\"datePublished\":\"2019-06-21T13:29:49+00:00\",\"dateModified\":\"2019-06-21T14:38:02+00:00\",\"mainEntityOfPage\":{\"@id\":\"https:\/\/artisticswimming.ca\/fr\/natation-artistique-canada-devoile-son-equipe-nationale-des-13-15-ans-2019\/\"},\"wordCount\":601,\"commentCount\":0,\"image\":{\"@id\":\"https:\/\/artisticswimming.ca\/fr\/natation-artistique-canada-devoile-son-equipe-nationale-des-13-15-ans-2019\/#primaryimage\"},\"thumbnailUrl\":\"https:\/\/artisticswimming.ca\/wp-content\/uploads\/2019\/06\/2019-13-15-NT-announcement.png\",\"articleSection\":[\"Comp\u00e9tition\",\"\u00c9quipe Nationale 13-15\",\"Nouvelles\"],\"inLanguage\":\"fr-FR\",\"potentialAction\":[{\"@type\":\"CommentAction\",\"name\":\"Comment\",\"target\":[\"https:\/\/artisticswimming.ca\/fr\/natation-artistique-canada-devoile-son-equipe-nationale-des-13-15-ans-2019\/#respond\"]}]},{\"@type\":\"WebPage\",\"@id\":\"https:\/\/artisticswimming.ca\/fr\/natation-artistique-canada-devoile-son-equipe-nationale-des-13-15-ans-2019\/\",\"url\":\"https:\/\/artisticswimming.ca\/fr\/natation-artistique-canada-devoile-son-equipe-nationale-des-13-15-ans-2019\/\",\"name\":\"Natation Artistique Canada d\u00e9voile son \u00e9quipe nationale des 13-15 ans 2019 - Natation Artistique Canada\",\"isPartOf\":{\"@id\":\"https:\/\/artisticswimming.ca\/fr\/#website\"},\"primaryImageOfPage\":{\"@id\":\"https:\/\/artisticswimming.ca\/fr\/natation-artistique-canada-devoile-son-equipe-nationale-des-13-15-ans-2019\/#primaryimage\"},\"image\":{\"@id\":\"https:\/\/artisticswimming.ca\/fr\/natation-artistique-canada-devoile-son-equipe-nationale-des-13-15-ans-2019\/#primaryimage\"},\"thumbnailUrl\":\"https:\/\/artisticswimming.ca\/wp-content\/uploads\/2019\/06\/2019-13-15-NT-announcement.png\",\"datePublished\":\"2019-06-21T13:29:49+00:00\",\"dateModified\":\"2019-06-21T14:38:02+00:00\",\"author\":{\"@id\":\"https:\/\/artisticswimming.ca\/fr\/#\/schema\/person\/7d2ab10f01ba748d0dac4f1fbc7df175\"},\"breadcrumb\":{\"@id\":\"https:\/\/artisticswimming.ca\/fr\/natation-artistique-canada-devoile-son-equipe-nationale-des-13-15-ans-2019\/#breadcrumb\"},\"inLanguage\":\"fr-FR\",\"potentialAction\":[{\"@type\":\"ReadAction\",\"target\":[\"https:\/\/artisticswimming.ca\/fr\/natation-artistique-canada-devoile-son-equipe-nationale-des-13-15-ans-2019\/\"]}]},{\"@type\":\"ImageObject\",\"inLanguage\":\"fr-FR\",\"@id\":\"https:\/\/artisticswimming.ca\/fr\/natation-artistique-canada-devoile-son-equipe-nationale-des-13-15-ans-2019\/#primaryimage\",\"url\":\"https:\/\/artisticswimming.ca\/wp-content\/uploads\/2019\/06\/2019-13-15-NT-announcement.png\",\"contentUrl\":\"https:\/\/artisticswimming.ca\/wp-content\/uploads\/2019\/06\/2019-13-15-NT-announcement.png\",\"width\":2400,\"height\":1000},{\"@type\":\"BreadcrumbList\",\"@id\":\"https:\/\/artisticswimming.ca\/fr\/natation-artistique-canada-devoile-son-equipe-nationale-des-13-15-ans-2019\/#breadcrumb\",\"itemListElement\":[{\"@type\":\"ListItem\",\"position\":1,\"name\":\"Home\",\"item\":\"https:\/\/artisticswimming.ca\/fr\/\"},{\"@type\":\"ListItem\",\"position\":2,\"name\":\"Natation Artistique Canada d\u00e9voile son \u00e9quipe nationale des 13-15 ans 2019\"}]},{\"@type\":\"WebSite\",\"@id\":\"https:\/\/artisticswimming.ca\/fr\/#website\",\"url\":\"https:\/\/artisticswimming.ca\/fr\/\",\"name\":\"Natation Artistique Canada\",\"description\":\"\",\"potentialAction\":[{\"@type\":\"SearchAction\",\"target\":{\"@type\":\"EntryPoint\",\"urlTemplate\":\"https:\/\/artisticswimming.ca\/fr\/?s={search_term_string}\"},\"query-input\":{\"@type\":\"PropertyValueSpecification\",\"valueRequired\":true,\"valueName\":\"search_term_string\"}}],\"inLanguage\":\"fr-FR\"},{\"@type\":\"Person\",\"@id\":\"https:\/\/artisticswimming.ca\/fr\/#\/schema\/person\/7d2ab10f01ba748d0dac4f1fbc7df175\",\"name\":\"synchro\",\"image\":{\"@type\":\"ImageObject\",\"inLanguage\":\"fr-FR\",\"@id\":\"https:\/\/secure.gravatar.com\/avatar\/4f24abe719ecc22eef668a9e15d4025dca4fa935812f917fcc233935f5e1db5e?s=96&d=mm&r=g\",\"url\":\"https:\/\/secure.gravatar.com\/avatar\/4f24abe719ecc22eef668a9e15d4025dca4fa935812f917fcc233935f5e1db5e?s=96&d=mm&r=g\",\"contentUrl\":\"https:\/\/secure.gravatar.com\/avatar\/4f24abe719ecc22eef668a9e15d4025dca4fa935812f917fcc233935f5e1db5e?s=96&d=mm&r=g\",\"caption\":\"synchro\"},\"sameAs\":[\"http:\/\/synchro.wpengine.com\"],\"url\":\"https:\/\/artisticswimming.ca\/fr\/author\/synchro\/\"}]}<\/script>\n<!-- \/ Yoast SEO plugin. -->","yoast_head_json":{"title":"Natation Artistique Canada d\u00e9voile son \u00e9quipe nationale des 13-15 ans 2019 - Natation Artistique Canada","robots":{"index":"index","follow":"follow","max-snippet":"max-snippet:-1","max-image-preview":"max-image-preview:large","max-video-preview":"max-video-preview:-1"},"canonical":"https:\/\/artisticswimming.ca\/fr\/natation-artistique-canada-devoile-son-equipe-nationale-des-13-15-ans-2019\/","og_locale":"fr_FR","og_type":"article","og_title":"Natation Artistique Canada d\u00e9voile son \u00e9quipe nationale des 13-15 ans 2019 - Natation Artistique Canada","og_description":"10 athl\u00e8tes commenceront \u00e0 se pr\u00e9parer pour les Championnats du monde jeunesse 2019 de la FINA Natation Artistique Canada est fi\u00e8re de d\u00e9voiler les noms des athl\u00e8tes qui formeront son \u00c9quipe Nationale 13-15 ans en vue de participer aux tout premiers [...]","og_url":"https:\/\/artisticswimming.ca\/fr\/natation-artistique-canada-devoile-son-equipe-nationale-des-13-15-ans-2019\/","og_site_name":"Natation Artistique Canada","article_published_time":"2019-06-21T13:29:49+00:00","article_modified_time":"2019-06-21T14:38:02+00:00","og_image":[{"width":2400,"height":1000,"url":"https:\/\/artisticswimming.ca\/wp-content\/uploads\/2019\/06\/2019-13-15-NT-announcement.png","type":"image\/png"}],"author":"synchro","twitter_card":"summary_large_image","twitter_misc":{"\u00c9crit par":"synchro","Dur\u00e9e de lecture estim\u00e9e":"3 minutes"},"schema":{"@context":"https:\/\/schema.org","@graph":[{"@type":"Article","@id":"https:\/\/artisticswimming.ca\/fr\/natation-artistique-canada-devoile-son-equipe-nationale-des-13-15-ans-2019\/#article","isPartOf":{"@id":"https:\/\/artisticswimming.ca\/fr\/natation-artistique-canada-devoile-son-equipe-nationale-des-13-15-ans-2019\/"},"author":{"name":"synchro","@id":"https:\/\/artisticswimming.ca\/fr\/#\/schema\/person\/7d2ab10f01ba748d0dac4f1fbc7df175"},"headline":"Natation Artistique Canada d\u00e9voile son \u00e9quipe nationale des 13-15 ans 2019","datePublished":"2019-06-21T13:29:49+00:00","dateModified":"2019-06-21T14:38:02+00:00","mainEntityOfPage":{"@id":"https:\/\/artisticswimming.ca\/fr\/natation-artistique-canada-devoile-son-equipe-nationale-des-13-15-ans-2019\/"},"wordCount":601,"commentCount":0,"image":{"@id":"https:\/\/artisticswimming.ca\/fr\/natation-artistique-canada-devoile-son-equipe-nationale-des-13-15-ans-2019\/#primaryimage"},"thumbnailUrl":"https:\/\/artisticswimming.ca\/wp-content\/uploads\/2019\/06\/2019-13-15-NT-announcement.png","articleSection":["Comp\u00e9tition","\u00c9quipe Nationale 13-15","Nouvelles"],"inLanguage":"fr-FR","potentialAction":[{"@type":"CommentAction","name":"Comment","target":["https:\/\/artisticswimming.ca\/fr\/natation-artistique-canada-devoile-son-equipe-nationale-des-13-15-ans-2019\/#respond"]}]},{"@type":"WebPage","@id":"https:\/\/artisticswimming.ca\/fr\/natation-artistique-canada-devoile-son-equipe-nationale-des-13-15-ans-2019\/","url":"https:\/\/artisticswimming.ca\/fr\/natation-artistique-canada-devoile-son-equipe-nationale-des-13-15-ans-2019\/","name":"Natation Artistique Canada d\u00e9voile son \u00e9quipe nationale des 13-15 ans 2019 - Natation Artistique Canada","isPartOf":{"@id":"https:\/\/artisticswimming.ca\/fr\/#website"},"primaryImageOfPage":{"@id":"https:\/\/artisticswimming.ca\/fr\/natation-artistique-canada-devoile-son-equipe-nationale-des-13-15-ans-2019\/#primaryimage"},"image":{"@id":"https:\/\/artisticswimming.ca\/fr\/natation-artistique-canada-devoile-son-equipe-nationale-des-13-15-ans-2019\/#primaryimage"},"thumbnailUrl":"https:\/\/artisticswimming.ca\/wp-content\/uploads\/2019\/06\/2019-13-15-NT-announcement.png","datePublished":"2019-06-21T13:29:49+00:00","dateModified":"2019-06-21T14:38:02+00:00","author":{"@id":"https:\/\/artisticswimming.ca\/fr\/#\/schema\/person\/7d2ab10f01ba748d0dac4f1fbc7df175"},"breadcrumb":{"@id":"https:\/\/artisticswimming.ca\/fr\/natation-artistique-canada-devoile-son-equipe-nationale-des-13-15-ans-2019\/#breadcrumb"},"inLanguage":"fr-FR","potentialAction":[{"@type":"ReadAction","target":["https:\/\/artisticswimming.ca\/fr\/natation-artistique-canada-devoile-son-equipe-nationale-des-13-15-ans-2019\/"]}]},{"@type":"ImageObject","inLanguage":"fr-FR","@id":"https:\/\/artisticswimming.ca\/fr\/natation-artistique-canada-devoile-son-equipe-nationale-des-13-15-ans-2019\/#primaryimage","url":"https:\/\/artisticswimming.ca\/wp-content\/uploads\/2019\/06\/2019-13-15-NT-announcement.png","contentUrl":"https:\/\/artisticswimming.ca\/wp-content\/uploads\/2019\/06\/2019-13-15-NT-announcement.png","width":2400,"height":1000},{"@type":"BreadcrumbList","@id":"https:\/\/artisticswimming.ca\/fr\/natation-artistique-canada-devoile-son-equipe-nationale-des-13-15-ans-2019\/#breadcrumb","itemListElement":[{"@type":"ListItem","position":1,"name":"Home","item":"https:\/\/artisticswimming.ca\/fr\/"},{"@type":"ListItem","position":2,"name":"Natation Artistique Canada d\u00e9voile son \u00e9quipe nationale des 13-15 ans 2019"}]},{"@type":"WebSite","@id":"https:\/\/artisticswimming.ca\/fr\/#website","url":"https:\/\/artisticswimming.ca\/fr\/","name":"Natation Artistique Canada","description":"","potentialAction":[{"@type":"SearchAction","target":{"@type":"EntryPoint","urlTemplate":"https:\/\/artisticswimming.ca\/fr\/?s={search_term_string}"},"query-input":{"@type":"PropertyValueSpecification","valueRequired":true,"valueName":"search_term_string"}}],"inLanguage":"fr-FR"},{"@type":"Person","@id":"https:\/\/artisticswimming.ca\/fr\/#\/schema\/person\/7d2ab10f01ba748d0dac4f1fbc7df175","name":"synchro","image":{"@type":"ImageObject","inLanguage":"fr-FR","@id":"https:\/\/secure.gravatar.com\/avatar\/4f24abe719ecc22eef668a9e15d4025dca4fa935812f917fcc233935f5e1db5e?s=96&d=mm&r=g","url":"https:\/\/secure.gravatar.com\/avatar\/4f24abe719ecc22eef668a9e15d4025dca4fa935812f917fcc233935f5e1db5e?s=96&d=mm&r=g","contentUrl":"https:\/\/secure.gravatar.com\/avatar\/4f24abe719ecc22eef668a9e15d4025dca4fa935812f917fcc233935f5e1db5e?s=96&d=mm&r=g","caption":"synchro"},"sameAs":["http:\/\/synchro.wpengine.com"],"url":"https:\/\/artisticswimming.ca\/fr\/author\/synchro\/"}]}},"_links":{"self":[{"href":"https:\/\/artisticswimming.ca\/fr\/wp-json\/wp\/v2\/posts\/7368","targetHints":{"allow":["GET"]}}],"collection":[{"href":"https:\/\/artisticswimming.ca\/fr\/wp-json\/wp\/v2\/posts"}],"about":[{"href":"https:\/\/artisticswimming.ca\/fr\/wp-json\/wp\/v2\/types\/post"}],"author":[{"embeddable":true,"href":"https:\/\/artisticswimming.ca\/fr\/wp-json\/wp\/v2\/users\/2"}],"replies":[{"embeddable":true,"href":"https:\/\/artisticswimming.ca\/fr\/wp-json\/wp\/v2\/comments?post=7368"}],"version-history":[{"count":0,"href":"https:\/\/artisticswimming.ca\/fr\/wp-json\/wp\/v2\/posts\/7368\/revisions"}],"wp:featuredmedia":[{"embeddable":true,"href":"https:\/\/artisticswimming.ca\/fr\/wp-json\/wp\/v2\/media\/7367"}],"wp:attachment":[{"href":"https:\/\/artisticswimming.ca\/fr\/wp-json\/wp\/v2\/media?parent=7368"}],"wp:term":[{"taxonomy":"category","embeddable":true,"href":"https:\/\/artisticswimming.ca\/fr\/wp-json\/wp\/v2\/categories?post=7368"},{"taxonomy":"post_tag","embeddable":true,"href":"https:\/\/artisticswimming.ca\/fr\/wp-json\/wp\/v2\/tags?post=7368"}],"curies":[{"name":"wp","href":"https:\/\/api.w.org\/{rel}","templated":true}]}}