{"id":7413,"date":"2019-07-11T07:49:55","date_gmt":"2019-07-11T11:49:55","guid":{"rendered":"http:\/\/artisticswimming.ca\/?p=7413"},"modified":"2019-07-12T00:15:26","modified_gmt":"2019-07-12T04:15:26","slug":"team-canada-ready-for-fina-world-championships","status":"publish","type":"post","link":"https:\/\/artisticswimming.ca\/fr\/team-canada-ready-for-fina-world-championships\/","title":{"rendered":"\u00c9quipe Canada pr\u00eate pour les championnats du monde FINA 2019"},"content":{"rendered":"<p>\u00c9quipe Canada est \u00e0 Gwangju, en Cor\u00e9e, pour les Championnats du monde de la FINA 2019 qui d\u00e9buteront demain au gymnase de Yeomju. Les installations, qui peuvent accueillir plus de 4 300 spectateurs, seront h\u00f4tes de la comp\u00e9tition de natation artistique des Championnats du monde qui comportera 10 \u00e9preuves qui seront disput\u00e9es au cours des 9 prochains jours, du 12 au 20 juillet. Dot\u00e9e d&rsquo;un bassin temporaire, l\u2019enceinte a \u00e9t\u00e9 con\u00e7ue de fa\u00e7on \u00e0 offrir aux spectateurs une exp\u00e9rience bien adapt\u00e9e \u00e0 la natation artistique, avec un bassin de 30 m\u00e8tres.<\/p>\n<p>\u00c9quipe Canada, qui vient d&rsquo;\u00eatre couronn\u00e9e championne de la saison 2019 de la S\u00e9rie mondiale FINA, est pr\u00eate \u00e0 poursuivre sur sa lanc\u00e9e. Apr\u00e8s une r\u00e9colte de 36 m\u00e9dailles en 2019 sur le circuit de la S\u00e9rie Mondiale (10 or, 13 argent, 13 bronze), les 12 membres de l&rsquo;\u00e9quipe sont arriv\u00e9es lundi en Cor\u00e9e pleines de confiance afin de se pr\u00e9parer pour la semaine \u00e0 venir, qui comprendra une participation aux \u00e9preuves techniques et libres en solo, en duo et par \u00e9quipe, ainsi qu\u2019\u00e0 la routine acrobatique.<\/p>\n<p>L\u2019entra\u00eeneur-chef <strong>G\u00e1bor Szauder<\/strong> se r\u00e9jouit de la progression constante de son \u00e9quipe au cours des six derniers mois et s\u2019attend \u00e0 une solide performance cette semaine \u00e0 Gwangju:<\/p>\n<blockquote><p>\u00ab Nous avons une \u00e9quipe talentueuse qui a appris \u00e0 croire en elle cette ann\u00e9e. Notre pr\u00e9paration se passe extr\u00eamement bien et apr\u00e8s avoir remport\u00e9 le titre de la S\u00e9rie Mondiale cette ann\u00e9e, nous sommes ici pour montrer au monde que nous sommes pr\u00eats \u00e0 laisser notre marque, non seulement cette semaine en Cor\u00e9e, mais \u00e9galement \u00e0 la fin du mois au P\u00e9rou pour les Jeux panam\u00e9ricains, o\u00f9 nous pourrons nous qualifier pour les Jeux olympiques de 2020. Je travaille avec des nageuses extraordinaires et un personnel formidable, l&rsquo;atmosph\u00e8re au sein de l&rsquo;\u00e9quipe est excellente \u2013 nous sommes pr\u00eats! \u00bb<\/p><\/blockquote>\n<p>Les athl\u00e8tes qui repr\u00e9senteront le Canada en Cor\u00e9e sont:<\/p>\n<p>Solo: <strong>Jacqueline Simoneau<\/strong> (Chambly, QC)<\/p>\n<p>Duo: <strong>Claudia Holzner<\/strong> (Calgary, AB), <strong>Jacqueline Simoneau<\/strong> (Chambly, QC)<\/p>\n<p>\u00c9quipe: <strong>Emily Armstrong<\/strong> (Toronto, ON), <strong>Catherine Barrett<\/strong> (St. John&rsquo;s, T.-N.-L.), <strong>Andr\u00e9e-Anne C\u00f4t\u00e9<\/strong> (St-Georges, QC), <strong>Camille Fiola-Dion<\/strong> (Rimouski, QC), <strong>Rebecca Harrower<\/strong> (Edmonton, AB), <strong>Claudia Holzner<\/strong> (Calgary, AB), <strong>Audrey Joly<\/strong> (St-Eustache, QC), <strong>Sion Ormond<\/strong> (Aurora, ON), <strong>Halle Pratt<\/strong> (Calgary, AB), <strong>Kenzie Priddell<\/strong> (R\u00e9gina, SK), <strong>Jacqueline Simoneau<\/strong> (Chambly, QC) et <strong>Cassandra Winkelaar<\/strong> (Edmonton, AB)<\/p>\n<p>Les entraineures adjointes <strong>Kasia Kulesza<\/strong> et <strong>Karine Dor\u00e9 <\/strong>\u00e9paulent Szauder en Cor\u00e9e, pendant que la gestionnaire de la haute performance <strong>Isabelle Lecompte<\/strong>, la physioth\u00e9rapeute <strong>Katie Smith<\/strong> ainsi que la consultante en performance mentale <strong>V\u00e9ronique Richard<\/strong> accompagnent \u00e9galement l&rsquo;\u00e9quipe. La juge internationale <strong>Diane van der Pol<\/strong> a \u00e9t\u00e9 nomm\u00e9e pour participer \u00e0 l&rsquo;\u00e9v\u00e9nement, alors que la canadienne <strong>Louise Kennedy<\/strong>\u00a0agira \u00e0 titre d&rsquo;\u00e9valuatrice.<\/p>\n<p>La comp\u00e9tition d\u00e9bute vendredi avec la pr\u00e9sentation des \u00e9preuves techniques pr\u00e9liminaires en solo et en duo. <strong>Jacqueline Simoneau<\/strong>, dans la foul\u00e9e de sa saison la plus fructueuse en S\u00e9rie Mondiale, interpr\u00e8tera son solo technique sur la musique de \u00abEverybody wants to rule the world\u00bb pour la toute derni\u00e8re fois, elle qui pr\u00e9voit pr\u00e9senter une toute nouvelle routine technique pour la finale.<\/p>\n<p>En soir\u00e9e, Simoneau et sa partenaire <strong>Claudia Holzner<\/strong>, gagnantes de 9 m\u00e9dailles cette ann\u00e9e sur le circuit de la S\u00e9rie Mondiale, chercheront \u00e0 continuer sur la lanc\u00e9e amorc\u00e9e au cours de la saison pour grimper au classement mondial.<\/p>\n<p>Toutes les \u00e9preuves de la comp\u00e9tition pourront \u00eatre visionn\u00e9s en direct sur <a href=\"https:\/\/www.finatv.live\" target=\"_blank\" rel=\"noopener noreferrer\">FINA tv.<\/a> L&rsquo;horaire des \u00e9preuves pour vendredi est ci-dessous :<\/p>\n<p><strong>Pr\u00e9liminaires Solo Technique<\/strong> (d\u00e9part #10\/28) &#8211; 11h00 heure locale (vendredi) \/ 22h00 HAE (jeudi)<\/p>\n<p><strong>Pr\u00e9liminaires Duo Technique<\/strong> (d\u00e9part #4\/45) &#8211; 16h00 heure locale \/ 3h00 HAE<\/p>\n","protected":false},"excerpt":{"rendered":"<p>\u00c9quipe Canada est \u00e0 Gwangju, en Cor\u00e9e, pour les Championnats du monde de la FINA 2019 qui d\u00e9buteront demain au gymnase de Yeomju. Les installations, qui peuvent accueillir plus de 4 300 spectateurs, seront h\u00f4tes de la comp\u00e9tition de natation artistique <a href=\"https:\/\/artisticswimming.ca\/fr\/team-canada-ready-for-fina-world-championships\/\"> [&#8230;]<\/a><\/p>\n","protected":false},"author":2,"featured_media":7412,"comment_status":"open","ping_status":"open","sticky":false,"template":"","format":"standard","meta":{"_acf_changed":false,"footnotes":""},"categories":[87,79],"tags":[],"class_list":["post-7413","post","type-post","status-publish","format-standard","has-post-thumbnail","hentry","category-competition-fr","category-equipe-nationale-senior"],"acf":[],"yoast_head":"<!-- This site is optimized with the Yoast SEO plugin v27.2 - https:\/\/yoast.com\/product\/yoast-seo-wordpress\/ -->\n<title>\u00c9quipe Canada pr\u00eate pour les championnats du monde FINA 2019 - Natation Artistique Canada<\/title>\n<meta name=\"robots\" content=\"index, follow, max-snippet:-1, max-image-preview:large, max-video-preview:-1\" \/>\n<link rel=\"canonical\" href=\"https:\/\/artisticswimming.ca\/fr\/team-canada-ready-for-fina-world-championships\/\" \/>\n<meta property=\"og:locale\" content=\"fr_FR\" \/>\n<meta property=\"og:type\" content=\"article\" \/>\n<meta property=\"og:title\" content=\"\u00c9quipe Canada pr\u00eate pour les championnats du monde FINA 2019 - Natation Artistique Canada\" \/>\n<meta property=\"og:description\" content=\"\u00c9quipe Canada est \u00e0 Gwangju, en Cor\u00e9e, pour les Championnats du monde de la FINA 2019 qui d\u00e9buteront demain au gymnase de Yeomju. Les installations, qui peuvent accueillir plus de 4 300 spectateurs, seront h\u00f4tes de la comp\u00e9tition de natation artistique [...]\" \/>\n<meta property=\"og:url\" content=\"https:\/\/artisticswimming.ca\/fr\/team-canada-ready-for-fina-world-championships\/\" \/>\n<meta property=\"og:site_name\" content=\"Natation Artistique Canada\" \/>\n<meta property=\"article:published_time\" content=\"2019-07-11T11:49:55+00:00\" \/>\n<meta property=\"article:modified_time\" content=\"2019-07-12T04:15:26+00:00\" \/>\n<meta property=\"og:image\" content=\"https:\/\/artisticswimming.ca\/wp-content\/uploads\/2019\/07\/Ready-for-Worlds-2019.jpg\" \/>\n\t<meta property=\"og:image:width\" content=\"1800\" \/>\n\t<meta property=\"og:image:height\" content=\"750\" \/>\n\t<meta property=\"og:image:type\" content=\"image\/jpeg\" \/>\n<meta name=\"author\" content=\"synchro\" \/>\n<meta name=\"twitter:card\" content=\"summary_large_image\" \/>\n<meta name=\"twitter:label1\" content=\"\u00c9crit par\" \/>\n\t<meta name=\"twitter:data1\" content=\"synchro\" \/>\n\t<meta name=\"twitter:label2\" content=\"Dur\u00e9e de lecture estim\u00e9e\" \/>\n\t<meta name=\"twitter:data2\" content=\"3 minutes\" \/>\n<script type=\"application\/ld+json\" class=\"yoast-schema-graph\">{\"@context\":\"https:\/\/schema.org\",\"@graph\":[{\"@type\":\"Article\",\"@id\":\"https:\/\/artisticswimming.ca\/fr\/team-canada-ready-for-fina-world-championships\/#article\",\"isPartOf\":{\"@id\":\"https:\/\/artisticswimming.ca\/fr\/team-canada-ready-for-fina-world-championships\/\"},\"author\":{\"name\":\"synchro\",\"@id\":\"https:\/\/artisticswimming.ca\/fr\/#\/schema\/person\/7d2ab10f01ba748d0dac4f1fbc7df175\"},\"headline\":\"\u00c9quipe Canada pr\u00eate pour les championnats du monde FINA 2019\",\"datePublished\":\"2019-07-11T11:49:55+00:00\",\"dateModified\":\"2019-07-12T04:15:26+00:00\",\"mainEntityOfPage\":{\"@id\":\"https:\/\/artisticswimming.ca\/fr\/team-canada-ready-for-fina-world-championships\/\"},\"wordCount\":642,\"commentCount\":0,\"image\":{\"@id\":\"https:\/\/artisticswimming.ca\/fr\/team-canada-ready-for-fina-world-championships\/#primaryimage\"},\"thumbnailUrl\":\"https:\/\/artisticswimming.ca\/wp-content\/uploads\/2019\/07\/Ready-for-Worlds-2019.jpg\",\"articleSection\":[\"Comp\u00e9tition\",\"\u00c9quipe nationale senior\"],\"inLanguage\":\"fr-FR\",\"potentialAction\":[{\"@type\":\"CommentAction\",\"name\":\"Comment\",\"target\":[\"https:\/\/artisticswimming.ca\/fr\/team-canada-ready-for-fina-world-championships\/#respond\"]}]},{\"@type\":\"WebPage\",\"@id\":\"https:\/\/artisticswimming.ca\/fr\/team-canada-ready-for-fina-world-championships\/\",\"url\":\"https:\/\/artisticswimming.ca\/fr\/team-canada-ready-for-fina-world-championships\/\",\"name\":\"\u00c9quipe Canada pr\u00eate pour les championnats du monde FINA 2019 - Natation Artistique Canada\",\"isPartOf\":{\"@id\":\"https:\/\/artisticswimming.ca\/fr\/#website\"},\"primaryImageOfPage\":{\"@id\":\"https:\/\/artisticswimming.ca\/fr\/team-canada-ready-for-fina-world-championships\/#primaryimage\"},\"image\":{\"@id\":\"https:\/\/artisticswimming.ca\/fr\/team-canada-ready-for-fina-world-championships\/#primaryimage\"},\"thumbnailUrl\":\"https:\/\/artisticswimming.ca\/wp-content\/uploads\/2019\/07\/Ready-for-Worlds-2019.jpg\",\"datePublished\":\"2019-07-11T11:49:55+00:00\",\"dateModified\":\"2019-07-12T04:15:26+00:00\",\"author\":{\"@id\":\"https:\/\/artisticswimming.ca\/fr\/#\/schema\/person\/7d2ab10f01ba748d0dac4f1fbc7df175\"},\"breadcrumb\":{\"@id\":\"https:\/\/artisticswimming.ca\/fr\/team-canada-ready-for-fina-world-championships\/#breadcrumb\"},\"inLanguage\":\"fr-FR\",\"potentialAction\":[{\"@type\":\"ReadAction\",\"target\":[\"https:\/\/artisticswimming.ca\/fr\/team-canada-ready-for-fina-world-championships\/\"]}]},{\"@type\":\"ImageObject\",\"inLanguage\":\"fr-FR\",\"@id\":\"https:\/\/artisticswimming.ca\/fr\/team-canada-ready-for-fina-world-championships\/#primaryimage\",\"url\":\"https:\/\/artisticswimming.ca\/wp-content\/uploads\/2019\/07\/Ready-for-Worlds-2019.jpg\",\"contentUrl\":\"https:\/\/artisticswimming.ca\/wp-content\/uploads\/2019\/07\/Ready-for-Worlds-2019.jpg\",\"width\":1800,\"height\":750},{\"@type\":\"BreadcrumbList\",\"@id\":\"https:\/\/artisticswimming.ca\/fr\/team-canada-ready-for-fina-world-championships\/#breadcrumb\",\"itemListElement\":[{\"@type\":\"ListItem\",\"position\":1,\"name\":\"Home\",\"item\":\"https:\/\/artisticswimming.ca\/fr\/\"},{\"@type\":\"ListItem\",\"position\":2,\"name\":\"\u00c9quipe Canada pr\u00eate pour les championnats du monde FINA 2019\"}]},{\"@type\":\"WebSite\",\"@id\":\"https:\/\/artisticswimming.ca\/fr\/#website\",\"url\":\"https:\/\/artisticswimming.ca\/fr\/\",\"name\":\"Natation Artistique Canada\",\"description\":\"\",\"potentialAction\":[{\"@type\":\"SearchAction\",\"target\":{\"@type\":\"EntryPoint\",\"urlTemplate\":\"https:\/\/artisticswimming.ca\/fr\/?s={search_term_string}\"},\"query-input\":{\"@type\":\"PropertyValueSpecification\",\"valueRequired\":true,\"valueName\":\"search_term_string\"}}],\"inLanguage\":\"fr-FR\"},{\"@type\":\"Person\",\"@id\":\"https:\/\/artisticswimming.ca\/fr\/#\/schema\/person\/7d2ab10f01ba748d0dac4f1fbc7df175\",\"name\":\"synchro\",\"image\":{\"@type\":\"ImageObject\",\"inLanguage\":\"fr-FR\",\"@id\":\"https:\/\/secure.gravatar.com\/avatar\/4f24abe719ecc22eef668a9e15d4025dca4fa935812f917fcc233935f5e1db5e?s=96&d=mm&r=g\",\"url\":\"https:\/\/secure.gravatar.com\/avatar\/4f24abe719ecc22eef668a9e15d4025dca4fa935812f917fcc233935f5e1db5e?s=96&d=mm&r=g\",\"contentUrl\":\"https:\/\/secure.gravatar.com\/avatar\/4f24abe719ecc22eef668a9e15d4025dca4fa935812f917fcc233935f5e1db5e?s=96&d=mm&r=g\",\"caption\":\"synchro\"},\"sameAs\":[\"http:\/\/synchro.wpengine.com\"],\"url\":\"https:\/\/artisticswimming.ca\/fr\/author\/synchro\/\"}]}<\/script>\n<!-- \/ Yoast SEO plugin. -->","yoast_head_json":{"title":"\u00c9quipe Canada pr\u00eate pour les championnats du monde FINA 2019 - Natation Artistique Canada","robots":{"index":"index","follow":"follow","max-snippet":"max-snippet:-1","max-image-preview":"max-image-preview:large","max-video-preview":"max-video-preview:-1"},"canonical":"https:\/\/artisticswimming.ca\/fr\/team-canada-ready-for-fina-world-championships\/","og_locale":"fr_FR","og_type":"article","og_title":"\u00c9quipe Canada pr\u00eate pour les championnats du monde FINA 2019 - Natation Artistique Canada","og_description":"\u00c9quipe Canada est \u00e0 Gwangju, en Cor\u00e9e, pour les Championnats du monde de la FINA 2019 qui d\u00e9buteront demain au gymnase de Yeomju. Les installations, qui peuvent accueillir plus de 4 300 spectateurs, seront h\u00f4tes de la comp\u00e9tition de natation artistique [...]","og_url":"https:\/\/artisticswimming.ca\/fr\/team-canada-ready-for-fina-world-championships\/","og_site_name":"Natation Artistique Canada","article_published_time":"2019-07-11T11:49:55+00:00","article_modified_time":"2019-07-12T04:15:26+00:00","og_image":[{"width":1800,"height":750,"url":"https:\/\/artisticswimming.ca\/wp-content\/uploads\/2019\/07\/Ready-for-Worlds-2019.jpg","type":"image\/jpeg"}],"author":"synchro","twitter_card":"summary_large_image","twitter_misc":{"\u00c9crit par":"synchro","Dur\u00e9e de lecture estim\u00e9e":"3 minutes"},"schema":{"@context":"https:\/\/schema.org","@graph":[{"@type":"Article","@id":"https:\/\/artisticswimming.ca\/fr\/team-canada-ready-for-fina-world-championships\/#article","isPartOf":{"@id":"https:\/\/artisticswimming.ca\/fr\/team-canada-ready-for-fina-world-championships\/"},"author":{"name":"synchro","@id":"https:\/\/artisticswimming.ca\/fr\/#\/schema\/person\/7d2ab10f01ba748d0dac4f1fbc7df175"},"headline":"\u00c9quipe Canada pr\u00eate pour les championnats du monde FINA 2019","datePublished":"2019-07-11T11:49:55+00:00","dateModified":"2019-07-12T04:15:26+00:00","mainEntityOfPage":{"@id":"https:\/\/artisticswimming.ca\/fr\/team-canada-ready-for-fina-world-championships\/"},"wordCount":642,"commentCount":0,"image":{"@id":"https:\/\/artisticswimming.ca\/fr\/team-canada-ready-for-fina-world-championships\/#primaryimage"},"thumbnailUrl":"https:\/\/artisticswimming.ca\/wp-content\/uploads\/2019\/07\/Ready-for-Worlds-2019.jpg","articleSection":["Comp\u00e9tition","\u00c9quipe nationale senior"],"inLanguage":"fr-FR","potentialAction":[{"@type":"CommentAction","name":"Comment","target":["https:\/\/artisticswimming.ca\/fr\/team-canada-ready-for-fina-world-championships\/#respond"]}]},{"@type":"WebPage","@id":"https:\/\/artisticswimming.ca\/fr\/team-canada-ready-for-fina-world-championships\/","url":"https:\/\/artisticswimming.ca\/fr\/team-canada-ready-for-fina-world-championships\/","name":"\u00c9quipe Canada pr\u00eate pour les championnats du monde FINA 2019 - Natation Artistique Canada","isPartOf":{"@id":"https:\/\/artisticswimming.ca\/fr\/#website"},"primaryImageOfPage":{"@id":"https:\/\/artisticswimming.ca\/fr\/team-canada-ready-for-fina-world-championships\/#primaryimage"},"image":{"@id":"https:\/\/artisticswimming.ca\/fr\/team-canada-ready-for-fina-world-championships\/#primaryimage"},"thumbnailUrl":"https:\/\/artisticswimming.ca\/wp-content\/uploads\/2019\/07\/Ready-for-Worlds-2019.jpg","datePublished":"2019-07-11T11:49:55+00:00","dateModified":"2019-07-12T04:15:26+00:00","author":{"@id":"https:\/\/artisticswimming.ca\/fr\/#\/schema\/person\/7d2ab10f01ba748d0dac4f1fbc7df175"},"breadcrumb":{"@id":"https:\/\/artisticswimming.ca\/fr\/team-canada-ready-for-fina-world-championships\/#breadcrumb"},"inLanguage":"fr-FR","potentialAction":[{"@type":"ReadAction","target":["https:\/\/artisticswimming.ca\/fr\/team-canada-ready-for-fina-world-championships\/"]}]},{"@type":"ImageObject","inLanguage":"fr-FR","@id":"https:\/\/artisticswimming.ca\/fr\/team-canada-ready-for-fina-world-championships\/#primaryimage","url":"https:\/\/artisticswimming.ca\/wp-content\/uploads\/2019\/07\/Ready-for-Worlds-2019.jpg","contentUrl":"https:\/\/artisticswimming.ca\/wp-content\/uploads\/2019\/07\/Ready-for-Worlds-2019.jpg","width":1800,"height":750},{"@type":"BreadcrumbList","@id":"https:\/\/artisticswimming.ca\/fr\/team-canada-ready-for-fina-world-championships\/#breadcrumb","itemListElement":[{"@type":"ListItem","position":1,"name":"Home","item":"https:\/\/artisticswimming.ca\/fr\/"},{"@type":"ListItem","position":2,"name":"\u00c9quipe Canada pr\u00eate pour les championnats du monde FINA 2019"}]},{"@type":"WebSite","@id":"https:\/\/artisticswimming.ca\/fr\/#website","url":"https:\/\/artisticswimming.ca\/fr\/","name":"Natation Artistique Canada","description":"","potentialAction":[{"@type":"SearchAction","target":{"@type":"EntryPoint","urlTemplate":"https:\/\/artisticswimming.ca\/fr\/?s={search_term_string}"},"query-input":{"@type":"PropertyValueSpecification","valueRequired":true,"valueName":"search_term_string"}}],"inLanguage":"fr-FR"},{"@type":"Person","@id":"https:\/\/artisticswimming.ca\/fr\/#\/schema\/person\/7d2ab10f01ba748d0dac4f1fbc7df175","name":"synchro","image":{"@type":"ImageObject","inLanguage":"fr-FR","@id":"https:\/\/secure.gravatar.com\/avatar\/4f24abe719ecc22eef668a9e15d4025dca4fa935812f917fcc233935f5e1db5e?s=96&d=mm&r=g","url":"https:\/\/secure.gravatar.com\/avatar\/4f24abe719ecc22eef668a9e15d4025dca4fa935812f917fcc233935f5e1db5e?s=96&d=mm&r=g","contentUrl":"https:\/\/secure.gravatar.com\/avatar\/4f24abe719ecc22eef668a9e15d4025dca4fa935812f917fcc233935f5e1db5e?s=96&d=mm&r=g","caption":"synchro"},"sameAs":["http:\/\/synchro.wpengine.com"],"url":"https:\/\/artisticswimming.ca\/fr\/author\/synchro\/"}]}},"_links":{"self":[{"href":"https:\/\/artisticswimming.ca\/fr\/wp-json\/wp\/v2\/posts\/7413","targetHints":{"allow":["GET"]}}],"collection":[{"href":"https:\/\/artisticswimming.ca\/fr\/wp-json\/wp\/v2\/posts"}],"about":[{"href":"https:\/\/artisticswimming.ca\/fr\/wp-json\/wp\/v2\/types\/post"}],"author":[{"embeddable":true,"href":"https:\/\/artisticswimming.ca\/fr\/wp-json\/wp\/v2\/users\/2"}],"replies":[{"embeddable":true,"href":"https:\/\/artisticswimming.ca\/fr\/wp-json\/wp\/v2\/comments?post=7413"}],"version-history":[{"count":0,"href":"https:\/\/artisticswimming.ca\/fr\/wp-json\/wp\/v2\/posts\/7413\/revisions"}],"wp:featuredmedia":[{"embeddable":true,"href":"https:\/\/artisticswimming.ca\/fr\/wp-json\/wp\/v2\/media\/7412"}],"wp:attachment":[{"href":"https:\/\/artisticswimming.ca\/fr\/wp-json\/wp\/v2\/media?parent=7413"}],"wp:term":[{"taxonomy":"category","embeddable":true,"href":"https:\/\/artisticswimming.ca\/fr\/wp-json\/wp\/v2\/categories?post=7413"},{"taxonomy":"post_tag","embeddable":true,"href":"https:\/\/artisticswimming.ca\/fr\/wp-json\/wp\/v2\/tags?post=7413"}],"curies":[{"name":"wp","href":"https:\/\/api.w.org\/{rel}","templated":true}]}}