{"id":827,"date":"2014-03-18T09:40:45","date_gmt":"2014-03-18T09:40:45","guid":{"rendered":"http:\/\/synchro.wpengine.com\/?p=827&#038;lang=fr"},"modified":"2016-09-08T14:31:53","modified_gmt":"2016-09-08T14:31:53","slug":"lequipe-nationale-canadienne-poursuit-sa-preparation-en-france-du-20-au-22-mars","status":"publish","type":"post","link":"https:\/\/artisticswimming.ca\/fr\/lequipe-nationale-canadienne-poursuit-sa-preparation-en-france-du-20-au-22-mars\/","title":{"rendered":"L&rsquo;\u00c9quipe nationale canadienne poursuit sa pr\u00e9paration en France du 20 au 22 mars"},"content":{"rendered":"<p style=\"text-align: center;\"><em><strong><\/strong><\/em><em><span style=\"font-weight: 400;\">L\u2019Omnium de France MAKE UP FOR EVER 2014 aura lieu \u00e0 Montreuil<\/span><\/em><\/p>\n<p style=\"text-align: justify;\"><span style=\"font-weight: 400;\"><strong>Ottawa, le 18 mars \u00a02014<\/strong> \u2013 Apr\u00e8s les m\u00e9dailles d\u2019argent en \u00e9quipe et de bronze en duo \u00e0 l\u2019Omnium d\u2019Allemagne la fin de semaine derni\u00e8re, l\u2019\u00e9quipe nationale canadienne de nage synchronis\u00e9e poursuivra sa pr\u00e9paration en Europe en participant \u00e0 l\u2019Omnium de France MAKE UP FOR EVER 2014 du 20 au 22 mars \u00e0 Montreuil.<\/span><\/p>\n<p style=\"text-align: justify;\"><span style=\"font-weight: 400;\">Voici les membres de l\u2019\u00e9quipe qui repr\u00e9senteront le pays \u00e0 cette comp\u00e9tition :<\/span><\/p>\n<p style=\"text-align: justify;\"><span style=\"font-weight: 400;\">&#8211;<strong>BALL, Janelle<\/strong> (Dollard-des-Ormeaux, QC) <\/span><\/p>\n<p style=\"text-align: justify;\"><span style=\"font-weight: 400;\">&#8211;<strong>BRISSON, Gabriella<\/strong> (Calgary, AB) \u2013 \u00e9quipe technique, \u00e9quipe libre<\/span><\/p>\n<p style=\"text-align: justify;\"><span style=\"font-weight: 400;\">&#8211;<strong>FRAPPIER, Annabelle<\/strong> (Mont-Saint-Hilaire, QC) \u2013 \u00e9quipe technique, \u00e9quipe libre<\/span><\/p>\n<p style=\"text-align: justify;\"><span style=\"font-weight: 400;\">&#8211;<strong>FR\u00c9CHETTE, Rachel<\/strong> (Deux-Montagnes, QC) <\/span><\/p>\n<p style=\"text-align: justify;\"><span style=\"font-weight: 400;\">&#8211;<strong>GILL, Sandy<\/strong> (Coquitlam, C.-B.) \u2013 \u00e9quipe technique, \u00e9quipe libre<\/span><\/p>\n<p style=\"text-align: justify;\"><span style=\"font-weight: 400;\">&#8211;<strong>HOLZNER, Claudia<\/strong> (Calgary, AB) \u2013 \u00e9quipe technique, \u00e9quipe libre<\/span><\/p>\n<p style=\"text-align: justify;\"><span style=\"font-weight: 400;\">&#8211;<strong>MAULE, Rebecca<\/strong> (Guelph, ON) \u2013 \u00e9quipe technique<\/span><\/p>\n<p style=\"text-align: justify;\"><span style=\"font-weight: 400;\">&#8211;<strong>MIKELBERG, Lisa<\/strong> (Hampstead, QC) \u2013 \u00e9quipe libre<\/span><\/p>\n<p style=\"text-align: justify;\"><span style=\"font-weight: 400;\">&#8211;<strong>MORIN, Marie-Lou<\/strong> (Westmount, QC) \u2013 \u00e9quipe technique, \u00e9quipe libre<\/span><\/p>\n<p style=\"text-align: justify;\"><span style=\"font-weight: 400;\">&#8211;<strong>SCHEIL, Kaylene<\/strong> (Calgary, AB) \u2013 \u00e9quipe technique, \u00e9quipe libre<\/span><\/p>\n<p style=\"text-align: justify;\"><span style=\"font-weight: 400;\">&#8211;<strong>SIMONEAU, Jacqueline<\/strong> \u00a0(Montr\u00e9al, arrondissement St-Laurent, QC) \u2013 solo libre, duo technique, duo libre, \u00e9quipe technique, \u00e9quipe libre<\/span><\/p>\n<p style=\"text-align: justify;\"><span style=\"font-weight: 400;\">&#8211;<strong>THOMAS, Karine<\/strong> (Gatineau, QC) \u2013 duo technique, duo libre<\/span><\/p>\n<p style=\"text-align: justify;\"><span style=\"font-weight: 400;\">Voici l\u2019horaire des comp\u00e9titions pour l\u2019\u00e9quipe canadienne (heure d\u2019Ottawa) :<\/span><\/p>\n<p style=\"text-align: justify;\"><b>Jeudi 20 mars<\/b><\/p>\n<p style=\"text-align: justify;\"><span style=\"font-weight: 400;\">5 h : duo technique \u2013 finale (Jacqueline Simoneau et Karine Thomas)<\/span><\/p>\n<p style=\"text-align: justify;\"><span style=\"font-weight: 400;\">10 h : duo libre \u2013 pr\u00e9lims. (Jacqueline Simoneau et Karine Thomas)<\/span><\/p>\n<p style=\"text-align: justify;\"><b>Vendredi 21 mars<\/b><\/p>\n<p style=\"text-align: justify;\"><span style=\"font-weight: 400;\">10 h : solo libre \u2013 pr\u00e9lims. (Jacqueline Simoneau)<\/span><\/p>\n<p style=\"text-align: justify;\"><span style=\"font-weight: 400;\">15 h 15 : duo libre \u2013 finale (Jacqueline Simoneau et Karine Thomas)<\/span><\/p>\n<p style=\"text-align: justify;\"><b>Samedi 22 mars<\/b><\/p>\n<p style=\"text-align: justify;\"><span style=\"font-weight: 400;\">5 h : \u00e9quipe technique \u2013 finale<\/span><\/p>\n<p style=\"text-align: justify;\"><span style=\"font-weight: 400;\">8 h : solo libre \u2013 finale (Jacqueline Simoneau)<\/span><\/p>\n<p style=\"text-align: justify;\"><span style=\"font-weight: 400;\">11 h : \u00e9quipe libre &#8211; finale<\/span><\/p>\n<p style=\"text-align: justify;\"><span style=\"font-weight: 400;\">Elles seront accompagn\u00e9es de l\u2019entra\u00eeneure en chef de l\u2019\u00e9quipe nationale senior <strong>Meng Chen<\/strong> et de son assistante <strong>Anastassia Goutseva<\/strong>.<\/span><\/p>\n<p style=\"text-align: justify;\"><span style=\"font-weight: 400;\"><strong>Louise Kennedy<\/strong> et <strong>Dot Padget<\/strong> participeront \u00e9galement \u00e0 cet \u00e9v\u00e9nement en tant que juges.<\/span><\/p>\n<p style=\"text-align: justify;\"><span style=\"font-weight: 400;\">Des informations suppl\u00e9mentaires sur l\u2019\u00e9v\u00e9nement ainsi que la biographie compl\u00e8te des nageuses sont disponibles sur le site Internet de Synchro Canada au <strong>www.synchro.ca<\/strong>. <\/span><\/p>\n<p style=\"text-align: justify;\">\n<p style=\"text-align: justify;\"><b>\u00c0 propos de Synchro Canada<\/b><\/p>\n<p style=\"text-align: justify;\"><span style=\"font-weight: 400;\">Synchro Canada est l\u2019organisme national qui r\u00e9git le sport de la nage synchronis\u00e9e au Canada. \u00a0Il repr\u00e9sente dix associations provinciales et une association territoriale ainsi que pr\u00e8s de 150 clubs et plus de 12 000 membres \u00e0 travers le Canada. Membre de la FINA, l\u2019organisme mondial directeur des sports aquatiques, Synchro Canada favorise la poursuite de l\u2019excellence tout en d\u00e9veloppant des athl\u00e8tes, des citoyens et des ambassadeurs du sport de la nage synchronis\u00e9e \u00e0 tous les niveaux.<\/span><\/p>\n<p style=\"text-align: justify;\"><span style=\"font-weight: 400;\"> Synchro Canada d\u00e9sire remercier ses commanditaires et partenaires : <\/span><\/p>\n<p style=\"text-align: justify;\"><b>Partenaires de ses programmes :<\/b><span style=\"font-weight: 400;\"> Sport Canada, \u00c0 nous le podium, l\u2019Institut national du sport du Qu\u00e9bec<\/span><\/p>\n<p style=\"text-align: justify;\"><b>Fournisseur officiel aquatique :<\/b><span style=\"font-weight: 400;\"> Speedo Canada<\/span><\/p>\n<p style=\"text-align: justify;\"><b>Maquillage officiel :<\/b><span style=\"font-weight: 400;\"> MAKE UP FOR EVER<\/span><\/p>\n<p style=\"text-align: justify;\"><b>Fournisseurs officiels :<\/b><span style=\"font-weight: 400;\"> Knox Gelatine, AdUp, National Car Rental <\/span><\/p>\n<p style=\"text-align: justify;\"><b>H\u00f4tel officiel :<\/b><span style=\"font-weight: 400;\"> Hilton Worldwide<\/span><\/p>\n<p style=\"text-align: justify;\"><span style=\"font-weight: 400;\">Pour plus de renseignements, consultez le site Internet de Synchro Canada au www.synchro.ca ou abonnez-vous aux m\u00e9dias sociaux de Synchro Canada : Twitter, Facebook et YouTube. <\/span><\/p>\n<p style=\"text-align: center;\"><span style=\"font-weight: 400;\">&#8211; 30 &#8211;<\/span><\/p>\n<p style=\"text-align: justify;\"><b>Pour information :<\/b><\/p>\n<p style=\"text-align: justify;\"><span style=\"font-weight: 400;\">Patrick Godbout<\/span><\/p>\n<p style=\"text-align: justify;\"><span style=\"font-weight: 400;\">Synchro Canada<\/span><\/p>\n<p style=\"text-align: justify;\"><span style=\"font-weight: 400;\">Gestionnaire des communications<\/span><\/p>\n<p style=\"text-align: justify;\"><span style=\"font-weight: 400;\">Courriel : <\/span><b>patrick@synchro.ca<\/b><\/p>\n<p style=\"text-align: justify;\"><span style=\"font-weight: 400;\">T\u00e9l\u00e9phone : 514 213-9897<\/span><\/p>\n<p style=\"text-align: justify;\"><span style=\"font-weight: 400;\">Site Internet : www.synchro.ca \u00a0<\/span><\/p>\n<p style=\"text-align: justify;\"><span style=\"font-weight: 400;\">Facebook : www.facebook.com\/synchrocanada <\/span><\/p>\n<p style=\"text-align: justify;\"><span style=\"font-weight: 400;\">Twitter : www.twitter.com\/synchrocanada<\/span><\/p>\n","protected":false},"excerpt":{"rendered":"<p>L\u2019Omnium de France MAKE UP FOR EVER 2014 aura lieu \u00e0 Montreuil Ottawa, le 18 mars \u00a02014 \u2013 Apr\u00e8s les m\u00e9dailles d\u2019argent en \u00e9quipe et de bronze en duo \u00e0 l\u2019Omnium d\u2019Allemagne la fin de semaine derni\u00e8re, l\u2019\u00e9quipe nationale canadienne de <a href=\"https:\/\/artisticswimming.ca\/fr\/lequipe-nationale-canadienne-poursuit-sa-preparation-en-france-du-20-au-22-mars\/\"> [&#8230;]<\/a><\/p>\n","protected":false},"author":3,"featured_media":0,"comment_status":"open","ping_status":"open","sticky":false,"template":"","format":"standard","meta":{"_acf_changed":false,"footnotes":""},"categories":[87,79],"tags":[],"class_list":["post-827","post","type-post","status-publish","format-standard","hentry","category-competition-fr","category-equipe-nationale-senior"],"acf":[],"yoast_head":"<!-- This site is optimized with the Yoast SEO plugin v27.2 - https:\/\/yoast.com\/product\/yoast-seo-wordpress\/ -->\n<title>L&#039;\u00c9quipe nationale canadienne poursuit sa pr\u00e9paration en France du 20 au 22 mars - Natation Artistique Canada<\/title>\n<meta name=\"robots\" content=\"index, follow, max-snippet:-1, max-image-preview:large, max-video-preview:-1\" \/>\n<link rel=\"canonical\" href=\"https:\/\/artisticswimming.ca\/fr\/lequipe-nationale-canadienne-poursuit-sa-preparation-en-france-du-20-au-22-mars\/\" \/>\n<meta property=\"og:locale\" content=\"fr_FR\" \/>\n<meta property=\"og:type\" content=\"article\" \/>\n<meta property=\"og:title\" content=\"L&#039;\u00c9quipe nationale canadienne poursuit sa pr\u00e9paration en France du 20 au 22 mars - Natation Artistique Canada\" \/>\n<meta property=\"og:description\" content=\"L\u2019Omnium de France MAKE UP FOR EVER 2014 aura lieu \u00e0 Montreuil Ottawa, le 18 mars \u00a02014 \u2013 Apr\u00e8s les m\u00e9dailles d\u2019argent en \u00e9quipe et de bronze en duo \u00e0 l\u2019Omnium d\u2019Allemagne la fin de semaine derni\u00e8re, l\u2019\u00e9quipe nationale canadienne de [...]\" \/>\n<meta property=\"og:url\" content=\"https:\/\/artisticswimming.ca\/fr\/lequipe-nationale-canadienne-poursuit-sa-preparation-en-france-du-20-au-22-mars\/\" \/>\n<meta property=\"og:site_name\" content=\"Natation Artistique Canada\" \/>\n<meta property=\"article:published_time\" content=\"2014-03-18T09:40:45+00:00\" \/>\n<meta property=\"article:modified_time\" content=\"2016-09-08T14:31:53+00:00\" \/>\n<meta name=\"author\" content=\"Myriam Cote\" \/>\n<meta name=\"twitter:card\" content=\"summary_large_image\" \/>\n<meta name=\"twitter:label1\" content=\"\u00c9crit par\" \/>\n\t<meta name=\"twitter:data1\" content=\"Myriam Cote\" \/>\n\t<meta name=\"twitter:label2\" content=\"Dur\u00e9e de lecture estim\u00e9e\" \/>\n\t<meta name=\"twitter:data2\" content=\"3 minutes\" \/>\n<script type=\"application\/ld+json\" class=\"yoast-schema-graph\">{\"@context\":\"https:\/\/schema.org\",\"@graph\":[{\"@type\":\"Article\",\"@id\":\"https:\/\/artisticswimming.ca\/fr\/lequipe-nationale-canadienne-poursuit-sa-preparation-en-france-du-20-au-22-mars\/#article\",\"isPartOf\":{\"@id\":\"https:\/\/artisticswimming.ca\/fr\/lequipe-nationale-canadienne-poursuit-sa-preparation-en-france-du-20-au-22-mars\/\"},\"author\":{\"name\":\"Myriam Cote\",\"@id\":\"https:\/\/artisticswimming.ca\/fr\/#\/schema\/person\/76d6c2c9954d56641f9210cc7427bc76\"},\"headline\":\"L&rsquo;\u00c9quipe nationale canadienne poursuit sa pr\u00e9paration en France du 20 au 22 mars\",\"datePublished\":\"2014-03-18T09:40:45+00:00\",\"dateModified\":\"2016-09-08T14:31:53+00:00\",\"mainEntityOfPage\":{\"@id\":\"https:\/\/artisticswimming.ca\/fr\/lequipe-nationale-canadienne-poursuit-sa-preparation-en-france-du-20-au-22-mars\/\"},\"wordCount\":521,\"commentCount\":0,\"articleSection\":[\"Comp\u00e9tition\",\"\u00c9quipe nationale senior\"],\"inLanguage\":\"fr-FR\",\"potentialAction\":[{\"@type\":\"CommentAction\",\"name\":\"Comment\",\"target\":[\"https:\/\/artisticswimming.ca\/fr\/lequipe-nationale-canadienne-poursuit-sa-preparation-en-france-du-20-au-22-mars\/#respond\"]}]},{\"@type\":\"WebPage\",\"@id\":\"https:\/\/artisticswimming.ca\/fr\/lequipe-nationale-canadienne-poursuit-sa-preparation-en-france-du-20-au-22-mars\/\",\"url\":\"https:\/\/artisticswimming.ca\/fr\/lequipe-nationale-canadienne-poursuit-sa-preparation-en-france-du-20-au-22-mars\/\",\"name\":\"L'\u00c9quipe nationale canadienne poursuit sa pr\u00e9paration en France du 20 au 22 mars - Natation Artistique Canada\",\"isPartOf\":{\"@id\":\"https:\/\/artisticswimming.ca\/fr\/#website\"},\"datePublished\":\"2014-03-18T09:40:45+00:00\",\"dateModified\":\"2016-09-08T14:31:53+00:00\",\"author\":{\"@id\":\"https:\/\/artisticswimming.ca\/fr\/#\/schema\/person\/76d6c2c9954d56641f9210cc7427bc76\"},\"breadcrumb\":{\"@id\":\"https:\/\/artisticswimming.ca\/fr\/lequipe-nationale-canadienne-poursuit-sa-preparation-en-france-du-20-au-22-mars\/#breadcrumb\"},\"inLanguage\":\"fr-FR\",\"potentialAction\":[{\"@type\":\"ReadAction\",\"target\":[\"https:\/\/artisticswimming.ca\/fr\/lequipe-nationale-canadienne-poursuit-sa-preparation-en-france-du-20-au-22-mars\/\"]}]},{\"@type\":\"BreadcrumbList\",\"@id\":\"https:\/\/artisticswimming.ca\/fr\/lequipe-nationale-canadienne-poursuit-sa-preparation-en-france-du-20-au-22-mars\/#breadcrumb\",\"itemListElement\":[{\"@type\":\"ListItem\",\"position\":1,\"name\":\"Home\",\"item\":\"https:\/\/artisticswimming.ca\/fr\/\"},{\"@type\":\"ListItem\",\"position\":2,\"name\":\"L&#8217;\u00c9quipe nationale canadienne poursuit sa pr\u00e9paration en France du 20 au 22 mars\"}]},{\"@type\":\"WebSite\",\"@id\":\"https:\/\/artisticswimming.ca\/fr\/#website\",\"url\":\"https:\/\/artisticswimming.ca\/fr\/\",\"name\":\"Natation Artistique Canada\",\"description\":\"\",\"potentialAction\":[{\"@type\":\"SearchAction\",\"target\":{\"@type\":\"EntryPoint\",\"urlTemplate\":\"https:\/\/artisticswimming.ca\/fr\/?s={search_term_string}\"},\"query-input\":{\"@type\":\"PropertyValueSpecification\",\"valueRequired\":true,\"valueName\":\"search_term_string\"}}],\"inLanguage\":\"fr-FR\"},{\"@type\":\"Person\",\"@id\":\"https:\/\/artisticswimming.ca\/fr\/#\/schema\/person\/76d6c2c9954d56641f9210cc7427bc76\",\"name\":\"Myriam Cote\",\"image\":{\"@type\":\"ImageObject\",\"inLanguage\":\"fr-FR\",\"@id\":\"https:\/\/secure.gravatar.com\/avatar\/9636d581f11fe1ce5c868617703e52ebeddf65bc5ba83eda388709ba9ad9da61?s=96&d=mm&r=g\",\"url\":\"https:\/\/secure.gravatar.com\/avatar\/9636d581f11fe1ce5c868617703e52ebeddf65bc5ba83eda388709ba9ad9da61?s=96&d=mm&r=g\",\"contentUrl\":\"https:\/\/secure.gravatar.com\/avatar\/9636d581f11fe1ce5c868617703e52ebeddf65bc5ba83eda388709ba9ad9da61?s=96&d=mm&r=g\",\"caption\":\"Myriam Cote\"},\"url\":\"https:\/\/artisticswimming.ca\/fr\/author\/myriam\/\"}]}<\/script>\n<!-- \/ Yoast SEO plugin. -->","yoast_head_json":{"title":"L'\u00c9quipe nationale canadienne poursuit sa pr\u00e9paration en France du 20 au 22 mars - Natation Artistique Canada","robots":{"index":"index","follow":"follow","max-snippet":"max-snippet:-1","max-image-preview":"max-image-preview:large","max-video-preview":"max-video-preview:-1"},"canonical":"https:\/\/artisticswimming.ca\/fr\/lequipe-nationale-canadienne-poursuit-sa-preparation-en-france-du-20-au-22-mars\/","og_locale":"fr_FR","og_type":"article","og_title":"L'\u00c9quipe nationale canadienne poursuit sa pr\u00e9paration en France du 20 au 22 mars - Natation Artistique Canada","og_description":"L\u2019Omnium de France MAKE UP FOR EVER 2014 aura lieu \u00e0 Montreuil Ottawa, le 18 mars \u00a02014 \u2013 Apr\u00e8s les m\u00e9dailles d\u2019argent en \u00e9quipe et de bronze en duo \u00e0 l\u2019Omnium d\u2019Allemagne la fin de semaine derni\u00e8re, l\u2019\u00e9quipe nationale canadienne de [...]","og_url":"https:\/\/artisticswimming.ca\/fr\/lequipe-nationale-canadienne-poursuit-sa-preparation-en-france-du-20-au-22-mars\/","og_site_name":"Natation Artistique Canada","article_published_time":"2014-03-18T09:40:45+00:00","article_modified_time":"2016-09-08T14:31:53+00:00","author":"Myriam Cote","twitter_card":"summary_large_image","twitter_misc":{"\u00c9crit par":"Myriam Cote","Dur\u00e9e de lecture estim\u00e9e":"3 minutes"},"schema":{"@context":"https:\/\/schema.org","@graph":[{"@type":"Article","@id":"https:\/\/artisticswimming.ca\/fr\/lequipe-nationale-canadienne-poursuit-sa-preparation-en-france-du-20-au-22-mars\/#article","isPartOf":{"@id":"https:\/\/artisticswimming.ca\/fr\/lequipe-nationale-canadienne-poursuit-sa-preparation-en-france-du-20-au-22-mars\/"},"author":{"name":"Myriam Cote","@id":"https:\/\/artisticswimming.ca\/fr\/#\/schema\/person\/76d6c2c9954d56641f9210cc7427bc76"},"headline":"L&rsquo;\u00c9quipe nationale canadienne poursuit sa pr\u00e9paration en France du 20 au 22 mars","datePublished":"2014-03-18T09:40:45+00:00","dateModified":"2016-09-08T14:31:53+00:00","mainEntityOfPage":{"@id":"https:\/\/artisticswimming.ca\/fr\/lequipe-nationale-canadienne-poursuit-sa-preparation-en-france-du-20-au-22-mars\/"},"wordCount":521,"commentCount":0,"articleSection":["Comp\u00e9tition","\u00c9quipe nationale senior"],"inLanguage":"fr-FR","potentialAction":[{"@type":"CommentAction","name":"Comment","target":["https:\/\/artisticswimming.ca\/fr\/lequipe-nationale-canadienne-poursuit-sa-preparation-en-france-du-20-au-22-mars\/#respond"]}]},{"@type":"WebPage","@id":"https:\/\/artisticswimming.ca\/fr\/lequipe-nationale-canadienne-poursuit-sa-preparation-en-france-du-20-au-22-mars\/","url":"https:\/\/artisticswimming.ca\/fr\/lequipe-nationale-canadienne-poursuit-sa-preparation-en-france-du-20-au-22-mars\/","name":"L'\u00c9quipe nationale canadienne poursuit sa pr\u00e9paration en France du 20 au 22 mars - Natation Artistique Canada","isPartOf":{"@id":"https:\/\/artisticswimming.ca\/fr\/#website"},"datePublished":"2014-03-18T09:40:45+00:00","dateModified":"2016-09-08T14:31:53+00:00","author":{"@id":"https:\/\/artisticswimming.ca\/fr\/#\/schema\/person\/76d6c2c9954d56641f9210cc7427bc76"},"breadcrumb":{"@id":"https:\/\/artisticswimming.ca\/fr\/lequipe-nationale-canadienne-poursuit-sa-preparation-en-france-du-20-au-22-mars\/#breadcrumb"},"inLanguage":"fr-FR","potentialAction":[{"@type":"ReadAction","target":["https:\/\/artisticswimming.ca\/fr\/lequipe-nationale-canadienne-poursuit-sa-preparation-en-france-du-20-au-22-mars\/"]}]},{"@type":"BreadcrumbList","@id":"https:\/\/artisticswimming.ca\/fr\/lequipe-nationale-canadienne-poursuit-sa-preparation-en-france-du-20-au-22-mars\/#breadcrumb","itemListElement":[{"@type":"ListItem","position":1,"name":"Home","item":"https:\/\/artisticswimming.ca\/fr\/"},{"@type":"ListItem","position":2,"name":"L&#8217;\u00c9quipe nationale canadienne poursuit sa pr\u00e9paration en France du 20 au 22 mars"}]},{"@type":"WebSite","@id":"https:\/\/artisticswimming.ca\/fr\/#website","url":"https:\/\/artisticswimming.ca\/fr\/","name":"Natation Artistique Canada","description":"","potentialAction":[{"@type":"SearchAction","target":{"@type":"EntryPoint","urlTemplate":"https:\/\/artisticswimming.ca\/fr\/?s={search_term_string}"},"query-input":{"@type":"PropertyValueSpecification","valueRequired":true,"valueName":"search_term_string"}}],"inLanguage":"fr-FR"},{"@type":"Person","@id":"https:\/\/artisticswimming.ca\/fr\/#\/schema\/person\/76d6c2c9954d56641f9210cc7427bc76","name":"Myriam Cote","image":{"@type":"ImageObject","inLanguage":"fr-FR","@id":"https:\/\/secure.gravatar.com\/avatar\/9636d581f11fe1ce5c868617703e52ebeddf65bc5ba83eda388709ba9ad9da61?s=96&d=mm&r=g","url":"https:\/\/secure.gravatar.com\/avatar\/9636d581f11fe1ce5c868617703e52ebeddf65bc5ba83eda388709ba9ad9da61?s=96&d=mm&r=g","contentUrl":"https:\/\/secure.gravatar.com\/avatar\/9636d581f11fe1ce5c868617703e52ebeddf65bc5ba83eda388709ba9ad9da61?s=96&d=mm&r=g","caption":"Myriam Cote"},"url":"https:\/\/artisticswimming.ca\/fr\/author\/myriam\/"}]}},"_links":{"self":[{"href":"https:\/\/artisticswimming.ca\/fr\/wp-json\/wp\/v2\/posts\/827","targetHints":{"allow":["GET"]}}],"collection":[{"href":"https:\/\/artisticswimming.ca\/fr\/wp-json\/wp\/v2\/posts"}],"about":[{"href":"https:\/\/artisticswimming.ca\/fr\/wp-json\/wp\/v2\/types\/post"}],"author":[{"embeddable":true,"href":"https:\/\/artisticswimming.ca\/fr\/wp-json\/wp\/v2\/users\/3"}],"replies":[{"embeddable":true,"href":"https:\/\/artisticswimming.ca\/fr\/wp-json\/wp\/v2\/comments?post=827"}],"version-history":[{"count":0,"href":"https:\/\/artisticswimming.ca\/fr\/wp-json\/wp\/v2\/posts\/827\/revisions"}],"wp:attachment":[{"href":"https:\/\/artisticswimming.ca\/fr\/wp-json\/wp\/v2\/media?parent=827"}],"wp:term":[{"taxonomy":"category","embeddable":true,"href":"https:\/\/artisticswimming.ca\/fr\/wp-json\/wp\/v2\/categories?post=827"},{"taxonomy":"post_tag","embeddable":true,"href":"https:\/\/artisticswimming.ca\/fr\/wp-json\/wp\/v2\/tags?post=827"}],"curies":[{"name":"wp","href":"https:\/\/api.w.org\/{rel}","templated":true}]}}