{"id":841,"date":"2014-03-15T14:37:58","date_gmt":"2014-03-15T14:37:58","guid":{"rendered":"http:\/\/synchro.wpengine.com\/?p=841&#038;lang=fr"},"modified":"2016-09-08T14:32:23","modified_gmt":"2016-09-08T14:32:23","slug":"brillants-debuts-internationaux-seniors-en-solo-pour-la-nageuse-synchronisee-jacqueline-simoneau-a-lomnium-dallemagne","status":"publish","type":"post","link":"https:\/\/artisticswimming.ca\/fr\/brillants-debuts-internationaux-seniors-en-solo-pour-la-nageuse-synchronisee-jacqueline-simoneau-a-lomnium-dallemagne\/","title":{"rendered":"Brillants d\u00e9buts internationaux seniors en solo pour la nageuse synchronis\u00e9e Jacqueline Simoneau \u00e0 l&rsquo;Omnium d&rsquo;Allemagne"},"content":{"rendered":"<p style=\"text-align: justify;\"><span style=\"font-weight: 400;\"><strong>Bonn, le 15 mars 2014<\/strong> &#8211; <strong>Jacqueline Simoneau<\/strong>, de Montr\u00e9al, a fait des d\u00e9buts internationaux seniors impressionnants, samedi, en se classant deuxi\u00e8me dans le programme libre en solo \u00e0 l\u2019Omnium d\u2019Allemagne de nage synchronis\u00e9e.<\/span><\/p>\n<p style=\"text-align: justify;\"><span style=\"font-weight: 400;\">Simoneau, \u00e2g\u00e9e de 17 ans, a obtenu 89,0667 points, \u00e0 moins de deux de l\u2019olympienne <strong>Yukiko Inui<\/strong>, du Japon, premi\u00e8re avec 91,1000 points.<\/span><\/p>\n<p style=\"text-align: justify;\"><span style=\"font-weight: 400;\"> \u00ab J\u2019ai vraiment bien nag\u00e9 aujourd\u2019hui. C\u2019\u00e9tait une de mes meilleures performances \u00bb, a dit Simoneau, m\u00e9daill\u00e9e de bronze en solo aux Championnats du monde junior de la FINA 2012.<\/span><\/p>\n<p style=\"text-align: justify;\"><span style=\"font-weight: 400;\">\u00ab Il y a encore des choses sur lesquelles je dois travailler pour ma nage de demain. En g\u00e9n\u00e9ral je pense que c\u2019est un bon d\u00e9part pour mon ann\u00e9e de comp\u00e9tition. \u00bb<\/span><\/p>\n<p style=\"text-align: justify;\"><span style=\"font-weight: 400;\">Simoneau s\u2019est assur\u00e9e d\u2019\u00eatre bien pr\u00e9par\u00e9e pour cette comp\u00e9tition en fin de semaine.<\/span><\/p>\n<p style=\"text-align: justify;\"><span style=\"font-weight: 400;\">\u00ab J\u2019avais h\u00e2te de montrer ma nouvelle routine en solo. Nous avons mis beaucoup d\u2019heures pour la chor\u00e9graphie et les juges l\u2019ont appr\u00e9ci\u00e9e. \u00bb<\/span><\/p>\n<p style=\"text-align: justify;\"><span style=\"font-weight: 400;\"><strong>Linda Cerruti<\/strong>, d\u2019Italie, a termin\u00e9 troisi\u00e8me avec \u00a087,7333 points.<\/span><\/p>\n<p style=\"text-align: justify;\"><span style=\"font-weight: 400;\">Simoneau n\u2019a pas particip\u00e9 au programme technique de vendredi, elle n\u2019est donc pas admissible pour la finale de dimanche. Elle nagera sa routine libre de nouveau dimanche dans la pr\u00e9-nage avant la finale.<\/span><\/p>\n<p style=\"text-align: justify;\"><b>Troisi\u00e8mes en duo<\/b><\/p>\n<p style=\"text-align: justify;\"><span style=\"font-weight: 400;\">Simoneau et <strong>Karine Thomas<\/strong>, de Gatineau, sont demeur\u00e9es troisi\u00e8mes apr\u00e8s le programme libre en duo, samedi. Elles viseront une m\u00e9daille dimanche.<\/span><\/p>\n<p style=\"text-align: justify;\"><span style=\"font-weight: 400;\">\u00ab Cela s\u2019est bien pass\u00e9 pour nous, mais je pense que nous pouvons d\u00e9finitivement am\u00e9liorer notre performance dans la finale \u00bb, a dit Thomas. \u00ab Nous devons commencer plus fort. Notre routine libre a beaucoup de difficult\u00e9s et nous voulons montrer tous nos points forts.\u00bb <\/span><\/p>\n<p style=\"text-align: justify;\"><span style=\"font-weight: 400;\"><strong>Xuechen Huang et Wenyen Sun<\/strong>, de la Chine, sont en t\u00eate avec 183,7300 points. <strong>Inui et Risako Mitsui<\/strong>, du Japon, sont deuxi\u00e8mes avec 177,9807 et les Canadiennes ont 175,0502 points.<\/span><\/p>\n<p style=\"text-align: justify;\"><span style=\"font-weight: 400;\">La comp\u00e9tition se poursuivra jusqu\u2019\u00e0 dimanche.<\/span><\/p>\n<p style=\"text-align: justify;\">\n<p style=\"text-align: justify;\"><b>\u00c0 propos de Synchro Canada<\/b><\/p>\n<p style=\"text-align: justify;\"><span style=\"font-weight: 400;\">Synchro Canada est l\u2019organisme national qui r\u00e9git le sport de la nage synchronis\u00e9e au Canada. \u00a0Il repr\u00e9sente dix associations provinciales et une association territoriale ainsi que pr\u00e8s de 150 clubs et plus de 12 000 membres \u00e0 travers le Canada. Membre de la FINA, l\u2019organisme mondial directeur des sports aquatiques, Synchro Canada favorise la poursuite de l\u2019excellence tout en d\u00e9veloppant des athl\u00e8tes, des citoyens et des ambassadeurs du sport de la nage synchronis\u00e9e \u00e0 tous les niveaux. <\/span><\/p>\n<p style=\"text-align: justify;\"><span style=\"font-weight: 400;\">Synchro Canada d\u00e9sire remercier ses commanditaires et partenaires : <\/span><\/p>\n<p style=\"text-align: justify;\"><b>Partenaires de ses programmes :<\/b><span style=\"font-weight: 400;\"> Sport Canada, \u00c0 nous le podium, l\u2019Institut national du sport du Qu\u00e9bec<\/span><\/p>\n<p style=\"text-align: justify;\"><b>Fournisseur officiel aquatique :<\/b><span style=\"font-weight: 400;\"> Speedo Canada<\/span><\/p>\n<p style=\"text-align: justify;\"><b>Maquillage officiel :<\/b><span style=\"font-weight: 400;\"> MAKE UP FOR EVER<\/span><\/p>\n<p style=\"text-align: justify;\"><b>Fournisseurs officiels :<\/b><span style=\"font-weight: 400;\"> Knox Gelatine, AdUp, National Car Rental <\/span><\/p>\n<p style=\"text-align: justify;\"><b>H\u00f4tel officiel :<\/b><span style=\"font-weight: 400;\"> Hilton Worldwide<\/span><\/p>\n<p style=\"text-align: justify;\">Pour plus de renseignements, consultez le site Internet de Synchro Canada au www.synchro.ca ou abonnez-vous aux m\u00e9dias sociaux de Synchro Canada : Twitter, Facebook et YouTube.<\/p>\n<p style=\"text-align: center;\"><span style=\"font-weight: 400;\">&#8211; 30 &#8211;<\/span><\/p>\n<p style=\"text-align: justify;\"><b>Pour information :<\/b><\/p>\n<p style=\"text-align: justify;\"><span style=\"font-weight: 400;\">Patrick Godbout<\/span><\/p>\n<p style=\"text-align: justify;\"><span style=\"font-weight: 400;\">Synchro Canada<\/span><\/p>\n<p style=\"text-align: justify;\"><span style=\"font-weight: 400;\">Gestionnaire des communications<\/span><\/p>\n<p style=\"text-align: justify;\"><span style=\"font-weight: 400;\">Courriel : <\/span><b>patrick@synchro.ca<\/b><\/p>\n<p style=\"text-align: justify;\"><span style=\"font-weight: 400;\">T\u00e9l\u00e9phone : 514 213-9897<\/span><\/p>\n<p style=\"text-align: justify;\"><span style=\"font-weight: 400;\">Site Internet : www.synchro.ca \u00a0<\/span><\/p>\n<p style=\"text-align: justify;\"><span style=\"font-weight: 400;\">Facebook : www.facebook.com\/synchrocanada <\/span><\/p>\n<p style=\"text-align: justify;\"><span style=\"font-weight: 400;\">Twitter : www.twitter.com\/synchrocanada<\/span><\/p>\n","protected":false},"excerpt":{"rendered":"<p>Bonn, le 15 mars 2014 &#8211; Jacqueline Simoneau, de Montr\u00e9al, a fait des d\u00e9buts internationaux seniors impressionnants, samedi, en se classant deuxi\u00e8me dans le programme libre en solo \u00e0 l\u2019Omnium d\u2019Allemagne de nage synchronis\u00e9e. Simoneau, \u00e2g\u00e9e de 17 ans, a obtenu <a href=\"https:\/\/artisticswimming.ca\/fr\/brillants-debuts-internationaux-seniors-en-solo-pour-la-nageuse-synchronisee-jacqueline-simoneau-a-lomnium-dallemagne\/\"> [&#8230;]<\/a><\/p>\n","protected":false},"author":3,"featured_media":0,"comment_status":"open","ping_status":"open","sticky":false,"template":"","format":"standard","meta":{"_acf_changed":false,"footnotes":""},"categories":[87,79],"tags":[],"class_list":["post-841","post","type-post","status-publish","format-standard","hentry","category-competition-fr","category-equipe-nationale-senior"],"acf":[],"yoast_head":"<!-- This site is optimized with the Yoast SEO plugin v27.2 - https:\/\/yoast.com\/product\/yoast-seo-wordpress\/ -->\n<title>Brillants d\u00e9buts internationaux seniors en solo pour la nageuse synchronis\u00e9e Jacqueline Simoneau \u00e0 l&#039;Omnium d&#039;Allemagne - Natation Artistique Canada<\/title>\n<meta name=\"robots\" content=\"index, follow, max-snippet:-1, max-image-preview:large, max-video-preview:-1\" \/>\n<link rel=\"canonical\" href=\"https:\/\/artisticswimming.ca\/fr\/brillants-debuts-internationaux-seniors-en-solo-pour-la-nageuse-synchronisee-jacqueline-simoneau-a-lomnium-dallemagne\/\" \/>\n<meta property=\"og:locale\" content=\"fr_FR\" \/>\n<meta property=\"og:type\" content=\"article\" \/>\n<meta property=\"og:title\" content=\"Brillants d\u00e9buts internationaux seniors en solo pour la nageuse synchronis\u00e9e Jacqueline Simoneau \u00e0 l&#039;Omnium d&#039;Allemagne - Natation Artistique Canada\" \/>\n<meta property=\"og:description\" content=\"Bonn, le 15 mars 2014 &#8211; Jacqueline Simoneau, de Montr\u00e9al, a fait des d\u00e9buts internationaux seniors impressionnants, samedi, en se classant deuxi\u00e8me dans le programme libre en solo \u00e0 l\u2019Omnium d\u2019Allemagne de nage synchronis\u00e9e. Simoneau, \u00e2g\u00e9e de 17 ans, a obtenu [...]\" \/>\n<meta property=\"og:url\" content=\"https:\/\/artisticswimming.ca\/fr\/brillants-debuts-internationaux-seniors-en-solo-pour-la-nageuse-synchronisee-jacqueline-simoneau-a-lomnium-dallemagne\/\" \/>\n<meta property=\"og:site_name\" content=\"Natation Artistique Canada\" \/>\n<meta property=\"article:published_time\" content=\"2014-03-15T14:37:58+00:00\" \/>\n<meta property=\"article:modified_time\" content=\"2016-09-08T14:32:23+00:00\" \/>\n<meta name=\"author\" content=\"Myriam Cote\" \/>\n<meta name=\"twitter:card\" content=\"summary_large_image\" \/>\n<meta name=\"twitter:label1\" content=\"\u00c9crit par\" \/>\n\t<meta name=\"twitter:data1\" content=\"Myriam Cote\" \/>\n\t<meta name=\"twitter:label2\" content=\"Dur\u00e9e de lecture estim\u00e9e\" \/>\n\t<meta name=\"twitter:data2\" content=\"3 minutes\" \/>\n<script type=\"application\/ld+json\" class=\"yoast-schema-graph\">{\"@context\":\"https:\/\/schema.org\",\"@graph\":[{\"@type\":\"Article\",\"@id\":\"https:\/\/artisticswimming.ca\/fr\/brillants-debuts-internationaux-seniors-en-solo-pour-la-nageuse-synchronisee-jacqueline-simoneau-a-lomnium-dallemagne\/#article\",\"isPartOf\":{\"@id\":\"https:\/\/artisticswimming.ca\/fr\/brillants-debuts-internationaux-seniors-en-solo-pour-la-nageuse-synchronisee-jacqueline-simoneau-a-lomnium-dallemagne\/\"},\"author\":{\"name\":\"Myriam Cote\",\"@id\":\"https:\/\/artisticswimming.ca\/fr\/#\/schema\/person\/76d6c2c9954d56641f9210cc7427bc76\"},\"headline\":\"Brillants d\u00e9buts internationaux seniors en solo pour la nageuse synchronis\u00e9e Jacqueline Simoneau \u00e0 l&rsquo;Omnium d&rsquo;Allemagne\",\"datePublished\":\"2014-03-15T14:37:58+00:00\",\"dateModified\":\"2016-09-08T14:32:23+00:00\",\"mainEntityOfPage\":{\"@id\":\"https:\/\/artisticswimming.ca\/fr\/brillants-debuts-internationaux-seniors-en-solo-pour-la-nageuse-synchronisee-jacqueline-simoneau-a-lomnium-dallemagne\/\"},\"wordCount\":546,\"commentCount\":0,\"articleSection\":[\"Comp\u00e9tition\",\"\u00c9quipe nationale senior\"],\"inLanguage\":\"fr-FR\",\"potentialAction\":[{\"@type\":\"CommentAction\",\"name\":\"Comment\",\"target\":[\"https:\/\/artisticswimming.ca\/fr\/brillants-debuts-internationaux-seniors-en-solo-pour-la-nageuse-synchronisee-jacqueline-simoneau-a-lomnium-dallemagne\/#respond\"]}]},{\"@type\":\"WebPage\",\"@id\":\"https:\/\/artisticswimming.ca\/fr\/brillants-debuts-internationaux-seniors-en-solo-pour-la-nageuse-synchronisee-jacqueline-simoneau-a-lomnium-dallemagne\/\",\"url\":\"https:\/\/artisticswimming.ca\/fr\/brillants-debuts-internationaux-seniors-en-solo-pour-la-nageuse-synchronisee-jacqueline-simoneau-a-lomnium-dallemagne\/\",\"name\":\"Brillants d\u00e9buts internationaux seniors en solo pour la nageuse synchronis\u00e9e Jacqueline Simoneau \u00e0 l'Omnium d'Allemagne - Natation Artistique Canada\",\"isPartOf\":{\"@id\":\"https:\/\/artisticswimming.ca\/fr\/#website\"},\"datePublished\":\"2014-03-15T14:37:58+00:00\",\"dateModified\":\"2016-09-08T14:32:23+00:00\",\"author\":{\"@id\":\"https:\/\/artisticswimming.ca\/fr\/#\/schema\/person\/76d6c2c9954d56641f9210cc7427bc76\"},\"breadcrumb\":{\"@id\":\"https:\/\/artisticswimming.ca\/fr\/brillants-debuts-internationaux-seniors-en-solo-pour-la-nageuse-synchronisee-jacqueline-simoneau-a-lomnium-dallemagne\/#breadcrumb\"},\"inLanguage\":\"fr-FR\",\"potentialAction\":[{\"@type\":\"ReadAction\",\"target\":[\"https:\/\/artisticswimming.ca\/fr\/brillants-debuts-internationaux-seniors-en-solo-pour-la-nageuse-synchronisee-jacqueline-simoneau-a-lomnium-dallemagne\/\"]}]},{\"@type\":\"BreadcrumbList\",\"@id\":\"https:\/\/artisticswimming.ca\/fr\/brillants-debuts-internationaux-seniors-en-solo-pour-la-nageuse-synchronisee-jacqueline-simoneau-a-lomnium-dallemagne\/#breadcrumb\",\"itemListElement\":[{\"@type\":\"ListItem\",\"position\":1,\"name\":\"Home\",\"item\":\"https:\/\/artisticswimming.ca\/fr\/\"},{\"@type\":\"ListItem\",\"position\":2,\"name\":\"Brillants d\u00e9buts internationaux seniors en solo pour la nageuse synchronis\u00e9e Jacqueline Simoneau \u00e0 l&#8217;Omnium d&#8217;Allemagne\"}]},{\"@type\":\"WebSite\",\"@id\":\"https:\/\/artisticswimming.ca\/fr\/#website\",\"url\":\"https:\/\/artisticswimming.ca\/fr\/\",\"name\":\"Natation Artistique Canada\",\"description\":\"\",\"potentialAction\":[{\"@type\":\"SearchAction\",\"target\":{\"@type\":\"EntryPoint\",\"urlTemplate\":\"https:\/\/artisticswimming.ca\/fr\/?s={search_term_string}\"},\"query-input\":{\"@type\":\"PropertyValueSpecification\",\"valueRequired\":true,\"valueName\":\"search_term_string\"}}],\"inLanguage\":\"fr-FR\"},{\"@type\":\"Person\",\"@id\":\"https:\/\/artisticswimming.ca\/fr\/#\/schema\/person\/76d6c2c9954d56641f9210cc7427bc76\",\"name\":\"Myriam Cote\",\"image\":{\"@type\":\"ImageObject\",\"inLanguage\":\"fr-FR\",\"@id\":\"https:\/\/secure.gravatar.com\/avatar\/9636d581f11fe1ce5c868617703e52ebeddf65bc5ba83eda388709ba9ad9da61?s=96&d=mm&r=g\",\"url\":\"https:\/\/secure.gravatar.com\/avatar\/9636d581f11fe1ce5c868617703e52ebeddf65bc5ba83eda388709ba9ad9da61?s=96&d=mm&r=g\",\"contentUrl\":\"https:\/\/secure.gravatar.com\/avatar\/9636d581f11fe1ce5c868617703e52ebeddf65bc5ba83eda388709ba9ad9da61?s=96&d=mm&r=g\",\"caption\":\"Myriam Cote\"},\"url\":\"https:\/\/artisticswimming.ca\/fr\/author\/myriam\/\"}]}<\/script>\n<!-- \/ Yoast SEO plugin. -->","yoast_head_json":{"title":"Brillants d\u00e9buts internationaux seniors en solo pour la nageuse synchronis\u00e9e Jacqueline Simoneau \u00e0 l'Omnium d'Allemagne - Natation Artistique Canada","robots":{"index":"index","follow":"follow","max-snippet":"max-snippet:-1","max-image-preview":"max-image-preview:large","max-video-preview":"max-video-preview:-1"},"canonical":"https:\/\/artisticswimming.ca\/fr\/brillants-debuts-internationaux-seniors-en-solo-pour-la-nageuse-synchronisee-jacqueline-simoneau-a-lomnium-dallemagne\/","og_locale":"fr_FR","og_type":"article","og_title":"Brillants d\u00e9buts internationaux seniors en solo pour la nageuse synchronis\u00e9e Jacqueline Simoneau \u00e0 l'Omnium d'Allemagne - Natation Artistique Canada","og_description":"Bonn, le 15 mars 2014 &#8211; Jacqueline Simoneau, de Montr\u00e9al, a fait des d\u00e9buts internationaux seniors impressionnants, samedi, en se classant deuxi\u00e8me dans le programme libre en solo \u00e0 l\u2019Omnium d\u2019Allemagne de nage synchronis\u00e9e. Simoneau, \u00e2g\u00e9e de 17 ans, a obtenu [...]","og_url":"https:\/\/artisticswimming.ca\/fr\/brillants-debuts-internationaux-seniors-en-solo-pour-la-nageuse-synchronisee-jacqueline-simoneau-a-lomnium-dallemagne\/","og_site_name":"Natation Artistique Canada","article_published_time":"2014-03-15T14:37:58+00:00","article_modified_time":"2016-09-08T14:32:23+00:00","author":"Myriam Cote","twitter_card":"summary_large_image","twitter_misc":{"\u00c9crit par":"Myriam Cote","Dur\u00e9e de lecture estim\u00e9e":"3 minutes"},"schema":{"@context":"https:\/\/schema.org","@graph":[{"@type":"Article","@id":"https:\/\/artisticswimming.ca\/fr\/brillants-debuts-internationaux-seniors-en-solo-pour-la-nageuse-synchronisee-jacqueline-simoneau-a-lomnium-dallemagne\/#article","isPartOf":{"@id":"https:\/\/artisticswimming.ca\/fr\/brillants-debuts-internationaux-seniors-en-solo-pour-la-nageuse-synchronisee-jacqueline-simoneau-a-lomnium-dallemagne\/"},"author":{"name":"Myriam Cote","@id":"https:\/\/artisticswimming.ca\/fr\/#\/schema\/person\/76d6c2c9954d56641f9210cc7427bc76"},"headline":"Brillants d\u00e9buts internationaux seniors en solo pour la nageuse synchronis\u00e9e Jacqueline Simoneau \u00e0 l&rsquo;Omnium d&rsquo;Allemagne","datePublished":"2014-03-15T14:37:58+00:00","dateModified":"2016-09-08T14:32:23+00:00","mainEntityOfPage":{"@id":"https:\/\/artisticswimming.ca\/fr\/brillants-debuts-internationaux-seniors-en-solo-pour-la-nageuse-synchronisee-jacqueline-simoneau-a-lomnium-dallemagne\/"},"wordCount":546,"commentCount":0,"articleSection":["Comp\u00e9tition","\u00c9quipe nationale senior"],"inLanguage":"fr-FR","potentialAction":[{"@type":"CommentAction","name":"Comment","target":["https:\/\/artisticswimming.ca\/fr\/brillants-debuts-internationaux-seniors-en-solo-pour-la-nageuse-synchronisee-jacqueline-simoneau-a-lomnium-dallemagne\/#respond"]}]},{"@type":"WebPage","@id":"https:\/\/artisticswimming.ca\/fr\/brillants-debuts-internationaux-seniors-en-solo-pour-la-nageuse-synchronisee-jacqueline-simoneau-a-lomnium-dallemagne\/","url":"https:\/\/artisticswimming.ca\/fr\/brillants-debuts-internationaux-seniors-en-solo-pour-la-nageuse-synchronisee-jacqueline-simoneau-a-lomnium-dallemagne\/","name":"Brillants d\u00e9buts internationaux seniors en solo pour la nageuse synchronis\u00e9e Jacqueline Simoneau \u00e0 l'Omnium d'Allemagne - Natation Artistique Canada","isPartOf":{"@id":"https:\/\/artisticswimming.ca\/fr\/#website"},"datePublished":"2014-03-15T14:37:58+00:00","dateModified":"2016-09-08T14:32:23+00:00","author":{"@id":"https:\/\/artisticswimming.ca\/fr\/#\/schema\/person\/76d6c2c9954d56641f9210cc7427bc76"},"breadcrumb":{"@id":"https:\/\/artisticswimming.ca\/fr\/brillants-debuts-internationaux-seniors-en-solo-pour-la-nageuse-synchronisee-jacqueline-simoneau-a-lomnium-dallemagne\/#breadcrumb"},"inLanguage":"fr-FR","potentialAction":[{"@type":"ReadAction","target":["https:\/\/artisticswimming.ca\/fr\/brillants-debuts-internationaux-seniors-en-solo-pour-la-nageuse-synchronisee-jacqueline-simoneau-a-lomnium-dallemagne\/"]}]},{"@type":"BreadcrumbList","@id":"https:\/\/artisticswimming.ca\/fr\/brillants-debuts-internationaux-seniors-en-solo-pour-la-nageuse-synchronisee-jacqueline-simoneau-a-lomnium-dallemagne\/#breadcrumb","itemListElement":[{"@type":"ListItem","position":1,"name":"Home","item":"https:\/\/artisticswimming.ca\/fr\/"},{"@type":"ListItem","position":2,"name":"Brillants d\u00e9buts internationaux seniors en solo pour la nageuse synchronis\u00e9e Jacqueline Simoneau \u00e0 l&#8217;Omnium d&#8217;Allemagne"}]},{"@type":"WebSite","@id":"https:\/\/artisticswimming.ca\/fr\/#website","url":"https:\/\/artisticswimming.ca\/fr\/","name":"Natation Artistique Canada","description":"","potentialAction":[{"@type":"SearchAction","target":{"@type":"EntryPoint","urlTemplate":"https:\/\/artisticswimming.ca\/fr\/?s={search_term_string}"},"query-input":{"@type":"PropertyValueSpecification","valueRequired":true,"valueName":"search_term_string"}}],"inLanguage":"fr-FR"},{"@type":"Person","@id":"https:\/\/artisticswimming.ca\/fr\/#\/schema\/person\/76d6c2c9954d56641f9210cc7427bc76","name":"Myriam Cote","image":{"@type":"ImageObject","inLanguage":"fr-FR","@id":"https:\/\/secure.gravatar.com\/avatar\/9636d581f11fe1ce5c868617703e52ebeddf65bc5ba83eda388709ba9ad9da61?s=96&d=mm&r=g","url":"https:\/\/secure.gravatar.com\/avatar\/9636d581f11fe1ce5c868617703e52ebeddf65bc5ba83eda388709ba9ad9da61?s=96&d=mm&r=g","contentUrl":"https:\/\/secure.gravatar.com\/avatar\/9636d581f11fe1ce5c868617703e52ebeddf65bc5ba83eda388709ba9ad9da61?s=96&d=mm&r=g","caption":"Myriam Cote"},"url":"https:\/\/artisticswimming.ca\/fr\/author\/myriam\/"}]}},"_links":{"self":[{"href":"https:\/\/artisticswimming.ca\/fr\/wp-json\/wp\/v2\/posts\/841","targetHints":{"allow":["GET"]}}],"collection":[{"href":"https:\/\/artisticswimming.ca\/fr\/wp-json\/wp\/v2\/posts"}],"about":[{"href":"https:\/\/artisticswimming.ca\/fr\/wp-json\/wp\/v2\/types\/post"}],"author":[{"embeddable":true,"href":"https:\/\/artisticswimming.ca\/fr\/wp-json\/wp\/v2\/users\/3"}],"replies":[{"embeddable":true,"href":"https:\/\/artisticswimming.ca\/fr\/wp-json\/wp\/v2\/comments?post=841"}],"version-history":[{"count":0,"href":"https:\/\/artisticswimming.ca\/fr\/wp-json\/wp\/v2\/posts\/841\/revisions"}],"wp:attachment":[{"href":"https:\/\/artisticswimming.ca\/fr\/wp-json\/wp\/v2\/media?parent=841"}],"wp:term":[{"taxonomy":"category","embeddable":true,"href":"https:\/\/artisticswimming.ca\/fr\/wp-json\/wp\/v2\/categories?post=841"},{"taxonomy":"post_tag","embeddable":true,"href":"https:\/\/artisticswimming.ca\/fr\/wp-json\/wp\/v2\/tags?post=841"}],"curies":[{"name":"wp","href":"https:\/\/api.w.org\/{rel}","templated":true}]}}