{"id":855,"date":"2014-03-12T15:17:18","date_gmt":"2014-03-12T15:17:18","guid":{"rendered":"http:\/\/synchro.wpengine.com\/?p=855&#038;lang=fr"},"modified":"2017-09-18T15:27:20","modified_gmt":"2017-09-18T15:27:20","slug":"halle-pratt-de-calgary-au-sommet-de-lepreuve-de-figure-des-13-15-ans-aux-championnats-canadiens-de-qualification-2014","status":"publish","type":"post","link":"https:\/\/artisticswimming.ca\/fr\/halle-pratt-de-calgary-au-sommet-de-lepreuve-de-figure-des-13-15-ans-aux-championnats-canadiens-de-qualification-2014\/","title":{"rendered":"Halle Pratt de Calgary au sommet de l&rsquo;\u00e9preuve de figure des 13-15 ans aux Championnats canadiens de qualification 2014"},"content":{"rendered":"<p style=\"text-align: justify;\"><span style=\"font-weight: 400;\"><a href=\"http:\/\/synchro.wpengine.com\/wp-content\/uploads\/2014\/03\/2014-qualifier.png\"><img decoding=\"async\" class=\"alignleft  wp-image-830\" src=\"http:\/\/synchro.wpengine.com\/wp-content\/uploads\/2014\/03\/2014-qualifier.png\" alt=\"2014 qualifier\" width=\"224\" height=\"132\" srcset=\"https:\/\/artisticswimming.ca\/wp-content\/uploads\/2014\/03\/2014-qualifier-200x118.png 200w, https:\/\/artisticswimming.ca\/wp-content\/uploads\/2014\/03\/2014-qualifier-300x176.png 300w, https:\/\/artisticswimming.ca\/wp-content\/uploads\/2014\/03\/2014-qualifier.png 340w\" sizes=\"(max-width: 224px) 100vw, 224px\" \/><\/a><strong>Montr\u00e9al, le 12 mars 2014<\/strong> &#8211; <strong>Halle Pratt<\/strong> des Aquabelles de Calgary a pris le premier rang dans l&rsquo;\u00e9preuve des figures dans la cat\u00e9gorie des 13-15 ans lors de la premi\u00e8re journ\u00e9e des Championnats canadiens de qualification de nage synchronis\u00e9e.<\/span><\/p>\n<p style=\"text-align: justify;\"><span style=\"font-weight: 400;\">Halle Pratt, championne de cette \u00e9preuve lors des Championnats canadiens ouverts l&rsquo;an dernier, a r\u00e9col\u00e9 71.8520 points. <strong>Emily Armstrong<\/strong> du club Variety Village Synchro a termin\u00e9 au deuxi\u00e8me rang avec 70.0670 points, et <strong>Teghyn Gurney<\/strong>, aussi du club Variety Village Synchro, troisi\u00e8me avec 69.7410 points.<\/span><\/p>\n<p style=\"text-align: justify;\"><span style=\"font-weight: 400;\">\u00ab\u00a0Je suis contente d&rsquo;avoir pu garder mon titre des Championnats canadiens ouverts de l&rsquo;an dernier \u00bb, a dit Halle Pratt. \u00ab\u00a0Cette victoire d\u00e9montre que je suis sur la bonne voie vers mon objectif de me qualifier \u00e0 nouveau cette ann\u00e9e au sein de l&rsquo;\u00e9quipe nationale des 13-15 ans de Synchro Canada. \u00bb<\/span><\/p>\n<p style=\"text-align: justify;\"><span style=\"font-weight: 400;\">En 2013, Halle Pratt a remport\u00e9 trois m\u00e9dailles d&rsquo;argent en figures, solo et en \u00e9quipe en tant que membre de l&rsquo;\u00e9quipe nationale des 13-15 ans aux Championnats panam\u00e9ricains de l&rsquo;U.A.N.A.<\/span><\/p>\n<p style=\"text-align: justify;\"><span style=\"font-weight: 400;\">Dans la finale du combo dans la cat\u00e9gorie ouvert, les Aquabelles de Calgary ont m\u00e9rit\u00e9 l&rsquo;or avec leur routine des Divas avec 79.3333 points. Montr\u00e9al Synchro a pris le deuxi\u00e8me rang avec 77.8333 points, suivi de Granite Synchro de Toronto avec 76.8667 points.<\/span><\/p>\n<p style=\"text-align: justify;\"><span style=\"font-weight: 400;\">\u00ab\u00a0Nous avons travaill\u00e9 tr\u00e8s fort pour gagner cette m\u00e9daille d&rsquo;or \u00bb, a dit <strong>Maxime MacLean<\/strong>, membre de l&rsquo;\u00e9quipe des Aquabelles de Calgary. \u00ab\u00a0Nous \u00e9tions tr\u00e8s calme et nous savions tous notre r\u00f4le ce qui a fait que nous n&rsquo;\u00e9tions pas stress\u00e9es. Pour les Championnats canadiens ouverts, nous d\u00e9sirons certainement garder notre titre tout en am\u00e9liorant notre routine. \u00bb<\/span><\/p>\n<p style=\"text-align: justify;\"><span style=\"font-weight: 400;\">Le club B.C. Aquasonics a \u00e9t\u00e9 au premier rang (64.9667 points) dans l&rsquo;\u00e9preuve du combo chez les 13-15 ans et le club Synchro-\u00c9lite a fait de m\u00eame dans l&rsquo;\u00e9preuve en \u00e9quipe technique (67.69 points).<\/span><\/p>\n<p style=\"text-align: justify;\"><span style=\"font-weight: 400;\">Les comp\u00e9titions se poursuivent jusqu&rsquo;\u00e0 samedi au Complexe sportif Claude-Robillard.<\/span><\/p>\n<p style=\"text-align: justify;\"><span style=\"font-weight: 400;\">Les Championnats canadiens de qualification servent aux athl\u00e8tes des cat\u00e9gories junior et senior \u00e0 obtenir un laissez-passer pour les Championnats canadiens ouverts, qui auront lieu du 30 avril au 4 mai \u00e0 Saskatoon, SK. Quant aux athl\u00e8tes de \u00a0la cat\u00e9gorie des 13-15 ans, elles tenteront de se qualifier pour les Championnats canadiens Espoir qui auront lieu du 4 au 8 juin \u00e0 Kamloops, C.-B.<\/span><\/p>\n<p style=\"text-align: justify;\"><span style=\"font-weight: 400;\">Un nombre record de Synchro Canada de 504 athl\u00e8tes participent \u00e0 la comp\u00e9tition.<\/span><\/p>\n<p style=\"text-align: justify;\"><span style=\"font-weight: 400;\">L&rsquo;horaire et les r\u00e9sultats des Championnats canadiens de qualification 2014 sont disponibles en ligne au www.synchro.ca.<\/span><\/p>\n<p style=\"text-align: justify;\">\n<p style=\"text-align: justify;\"><b>\u00c0 propos de Synchro Canada<\/b><\/p>\n<p style=\"text-align: justify;\"><span style=\"font-weight: 400;\">Synchro Canada est l\u2019organisme national qui r\u00e9git le sport de la nage synchronis\u00e9e au Canada. \u00a0Il repr\u00e9sente dix associations provinciales et une association territoriale ainsi que pr\u00e8s de 150 clubs et plus de 12 000 membres \u00e0 travers le Canada. Membre de la FINA, l\u2019organisme mondial directeur des sports aquatiques, Synchro Canada favorise la poursuite de l\u2019excellence tout en d\u00e9veloppant des athl\u00e8tes, des citoyens et des ambassadeurs du sport de la nage synchronis\u00e9e \u00e0 tous les niveaux. <\/span><\/p>\n<p style=\"text-align: justify;\"><span style=\"font-weight: 400;\">Synchro Canada d\u00e9sire remercier ses commanditaires et partenaires : <\/span><\/p>\n<p style=\"text-align: justify;\"><b>Partenaires de ses programmes : <\/b><span style=\"font-weight: 400;\">Sport Canada, \u00c0 nous le podium, l\u2019Institut national du sport du Qu\u00e9bec<\/span><\/p>\n<p style=\"text-align: justify;\"><b>Fournisseur officiel aquatique :<\/b><span style=\"font-weight: 400;\"> Speedo Canada<\/span><\/p>\n<p style=\"text-align: justify;\"><b>Maquillage officiel :<\/b><span style=\"font-weight: 400;\"> MAKE UP FOR EVER<\/span><\/p>\n<p style=\"text-align: justify;\"><b>Fournisseurs officiels :<\/b><span style=\"font-weight: 400;\"> Knox Gelatine, AdUp, National Car Rental <\/span><\/p>\n<p style=\"text-align: justify;\"><b>H\u00f4tel officiel :<\/b><span style=\"font-weight: 400;\"> Hilton Worldwide<\/span><\/p>\n<p style=\"text-align: justify;\"><span style=\"font-weight: 400;\">Pour plus de renseignements, consultez le site Internet de Synchro Canada au www.synchro.ca ou abonnez-vous aux m\u00e9dias sociaux de Synchro Canada : Twitter, Facebook et YouTube. <\/span><\/p>\n<p style=\"text-align: center;\"><span style=\"font-weight: 400;\">&#8211; 30 &#8211;<\/span><\/p>\n<p style=\"text-align: justify;\"><b>Pour information :<\/b><\/p>\n<p style=\"text-align: justify;\"><span style=\"font-weight: 400;\">Patrick Godbout<\/span><\/p>\n<p style=\"text-align: justify;\"><span style=\"font-weight: 400;\">Synchro Canada<\/span><\/p>\n<p style=\"text-align: justify;\"><span style=\"font-weight: 400;\">Gestionnaire des communications<\/span><\/p>\n<p style=\"text-align: justify;\"><span style=\"font-weight: 400;\">Courriel : <\/span><b>patrick@synchro.ca<\/b><\/p>\n<p style=\"text-align: justify;\"><span style=\"font-weight: 400;\">T\u00e9l\u00e9phone : 514 213-9897<\/span><\/p>\n<p style=\"text-align: justify;\"><span style=\"font-weight: 400;\">Site Internet : www.synchro.ca \u00a0<\/span><\/p>\n<p style=\"text-align: justify;\"><span style=\"font-weight: 400;\">Facebook : www.facebook.com\/synchrocanada <\/span><\/p>\n<p style=\"text-align: justify;\"><span style=\"font-weight: 400;\">Twitter : www.twitter.com\/synchrocanada<\/span><\/p>\n","protected":false},"excerpt":{"rendered":"<p>Montr\u00e9al, le 12 mars 2014 &#8211; Halle Pratt des Aquabelles de Calgary a pris le premier rang dans l&rsquo;\u00e9preuve des figures dans la cat\u00e9gorie des 13-15 ans lors de la premi\u00e8re journ\u00e9e des Championnats canadiens de qualification de nage synchronis\u00e9e. Halle <a href=\"https:\/\/artisticswimming.ca\/fr\/halle-pratt-de-calgary-au-sommet-de-lepreuve-de-figure-des-13-15-ans-aux-championnats-canadiens-de-qualification-2014\/\"> [&#8230;]<\/a><\/p>\n","protected":false},"author":3,"featured_media":0,"comment_status":"open","ping_status":"open","sticky":false,"template":"","format":"standard","meta":{"_acf_changed":false,"footnotes":""},"categories":[87,1],"tags":[],"class_list":["post-855","post","type-post","status-publish","format-standard","hentry","category-competition-fr","category-uncategorized"],"acf":[],"yoast_head":"<!-- This site is optimized with the Yoast SEO plugin v27.2 - https:\/\/yoast.com\/product\/yoast-seo-wordpress\/ -->\n<title>Halle Pratt de Calgary au sommet de l&#039;\u00e9preuve de figure des 13-15 ans aux Championnats canadiens de qualification 2014 - Natation Artistique Canada<\/title>\n<meta name=\"robots\" content=\"index, follow, max-snippet:-1, max-image-preview:large, max-video-preview:-1\" \/>\n<link rel=\"canonical\" href=\"https:\/\/artisticswimming.ca\/fr\/halle-pratt-de-calgary-au-sommet-de-lepreuve-de-figure-des-13-15-ans-aux-championnats-canadiens-de-qualification-2014\/\" \/>\n<meta property=\"og:locale\" content=\"fr_FR\" \/>\n<meta property=\"og:type\" content=\"article\" \/>\n<meta property=\"og:title\" content=\"Halle Pratt de Calgary au sommet de l&#039;\u00e9preuve de figure des 13-15 ans aux Championnats canadiens de qualification 2014 - Natation Artistique Canada\" \/>\n<meta property=\"og:description\" content=\"Montr\u00e9al, le 12 mars 2014 &#8211; Halle Pratt des Aquabelles de Calgary a pris le premier rang dans l&rsquo;\u00e9preuve des figures dans la cat\u00e9gorie des 13-15 ans lors de la premi\u00e8re journ\u00e9e des Championnats canadiens de qualification de nage synchronis\u00e9e. Halle [...]\" \/>\n<meta property=\"og:url\" content=\"https:\/\/artisticswimming.ca\/fr\/halle-pratt-de-calgary-au-sommet-de-lepreuve-de-figure-des-13-15-ans-aux-championnats-canadiens-de-qualification-2014\/\" \/>\n<meta property=\"og:site_name\" content=\"Natation Artistique Canada\" \/>\n<meta property=\"article:published_time\" content=\"2014-03-12T15:17:18+00:00\" \/>\n<meta property=\"article:modified_time\" content=\"2017-09-18T15:27:20+00:00\" \/>\n<meta property=\"og:image\" content=\"http:\/\/synchro.wpengine.com\/wp-content\/uploads\/2014\/03\/2014-qualifier.png\" \/>\n<meta name=\"author\" content=\"Myriam Cote\" \/>\n<meta name=\"twitter:card\" content=\"summary_large_image\" \/>\n<meta name=\"twitter:label1\" content=\"\u00c9crit par\" \/>\n\t<meta name=\"twitter:data1\" content=\"Myriam Cote\" \/>\n\t<meta name=\"twitter:label2\" content=\"Dur\u00e9e de lecture estim\u00e9e\" \/>\n\t<meta name=\"twitter:data2\" content=\"3 minutes\" \/>\n<script type=\"application\/ld+json\" class=\"yoast-schema-graph\">{\"@context\":\"https:\/\/schema.org\",\"@graph\":[{\"@type\":\"Article\",\"@id\":\"https:\/\/artisticswimming.ca\/fr\/halle-pratt-de-calgary-au-sommet-de-lepreuve-de-figure-des-13-15-ans-aux-championnats-canadiens-de-qualification-2014\/#article\",\"isPartOf\":{\"@id\":\"https:\/\/artisticswimming.ca\/fr\/halle-pratt-de-calgary-au-sommet-de-lepreuve-de-figure-des-13-15-ans-aux-championnats-canadiens-de-qualification-2014\/\"},\"author\":{\"name\":\"Myriam Cote\",\"@id\":\"https:\/\/artisticswimming.ca\/fr\/#\/schema\/person\/76d6c2c9954d56641f9210cc7427bc76\"},\"headline\":\"Halle Pratt de Calgary au sommet de l&rsquo;\u00e9preuve de figure des 13-15 ans aux Championnats canadiens de qualification 2014\",\"datePublished\":\"2014-03-12T15:17:18+00:00\",\"dateModified\":\"2017-09-18T15:27:20+00:00\",\"mainEntityOfPage\":{\"@id\":\"https:\/\/artisticswimming.ca\/fr\/halle-pratt-de-calgary-au-sommet-de-lepreuve-de-figure-des-13-15-ans-aux-championnats-canadiens-de-qualification-2014\/\"},\"wordCount\":643,\"commentCount\":0,\"image\":{\"@id\":\"https:\/\/artisticswimming.ca\/fr\/halle-pratt-de-calgary-au-sommet-de-lepreuve-de-figure-des-13-15-ans-aux-championnats-canadiens-de-qualification-2014\/#primaryimage\"},\"thumbnailUrl\":\"http:\/\/synchro.wpengine.com\/wp-content\/uploads\/2014\/03\/2014-qualifier.png\",\"articleSection\":[\"Comp\u00e9tition\",\"Uncategorized\"],\"inLanguage\":\"fr-FR\",\"potentialAction\":[{\"@type\":\"CommentAction\",\"name\":\"Comment\",\"target\":[\"https:\/\/artisticswimming.ca\/fr\/halle-pratt-de-calgary-au-sommet-de-lepreuve-de-figure-des-13-15-ans-aux-championnats-canadiens-de-qualification-2014\/#respond\"]}]},{\"@type\":\"WebPage\",\"@id\":\"https:\/\/artisticswimming.ca\/fr\/halle-pratt-de-calgary-au-sommet-de-lepreuve-de-figure-des-13-15-ans-aux-championnats-canadiens-de-qualification-2014\/\",\"url\":\"https:\/\/artisticswimming.ca\/fr\/halle-pratt-de-calgary-au-sommet-de-lepreuve-de-figure-des-13-15-ans-aux-championnats-canadiens-de-qualification-2014\/\",\"name\":\"Halle Pratt de Calgary au sommet de l'\u00e9preuve de figure des 13-15 ans aux Championnats canadiens de qualification 2014 - Natation Artistique Canada\",\"isPartOf\":{\"@id\":\"https:\/\/artisticswimming.ca\/fr\/#website\"},\"primaryImageOfPage\":{\"@id\":\"https:\/\/artisticswimming.ca\/fr\/halle-pratt-de-calgary-au-sommet-de-lepreuve-de-figure-des-13-15-ans-aux-championnats-canadiens-de-qualification-2014\/#primaryimage\"},\"image\":{\"@id\":\"https:\/\/artisticswimming.ca\/fr\/halle-pratt-de-calgary-au-sommet-de-lepreuve-de-figure-des-13-15-ans-aux-championnats-canadiens-de-qualification-2014\/#primaryimage\"},\"thumbnailUrl\":\"http:\/\/synchro.wpengine.com\/wp-content\/uploads\/2014\/03\/2014-qualifier.png\",\"datePublished\":\"2014-03-12T15:17:18+00:00\",\"dateModified\":\"2017-09-18T15:27:20+00:00\",\"author\":{\"@id\":\"https:\/\/artisticswimming.ca\/fr\/#\/schema\/person\/76d6c2c9954d56641f9210cc7427bc76\"},\"breadcrumb\":{\"@id\":\"https:\/\/artisticswimming.ca\/fr\/halle-pratt-de-calgary-au-sommet-de-lepreuve-de-figure-des-13-15-ans-aux-championnats-canadiens-de-qualification-2014\/#breadcrumb\"},\"inLanguage\":\"fr-FR\",\"potentialAction\":[{\"@type\":\"ReadAction\",\"target\":[\"https:\/\/artisticswimming.ca\/fr\/halle-pratt-de-calgary-au-sommet-de-lepreuve-de-figure-des-13-15-ans-aux-championnats-canadiens-de-qualification-2014\/\"]}]},{\"@type\":\"ImageObject\",\"inLanguage\":\"fr-FR\",\"@id\":\"https:\/\/artisticswimming.ca\/fr\/halle-pratt-de-calgary-au-sommet-de-lepreuve-de-figure-des-13-15-ans-aux-championnats-canadiens-de-qualification-2014\/#primaryimage\",\"url\":\"http:\/\/synchro.wpengine.com\/wp-content\/uploads\/2014\/03\/2014-qualifier.png\",\"contentUrl\":\"http:\/\/synchro.wpengine.com\/wp-content\/uploads\/2014\/03\/2014-qualifier.png\"},{\"@type\":\"BreadcrumbList\",\"@id\":\"https:\/\/artisticswimming.ca\/fr\/halle-pratt-de-calgary-au-sommet-de-lepreuve-de-figure-des-13-15-ans-aux-championnats-canadiens-de-qualification-2014\/#breadcrumb\",\"itemListElement\":[{\"@type\":\"ListItem\",\"position\":1,\"name\":\"Home\",\"item\":\"https:\/\/artisticswimming.ca\/fr\/\"},{\"@type\":\"ListItem\",\"position\":2,\"name\":\"Halle Pratt de Calgary au sommet de l&#8217;\u00e9preuve de figure des 13-15 ans aux Championnats canadiens de qualification 2014\"}]},{\"@type\":\"WebSite\",\"@id\":\"https:\/\/artisticswimming.ca\/fr\/#website\",\"url\":\"https:\/\/artisticswimming.ca\/fr\/\",\"name\":\"Natation Artistique Canada\",\"description\":\"\",\"potentialAction\":[{\"@type\":\"SearchAction\",\"target\":{\"@type\":\"EntryPoint\",\"urlTemplate\":\"https:\/\/artisticswimming.ca\/fr\/?s={search_term_string}\"},\"query-input\":{\"@type\":\"PropertyValueSpecification\",\"valueRequired\":true,\"valueName\":\"search_term_string\"}}],\"inLanguage\":\"fr-FR\"},{\"@type\":\"Person\",\"@id\":\"https:\/\/artisticswimming.ca\/fr\/#\/schema\/person\/76d6c2c9954d56641f9210cc7427bc76\",\"name\":\"Myriam Cote\",\"image\":{\"@type\":\"ImageObject\",\"inLanguage\":\"fr-FR\",\"@id\":\"https:\/\/secure.gravatar.com\/avatar\/9636d581f11fe1ce5c868617703e52ebeddf65bc5ba83eda388709ba9ad9da61?s=96&d=mm&r=g\",\"url\":\"https:\/\/secure.gravatar.com\/avatar\/9636d581f11fe1ce5c868617703e52ebeddf65bc5ba83eda388709ba9ad9da61?s=96&d=mm&r=g\",\"contentUrl\":\"https:\/\/secure.gravatar.com\/avatar\/9636d581f11fe1ce5c868617703e52ebeddf65bc5ba83eda388709ba9ad9da61?s=96&d=mm&r=g\",\"caption\":\"Myriam Cote\"},\"url\":\"https:\/\/artisticswimming.ca\/fr\/author\/myriam\/\"}]}<\/script>\n<!-- \/ Yoast SEO plugin. -->","yoast_head_json":{"title":"Halle Pratt de Calgary au sommet de l'\u00e9preuve de figure des 13-15 ans aux Championnats canadiens de qualification 2014 - Natation Artistique Canada","robots":{"index":"index","follow":"follow","max-snippet":"max-snippet:-1","max-image-preview":"max-image-preview:large","max-video-preview":"max-video-preview:-1"},"canonical":"https:\/\/artisticswimming.ca\/fr\/halle-pratt-de-calgary-au-sommet-de-lepreuve-de-figure-des-13-15-ans-aux-championnats-canadiens-de-qualification-2014\/","og_locale":"fr_FR","og_type":"article","og_title":"Halle Pratt de Calgary au sommet de l'\u00e9preuve de figure des 13-15 ans aux Championnats canadiens de qualification 2014 - Natation Artistique Canada","og_description":"Montr\u00e9al, le 12 mars 2014 &#8211; Halle Pratt des Aquabelles de Calgary a pris le premier rang dans l&rsquo;\u00e9preuve des figures dans la cat\u00e9gorie des 13-15 ans lors de la premi\u00e8re journ\u00e9e des Championnats canadiens de qualification de nage synchronis\u00e9e. Halle [...]","og_url":"https:\/\/artisticswimming.ca\/fr\/halle-pratt-de-calgary-au-sommet-de-lepreuve-de-figure-des-13-15-ans-aux-championnats-canadiens-de-qualification-2014\/","og_site_name":"Natation Artistique Canada","article_published_time":"2014-03-12T15:17:18+00:00","article_modified_time":"2017-09-18T15:27:20+00:00","og_image":[{"url":"http:\/\/synchro.wpengine.com\/wp-content\/uploads\/2014\/03\/2014-qualifier.png","type":"","width":"","height":""}],"author":"Myriam Cote","twitter_card":"summary_large_image","twitter_misc":{"\u00c9crit par":"Myriam Cote","Dur\u00e9e de lecture estim\u00e9e":"3 minutes"},"schema":{"@context":"https:\/\/schema.org","@graph":[{"@type":"Article","@id":"https:\/\/artisticswimming.ca\/fr\/halle-pratt-de-calgary-au-sommet-de-lepreuve-de-figure-des-13-15-ans-aux-championnats-canadiens-de-qualification-2014\/#article","isPartOf":{"@id":"https:\/\/artisticswimming.ca\/fr\/halle-pratt-de-calgary-au-sommet-de-lepreuve-de-figure-des-13-15-ans-aux-championnats-canadiens-de-qualification-2014\/"},"author":{"name":"Myriam Cote","@id":"https:\/\/artisticswimming.ca\/fr\/#\/schema\/person\/76d6c2c9954d56641f9210cc7427bc76"},"headline":"Halle Pratt de Calgary au sommet de l&rsquo;\u00e9preuve de figure des 13-15 ans aux Championnats canadiens de qualification 2014","datePublished":"2014-03-12T15:17:18+00:00","dateModified":"2017-09-18T15:27:20+00:00","mainEntityOfPage":{"@id":"https:\/\/artisticswimming.ca\/fr\/halle-pratt-de-calgary-au-sommet-de-lepreuve-de-figure-des-13-15-ans-aux-championnats-canadiens-de-qualification-2014\/"},"wordCount":643,"commentCount":0,"image":{"@id":"https:\/\/artisticswimming.ca\/fr\/halle-pratt-de-calgary-au-sommet-de-lepreuve-de-figure-des-13-15-ans-aux-championnats-canadiens-de-qualification-2014\/#primaryimage"},"thumbnailUrl":"http:\/\/synchro.wpengine.com\/wp-content\/uploads\/2014\/03\/2014-qualifier.png","articleSection":["Comp\u00e9tition","Uncategorized"],"inLanguage":"fr-FR","potentialAction":[{"@type":"CommentAction","name":"Comment","target":["https:\/\/artisticswimming.ca\/fr\/halle-pratt-de-calgary-au-sommet-de-lepreuve-de-figure-des-13-15-ans-aux-championnats-canadiens-de-qualification-2014\/#respond"]}]},{"@type":"WebPage","@id":"https:\/\/artisticswimming.ca\/fr\/halle-pratt-de-calgary-au-sommet-de-lepreuve-de-figure-des-13-15-ans-aux-championnats-canadiens-de-qualification-2014\/","url":"https:\/\/artisticswimming.ca\/fr\/halle-pratt-de-calgary-au-sommet-de-lepreuve-de-figure-des-13-15-ans-aux-championnats-canadiens-de-qualification-2014\/","name":"Halle Pratt de Calgary au sommet de l'\u00e9preuve de figure des 13-15 ans aux Championnats canadiens de qualification 2014 - Natation Artistique Canada","isPartOf":{"@id":"https:\/\/artisticswimming.ca\/fr\/#website"},"primaryImageOfPage":{"@id":"https:\/\/artisticswimming.ca\/fr\/halle-pratt-de-calgary-au-sommet-de-lepreuve-de-figure-des-13-15-ans-aux-championnats-canadiens-de-qualification-2014\/#primaryimage"},"image":{"@id":"https:\/\/artisticswimming.ca\/fr\/halle-pratt-de-calgary-au-sommet-de-lepreuve-de-figure-des-13-15-ans-aux-championnats-canadiens-de-qualification-2014\/#primaryimage"},"thumbnailUrl":"http:\/\/synchro.wpengine.com\/wp-content\/uploads\/2014\/03\/2014-qualifier.png","datePublished":"2014-03-12T15:17:18+00:00","dateModified":"2017-09-18T15:27:20+00:00","author":{"@id":"https:\/\/artisticswimming.ca\/fr\/#\/schema\/person\/76d6c2c9954d56641f9210cc7427bc76"},"breadcrumb":{"@id":"https:\/\/artisticswimming.ca\/fr\/halle-pratt-de-calgary-au-sommet-de-lepreuve-de-figure-des-13-15-ans-aux-championnats-canadiens-de-qualification-2014\/#breadcrumb"},"inLanguage":"fr-FR","potentialAction":[{"@type":"ReadAction","target":["https:\/\/artisticswimming.ca\/fr\/halle-pratt-de-calgary-au-sommet-de-lepreuve-de-figure-des-13-15-ans-aux-championnats-canadiens-de-qualification-2014\/"]}]},{"@type":"ImageObject","inLanguage":"fr-FR","@id":"https:\/\/artisticswimming.ca\/fr\/halle-pratt-de-calgary-au-sommet-de-lepreuve-de-figure-des-13-15-ans-aux-championnats-canadiens-de-qualification-2014\/#primaryimage","url":"http:\/\/synchro.wpengine.com\/wp-content\/uploads\/2014\/03\/2014-qualifier.png","contentUrl":"http:\/\/synchro.wpengine.com\/wp-content\/uploads\/2014\/03\/2014-qualifier.png"},{"@type":"BreadcrumbList","@id":"https:\/\/artisticswimming.ca\/fr\/halle-pratt-de-calgary-au-sommet-de-lepreuve-de-figure-des-13-15-ans-aux-championnats-canadiens-de-qualification-2014\/#breadcrumb","itemListElement":[{"@type":"ListItem","position":1,"name":"Home","item":"https:\/\/artisticswimming.ca\/fr\/"},{"@type":"ListItem","position":2,"name":"Halle Pratt de Calgary au sommet de l&#8217;\u00e9preuve de figure des 13-15 ans aux Championnats canadiens de qualification 2014"}]},{"@type":"WebSite","@id":"https:\/\/artisticswimming.ca\/fr\/#website","url":"https:\/\/artisticswimming.ca\/fr\/","name":"Natation Artistique Canada","description":"","potentialAction":[{"@type":"SearchAction","target":{"@type":"EntryPoint","urlTemplate":"https:\/\/artisticswimming.ca\/fr\/?s={search_term_string}"},"query-input":{"@type":"PropertyValueSpecification","valueRequired":true,"valueName":"search_term_string"}}],"inLanguage":"fr-FR"},{"@type":"Person","@id":"https:\/\/artisticswimming.ca\/fr\/#\/schema\/person\/76d6c2c9954d56641f9210cc7427bc76","name":"Myriam Cote","image":{"@type":"ImageObject","inLanguage":"fr-FR","@id":"https:\/\/secure.gravatar.com\/avatar\/9636d581f11fe1ce5c868617703e52ebeddf65bc5ba83eda388709ba9ad9da61?s=96&d=mm&r=g","url":"https:\/\/secure.gravatar.com\/avatar\/9636d581f11fe1ce5c868617703e52ebeddf65bc5ba83eda388709ba9ad9da61?s=96&d=mm&r=g","contentUrl":"https:\/\/secure.gravatar.com\/avatar\/9636d581f11fe1ce5c868617703e52ebeddf65bc5ba83eda388709ba9ad9da61?s=96&d=mm&r=g","caption":"Myriam Cote"},"url":"https:\/\/artisticswimming.ca\/fr\/author\/myriam\/"}]}},"_links":{"self":[{"href":"https:\/\/artisticswimming.ca\/fr\/wp-json\/wp\/v2\/posts\/855","targetHints":{"allow":["GET"]}}],"collection":[{"href":"https:\/\/artisticswimming.ca\/fr\/wp-json\/wp\/v2\/posts"}],"about":[{"href":"https:\/\/artisticswimming.ca\/fr\/wp-json\/wp\/v2\/types\/post"}],"author":[{"embeddable":true,"href":"https:\/\/artisticswimming.ca\/fr\/wp-json\/wp\/v2\/users\/3"}],"replies":[{"embeddable":true,"href":"https:\/\/artisticswimming.ca\/fr\/wp-json\/wp\/v2\/comments?post=855"}],"version-history":[{"count":0,"href":"https:\/\/artisticswimming.ca\/fr\/wp-json\/wp\/v2\/posts\/855\/revisions"}],"wp:attachment":[{"href":"https:\/\/artisticswimming.ca\/fr\/wp-json\/wp\/v2\/media?parent=855"}],"wp:term":[{"taxonomy":"category","embeddable":true,"href":"https:\/\/artisticswimming.ca\/fr\/wp-json\/wp\/v2\/categories?post=855"},{"taxonomy":"post_tag","embeddable":true,"href":"https:\/\/artisticswimming.ca\/fr\/wp-json\/wp\/v2\/tags?post=855"}],"curies":[{"name":"wp","href":"https:\/\/api.w.org\/{rel}","templated":true}]}}