{"id":859,"date":"2014-03-11T15:24:13","date_gmt":"2014-03-11T15:24:13","guid":{"rendered":"http:\/\/synchro.wpengine.com\/?p=859&#038;lang=fr"},"modified":"2017-09-18T15:27:21","modified_gmt":"2017-09-18T15:27:21","slug":"montreal-presentera-la-plus-grosse-competition-de-nage-synchronisee-de-lhistoire-canadienne","status":"publish","type":"post","link":"https:\/\/artisticswimming.ca\/fr\/montreal-presentera-la-plus-grosse-competition-de-nage-synchronisee-de-lhistoire-canadienne\/","title":{"rendered":"Montr\u00e9al pr\u00e9sentera la plus grosse comp\u00e9tition de nage synchronis\u00e9e de l&rsquo;histoire canadienne"},"content":{"rendered":"<p style=\"text-align: center;\"><em><span style=\"font-weight: 400;\">Les Championnats canadiens de qualification de nage synchronis\u00e9e auront lieu du 12 au 15 mars au Complexe sportif Claude-Robillard \u00e0 Montr\u00e9al<\/span><\/em><\/p>\n<p style=\"text-align: justify;\"><span style=\"font-weight: 400;\"><a href=\"http:\/\/synchro.wpengine.com\/wp-content\/uploads\/2014\/03\/2014-qualifier.png\"><img decoding=\"async\" class=\"alignleft  wp-image-830\" src=\"http:\/\/synchro.wpengine.com\/wp-content\/uploads\/2014\/03\/2014-qualifier.png\" alt=\"2014 qualifier\" width=\"272\" height=\"160\" srcset=\"https:\/\/artisticswimming.ca\/wp-content\/uploads\/2014\/03\/2014-qualifier-200x118.png 200w, https:\/\/artisticswimming.ca\/wp-content\/uploads\/2014\/03\/2014-qualifier-300x176.png 300w, https:\/\/artisticswimming.ca\/wp-content\/uploads\/2014\/03\/2014-qualifier.png 340w\" sizes=\"(max-width: 272px) 100vw, 272px\" \/><\/a><strong>Montr\u00e9al, le 11 mars 2014<\/strong> \u2013 Plus de 670 nageuses synchronis\u00e9es, entra\u00eeneurs et juges de partout au pays seront au Complexe sportif Claude-Robillard (1000, avenue \u00c9mile-Journault) du 12 au 15 mars pour les Championnats canadiens de qualification 2014 de Synchro Canada.<\/span><\/p>\n<p style=\"text-align: justify;\"><span style=\"font-weight: 400;\">Les 504 athl\u00e8tes, un sommet dans l\u2019histoire de Synchro Canada, repr\u00e9senteront 41 clubs de onze provinces canadiennes au cours de cette comp\u00e9tition pr\u00e9sent\u00e9e par Synchro Qu\u00e9bec et chapeaut\u00e9e par Synchro Canada.<\/span><\/p>\n<p style=\"text-align: justify;\"><span style=\"font-weight: 400;\">Les nageuses synchronis\u00e9es des cat\u00e9gories 13-15 ans, junior et senior seront accompagn\u00e9es de 134 entra\u00eeneurs et performeront sous l\u2019\u0153il attentif de 35 juges.<\/span><\/p>\n<p style=\"text-align: justify;\"><b>Vers les Championnats canadiens ouverts et Espoir 2014<\/b><\/p>\n<p style=\"text-align: justify;\"><span style=\"font-weight: 400;\">Comme son nom l\u2019indique, les Championnats canadiens de qualification servent aux athl\u00e8tes des cat\u00e9gories junior et senior \u00e0 obtenir un laissez-passer pour les Championnats canadiens ouverts, qui auront lieu du 30 avril au 4 mai \u00e0 Saskatoon, SK. Quant aux athl\u00e8tes de \u00a0la cat\u00e9gorie des 13-15 ans, elles tenteront de se qualifier pour les Championnats canadiens Espoir qui auront lieu du 4 au 8 juin \u00e0 Kamloops, C.-B.<\/span><\/p>\n<p style=\"text-align: justify;\"><span style=\"font-weight: 400;\">Les athl\u00e8tes viseront alors une place au sein des \u00e9quipes nationales junior et des 13-15 ans 2014. Le processus de s\u00e9lection se d\u00e9roulera pendant et apr\u00e8s les Championnats canadiens ouverts et Espoir. <\/span><\/p>\n<p style=\"text-align: justify;\"><span style=\"font-weight: 400;\">L\u2019horaire des comp\u00e9titions et les r\u00e9sultats des Championnats canadiens de qualification 2014 sont disponibles au <strong>www.synchro.ca<\/strong>. \u00a0<\/span><\/p>\n<p style=\"text-align: justify;\"><b>\u00c0 propos de Synchro Canada<\/b><\/p>\n<p style=\"text-align: justify;\"><span style=\"font-weight: 400;\">Synchro Canada est l\u2019organisme national qui r\u00e9git le sport de la nage synchronis\u00e9e au Canada. \u00a0Il repr\u00e9sente dix associations provinciales et une association territoriale ainsi que pr\u00e8s de 150 clubs et plus de 12 000 membres \u00e0 travers le Canada. Membre de la FINA, l\u2019organisme mondial directeur des sports aquatiques, Synchro Canada favorise la poursuite de l\u2019excellence tout en d\u00e9veloppant des athl\u00e8tes, des citoyens et des ambassadeurs du sport de la nage synchronis\u00e9e \u00e0 tous les niveaux. <\/span><\/p>\n<p style=\"text-align: justify;\"><span style=\"font-weight: 400;\">Synchro Canada d\u00e9sire remercier ses commanditaires et partenaires : <\/span><\/p>\n<p style=\"text-align: justify;\"><b>Partenaires de ses programmes :<\/b><span style=\"font-weight: 400;\"> Sport Canada, \u00c0 nous le podium, l\u2019Institut national du sport du Qu\u00e9bec<\/span><\/p>\n<p style=\"text-align: justify;\"><b>Fournisseur officiel aquatique :<\/b><span style=\"font-weight: 400;\"> Speedo Canada<\/span><\/p>\n<p style=\"text-align: justify;\"><b>Maquillage officiel :<\/b><span style=\"font-weight: 400;\"> MAKE UP FOR EVER<\/span><\/p>\n<p style=\"text-align: justify;\"><b>Fournisseurs officiels :<\/b><span style=\"font-weight: 400;\"> Knox Gelatine, AdUp, National Car Rental <\/span><\/p>\n<p style=\"text-align: justify;\"><b>H\u00f4tel officiel :<\/b><span style=\"font-weight: 400;\"> Hilton Worldwide<\/span><\/p>\n<p style=\"text-align: justify;\"><span style=\"font-weight: 400;\">Pour plus de renseignements, consultez le site Internet de Synchro Canada au www.synchro.ca ou abonnez-vous aux m\u00e9dias sociaux de Synchro Canada : Twitter, Facebook et YouTube. <\/span><\/p>\n<p style=\"text-align: center;\"><span style=\"font-weight: 400;\">&#8211; 30 &#8211;<\/span><\/p>\n<p style=\"text-align: justify;\"><b>Pour information :<\/b><\/p>\n<p style=\"text-align: justify;\"><span style=\"font-weight: 400;\">Patrick Godbout<\/span><\/p>\n<p style=\"text-align: justify;\"><span style=\"font-weight: 400;\">Synchro Canada<\/span><\/p>\n<p style=\"text-align: justify;\"><span style=\"font-weight: 400;\">Gestionnaire des communications<\/span><\/p>\n<p style=\"text-align: justify;\"><span style=\"font-weight: 400;\">Courriel : <\/span><b>patrick@synchro.ca<\/b><\/p>\n<p style=\"text-align: justify;\"><span style=\"font-weight: 400;\">T\u00e9l\u00e9phone : 514 213-9897<\/span><\/p>\n<p style=\"text-align: justify;\"><span style=\"font-weight: 400;\">Site Internet : www.synchro.ca \u00a0<\/span><\/p>\n<p style=\"text-align: justify;\"><span style=\"font-weight: 400;\">Facebook : www.facebook.com\/synchrocanada <\/span><\/p>\n<p style=\"text-align: justify;\"><span style=\"font-weight: 400;\">Twitter : www.twitter.com\/synchrocanada<\/span><\/p>\n","protected":false},"excerpt":{"rendered":"<p>Les Championnats canadiens de qualification de nage synchronis\u00e9e auront lieu du 12 au 15 mars au Complexe sportif Claude-Robillard \u00e0 Montr\u00e9al Montr\u00e9al, le 11 mars 2014 \u2013 Plus de 670 nageuses synchronis\u00e9es, entra\u00eeneurs et juges de partout au pays seront au <a href=\"https:\/\/artisticswimming.ca\/fr\/montreal-presentera-la-plus-grosse-competition-de-nage-synchronisee-de-lhistoire-canadienne\/\"> [&#8230;]<\/a><\/p>\n","protected":false},"author":3,"featured_media":0,"comment_status":"open","ping_status":"open","sticky":false,"template":"","format":"standard","meta":{"_acf_changed":false,"footnotes":""},"categories":[87,1],"tags":[],"class_list":["post-859","post","type-post","status-publish","format-standard","hentry","category-competition-fr","category-uncategorized"],"acf":[],"yoast_head":"<!-- This site is optimized with the Yoast SEO plugin v27.2 - https:\/\/yoast.com\/product\/yoast-seo-wordpress\/ -->\n<title>Montr\u00e9al pr\u00e9sentera la plus grosse comp\u00e9tition de nage synchronis\u00e9e de l&#039;histoire canadienne - Natation Artistique Canada<\/title>\n<meta name=\"robots\" content=\"index, follow, max-snippet:-1, max-image-preview:large, max-video-preview:-1\" \/>\n<link rel=\"canonical\" href=\"https:\/\/artisticswimming.ca\/fr\/montreal-presentera-la-plus-grosse-competition-de-nage-synchronisee-de-lhistoire-canadienne\/\" \/>\n<meta property=\"og:locale\" content=\"fr_FR\" \/>\n<meta property=\"og:type\" content=\"article\" \/>\n<meta property=\"og:title\" content=\"Montr\u00e9al pr\u00e9sentera la plus grosse comp\u00e9tition de nage synchronis\u00e9e de l&#039;histoire canadienne - Natation Artistique Canada\" \/>\n<meta property=\"og:description\" content=\"Les Championnats canadiens de qualification de nage synchronis\u00e9e auront lieu du 12 au 15 mars au Complexe sportif Claude-Robillard \u00e0 Montr\u00e9al Montr\u00e9al, le 11 mars 2014 \u2013 Plus de 670 nageuses synchronis\u00e9es, entra\u00eeneurs et juges de partout au pays seront au [...]\" \/>\n<meta property=\"og:url\" content=\"https:\/\/artisticswimming.ca\/fr\/montreal-presentera-la-plus-grosse-competition-de-nage-synchronisee-de-lhistoire-canadienne\/\" \/>\n<meta property=\"og:site_name\" content=\"Natation Artistique Canada\" \/>\n<meta property=\"article:published_time\" content=\"2014-03-11T15:24:13+00:00\" \/>\n<meta property=\"article:modified_time\" content=\"2017-09-18T15:27:21+00:00\" \/>\n<meta property=\"og:image\" content=\"http:\/\/synchro.wpengine.com\/wp-content\/uploads\/2014\/03\/2014-qualifier.png\" \/>\n<meta name=\"author\" content=\"Myriam Cote\" \/>\n<meta name=\"twitter:card\" content=\"summary_large_image\" \/>\n<meta name=\"twitter:label1\" content=\"\u00c9crit par\" \/>\n\t<meta name=\"twitter:data1\" content=\"Myriam Cote\" \/>\n\t<meta name=\"twitter:label2\" content=\"Dur\u00e9e de lecture estim\u00e9e\" \/>\n\t<meta name=\"twitter:data2\" content=\"2 minutes\" \/>\n<script type=\"application\/ld+json\" class=\"yoast-schema-graph\">{\"@context\":\"https:\/\/schema.org\",\"@graph\":[{\"@type\":\"Article\",\"@id\":\"https:\/\/artisticswimming.ca\/fr\/montreal-presentera-la-plus-grosse-competition-de-nage-synchronisee-de-lhistoire-canadienne\/#article\",\"isPartOf\":{\"@id\":\"https:\/\/artisticswimming.ca\/fr\/montreal-presentera-la-plus-grosse-competition-de-nage-synchronisee-de-lhistoire-canadienne\/\"},\"author\":{\"name\":\"Myriam Cote\",\"@id\":\"https:\/\/artisticswimming.ca\/fr\/#\/schema\/person\/76d6c2c9954d56641f9210cc7427bc76\"},\"headline\":\"Montr\u00e9al pr\u00e9sentera la plus grosse comp\u00e9tition de nage synchronis\u00e9e de l&rsquo;histoire canadienne\",\"datePublished\":\"2014-03-11T15:24:13+00:00\",\"dateModified\":\"2017-09-18T15:27:21+00:00\",\"mainEntityOfPage\":{\"@id\":\"https:\/\/artisticswimming.ca\/fr\/montreal-presentera-la-plus-grosse-competition-de-nage-synchronisee-de-lhistoire-canadienne\/\"},\"wordCount\":462,\"commentCount\":0,\"image\":{\"@id\":\"https:\/\/artisticswimming.ca\/fr\/montreal-presentera-la-plus-grosse-competition-de-nage-synchronisee-de-lhistoire-canadienne\/#primaryimage\"},\"thumbnailUrl\":\"http:\/\/synchro.wpengine.com\/wp-content\/uploads\/2014\/03\/2014-qualifier.png\",\"articleSection\":[\"Comp\u00e9tition\",\"Uncategorized\"],\"inLanguage\":\"fr-FR\",\"potentialAction\":[{\"@type\":\"CommentAction\",\"name\":\"Comment\",\"target\":[\"https:\/\/artisticswimming.ca\/fr\/montreal-presentera-la-plus-grosse-competition-de-nage-synchronisee-de-lhistoire-canadienne\/#respond\"]}]},{\"@type\":\"WebPage\",\"@id\":\"https:\/\/artisticswimming.ca\/fr\/montreal-presentera-la-plus-grosse-competition-de-nage-synchronisee-de-lhistoire-canadienne\/\",\"url\":\"https:\/\/artisticswimming.ca\/fr\/montreal-presentera-la-plus-grosse-competition-de-nage-synchronisee-de-lhistoire-canadienne\/\",\"name\":\"Montr\u00e9al pr\u00e9sentera la plus grosse comp\u00e9tition de nage synchronis\u00e9e de l'histoire canadienne - Natation Artistique Canada\",\"isPartOf\":{\"@id\":\"https:\/\/artisticswimming.ca\/fr\/#website\"},\"primaryImageOfPage\":{\"@id\":\"https:\/\/artisticswimming.ca\/fr\/montreal-presentera-la-plus-grosse-competition-de-nage-synchronisee-de-lhistoire-canadienne\/#primaryimage\"},\"image\":{\"@id\":\"https:\/\/artisticswimming.ca\/fr\/montreal-presentera-la-plus-grosse-competition-de-nage-synchronisee-de-lhistoire-canadienne\/#primaryimage\"},\"thumbnailUrl\":\"http:\/\/synchro.wpengine.com\/wp-content\/uploads\/2014\/03\/2014-qualifier.png\",\"datePublished\":\"2014-03-11T15:24:13+00:00\",\"dateModified\":\"2017-09-18T15:27:21+00:00\",\"author\":{\"@id\":\"https:\/\/artisticswimming.ca\/fr\/#\/schema\/person\/76d6c2c9954d56641f9210cc7427bc76\"},\"breadcrumb\":{\"@id\":\"https:\/\/artisticswimming.ca\/fr\/montreal-presentera-la-plus-grosse-competition-de-nage-synchronisee-de-lhistoire-canadienne\/#breadcrumb\"},\"inLanguage\":\"fr-FR\",\"potentialAction\":[{\"@type\":\"ReadAction\",\"target\":[\"https:\/\/artisticswimming.ca\/fr\/montreal-presentera-la-plus-grosse-competition-de-nage-synchronisee-de-lhistoire-canadienne\/\"]}]},{\"@type\":\"ImageObject\",\"inLanguage\":\"fr-FR\",\"@id\":\"https:\/\/artisticswimming.ca\/fr\/montreal-presentera-la-plus-grosse-competition-de-nage-synchronisee-de-lhistoire-canadienne\/#primaryimage\",\"url\":\"http:\/\/synchro.wpengine.com\/wp-content\/uploads\/2014\/03\/2014-qualifier.png\",\"contentUrl\":\"http:\/\/synchro.wpengine.com\/wp-content\/uploads\/2014\/03\/2014-qualifier.png\"},{\"@type\":\"BreadcrumbList\",\"@id\":\"https:\/\/artisticswimming.ca\/fr\/montreal-presentera-la-plus-grosse-competition-de-nage-synchronisee-de-lhistoire-canadienne\/#breadcrumb\",\"itemListElement\":[{\"@type\":\"ListItem\",\"position\":1,\"name\":\"Home\",\"item\":\"https:\/\/artisticswimming.ca\/fr\/\"},{\"@type\":\"ListItem\",\"position\":2,\"name\":\"Montr\u00e9al pr\u00e9sentera la plus grosse comp\u00e9tition de nage synchronis\u00e9e de l&#8217;histoire canadienne\"}]},{\"@type\":\"WebSite\",\"@id\":\"https:\/\/artisticswimming.ca\/fr\/#website\",\"url\":\"https:\/\/artisticswimming.ca\/fr\/\",\"name\":\"Natation Artistique Canada\",\"description\":\"\",\"potentialAction\":[{\"@type\":\"SearchAction\",\"target\":{\"@type\":\"EntryPoint\",\"urlTemplate\":\"https:\/\/artisticswimming.ca\/fr\/?s={search_term_string}\"},\"query-input\":{\"@type\":\"PropertyValueSpecification\",\"valueRequired\":true,\"valueName\":\"search_term_string\"}}],\"inLanguage\":\"fr-FR\"},{\"@type\":\"Person\",\"@id\":\"https:\/\/artisticswimming.ca\/fr\/#\/schema\/person\/76d6c2c9954d56641f9210cc7427bc76\",\"name\":\"Myriam Cote\",\"image\":{\"@type\":\"ImageObject\",\"inLanguage\":\"fr-FR\",\"@id\":\"https:\/\/secure.gravatar.com\/avatar\/9636d581f11fe1ce5c868617703e52ebeddf65bc5ba83eda388709ba9ad9da61?s=96&d=mm&r=g\",\"url\":\"https:\/\/secure.gravatar.com\/avatar\/9636d581f11fe1ce5c868617703e52ebeddf65bc5ba83eda388709ba9ad9da61?s=96&d=mm&r=g\",\"contentUrl\":\"https:\/\/secure.gravatar.com\/avatar\/9636d581f11fe1ce5c868617703e52ebeddf65bc5ba83eda388709ba9ad9da61?s=96&d=mm&r=g\",\"caption\":\"Myriam Cote\"},\"url\":\"https:\/\/artisticswimming.ca\/fr\/author\/myriam\/\"}]}<\/script>\n<!-- \/ Yoast SEO plugin. -->","yoast_head_json":{"title":"Montr\u00e9al pr\u00e9sentera la plus grosse comp\u00e9tition de nage synchronis\u00e9e de l'histoire canadienne - Natation Artistique Canada","robots":{"index":"index","follow":"follow","max-snippet":"max-snippet:-1","max-image-preview":"max-image-preview:large","max-video-preview":"max-video-preview:-1"},"canonical":"https:\/\/artisticswimming.ca\/fr\/montreal-presentera-la-plus-grosse-competition-de-nage-synchronisee-de-lhistoire-canadienne\/","og_locale":"fr_FR","og_type":"article","og_title":"Montr\u00e9al pr\u00e9sentera la plus grosse comp\u00e9tition de nage synchronis\u00e9e de l'histoire canadienne - Natation Artistique Canada","og_description":"Les Championnats canadiens de qualification de nage synchronis\u00e9e auront lieu du 12 au 15 mars au Complexe sportif Claude-Robillard \u00e0 Montr\u00e9al Montr\u00e9al, le 11 mars 2014 \u2013 Plus de 670 nageuses synchronis\u00e9es, entra\u00eeneurs et juges de partout au pays seront au [...]","og_url":"https:\/\/artisticswimming.ca\/fr\/montreal-presentera-la-plus-grosse-competition-de-nage-synchronisee-de-lhistoire-canadienne\/","og_site_name":"Natation Artistique Canada","article_published_time":"2014-03-11T15:24:13+00:00","article_modified_time":"2017-09-18T15:27:21+00:00","og_image":[{"url":"http:\/\/synchro.wpengine.com\/wp-content\/uploads\/2014\/03\/2014-qualifier.png","type":"","width":"","height":""}],"author":"Myriam Cote","twitter_card":"summary_large_image","twitter_misc":{"\u00c9crit par":"Myriam Cote","Dur\u00e9e de lecture estim\u00e9e":"2 minutes"},"schema":{"@context":"https:\/\/schema.org","@graph":[{"@type":"Article","@id":"https:\/\/artisticswimming.ca\/fr\/montreal-presentera-la-plus-grosse-competition-de-nage-synchronisee-de-lhistoire-canadienne\/#article","isPartOf":{"@id":"https:\/\/artisticswimming.ca\/fr\/montreal-presentera-la-plus-grosse-competition-de-nage-synchronisee-de-lhistoire-canadienne\/"},"author":{"name":"Myriam Cote","@id":"https:\/\/artisticswimming.ca\/fr\/#\/schema\/person\/76d6c2c9954d56641f9210cc7427bc76"},"headline":"Montr\u00e9al pr\u00e9sentera la plus grosse comp\u00e9tition de nage synchronis\u00e9e de l&rsquo;histoire canadienne","datePublished":"2014-03-11T15:24:13+00:00","dateModified":"2017-09-18T15:27:21+00:00","mainEntityOfPage":{"@id":"https:\/\/artisticswimming.ca\/fr\/montreal-presentera-la-plus-grosse-competition-de-nage-synchronisee-de-lhistoire-canadienne\/"},"wordCount":462,"commentCount":0,"image":{"@id":"https:\/\/artisticswimming.ca\/fr\/montreal-presentera-la-plus-grosse-competition-de-nage-synchronisee-de-lhistoire-canadienne\/#primaryimage"},"thumbnailUrl":"http:\/\/synchro.wpengine.com\/wp-content\/uploads\/2014\/03\/2014-qualifier.png","articleSection":["Comp\u00e9tition","Uncategorized"],"inLanguage":"fr-FR","potentialAction":[{"@type":"CommentAction","name":"Comment","target":["https:\/\/artisticswimming.ca\/fr\/montreal-presentera-la-plus-grosse-competition-de-nage-synchronisee-de-lhistoire-canadienne\/#respond"]}]},{"@type":"WebPage","@id":"https:\/\/artisticswimming.ca\/fr\/montreal-presentera-la-plus-grosse-competition-de-nage-synchronisee-de-lhistoire-canadienne\/","url":"https:\/\/artisticswimming.ca\/fr\/montreal-presentera-la-plus-grosse-competition-de-nage-synchronisee-de-lhistoire-canadienne\/","name":"Montr\u00e9al pr\u00e9sentera la plus grosse comp\u00e9tition de nage synchronis\u00e9e de l'histoire canadienne - Natation Artistique Canada","isPartOf":{"@id":"https:\/\/artisticswimming.ca\/fr\/#website"},"primaryImageOfPage":{"@id":"https:\/\/artisticswimming.ca\/fr\/montreal-presentera-la-plus-grosse-competition-de-nage-synchronisee-de-lhistoire-canadienne\/#primaryimage"},"image":{"@id":"https:\/\/artisticswimming.ca\/fr\/montreal-presentera-la-plus-grosse-competition-de-nage-synchronisee-de-lhistoire-canadienne\/#primaryimage"},"thumbnailUrl":"http:\/\/synchro.wpengine.com\/wp-content\/uploads\/2014\/03\/2014-qualifier.png","datePublished":"2014-03-11T15:24:13+00:00","dateModified":"2017-09-18T15:27:21+00:00","author":{"@id":"https:\/\/artisticswimming.ca\/fr\/#\/schema\/person\/76d6c2c9954d56641f9210cc7427bc76"},"breadcrumb":{"@id":"https:\/\/artisticswimming.ca\/fr\/montreal-presentera-la-plus-grosse-competition-de-nage-synchronisee-de-lhistoire-canadienne\/#breadcrumb"},"inLanguage":"fr-FR","potentialAction":[{"@type":"ReadAction","target":["https:\/\/artisticswimming.ca\/fr\/montreal-presentera-la-plus-grosse-competition-de-nage-synchronisee-de-lhistoire-canadienne\/"]}]},{"@type":"ImageObject","inLanguage":"fr-FR","@id":"https:\/\/artisticswimming.ca\/fr\/montreal-presentera-la-plus-grosse-competition-de-nage-synchronisee-de-lhistoire-canadienne\/#primaryimage","url":"http:\/\/synchro.wpengine.com\/wp-content\/uploads\/2014\/03\/2014-qualifier.png","contentUrl":"http:\/\/synchro.wpengine.com\/wp-content\/uploads\/2014\/03\/2014-qualifier.png"},{"@type":"BreadcrumbList","@id":"https:\/\/artisticswimming.ca\/fr\/montreal-presentera-la-plus-grosse-competition-de-nage-synchronisee-de-lhistoire-canadienne\/#breadcrumb","itemListElement":[{"@type":"ListItem","position":1,"name":"Home","item":"https:\/\/artisticswimming.ca\/fr\/"},{"@type":"ListItem","position":2,"name":"Montr\u00e9al pr\u00e9sentera la plus grosse comp\u00e9tition de nage synchronis\u00e9e de l&#8217;histoire canadienne"}]},{"@type":"WebSite","@id":"https:\/\/artisticswimming.ca\/fr\/#website","url":"https:\/\/artisticswimming.ca\/fr\/","name":"Natation Artistique Canada","description":"","potentialAction":[{"@type":"SearchAction","target":{"@type":"EntryPoint","urlTemplate":"https:\/\/artisticswimming.ca\/fr\/?s={search_term_string}"},"query-input":{"@type":"PropertyValueSpecification","valueRequired":true,"valueName":"search_term_string"}}],"inLanguage":"fr-FR"},{"@type":"Person","@id":"https:\/\/artisticswimming.ca\/fr\/#\/schema\/person\/76d6c2c9954d56641f9210cc7427bc76","name":"Myriam Cote","image":{"@type":"ImageObject","inLanguage":"fr-FR","@id":"https:\/\/secure.gravatar.com\/avatar\/9636d581f11fe1ce5c868617703e52ebeddf65bc5ba83eda388709ba9ad9da61?s=96&d=mm&r=g","url":"https:\/\/secure.gravatar.com\/avatar\/9636d581f11fe1ce5c868617703e52ebeddf65bc5ba83eda388709ba9ad9da61?s=96&d=mm&r=g","contentUrl":"https:\/\/secure.gravatar.com\/avatar\/9636d581f11fe1ce5c868617703e52ebeddf65bc5ba83eda388709ba9ad9da61?s=96&d=mm&r=g","caption":"Myriam Cote"},"url":"https:\/\/artisticswimming.ca\/fr\/author\/myriam\/"}]}},"_links":{"self":[{"href":"https:\/\/artisticswimming.ca\/fr\/wp-json\/wp\/v2\/posts\/859","targetHints":{"allow":["GET"]}}],"collection":[{"href":"https:\/\/artisticswimming.ca\/fr\/wp-json\/wp\/v2\/posts"}],"about":[{"href":"https:\/\/artisticswimming.ca\/fr\/wp-json\/wp\/v2\/types\/post"}],"author":[{"embeddable":true,"href":"https:\/\/artisticswimming.ca\/fr\/wp-json\/wp\/v2\/users\/3"}],"replies":[{"embeddable":true,"href":"https:\/\/artisticswimming.ca\/fr\/wp-json\/wp\/v2\/comments?post=859"}],"version-history":[{"count":0,"href":"https:\/\/artisticswimming.ca\/fr\/wp-json\/wp\/v2\/posts\/859\/revisions"}],"wp:attachment":[{"href":"https:\/\/artisticswimming.ca\/fr\/wp-json\/wp\/v2\/media?parent=859"}],"wp:term":[{"taxonomy":"category","embeddable":true,"href":"https:\/\/artisticswimming.ca\/fr\/wp-json\/wp\/v2\/categories?post=859"},{"taxonomy":"post_tag","embeddable":true,"href":"https:\/\/artisticswimming.ca\/fr\/wp-json\/wp\/v2\/tags?post=859"}],"curies":[{"name":"wp","href":"https:\/\/api.w.org\/{rel}","templated":true}]}}