{"id":9048,"date":"2020-09-24T12:02:12","date_gmt":"2020-09-24T16:02:12","guid":{"rendered":"http:\/\/artisticswimming.ca\/canada-artistic-swimming-elects-new-board-members\/"},"modified":"2020-09-24T15:19:23","modified_gmt":"2020-09-24T19:19:23","slug":"canada-artistic-swimming-elects-new-board-members","status":"publish","type":"post","link":"https:\/\/artisticswimming.ca\/fr\/canada-artistic-swimming-elects-new-board-members\/","title":{"rendered":"Natation Artistique Canada \u00e9lit de nouveaux membres  au sein de son conseil d&rsquo;administration"},"content":{"rendered":"<div class=\"fusion-fullwidth fullwidth-box fusion-builder-row-1 nonhundred-percent-fullwidth non-hundred-percent-height-scrolling\" style=\"--awb-border-radius-top-left:0px;--awb-border-radius-top-right:0px;--awb-border-radius-bottom-right:0px;--awb-border-radius-bottom-left:0px;--awb-flex-wrap:wrap;\" ><div class=\"fusion-builder-row fusion-row\"><div class=\"fusion-layout-column fusion_builder_column fusion-builder-column-0 fusion_builder_column_1_1 1_1 fusion-one-full fusion-column-first fusion-column-last\" style=\"--awb-bg-size:cover;--awb-margin-bottom:0px;\"><div class=\"fusion-column-wrapper fusion-flex-column-wrapper-legacy\"><div class=\"fusion-text fusion-text-1\"><p>L&rsquo;assembl\u00e9e g\u00e9n\u00e9rale annuelle virtuelle 2020 de Natation Artistique Canada s&rsquo;est conclue le samedi 19 septembre avec l&rsquo;\u00e9lection de quatre nouveaux membres du conseil d&rsquo;administration.<\/p>\n<p>Cette session informative a d\u00e9but\u00e9 par une pr\u00e9sentation de Lindsay Larue, consultante de Sport Canada. Julie Healy, directrice du sport de NAC, a ensuite pass\u00e9 en revue les r\u00e9alisations et les plans futurs en ce qui concerne l&rsquo;entrainement et le d\u00e9veloppement des athl\u00e8tes. Les 65 personnes pr\u00e9sentes ont \u00e9galement pu entendre Olivia Zawadiuk, pr\u00e9sidente du conseil des athl\u00e8tes et repr\u00e9sentante des athl\u00e8tes au sein du conseil d&rsquo;administration, ainsi que Lindsay Duncan, membre du conseil d&rsquo;administration et copr\u00e9sidente du groupe de travail sur la diversit\u00e9 et l&rsquo;inclusion.<\/p>\n<p>Au cours de la r\u00e9union, les d\u00e9l\u00e9gu\u00e9s ont approuv\u00e9 des r\u00e8glements administratifs compl\u00e8tement r\u00e9vis\u00e9s pour Natation Artistique Canada, l&rsquo;aboutissement d&rsquo;un projet qui a impliqu\u00e9 le conseil d&rsquo;administration, le comit\u00e9 de gouvernance ainsi que plusieurs membres avec le soutien et les conseils de Benoit Girardin, de LBB Strat\u00e9gies, sur une p\u00e9riode de neuf mois.<\/p>\n<p>Les quatre nouveaux membres \u00e9lus du conseil d&rsquo;administration de NAC apportent un ensemble de comp\u00e9tences riches et vari\u00e9es \u00e0 la gouvernance de l&rsquo;organisation.<\/p>\n<\/div><div class=\"fusion-clearfix\"><\/div><\/div><\/div><div class=\"fusion-layout-column fusion_builder_column fusion-builder-column-1 fusion_builder_column_1_2 1_2 fusion-one-half fusion-column-first\" style=\"--awb-bg-size:cover;width:50%;width:calc(50% - ( ( 4% ) * 0.5 ) );margin-right: 4%;\"><div class=\"fusion-column-wrapper fusion-column-has-shadow fusion-flex-column-wrapper-legacy\"><div class=\"fusion-text fusion-text-2\"><p><strong><img decoding=\"async\" class=\"alignleft\" src=\"https:\/\/artisticswimming.ca\/wp-content\/uploads\/2020\/09\/Sara-Hart-2020.jpg\" alt=\"\" width=\"135\" height=\"180\" \/><\/strong><\/p>\n<div><b>Sara Hart\u00a0<\/b>est une avocate d&rsquo;Edmonton, en Alberta, qui trouve que de si\u00e9ger au sein de conseils d&rsquo;administration \u00e9tait \u00e0 la fois enrichissant et instructif. Elle a un profond respect pour la natation artistique et utilisera son amour pour le sport cr\u00e9atif et les arts afin d\u2019aider et d\u00e9velopper la force du plan strat\u00e9gique actuel de NAC. Elle apporte \u00e9galement sa formation juridique au conseil d&rsquo;administration, ainsi que ses comp\u00e9tences en mati\u00e8re de leadership et de communication. Sara a \u00e9t\u00e9 \u00e9lue pour un mandat de deux ans au sein du conseil d&rsquo;administration.<\/div>\n<\/div><div class=\"fusion-clearfix\"><\/div><\/div><\/div><div class=\"fusion-layout-column fusion_builder_column fusion-builder-column-2 fusion_builder_column_1_2 1_2 fusion-one-half fusion-column-last\" style=\"--awb-bg-size:cover;width:50%;width:calc(50% - ( ( 4% ) * 0.5 ) );\"><div class=\"fusion-column-wrapper fusion-column-has-shadow fusion-flex-column-wrapper-legacy\"><div class=\"fusion-text fusion-text-3\"><p><img decoding=\"async\" class=\"alignleft size-full wp-image-9033\" src=\"https:\/\/artisticswimming.ca\/wp-content\/uploads\/2020\/09\/Jason-Herbert-2020.jpg\" alt=\"\" width=\"135\" height=\"180\" \/><\/p>\n<div><b>Jason Herbert, <\/b>de Vancouver, en Colombie-Britannique, apporte \u00e9galement une perspective juridique au Conseil. La natation artistique a jou\u00e9 un r\u00f4le important dans sa famille ; son \u00e9pouse et sa fille ont toutes deux \u00e9t\u00e9 tr\u00e8s actives dans ce sport, en tant qu&rsquo;athl\u00e8tes et entraineures. Il reconna\u00eet la valeur d&rsquo;une plus grande sensibilisation \u00e0 ce sport dans tout le pays, en encourageant une participation plus large et plus diversifi\u00e9e, tant au niveau r\u00e9cr\u00e9atif que comp\u00e9titif. Il s&rsquo;est \u00e9galement engag\u00e9 \u00e0 promouvoir l&rsquo;excellence et \u00e0 assurer la comp\u00e9titivit\u00e9 du Canada au niveau international. Il se r\u00e9jouit de pouvoir apporter ses comp\u00e9tences professionnelles dans le domaine juridique, ainsi que son exp\u00e9rience dans le secteur \u00e0 but non lucratif, \u00e0 son mandat de trois ans au sein du conseil d&rsquo;administration.<\/div>\n<\/div><div class=\"fusion-clearfix\"><\/div><\/div><\/div><div class=\"fusion-layout-column fusion_builder_column fusion-builder-column-3 fusion_builder_column_1_2 1_2 fusion-one-half fusion-column-first\" style=\"--awb-bg-size:cover;width:50%;width:calc(50% - ( ( 4% ) * 0.5 ) );margin-right: 4%;\"><div class=\"fusion-column-wrapper fusion-column-has-shadow fusion-flex-column-wrapper-legacy\"><div class=\"fusion-text fusion-text-4\"><p><img decoding=\"async\" class=\"alignleft size-full wp-image-9029\" src=\"https:\/\/artisticswimming.ca\/wp-content\/uploads\/2020\/09\/Deana-Shaw-2020.jpg\" alt=\"\" width=\"135\" height=\"180\" \/>Originaire de Toronto, en Ontario,\u00a0<b>Deana Shaw\u00a0<\/b>apporte au conseil d&rsquo;administration plus de 20 ans d&rsquo;exp\u00e9rience dans les secteurs \u00e0 but lucratif et non lucratif. Ancienne nageuse artistique, elle poss\u00e8de une vaste exp\u00e9rience en marketing, en gestion de marque et en communication, autant au niveau b\u00e9n\u00e9vole que professionnel. Elle croit que la gestion sport est \u00e0 son meilleure lorsque combin\u00e9e \u00e0 l&rsquo;utilisation de principes commerciaux judicieux. Elle a r\u00e9cemment agi comme pr\u00e9sidente du <em>Canada Strong Fund<\/em>, o\u00f9 elle a travaill\u00e9 avec un comit\u00e9 diversifi\u00e9 dans un environnement de respect mutuel et de leadership, dans le but d&rsquo;atteindre des objectifs communs. \u00c9lue pour un mandat de trois ans, elle se r\u00e9jouit de maintenir la culture de NAC tout en l&rsquo;inspirant \u00e0 atteindre de nouveaux sommets dans le cadre de son r\u00f4le de membre du conseil d&rsquo;administration.<\/p>\n<\/div><div class=\"fusion-clearfix\"><\/div><\/div><\/div><div class=\"fusion-layout-column fusion_builder_column fusion-builder-column-4 fusion_builder_column_1_2 1_2 fusion-one-half fusion-column-last\" style=\"--awb-bg-size:cover;width:50%;width:calc(50% - ( ( 4% ) * 0.5 ) );\"><div class=\"fusion-column-wrapper fusion-column-has-shadow fusion-flex-column-wrapper-legacy\"><div class=\"fusion-text fusion-text-5\"><p><img decoding=\"async\" class=\"alignleft size-full wp-image-9031\" src=\"https:\/\/artisticswimming.ca\/wp-content\/uploads\/2020\/09\/Elise-Truscott-2020.jpg\" alt=\"\" width=\"135\" height=\"180\" \/><\/p>\n<p>Provenant de Saskatoon, en Saskatchewan, <strong>Elise Truscott<\/strong> est une ancienne nageuse artistique des Aqualenes de Saskatoon et continue \u00e0 participer \u00e0 des comp\u00e9titions maitres en natation artistique, en natation et en eau libre. Elle apporte sa passion pour le sport, ainsi que son expertise professionnelle en affaires \u00e0 son mandat de trois ans au sein du conseil d&rsquo;administration. Elle a travaill\u00e9 auparavant dans les domaines de la planification strat\u00e9gique, de la gestion des risques d&rsquo;entreprise et des ressources humaines et travaille maintenant dans le secteur de la gouvernance de conseils d&rsquo;administration. Elle esp\u00e8re apporter son exp\u00e9rience dans le d\u00e9veloppement et la mise en \u0153uvre de strat\u00e9gies de diversit\u00e9 et d&rsquo;inclusion pour un certain nombre d&rsquo;organisations afin de se concentrer sur l&rsquo;essence de la marque de NAC, \u00e0 savoir \u00ab\u00a0<em>Forger l&rsquo;unit\u00e9 par la diversit\u00e9\u00a0\u00bb<\/em>.<\/p>\n<\/div><div class=\"fusion-clearfix\"><\/div><\/div><\/div><div class=\"fusion-layout-column fusion_builder_column fusion-builder-column-5 fusion_builder_column_1_1 1_1 fusion-one-full fusion-column-first fusion-column-last\" style=\"--awb-bg-size:cover;\"><div class=\"fusion-column-wrapper fusion-column-has-shadow fusion-flex-column-wrapper-legacy\"><div class=\"fusion-text fusion-text-6\"><p><strong>Judi Enns Bradette<\/strong>, de Toronto, a \u00e9t\u00e9 r\u00e9\u00e9lue en 2019 et occupe le poste de pr\u00e9sidente du conseil d&rsquo;administration, alors que <strong>Lindsay Duncan<\/strong>, de Montr\u00e9al, et <strong>Florence Klein<\/strong>, de l&rsquo;Ancienne-Lorette demeurent \u00e9galement\u00a0au sein du conseil d&rsquo;administration. <strong>Olivia Zawadiuk<\/strong>, de Vancouver, en Colombie-Britannique, reste pr\u00e9sidente du conseil des athl\u00e8tes et repr\u00e9sentante des athl\u00e8tes.<\/p>\n<p>Les membres sortantes du conseil d&rsquo;administration ont \u00e9t\u00e9 remerci\u00e9es pour leur contribution et leur service au sport. <strong>Shannon Higgins<\/strong> et <strong>Margie Schuett<\/strong> ont consacr\u00e9 leur temps et leurs talents \u00e0 faire progresser le sport et \u00e0 aider \u00e0 guider Natation Artistique Canada vers son positionnement actuel \u00e0 titre de leader tant au niveau national qu&rsquo;international.<\/p>\n<p>Le nouveau conseil d&rsquo;administration a commenc\u00e9 son travail imm\u00e9diatement apr\u00e8s l&rsquo;assembl\u00e9e g\u00e9n\u00e9rale et va maintenant s&rsquo;int\u00e9resser en premier lieu \u00e0 bien int\u00e9grer les nouveaux membres au sein du conseil et \u00e0 la formation de base en mati\u00e8re de respect du sport, de diversit\u00e9 et d&rsquo;inclusion et de gouvernance g\u00e9n\u00e9rale.<\/p>\n<\/div><div class=\"fusion-clearfix\"><\/div><\/div><\/div><\/div><\/div>\n","protected":false},"excerpt":{"rendered":"","protected":false},"author":2,"featured_media":9038,"comment_status":"open","ping_status":"open","sticky":false,"template":"","format":"standard","meta":{"_acf_changed":false,"footnotes":""},"categories":[73,80],"tags":[],"class_list":["post-9048","post","type-post","status-publish","format-standard","has-post-thumbnail","hentry","category-nouvelles","category-page-daccueil"],"acf":[],"yoast_head":"<!-- This site is optimized with the Yoast SEO plugin v27.2 - https:\/\/yoast.com\/product\/yoast-seo-wordpress\/ -->\n<title>Natation Artistique Canada \u00e9lit de nouveaux membres au sein de son conseil d&#039;administration - Natation Artistique Canada<\/title>\n<meta name=\"robots\" content=\"index, follow, max-snippet:-1, max-image-preview:large, max-video-preview:-1\" \/>\n<link rel=\"canonical\" href=\"https:\/\/artisticswimming.ca\/fr\/canada-artistic-swimming-elects-new-board-members\/\" \/>\n<meta property=\"og:locale\" content=\"fr_FR\" \/>\n<meta property=\"og:type\" content=\"article\" \/>\n<meta property=\"og:title\" content=\"Natation Artistique Canada \u00e9lit de nouveaux membres au sein de son conseil d&#039;administration - Natation Artistique Canada\" \/>\n<meta property=\"og:url\" content=\"https:\/\/artisticswimming.ca\/fr\/canada-artistic-swimming-elects-new-board-members\/\" \/>\n<meta property=\"og:site_name\" content=\"Natation Artistique Canada\" \/>\n<meta property=\"article:published_time\" content=\"2020-09-24T16:02:12+00:00\" \/>\n<meta property=\"article:modified_time\" content=\"2020-09-24T19:19:23+00:00\" \/>\n<meta property=\"og:image\" content=\"https:\/\/artisticswimming.ca\/wp-content\/uploads\/2020\/09\/2020-new-board-slider.jpg\" \/>\n\t<meta property=\"og:image:width\" content=\"2400\" \/>\n\t<meta property=\"og:image:height\" content=\"1000\" \/>\n\t<meta property=\"og:image:type\" content=\"image\/jpeg\" \/>\n<meta name=\"author\" content=\"synchro\" \/>\n<meta name=\"twitter:card\" content=\"summary_large_image\" \/>\n<meta name=\"twitter:label1\" content=\"\u00c9crit par\" \/>\n\t<meta name=\"twitter:data1\" content=\"synchro\" \/>\n\t<meta name=\"twitter:label2\" content=\"Dur\u00e9e de lecture estim\u00e9e\" \/>\n\t<meta name=\"twitter:data2\" content=\"10 minutes\" \/>\n<script type=\"application\/ld+json\" class=\"yoast-schema-graph\">{\"@context\":\"https:\/\/schema.org\",\"@graph\":[{\"@type\":\"Article\",\"@id\":\"https:\/\/artisticswimming.ca\/fr\/canada-artistic-swimming-elects-new-board-members\/#article\",\"isPartOf\":{\"@id\":\"https:\/\/artisticswimming.ca\/fr\/canada-artistic-swimming-elects-new-board-members\/\"},\"author\":{\"name\":\"synchro\",\"@id\":\"https:\/\/artisticswimming.ca\/fr\/#\/schema\/person\/7d2ab10f01ba748d0dac4f1fbc7df175\"},\"headline\":\"Natation Artistique Canada \u00e9lit de nouveaux membres au sein de son conseil d&rsquo;administration\",\"datePublished\":\"2020-09-24T16:02:12+00:00\",\"dateModified\":\"2020-09-24T19:19:23+00:00\",\"mainEntityOfPage\":{\"@id\":\"https:\/\/artisticswimming.ca\/fr\/canada-artistic-swimming-elects-new-board-members\/\"},\"wordCount\":2084,\"commentCount\":0,\"image\":{\"@id\":\"https:\/\/artisticswimming.ca\/fr\/canada-artistic-swimming-elects-new-board-members\/#primaryimage\"},\"thumbnailUrl\":\"https:\/\/artisticswimming.ca\/wp-content\/uploads\/2020\/09\/2020-new-board-slider.jpg\",\"articleSection\":[\"Nouvelles\",\"Page d&#039;accueil\"],\"inLanguage\":\"fr-FR\",\"potentialAction\":[{\"@type\":\"CommentAction\",\"name\":\"Comment\",\"target\":[\"https:\/\/artisticswimming.ca\/fr\/canada-artistic-swimming-elects-new-board-members\/#respond\"]}]},{\"@type\":\"WebPage\",\"@id\":\"https:\/\/artisticswimming.ca\/fr\/canada-artistic-swimming-elects-new-board-members\/\",\"url\":\"https:\/\/artisticswimming.ca\/fr\/canada-artistic-swimming-elects-new-board-members\/\",\"name\":\"Natation Artistique Canada \u00e9lit de nouveaux membres au sein de son conseil d'administration - Natation Artistique Canada\",\"isPartOf\":{\"@id\":\"https:\/\/artisticswimming.ca\/fr\/#website\"},\"primaryImageOfPage\":{\"@id\":\"https:\/\/artisticswimming.ca\/fr\/canada-artistic-swimming-elects-new-board-members\/#primaryimage\"},\"image\":{\"@id\":\"https:\/\/artisticswimming.ca\/fr\/canada-artistic-swimming-elects-new-board-members\/#primaryimage\"},\"thumbnailUrl\":\"https:\/\/artisticswimming.ca\/wp-content\/uploads\/2020\/09\/2020-new-board-slider.jpg\",\"datePublished\":\"2020-09-24T16:02:12+00:00\",\"dateModified\":\"2020-09-24T19:19:23+00:00\",\"author\":{\"@id\":\"https:\/\/artisticswimming.ca\/fr\/#\/schema\/person\/7d2ab10f01ba748d0dac4f1fbc7df175\"},\"breadcrumb\":{\"@id\":\"https:\/\/artisticswimming.ca\/fr\/canada-artistic-swimming-elects-new-board-members\/#breadcrumb\"},\"inLanguage\":\"fr-FR\",\"potentialAction\":[{\"@type\":\"ReadAction\",\"target\":[\"https:\/\/artisticswimming.ca\/fr\/canada-artistic-swimming-elects-new-board-members\/\"]}]},{\"@type\":\"ImageObject\",\"inLanguage\":\"fr-FR\",\"@id\":\"https:\/\/artisticswimming.ca\/fr\/canada-artistic-swimming-elects-new-board-members\/#primaryimage\",\"url\":\"https:\/\/artisticswimming.ca\/wp-content\/uploads\/2020\/09\/2020-new-board-slider.jpg\",\"contentUrl\":\"https:\/\/artisticswimming.ca\/wp-content\/uploads\/2020\/09\/2020-new-board-slider.jpg\",\"width\":2400,\"height\":1000},{\"@type\":\"BreadcrumbList\",\"@id\":\"https:\/\/artisticswimming.ca\/fr\/canada-artistic-swimming-elects-new-board-members\/#breadcrumb\",\"itemListElement\":[{\"@type\":\"ListItem\",\"position\":1,\"name\":\"Home\",\"item\":\"https:\/\/artisticswimming.ca\/fr\/\"},{\"@type\":\"ListItem\",\"position\":2,\"name\":\"Natation Artistique Canada \u00e9lit de nouveaux membres au sein de son conseil d&#8217;administration\"}]},{\"@type\":\"WebSite\",\"@id\":\"https:\/\/artisticswimming.ca\/fr\/#website\",\"url\":\"https:\/\/artisticswimming.ca\/fr\/\",\"name\":\"Natation Artistique Canada\",\"description\":\"\",\"potentialAction\":[{\"@type\":\"SearchAction\",\"target\":{\"@type\":\"EntryPoint\",\"urlTemplate\":\"https:\/\/artisticswimming.ca\/fr\/?s={search_term_string}\"},\"query-input\":{\"@type\":\"PropertyValueSpecification\",\"valueRequired\":true,\"valueName\":\"search_term_string\"}}],\"inLanguage\":\"fr-FR\"},{\"@type\":\"Person\",\"@id\":\"https:\/\/artisticswimming.ca\/fr\/#\/schema\/person\/7d2ab10f01ba748d0dac4f1fbc7df175\",\"name\":\"synchro\",\"image\":{\"@type\":\"ImageObject\",\"inLanguage\":\"fr-FR\",\"@id\":\"https:\/\/secure.gravatar.com\/avatar\/4f24abe719ecc22eef668a9e15d4025dca4fa935812f917fcc233935f5e1db5e?s=96&d=mm&r=g\",\"url\":\"https:\/\/secure.gravatar.com\/avatar\/4f24abe719ecc22eef668a9e15d4025dca4fa935812f917fcc233935f5e1db5e?s=96&d=mm&r=g\",\"contentUrl\":\"https:\/\/secure.gravatar.com\/avatar\/4f24abe719ecc22eef668a9e15d4025dca4fa935812f917fcc233935f5e1db5e?s=96&d=mm&r=g\",\"caption\":\"synchro\"},\"sameAs\":[\"http:\/\/synchro.wpengine.com\"],\"url\":\"https:\/\/artisticswimming.ca\/fr\/author\/synchro\/\"}]}<\/script>\n<!-- \/ Yoast SEO plugin. -->","yoast_head_json":{"title":"Natation Artistique Canada \u00e9lit de nouveaux membres au sein de son conseil d'administration - Natation Artistique Canada","robots":{"index":"index","follow":"follow","max-snippet":"max-snippet:-1","max-image-preview":"max-image-preview:large","max-video-preview":"max-video-preview:-1"},"canonical":"https:\/\/artisticswimming.ca\/fr\/canada-artistic-swimming-elects-new-board-members\/","og_locale":"fr_FR","og_type":"article","og_title":"Natation Artistique Canada \u00e9lit de nouveaux membres au sein de son conseil d'administration - Natation Artistique Canada","og_url":"https:\/\/artisticswimming.ca\/fr\/canada-artistic-swimming-elects-new-board-members\/","og_site_name":"Natation Artistique Canada","article_published_time":"2020-09-24T16:02:12+00:00","article_modified_time":"2020-09-24T19:19:23+00:00","og_image":[{"width":2400,"height":1000,"url":"https:\/\/artisticswimming.ca\/wp-content\/uploads\/2020\/09\/2020-new-board-slider.jpg","type":"image\/jpeg"}],"author":"synchro","twitter_card":"summary_large_image","twitter_misc":{"\u00c9crit par":"synchro","Dur\u00e9e de lecture estim\u00e9e":"10 minutes"},"schema":{"@context":"https:\/\/schema.org","@graph":[{"@type":"Article","@id":"https:\/\/artisticswimming.ca\/fr\/canada-artistic-swimming-elects-new-board-members\/#article","isPartOf":{"@id":"https:\/\/artisticswimming.ca\/fr\/canada-artistic-swimming-elects-new-board-members\/"},"author":{"name":"synchro","@id":"https:\/\/artisticswimming.ca\/fr\/#\/schema\/person\/7d2ab10f01ba748d0dac4f1fbc7df175"},"headline":"Natation Artistique Canada \u00e9lit de nouveaux membres au sein de son conseil d&rsquo;administration","datePublished":"2020-09-24T16:02:12+00:00","dateModified":"2020-09-24T19:19:23+00:00","mainEntityOfPage":{"@id":"https:\/\/artisticswimming.ca\/fr\/canada-artistic-swimming-elects-new-board-members\/"},"wordCount":2084,"commentCount":0,"image":{"@id":"https:\/\/artisticswimming.ca\/fr\/canada-artistic-swimming-elects-new-board-members\/#primaryimage"},"thumbnailUrl":"https:\/\/artisticswimming.ca\/wp-content\/uploads\/2020\/09\/2020-new-board-slider.jpg","articleSection":["Nouvelles","Page d&#039;accueil"],"inLanguage":"fr-FR","potentialAction":[{"@type":"CommentAction","name":"Comment","target":["https:\/\/artisticswimming.ca\/fr\/canada-artistic-swimming-elects-new-board-members\/#respond"]}]},{"@type":"WebPage","@id":"https:\/\/artisticswimming.ca\/fr\/canada-artistic-swimming-elects-new-board-members\/","url":"https:\/\/artisticswimming.ca\/fr\/canada-artistic-swimming-elects-new-board-members\/","name":"Natation Artistique Canada \u00e9lit de nouveaux membres au sein de son conseil d'administration - Natation Artistique Canada","isPartOf":{"@id":"https:\/\/artisticswimming.ca\/fr\/#website"},"primaryImageOfPage":{"@id":"https:\/\/artisticswimming.ca\/fr\/canada-artistic-swimming-elects-new-board-members\/#primaryimage"},"image":{"@id":"https:\/\/artisticswimming.ca\/fr\/canada-artistic-swimming-elects-new-board-members\/#primaryimage"},"thumbnailUrl":"https:\/\/artisticswimming.ca\/wp-content\/uploads\/2020\/09\/2020-new-board-slider.jpg","datePublished":"2020-09-24T16:02:12+00:00","dateModified":"2020-09-24T19:19:23+00:00","author":{"@id":"https:\/\/artisticswimming.ca\/fr\/#\/schema\/person\/7d2ab10f01ba748d0dac4f1fbc7df175"},"breadcrumb":{"@id":"https:\/\/artisticswimming.ca\/fr\/canada-artistic-swimming-elects-new-board-members\/#breadcrumb"},"inLanguage":"fr-FR","potentialAction":[{"@type":"ReadAction","target":["https:\/\/artisticswimming.ca\/fr\/canada-artistic-swimming-elects-new-board-members\/"]}]},{"@type":"ImageObject","inLanguage":"fr-FR","@id":"https:\/\/artisticswimming.ca\/fr\/canada-artistic-swimming-elects-new-board-members\/#primaryimage","url":"https:\/\/artisticswimming.ca\/wp-content\/uploads\/2020\/09\/2020-new-board-slider.jpg","contentUrl":"https:\/\/artisticswimming.ca\/wp-content\/uploads\/2020\/09\/2020-new-board-slider.jpg","width":2400,"height":1000},{"@type":"BreadcrumbList","@id":"https:\/\/artisticswimming.ca\/fr\/canada-artistic-swimming-elects-new-board-members\/#breadcrumb","itemListElement":[{"@type":"ListItem","position":1,"name":"Home","item":"https:\/\/artisticswimming.ca\/fr\/"},{"@type":"ListItem","position":2,"name":"Natation Artistique Canada \u00e9lit de nouveaux membres au sein de son conseil d&#8217;administration"}]},{"@type":"WebSite","@id":"https:\/\/artisticswimming.ca\/fr\/#website","url":"https:\/\/artisticswimming.ca\/fr\/","name":"Natation Artistique Canada","description":"","potentialAction":[{"@type":"SearchAction","target":{"@type":"EntryPoint","urlTemplate":"https:\/\/artisticswimming.ca\/fr\/?s={search_term_string}"},"query-input":{"@type":"PropertyValueSpecification","valueRequired":true,"valueName":"search_term_string"}}],"inLanguage":"fr-FR"},{"@type":"Person","@id":"https:\/\/artisticswimming.ca\/fr\/#\/schema\/person\/7d2ab10f01ba748d0dac4f1fbc7df175","name":"synchro","image":{"@type":"ImageObject","inLanguage":"fr-FR","@id":"https:\/\/secure.gravatar.com\/avatar\/4f24abe719ecc22eef668a9e15d4025dca4fa935812f917fcc233935f5e1db5e?s=96&d=mm&r=g","url":"https:\/\/secure.gravatar.com\/avatar\/4f24abe719ecc22eef668a9e15d4025dca4fa935812f917fcc233935f5e1db5e?s=96&d=mm&r=g","contentUrl":"https:\/\/secure.gravatar.com\/avatar\/4f24abe719ecc22eef668a9e15d4025dca4fa935812f917fcc233935f5e1db5e?s=96&d=mm&r=g","caption":"synchro"},"sameAs":["http:\/\/synchro.wpengine.com"],"url":"https:\/\/artisticswimming.ca\/fr\/author\/synchro\/"}]}},"_links":{"self":[{"href":"https:\/\/artisticswimming.ca\/fr\/wp-json\/wp\/v2\/posts\/9048","targetHints":{"allow":["GET"]}}],"collection":[{"href":"https:\/\/artisticswimming.ca\/fr\/wp-json\/wp\/v2\/posts"}],"about":[{"href":"https:\/\/artisticswimming.ca\/fr\/wp-json\/wp\/v2\/types\/post"}],"author":[{"embeddable":true,"href":"https:\/\/artisticswimming.ca\/fr\/wp-json\/wp\/v2\/users\/2"}],"replies":[{"embeddable":true,"href":"https:\/\/artisticswimming.ca\/fr\/wp-json\/wp\/v2\/comments?post=9048"}],"version-history":[{"count":0,"href":"https:\/\/artisticswimming.ca\/fr\/wp-json\/wp\/v2\/posts\/9048\/revisions"}],"wp:featuredmedia":[{"embeddable":true,"href":"https:\/\/artisticswimming.ca\/fr\/wp-json\/wp\/v2\/media\/9038"}],"wp:attachment":[{"href":"https:\/\/artisticswimming.ca\/fr\/wp-json\/wp\/v2\/media?parent=9048"}],"wp:term":[{"taxonomy":"category","embeddable":true,"href":"https:\/\/artisticswimming.ca\/fr\/wp-json\/wp\/v2\/categories?post=9048"},{"taxonomy":"post_tag","embeddable":true,"href":"https:\/\/artisticswimming.ca\/fr\/wp-json\/wp\/v2\/tags?post=9048"}],"curies":[{"name":"wp","href":"https:\/\/api.w.org\/{rel}","templated":true}]}}