{"id":9781,"date":"2021-03-09T16:59:00","date_gmt":"2021-03-09T21:59:00","guid":{"rendered":"http:\/\/artisticswimming.ca\/statement-from-canada-artistic-swimming\/"},"modified":"2021-03-09T17:08:11","modified_gmt":"2021-03-09T22:08:11","slug":"statement-from-canada-artistic-swimming","status":"publish","type":"post","link":"https:\/\/artisticswimming.ca\/fr\/statement-from-canada-artistic-swimming\/","title":{"rendered":"D\u00e9claration de Natation Artistique Canada"},"content":{"rendered":"<p><strong>D\u00c9CLARATION EN LIEN AVEC LA CONF\u00c9RENCE DE PRESSE DU 9 MARS 2021<\/strong><\/p>\n<p>Natation Artistique Canada salue, d\u2019abord et avant tout, le courage qu\u2019il a fallu aux anciennes athl\u00e8tes membres de l\u2019\u00e9quipe nationale pour s\u2019exprimer lors de la conf\u00e9rence de presse d\u2019aujourd\u2019hui. Nous sommes profond\u00e9ment attrist\u00e9s par les souffrances qu\u2019elles ont rapport\u00e9es. Nous avons bien entendu ce qu&rsquo;elles ont dit, et notre travail pour nous assurer que les athl\u00e8tes b\u00e9n\u00e9ficieront toujours d&rsquo;un environnement d&rsquo;entra\u00eenement s\u00e9curitaire \u00e0 l&rsquo;avenir est d\u00e9j\u00e0 engag\u00e9.<\/p>\n<p>L&rsquo;\u00e9t\u00e9 dernier, lorsque nous avons lanc\u00e9 notre campagne de diversit\u00e9 et inclusion avec nos partenaires, nous avons invit\u00e9 les athl\u00e8tes \u00e0 partager leurs histoires avec nous. Notre organisation a reconnu qu&rsquo;il y avait eu des probl\u00e8mes dans le pass\u00e9 et a reconnu que m\u00eame si nous ne pouvons pas r\u00e9parer les exp\u00e9riences douloureuses que certains athl\u00e8tes ont v\u00e9cues dans le pass\u00e9, nous travaillons tr\u00e8s fort pour am\u00e9liorer les choses pour l&rsquo;avenir.<\/p>\n<p>Lorsque nos athl\u00e8tes de l&rsquo;\u00e9quipe nationale sont venues nous voir \u00e0 la fin de septembre pour nous faire part de leurs inqui\u00e9tudes sur leur environnement, nous avons imm\u00e9diatement r\u00e9agi pour entreprendre un examen complet de l&rsquo;entrainement de notre \u00e9quipe nationale. L&rsquo;examen a identifi\u00e9 plusieurs domaines dans lesquels des am\u00e9liorations devaient \u00eatre apport\u00e9es. Nous avons pris un certain nombre de mesures imm\u00e9diates \u00e0 l&rsquo;appui des recommandations incluses dans ce rapport, notamment la formation sur les questions de diversit\u00e9 et d&rsquo;inclusion, de violence psychologique et de sant\u00e9 mentale pour le personnel et les entraineur.es.<\/p>\n<p>Ind\u00e9pendamment de cet examen, une enqu\u00eate ind\u00e9pendante sur le sport s\u00e9curitaire par une tierce partie a \u00e9galement \u00e9t\u00e9 men\u00e9e conform\u00e9ment aux politiques du sport s\u00e9curitaire de NAC. Trois mois furent n\u00e9cessaires pour terminer ce travail, qui demandait notamment d\u2019examiner avec soin des all\u00e9gations sp\u00e9cifiques.<\/p>\n<p>La consultation a \u00e9t\u00e9 approfondie, avec 30 entretiens et des centaines de pages de preuves et de d\u00e9clarations de t\u00e9moins. L&rsquo;enqu\u00eateure principale a d\u00e9termin\u00e9 qu&rsquo;elle n&rsquo;avait pas vu suffisamment de preuves pour conclure qu&rsquo;il existe un environnement d&rsquo;entrainement non s\u00e9curitaires dans le programme de l&rsquo;\u00e9quipe nationale senior, ce qui a guid\u00e9 nos prochaines \u00e9tapes. L&rsquo;enqu\u00eate a \u00e9galement confirm\u00e9 qu&rsquo;il \u00e9tait \u00e0 la discr\u00e9tion de NAC et de ses conseillers de d\u00e9terminer quand retourner \u00e0 l&rsquo;environnement d\u2019entrainement avec le personnel d&rsquo;entraineur.es existant. NAC a alors aussi mis en place plusieurs mesures suppl\u00e9mentaires avant la reprise de l\u2019entrainement.<\/p>\n<p>Nous continuons de travailler de concert avec nos athl\u00e8tes et nos partenaires pour cr\u00e9er un environnement d&rsquo;entrainement de classe mondiale bas\u00e9 sur la science.<\/p>\n<p>En novembre, en collaboration avec nos organisations provinciales, nous avons lanc\u00e9 un projet de revitalisation de la culture du sport &#8211; en suivant les enseignements de leaders reconnus dans le domaine et avec le soutien de nos partenaires financiers. Ce projet a d\u00e9j\u00e0 chang\u00e9 la nature du programme de notre \u00e9quipe nationale et ces changements se poursuivront. Nous d\u00e9ploierons le projet \u00e0 travers le pays aupr\u00e8s de tous les clubs et entraineur.es d&rsquo;ici septembre pour les aider \u00e0 apprendre tout en voyant \u00e0 quoi ressemble un programme d&rsquo;entrainement sportif sain au Canada aujourd&rsquo;hui. Ce travail est d\u00e9j\u00e0 en cours.<\/p>\n<p>CAS a \u00e9galement pris les mesures suivantes:<\/p>\n<ul>\n<li>Le programme de certification des entra\u00eeneurs a \u00e9t\u00e9 compl\u00e8tement repens\u00e9<\/li>\n<li>Des politiques et pratiques en mati\u00e8re de sport s\u00e9curitaire ont \u00e9t\u00e9 adopt\u00e9es et modifi\u00e9es \u00e0 plusieurs reprises en fonction de l&rsquo;\u00e9volution des normes de meilleures pratiques<\/li>\n<li>Un protecteur des athl\u00e8tes a \u00e9t\u00e9 nomm\u00e9 pour recevoir directement les commentaires des athl\u00e8tes<\/li>\n<li>Leadership continu d\u00e9montr\u00e9 \u00e0 la table internationale pour apporter des changements dans le sport afin de mieux l&rsquo;harmoniser avec les valeurs canadiennes. Plus r\u00e9cemment, cela a signifi\u00e9 un r\u00f4le dans la conception d&rsquo;un nouveau syst\u00e8me de jugement objectif pour le sport.<\/li>\n<\/ul>\n<p>La sant\u00e9 et le bien-\u00eatre des athl\u00e8tes sont la priorit\u00e9 absolue de NAC. Nous nous engageons \u00e0 continuer de travailler avec diligence dans ce domaine pour montrer \u00e0 nos athl\u00e8tes que nous pouvons faire mieux.<\/p>\n<p><strong>Jackie Buckingham<\/strong><br \/>\nChef de la direction<\/p>\n","protected":false},"excerpt":{"rendered":"<p>D\u00c9CLARATION EN LIEN AVEC LA CONF\u00c9RENCE DE PRESSE DU 9 MARS 2021 Natation Artistique Canada salue, d\u2019abord et avant tout, le courage qu\u2019il a fallu aux anciennes athl\u00e8tes membres de l\u2019\u00e9quipe nationale pour s\u2019exprimer lors de la conf\u00e9rence de presse d\u2019aujourd\u2019hui. <a href=\"https:\/\/artisticswimming.ca\/fr\/statement-from-canada-artistic-swimming\/\"> [&#8230;]<\/a><\/p>\n","protected":false},"author":2,"featured_media":7367,"comment_status":"open","ping_status":"open","sticky":false,"template":"","format":"standard","meta":{"_acf_changed":false,"footnotes":""},"categories":[73,80],"tags":[],"class_list":["post-9781","post","type-post","status-publish","format-standard","has-post-thumbnail","hentry","category-nouvelles","category-page-daccueil"],"acf":[],"yoast_head":"<!-- This site is optimized with the Yoast SEO plugin v27.2 - https:\/\/yoast.com\/product\/yoast-seo-wordpress\/ -->\n<title>D\u00e9claration de Natation Artistique Canada - Natation Artistique Canada<\/title>\n<meta name=\"robots\" content=\"index, follow, max-snippet:-1, max-image-preview:large, max-video-preview:-1\" \/>\n<link rel=\"canonical\" href=\"https:\/\/artisticswimming.ca\/fr\/statement-from-canada-artistic-swimming\/\" \/>\n<meta property=\"og:locale\" content=\"fr_FR\" \/>\n<meta property=\"og:type\" content=\"article\" \/>\n<meta property=\"og:title\" content=\"D\u00e9claration de Natation Artistique Canada - Natation Artistique Canada\" \/>\n<meta property=\"og:description\" content=\"D\u00c9CLARATION EN LIEN AVEC LA CONF\u00c9RENCE DE PRESSE DU 9 MARS 2021 Natation Artistique Canada salue, d\u2019abord et avant tout, le courage qu\u2019il a fallu aux anciennes athl\u00e8tes membres de l\u2019\u00e9quipe nationale pour s\u2019exprimer lors de la conf\u00e9rence de presse d\u2019aujourd\u2019hui. [...]\" \/>\n<meta property=\"og:url\" content=\"https:\/\/artisticswimming.ca\/fr\/statement-from-canada-artistic-swimming\/\" \/>\n<meta property=\"og:site_name\" content=\"Natation Artistique Canada\" \/>\n<meta property=\"article:published_time\" content=\"2021-03-09T21:59:00+00:00\" \/>\n<meta property=\"article:modified_time\" content=\"2021-03-09T22:08:11+00:00\" \/>\n<meta property=\"og:image\" content=\"https:\/\/artisticswimming.ca\/wp-content\/uploads\/2019\/06\/2019-13-15-NT-announcement.png\" \/>\n\t<meta property=\"og:image:width\" content=\"2400\" \/>\n\t<meta property=\"og:image:height\" content=\"1000\" \/>\n\t<meta property=\"og:image:type\" content=\"image\/png\" \/>\n<meta name=\"author\" content=\"synchro\" \/>\n<meta name=\"twitter:card\" content=\"summary_large_image\" \/>\n<meta name=\"twitter:label1\" content=\"\u00c9crit par\" \/>\n\t<meta name=\"twitter:data1\" content=\"synchro\" \/>\n\t<meta name=\"twitter:label2\" content=\"Dur\u00e9e de lecture estim\u00e9e\" \/>\n\t<meta name=\"twitter:data2\" content=\"3 minutes\" \/>\n<script type=\"application\/ld+json\" class=\"yoast-schema-graph\">{\"@context\":\"https:\/\/schema.org\",\"@graph\":[{\"@type\":\"Article\",\"@id\":\"https:\/\/artisticswimming.ca\/fr\/statement-from-canada-artistic-swimming\/#article\",\"isPartOf\":{\"@id\":\"https:\/\/artisticswimming.ca\/fr\/statement-from-canada-artistic-swimming\/\"},\"author\":{\"name\":\"synchro\",\"@id\":\"https:\/\/artisticswimming.ca\/fr\/#\/schema\/person\/7d2ab10f01ba748d0dac4f1fbc7df175\"},\"headline\":\"D\u00e9claration de Natation Artistique Canada\",\"datePublished\":\"2021-03-09T21:59:00+00:00\",\"dateModified\":\"2021-03-09T22:08:11+00:00\",\"mainEntityOfPage\":{\"@id\":\"https:\/\/artisticswimming.ca\/fr\/statement-from-canada-artistic-swimming\/\"},\"wordCount\":720,\"commentCount\":0,\"image\":{\"@id\":\"https:\/\/artisticswimming.ca\/fr\/statement-from-canada-artistic-swimming\/#primaryimage\"},\"thumbnailUrl\":\"https:\/\/artisticswimming.ca\/wp-content\/uploads\/2019\/06\/2019-13-15-NT-announcement.png\",\"articleSection\":[\"Nouvelles\",\"Page d&#039;accueil\"],\"inLanguage\":\"fr-FR\",\"potentialAction\":[{\"@type\":\"CommentAction\",\"name\":\"Comment\",\"target\":[\"https:\/\/artisticswimming.ca\/fr\/statement-from-canada-artistic-swimming\/#respond\"]}]},{\"@type\":\"WebPage\",\"@id\":\"https:\/\/artisticswimming.ca\/fr\/statement-from-canada-artistic-swimming\/\",\"url\":\"https:\/\/artisticswimming.ca\/fr\/statement-from-canada-artistic-swimming\/\",\"name\":\"D\u00e9claration de Natation Artistique Canada - Natation Artistique Canada\",\"isPartOf\":{\"@id\":\"https:\/\/artisticswimming.ca\/fr\/#website\"},\"primaryImageOfPage\":{\"@id\":\"https:\/\/artisticswimming.ca\/fr\/statement-from-canada-artistic-swimming\/#primaryimage\"},\"image\":{\"@id\":\"https:\/\/artisticswimming.ca\/fr\/statement-from-canada-artistic-swimming\/#primaryimage\"},\"thumbnailUrl\":\"https:\/\/artisticswimming.ca\/wp-content\/uploads\/2019\/06\/2019-13-15-NT-announcement.png\",\"datePublished\":\"2021-03-09T21:59:00+00:00\",\"dateModified\":\"2021-03-09T22:08:11+00:00\",\"author\":{\"@id\":\"https:\/\/artisticswimming.ca\/fr\/#\/schema\/person\/7d2ab10f01ba748d0dac4f1fbc7df175\"},\"breadcrumb\":{\"@id\":\"https:\/\/artisticswimming.ca\/fr\/statement-from-canada-artistic-swimming\/#breadcrumb\"},\"inLanguage\":\"fr-FR\",\"potentialAction\":[{\"@type\":\"ReadAction\",\"target\":[\"https:\/\/artisticswimming.ca\/fr\/statement-from-canada-artistic-swimming\/\"]}]},{\"@type\":\"ImageObject\",\"inLanguage\":\"fr-FR\",\"@id\":\"https:\/\/artisticswimming.ca\/fr\/statement-from-canada-artistic-swimming\/#primaryimage\",\"url\":\"https:\/\/artisticswimming.ca\/wp-content\/uploads\/2019\/06\/2019-13-15-NT-announcement.png\",\"contentUrl\":\"https:\/\/artisticswimming.ca\/wp-content\/uploads\/2019\/06\/2019-13-15-NT-announcement.png\",\"width\":2400,\"height\":1000},{\"@type\":\"BreadcrumbList\",\"@id\":\"https:\/\/artisticswimming.ca\/fr\/statement-from-canada-artistic-swimming\/#breadcrumb\",\"itemListElement\":[{\"@type\":\"ListItem\",\"position\":1,\"name\":\"Home\",\"item\":\"https:\/\/artisticswimming.ca\/fr\/\"},{\"@type\":\"ListItem\",\"position\":2,\"name\":\"D\u00e9claration de Natation Artistique Canada\"}]},{\"@type\":\"WebSite\",\"@id\":\"https:\/\/artisticswimming.ca\/fr\/#website\",\"url\":\"https:\/\/artisticswimming.ca\/fr\/\",\"name\":\"Natation Artistique Canada\",\"description\":\"\",\"potentialAction\":[{\"@type\":\"SearchAction\",\"target\":{\"@type\":\"EntryPoint\",\"urlTemplate\":\"https:\/\/artisticswimming.ca\/fr\/?s={search_term_string}\"},\"query-input\":{\"@type\":\"PropertyValueSpecification\",\"valueRequired\":true,\"valueName\":\"search_term_string\"}}],\"inLanguage\":\"fr-FR\"},{\"@type\":\"Person\",\"@id\":\"https:\/\/artisticswimming.ca\/fr\/#\/schema\/person\/7d2ab10f01ba748d0dac4f1fbc7df175\",\"name\":\"synchro\",\"image\":{\"@type\":\"ImageObject\",\"inLanguage\":\"fr-FR\",\"@id\":\"https:\/\/secure.gravatar.com\/avatar\/4f24abe719ecc22eef668a9e15d4025dca4fa935812f917fcc233935f5e1db5e?s=96&d=mm&r=g\",\"url\":\"https:\/\/secure.gravatar.com\/avatar\/4f24abe719ecc22eef668a9e15d4025dca4fa935812f917fcc233935f5e1db5e?s=96&d=mm&r=g\",\"contentUrl\":\"https:\/\/secure.gravatar.com\/avatar\/4f24abe719ecc22eef668a9e15d4025dca4fa935812f917fcc233935f5e1db5e?s=96&d=mm&r=g\",\"caption\":\"synchro\"},\"sameAs\":[\"http:\/\/synchro.wpengine.com\"],\"url\":\"https:\/\/artisticswimming.ca\/fr\/author\/synchro\/\"}]}<\/script>\n<!-- \/ Yoast SEO plugin. -->","yoast_head_json":{"title":"D\u00e9claration de Natation Artistique Canada - Natation Artistique Canada","robots":{"index":"index","follow":"follow","max-snippet":"max-snippet:-1","max-image-preview":"max-image-preview:large","max-video-preview":"max-video-preview:-1"},"canonical":"https:\/\/artisticswimming.ca\/fr\/statement-from-canada-artistic-swimming\/","og_locale":"fr_FR","og_type":"article","og_title":"D\u00e9claration de Natation Artistique Canada - Natation Artistique Canada","og_description":"D\u00c9CLARATION EN LIEN AVEC LA CONF\u00c9RENCE DE PRESSE DU 9 MARS 2021 Natation Artistique Canada salue, d\u2019abord et avant tout, le courage qu\u2019il a fallu aux anciennes athl\u00e8tes membres de l\u2019\u00e9quipe nationale pour s\u2019exprimer lors de la conf\u00e9rence de presse d\u2019aujourd\u2019hui. [...]","og_url":"https:\/\/artisticswimming.ca\/fr\/statement-from-canada-artistic-swimming\/","og_site_name":"Natation Artistique Canada","article_published_time":"2021-03-09T21:59:00+00:00","article_modified_time":"2021-03-09T22:08:11+00:00","og_image":[{"width":2400,"height":1000,"url":"https:\/\/artisticswimming.ca\/wp-content\/uploads\/2019\/06\/2019-13-15-NT-announcement.png","type":"image\/png"}],"author":"synchro","twitter_card":"summary_large_image","twitter_misc":{"\u00c9crit par":"synchro","Dur\u00e9e de lecture estim\u00e9e":"3 minutes"},"schema":{"@context":"https:\/\/schema.org","@graph":[{"@type":"Article","@id":"https:\/\/artisticswimming.ca\/fr\/statement-from-canada-artistic-swimming\/#article","isPartOf":{"@id":"https:\/\/artisticswimming.ca\/fr\/statement-from-canada-artistic-swimming\/"},"author":{"name":"synchro","@id":"https:\/\/artisticswimming.ca\/fr\/#\/schema\/person\/7d2ab10f01ba748d0dac4f1fbc7df175"},"headline":"D\u00e9claration de Natation Artistique Canada","datePublished":"2021-03-09T21:59:00+00:00","dateModified":"2021-03-09T22:08:11+00:00","mainEntityOfPage":{"@id":"https:\/\/artisticswimming.ca\/fr\/statement-from-canada-artistic-swimming\/"},"wordCount":720,"commentCount":0,"image":{"@id":"https:\/\/artisticswimming.ca\/fr\/statement-from-canada-artistic-swimming\/#primaryimage"},"thumbnailUrl":"https:\/\/artisticswimming.ca\/wp-content\/uploads\/2019\/06\/2019-13-15-NT-announcement.png","articleSection":["Nouvelles","Page d&#039;accueil"],"inLanguage":"fr-FR","potentialAction":[{"@type":"CommentAction","name":"Comment","target":["https:\/\/artisticswimming.ca\/fr\/statement-from-canada-artistic-swimming\/#respond"]}]},{"@type":"WebPage","@id":"https:\/\/artisticswimming.ca\/fr\/statement-from-canada-artistic-swimming\/","url":"https:\/\/artisticswimming.ca\/fr\/statement-from-canada-artistic-swimming\/","name":"D\u00e9claration de Natation Artistique Canada - Natation Artistique Canada","isPartOf":{"@id":"https:\/\/artisticswimming.ca\/fr\/#website"},"primaryImageOfPage":{"@id":"https:\/\/artisticswimming.ca\/fr\/statement-from-canada-artistic-swimming\/#primaryimage"},"image":{"@id":"https:\/\/artisticswimming.ca\/fr\/statement-from-canada-artistic-swimming\/#primaryimage"},"thumbnailUrl":"https:\/\/artisticswimming.ca\/wp-content\/uploads\/2019\/06\/2019-13-15-NT-announcement.png","datePublished":"2021-03-09T21:59:00+00:00","dateModified":"2021-03-09T22:08:11+00:00","author":{"@id":"https:\/\/artisticswimming.ca\/fr\/#\/schema\/person\/7d2ab10f01ba748d0dac4f1fbc7df175"},"breadcrumb":{"@id":"https:\/\/artisticswimming.ca\/fr\/statement-from-canada-artistic-swimming\/#breadcrumb"},"inLanguage":"fr-FR","potentialAction":[{"@type":"ReadAction","target":["https:\/\/artisticswimming.ca\/fr\/statement-from-canada-artistic-swimming\/"]}]},{"@type":"ImageObject","inLanguage":"fr-FR","@id":"https:\/\/artisticswimming.ca\/fr\/statement-from-canada-artistic-swimming\/#primaryimage","url":"https:\/\/artisticswimming.ca\/wp-content\/uploads\/2019\/06\/2019-13-15-NT-announcement.png","contentUrl":"https:\/\/artisticswimming.ca\/wp-content\/uploads\/2019\/06\/2019-13-15-NT-announcement.png","width":2400,"height":1000},{"@type":"BreadcrumbList","@id":"https:\/\/artisticswimming.ca\/fr\/statement-from-canada-artistic-swimming\/#breadcrumb","itemListElement":[{"@type":"ListItem","position":1,"name":"Home","item":"https:\/\/artisticswimming.ca\/fr\/"},{"@type":"ListItem","position":2,"name":"D\u00e9claration de Natation Artistique Canada"}]},{"@type":"WebSite","@id":"https:\/\/artisticswimming.ca\/fr\/#website","url":"https:\/\/artisticswimming.ca\/fr\/","name":"Natation Artistique Canada","description":"","potentialAction":[{"@type":"SearchAction","target":{"@type":"EntryPoint","urlTemplate":"https:\/\/artisticswimming.ca\/fr\/?s={search_term_string}"},"query-input":{"@type":"PropertyValueSpecification","valueRequired":true,"valueName":"search_term_string"}}],"inLanguage":"fr-FR"},{"@type":"Person","@id":"https:\/\/artisticswimming.ca\/fr\/#\/schema\/person\/7d2ab10f01ba748d0dac4f1fbc7df175","name":"synchro","image":{"@type":"ImageObject","inLanguage":"fr-FR","@id":"https:\/\/secure.gravatar.com\/avatar\/4f24abe719ecc22eef668a9e15d4025dca4fa935812f917fcc233935f5e1db5e?s=96&d=mm&r=g","url":"https:\/\/secure.gravatar.com\/avatar\/4f24abe719ecc22eef668a9e15d4025dca4fa935812f917fcc233935f5e1db5e?s=96&d=mm&r=g","contentUrl":"https:\/\/secure.gravatar.com\/avatar\/4f24abe719ecc22eef668a9e15d4025dca4fa935812f917fcc233935f5e1db5e?s=96&d=mm&r=g","caption":"synchro"},"sameAs":["http:\/\/synchro.wpengine.com"],"url":"https:\/\/artisticswimming.ca\/fr\/author\/synchro\/"}]}},"_links":{"self":[{"href":"https:\/\/artisticswimming.ca\/fr\/wp-json\/wp\/v2\/posts\/9781","targetHints":{"allow":["GET"]}}],"collection":[{"href":"https:\/\/artisticswimming.ca\/fr\/wp-json\/wp\/v2\/posts"}],"about":[{"href":"https:\/\/artisticswimming.ca\/fr\/wp-json\/wp\/v2\/types\/post"}],"author":[{"embeddable":true,"href":"https:\/\/artisticswimming.ca\/fr\/wp-json\/wp\/v2\/users\/2"}],"replies":[{"embeddable":true,"href":"https:\/\/artisticswimming.ca\/fr\/wp-json\/wp\/v2\/comments?post=9781"}],"version-history":[{"count":0,"href":"https:\/\/artisticswimming.ca\/fr\/wp-json\/wp\/v2\/posts\/9781\/revisions"}],"wp:featuredmedia":[{"embeddable":true,"href":"https:\/\/artisticswimming.ca\/fr\/wp-json\/wp\/v2\/media\/7367"}],"wp:attachment":[{"href":"https:\/\/artisticswimming.ca\/fr\/wp-json\/wp\/v2\/media?parent=9781"}],"wp:term":[{"taxonomy":"category","embeddable":true,"href":"https:\/\/artisticswimming.ca\/fr\/wp-json\/wp\/v2\/categories?post=9781"},{"taxonomy":"post_tag","embeddable":true,"href":"https:\/\/artisticswimming.ca\/fr\/wp-json\/wp\/v2\/tags?post=9781"}],"curies":[{"name":"wp","href":"https:\/\/api.w.org\/{rel}","templated":true}]}}